{"id":225082,"date":"2019-11-28T14:15:33","date_gmt":"2019-11-28T13:15:33","guid":{"rendered":"https:\/\/www.cinevox.be\/?p=225082"},"modified":"2019-11-28T14:27:12","modified_gmt":"2019-11-28T13:27:12","slug":"sur-le-tournage-de-la-derniere-tentation-des-belges","status":"publish","type":"post","link":"https:\/\/welovecinema.be\/fr\/sur-le-tournage-de-la-derniere-tentation-des-belges\/","title":{"rendered":"Sur le tournage de&#8230; \u00ab\u00a0La Derni\u00e8re Tentation des Belges\u00a0\u00bb"},"content":{"rendered":"<p><strong>Visite froide et ensoleill\u00e9e sur le set du dernier film de Jan Bucquoy, <em>La Derni\u00e8re Tentation des Belges<\/em>, avec Wim Willaert, Alice on the Roof et Alex Vizorek.\u00a0<\/strong><\/p>\n<p>Novembre 2019. Ca caille s\u00e9v\u00e8re en Wallonie. Au pied de l&rsquo;\u00e9cluse d&rsquo;Ittre une petite \u00e9quipe de tournage s&rsquo;affaire autour d&rsquo;un modeste bateau de plaisance, \u00ab\u00a0Le Fier Wallon\u00a0\u00bb. Un nom pareil, \u00e7a ne s&rsquo;invente pas. Ou plut\u00f4t si, \u00e7a s&rsquo;invente, et particuli\u00e8rement par Jan Bucquoy, l&rsquo;artiste iconoclaste \u00e0 la manoeuvre de son dernier long m\u00e9trage, <em>La Derni\u00e8re Tentation des Belges<\/em>.<\/p>\n<p>A l&rsquo;int\u00e9rieur, on se marche un peu dessus pour filmer un \u00e9change intimiste entre Wim Willaert, aka Jan Bucquoy, et sa fille, Alice on the Roof redevenue musicienne le temps d&rsquo;une sc\u00e8ne. Si la fiction et la r\u00e9alit\u00e9 se m\u00ealent autant, c&rsquo;est que Bucquoy poursuit ici sa veine autobiographico-surr\u00e9aliste.<\/p>\n<p><img loading=\"lazy\" decoding=\"async\" class=\"alignnone size-large wp-image-225087\" src=\"https:\/\/www.cinevox.be\/wp-content\/uploads\/sites\/2\/2019\/11\/2-2-800x533.jpg\" alt=\"La-Derniere-Tentation-Des-Belges@CedricBourgeois\" width=\"618\" height=\"412\" srcset=\"https:\/\/welovecinema.be\/wp-content\/uploads\/sites\/2\/2019\/11\/2-2-800x533.jpg 800w, https:\/\/welovecinema.be\/wp-content\/uploads\/sites\/2\/2019\/11\/2-2-405x270.jpg 405w, https:\/\/welovecinema.be\/wp-content\/uploads\/sites\/2\/2019\/11\/2-2-768x512.jpg 768w\" sizes=\"auto, (max-width: 618px) 100vw, 618px\" \/><\/p>\n<h4>Candide en Wallonie<\/h4>\n<p><em>La Derni\u00e8re Tentation des Belges<\/em> est le troisi\u00e8me volet d&rsquo;une trilogie entam\u00e9e en 1994. Apr\u00e8s avoir essay\u00e9 d&rsquo;amener le marxisme l\u00e9ninisme en Flandres (et un peu rat\u00e9), puis de faire un coup d&rsquo;\u00e9tat \u00e0 Bruxelles (et d&rsquo;un peu rater l\u00e0 aussi) Jan Bucquoy, ou plut\u00f4t son alter ego fictionnel, se met en t\u00eate d&rsquo;inciter la Wallonie \u00e0 imaginer une plus juste redistribution des richesses en abolissant l&rsquo;h\u00e9ritage, et en attribuant les fonds via une loterie. \u00ab\u00a0<em>Et hop, tu es tir\u00e9 au sort, et tu h\u00e9rites d&rsquo;une villa \u00e0 Knokke-le-Zoute, ou tu deviens le directeur de Solvay,<\/em> plaisante le r\u00e9alisateur.\u00a0\u00bb Ca, c&rsquo;est pour le programme politique de l&rsquo;agitateur Bucquoy.<\/p>\n<p>Mais sous la casquette anarchiste se cache un p\u00e8re bless\u00e9. Car finalement, <em>La Derni\u00e8re Tentation des Belges<\/em>, c&rsquo;est avant tout l&rsquo;histoire d&rsquo;un p\u00e8re et de sa fille, un p\u00e8re d\u00e9sesp\u00e9r\u00e9, un p\u00e8re qui a \u00e9t\u00e9 absent, et qui s&rsquo;accroche pour redonner \u00e0 sa fille suicidaire le go\u00fbt de vivre. Un sujet universel, en somme, une histoire d&rsquo;amour et de rencontre paternelle et filiale, largement inspir\u00e9e du parcours de Jan Bucquoy, qui creuse un peu plus ici la veine de l&rsquo;autofiction, pour mieux r\u00e9\u00e9crire l&rsquo;histoire avec ses partenaires de jeu.<\/p>\n<p><img loading=\"lazy\" decoding=\"async\" class=\"alignnone size-large wp-image-225089\" src=\"https:\/\/www.cinevox.be\/wp-content\/uploads\/sites\/2\/2019\/11\/2-800x552.jpg\" alt=\"\" width=\"618\" height=\"426\" srcset=\"https:\/\/welovecinema.be\/wp-content\/uploads\/sites\/2\/2019\/11\/2-800x552.jpg 800w, https:\/\/welovecinema.be\/wp-content\/uploads\/sites\/2\/2019\/11\/2-391x270.jpg 391w, https:\/\/welovecinema.be\/wp-content\/uploads\/sites\/2\/2019\/11\/2-768x530.jpg 768w, https:\/\/welovecinema.be\/wp-content\/uploads\/sites\/2\/2019\/11\/2-110x75.jpg 110w\" sizes=\"auto, (max-width: 618px) 100vw, 618px\" \/><\/p>\n<h4>Jan Bucquoy, je l&rsquo;ai dans le corps<\/h4>\n<p>Pour ce 3e volet de ses propres aventures, Bucquoy s&rsquo;est choisi une nouvelle incarnation. Apr\u00e8s l&rsquo;inoubliable Jean-Henri Comp\u00e8re, alter ego du cin\u00e9aste dans <em>La Vie sexuelle des belges<\/em> (1994) et <em>Camping Cosmos<\/em> (1996), le r\u00e9alisateur a jet\u00e9 son d\u00e9volu sur le com\u00e9dien Wim Willaert, clown triste dont l&rsquo;accent rend hommage aux origines de l&rsquo;artiste, et dont la folie \u00e9pouse celle du cr\u00e9ateur.<\/p>\n<p>\u00ab\u00a0<em>Moi, je n&rsquo;interpr\u00e8te pas mes r\u00f4les,<\/em> nous confie le com\u00e9dien,<em> je les vis. Jan Bucquoy, je l&rsquo;ai dans le corps \u00e0 ce stade<\/em>!\u00a0\u00bb<\/p>\n<p>Face \u00e0 lui, on retrouve la jeune musicienne Alice on the Roof, qui fait ses premiers pas devant la cam\u00e9ra. D\u00e9sarmante de naturel, elle s&rsquo;amuse de ce que le cin\u00e9aste lui a confi\u00e9 avoir \u00e9crit le r\u00f4le pour elle: \u00ab\u00a0<em>J&rsquo;imagine que c&rsquo;est ce que tous les cin\u00e9astes disent \u00e0 toutes les actrices, mais \u00e7a m&rsquo;a convaincue.<\/em>\u00a0\u00bb Habitu\u00e9e de la sc\u00e8ne, elle se r\u00e9jouit de pouvoir sortir de sa zone de confort pour rencontrer l&rsquo;univers plein de po\u00e9sie et de libert\u00e9 de Jan Bucquoy. \u00ab\u00a0<em>Il est plein de cr\u00e9ativit\u00e9, et c&rsquo;est extr\u00eamement inspirant. J&rsquo;aurais beaucoup de mal \u00e0 classer le film,<\/em> continue-t-elle, <em>ce n&rsquo;est ni une trag\u00e9die, ni une com\u00e9die, c&rsquo;est un film de Jan.<\/em>\u00a0\u00bb<\/p>\n<p><img loading=\"lazy\" decoding=\"async\" class=\"alignnone size-large wp-image-225091\" src=\"https:\/\/www.cinevox.be\/wp-content\/uploads\/sites\/2\/2019\/11\/7-800x533.jpg\" alt=\"La-Derniere-Tentation-Des-Belges@CedricBourgeois\" width=\"618\" height=\"412\" srcset=\"https:\/\/welovecinema.be\/wp-content\/uploads\/sites\/2\/2019\/11\/7-800x533.jpg 800w, https:\/\/welovecinema.be\/wp-content\/uploads\/sites\/2\/2019\/11\/7-405x270.jpg 405w, https:\/\/welovecinema.be\/wp-content\/uploads\/sites\/2\/2019\/11\/7-768x512.jpg 768w\" sizes=\"auto, (max-width: 618px) 100vw, 618px\" \/><\/p>\n<h4>C&rsquo;est une trag\u00e9die burlesque<\/h4>\n<p>Wim Willaert lui s&rsquo;est fait une id\u00e9e. \u00ab\u00a0<em>C&rsquo;est un trag\u00e9die burlesque<\/em>\u00ab\u00a0, affirme le com\u00e9dien. Et l&rsquo;on sent effectivement une sorte de m\u00e9lancolie, un ton doux-amer, plein de sensations contradictoires, \u00e0 l&rsquo;image du froid soleil d&rsquo;hiver qui baigne le plateau de lumi\u00e8re. Le drame affleure \u00e0 la surface de cette histoire d&rsquo;un p\u00e8re qui tente de rattraper les rendez-vous manqu\u00e9s avec sa fille.<\/p>\n<p>\u00ab\u00a0<em>Jan Bucquoy, c&rsquo;est Sch\u00e9h\u00e9razade,<\/em> pr\u00e9cise Willaert\u00a0\u00bb. Effectivement. <em>La Derni\u00e8re Tentation<\/em>, c\u2019est l\u2019histoire d\u2019un p\u00e8re, et de sa fille qui se trouvent au bord d\u2019un pr\u00e9cipice. Elle veut sauter et lui s\u2019efforce de la retenir. Comment? En lui racontant des histoires, comme dans les contes des \u00ab1000 et une nuits \u00bb. Aussi longtemps qu\u2019il retiendra son attention, elle ne sautera pas.<\/p>\n<p>Mais Jan est animateur culturel en milieu hostile, et leur relation est agit\u00e9e par un projet un peu fou: faire la r\u00e9volution en Wallonie. La r\u00e9volution face aux autres, \u00e0 commencer par le troisi\u00e8me larron du r\u00e9cit. Face au duo p\u00e8re-fils, Jan Bucquoy a recrut\u00e9 Alex Vizorek, le golden boy dont la r\u00e9ussite vient mettre en lumi\u00e8re les \u00e9checs de son personnage principal. \u00ab\u00a0<em>C&rsquo;est l&rsquo;Auguste, Alex Vizorek. C&rsquo;est l&rsquo;homme de l&rsquo;Archiduc, quand Bucquoy est celui du Dolle Mol<\/em>\u00ab\u00a0, r\u00e9sume le cin\u00e9aste. Le com\u00e9dien et humoriste apporte son grain de folie au projet r\u00e9solument inclassable de Jan Bucquoy.<\/p>\n<p><em>La Derni\u00e8re Tentation des belges<\/em>, dont le tournage vient tout juste de s&rsquo;achever, est produit par Anton Iffland Stettner et Eva Kuperman pour Stenola Productions, \u00e0 qui l&rsquo;on doit notamment <em>Tokyo Anyway, Even Lovers Get the Blues<\/em> ou <em>La Vie \u00e0 venir<\/em>, et qui pr\u00e9pare actuellement le prochain film de Joachim Lafosse, <em>Les Intranquilles<\/em>, dont le tournage est pr\u00e9vu l&rsquo;\u00e9t\u00e9 prochain, avec Matthias Schoenaerts dans le r\u00f4le principal et <em>Chaleur sans fronti\u00e8re<\/em>, premier long m\u00e9trage d&rsquo;Ivan Goldschmidt, pr\u00e9vu lui pour l&rsquo;hiver 2021.<\/p>\n<p>&nbsp;<\/p>\n<p><em>Cr\u00e9dit photos de tournage: @C\u00e9dric Bourgeois<\/em><\/p>\n","protected":false},"excerpt":{"rendered":"<p>Visite froide et ensoleill\u00e9e sur le set du dernier film de Jan Bucquoy, La Derni\u00e8re Tentation des Belges, avec Wim Willaert, Alice on the Roof et Alex Vizorek.\u00a0 Novembre 2019. Ca caille s\u00e9v\u00e8re en Wallonie. Au pied de l&rsquo;\u00e9cluse d&rsquo;Ittre une petite \u00e9quipe de tournage s&rsquo;affaire autour d&rsquo;un modeste bateau de plaisance, \u00ab\u00a0Le Fier Wallon\u00a0\u00bb. &hellip;<\/p>\n","protected":false},"author":343,"featured_media":225084,"comment_status":"closed","ping_status":"closed","sticky":false,"template":"","format":"standard","meta":{"ngg_post_thumbnail":0,"footnotes":""},"categories":[11],"tags":[3891,4729,4314,4313,4187,4454],"class_list":["post-225082","post","type-post","status-publish","format-standard","has-post-thumbnail","","category-tournages","tag-alex-vizorek","tag-alice-on-the-roof","tag-jan-bucquoy-2","tag-la-derniere-tentation-des-belges","tag-newsletter-fr","tag-wim-willaert-2"],"yoast_head":"<!-- This site is optimized with the Yoast SEO plugin v20.4 - https:\/\/yoast.com\/wordpress\/plugins\/seo\/ -->\n<title>Sur le tournage de... &quot;La Derni\u00e8re Tentation des Belges&quot; - We Love Cinema<\/title>\n<meta name=\"robots\" content=\"index, follow, max-snippet:-1, max-image-preview:large, max-video-preview:-1\" \/>\n<link rel=\"canonical\" href=\"https:\/\/welovecinema.be\/fr\/sur-le-tournage-de-la-derniere-tentation-des-belges\/\" \/>\n<meta property=\"og:locale\" content=\"fr_FR\" \/>\n<meta property=\"og:type\" content=\"article\" \/>\n<meta property=\"og:title\" content=\"Sur le tournage de... &quot;La Derni\u00e8re Tentation des Belges&quot; - We Love Cinema\" \/>\n<meta property=\"og:description\" content=\"Visite froide et ensoleill\u00e9e sur le set du dernier film de Jan Bucquoy, La Derni\u00e8re Tentation des Belges, avec Wim Willaert, Alice on the Roof et Alex Vizorek.\u00a0 Novembre 2019. Ca caille s\u00e9v\u00e8re en Wallonie. Au pied de l&rsquo;\u00e9cluse d&rsquo;Ittre une petite \u00e9quipe de tournage s&rsquo;affaire autour d&rsquo;un modeste bateau de plaisance, \u00ab\u00a0Le Fier Wallon\u00a0\u00bb. &hellip;\" \/>\n<meta property=\"og:url\" content=\"https:\/\/welovecinema.be\/fr\/sur-le-tournage-de-la-derniere-tentation-des-belges\/\" \/>\n<meta property=\"og:site_name\" content=\"We Love Cinema\" \/>\n<meta property=\"article:publisher\" content=\"https:\/\/www.facebook.com\/welovecinema.be\" \/>\n<meta property=\"article:published_time\" content=\"2019-11-28T13:15:33+00:00\" \/>\n<meta property=\"article:modified_time\" content=\"2019-11-28T13:27:12+00:00\" \/>\n<meta property=\"og:image\" content=\"https:\/\/welovecinema.be\/wp-content\/uploads\/sites\/2\/2019\/11\/8-800x533.jpg\" \/>\n\t<meta property=\"og:image:width\" content=\"800\" \/>\n\t<meta property=\"og:image:height\" content=\"533\" \/>\n\t<meta property=\"og:image:type\" content=\"image\/jpeg\" \/>\n<meta name=\"author\" content=\"Aurore Engelen\" \/>\n<meta name=\"twitter:card\" content=\"summary_large_image\" \/>\n<meta name=\"twitter:label1\" content=\"\u00c9crit par\" \/>\n\t<meta name=\"twitter:data1\" content=\"Aurore Engelen\" \/>\n\t<meta name=\"twitter:label2\" content=\"Dur\u00e9e de lecture estim\u00e9e\" \/>\n\t<meta name=\"twitter:data2\" content=\"5 minutes\" \/>\n<script type=\"application\/ld+json\" class=\"yoast-schema-graph\">{\"@context\":\"https:\/\/schema.org\",\"@graph\":[{\"@type\":\"Article\",\"@id\":\"https:\/\/welovecinema.be\/fr\/sur-le-tournage-de-la-derniere-tentation-des-belges\/#article\",\"isPartOf\":{\"@id\":\"https:\/\/welovecinema.be\/fr\/sur-le-tournage-de-la-derniere-tentation-des-belges\/\"},\"author\":{\"name\":\"Aurore Engelen\",\"@id\":\"https:\/\/welovecinema.be\/nl\/#\/schema\/person\/8084b68c6b176142d073695c654dc7cf\"},\"headline\":\"Sur le tournage de&#8230; \u00ab\u00a0La Derni\u00e8re Tentation des Belges\u00a0\u00bb\",\"datePublished\":\"2019-11-28T13:15:33+00:00\",\"dateModified\":\"2019-11-28T13:27:12+00:00\",\"mainEntityOfPage\":{\"@id\":\"https:\/\/welovecinema.be\/fr\/sur-le-tournage-de-la-derniere-tentation-des-belges\/\"},\"wordCount\":1000,\"publisher\":{\"@id\":\"https:\/\/welovecinema.be\/nl\/#organization\"},\"keywords\":[\"Alex Vizorek\",\"Alice on the roof\",\"Jan Bucquoy\",\"La Derni\u00e8re tentation des Belges\",\"newsletter\",\"Wim Willaert\"],\"articleSection\":[\"Tournages\"],\"inLanguage\":\"fr-FR\"},{\"@type\":\"WebPage\",\"@id\":\"https:\/\/welovecinema.be\/fr\/sur-le-tournage-de-la-derniere-tentation-des-belges\/\",\"url\":\"https:\/\/welovecinema.be\/fr\/sur-le-tournage-de-la-derniere-tentation-des-belges\/\",\"name\":\"Sur le tournage de... \\\"La Derni\u00e8re Tentation des Belges\\\" - We Love Cinema\",\"isPartOf\":{\"@id\":\"https:\/\/welovecinema.be\/nl\/#website\"},\"datePublished\":\"2019-11-28T13:15:33+00:00\",\"dateModified\":\"2019-11-28T13:27:12+00:00\",\"breadcrumb\":{\"@id\":\"https:\/\/welovecinema.be\/fr\/sur-le-tournage-de-la-derniere-tentation-des-belges\/#breadcrumb\"},\"inLanguage\":\"fr-FR\",\"potentialAction\":[{\"@type\":\"ReadAction\",\"target\":[\"https:\/\/welovecinema.be\/fr\/sur-le-tournage-de-la-derniere-tentation-des-belges\/\"]}]},{\"@type\":\"BreadcrumbList\",\"@id\":\"https:\/\/welovecinema.be\/fr\/sur-le-tournage-de-la-derniere-tentation-des-belges\/#breadcrumb\",\"itemListElement\":[{\"@type\":\"ListItem\",\"position\":1,\"name\":\"Accueil\",\"item\":\"https:\/\/welovecinema.be\/fr\/\"},{\"@type\":\"ListItem\",\"position\":2,\"name\":\"Sur le tournage de&#8230; \u00ab\u00a0La Derni\u00e8re Tentation des Belges\u00a0\u00bb\"}]},{\"@type\":\"WebSite\",\"@id\":\"https:\/\/welovecinema.be\/nl\/#website\",\"url\":\"https:\/\/welovecinema.be\/nl\/\",\"name\":\"We Love Cinema\",\"description\":\"Toute l\u2019information du cin\u00e9ma en Belgique\",\"publisher\":{\"@id\":\"https:\/\/welovecinema.be\/nl\/#organization\"},\"potentialAction\":[{\"@type\":\"SearchAction\",\"target\":{\"@type\":\"EntryPoint\",\"urlTemplate\":\"https:\/\/welovecinema.be\/nl\/?s={search_term_string}\"},\"query-input\":\"required name=search_term_string\"}],\"inLanguage\":\"fr-FR\"},{\"@type\":\"Organization\",\"@id\":\"https:\/\/welovecinema.be\/nl\/#organization\",\"name\":\"We Love Cinema\",\"url\":\"https:\/\/welovecinema.be\/nl\/\",\"logo\":{\"@type\":\"ImageObject\",\"inLanguage\":\"fr-FR\",\"@id\":\"https:\/\/welovecinema.be\/nl\/#\/schema\/logo\/image\/\",\"url\":\"https:\/\/welovecinema.be\/wp-content\/uploads\/sites\/2\/2023\/03\/Logo-We-Love-Cinema305x128.jpg\",\"contentUrl\":\"https:\/\/welovecinema.be\/wp-content\/uploads\/sites\/2\/2023\/03\/Logo-We-Love-Cinema305x128.jpg\",\"width\":305,\"height\":128,\"caption\":\"We Love Cinema\"},\"image\":{\"@id\":\"https:\/\/welovecinema.be\/nl\/#\/schema\/logo\/image\/\"},\"sameAs\":[\"https:\/\/www.facebook.com\/welovecinema.be\",\"https:\/\/www.youtube.com\/channel\/UCX5LYGVhnKvYauW4Nta4HJA\",\"https:\/\/www.instagram.com\/welovecinema.be\/\"]},{\"@type\":\"Person\",\"@id\":\"https:\/\/welovecinema.be\/nl\/#\/schema\/person\/8084b68c6b176142d073695c654dc7cf\",\"name\":\"Aurore Engelen\",\"url\":\"https:\/\/welovecinema.be\/fr\/author\/aurore-engelen\/\"}]}<\/script>\n<!-- \/ Yoast SEO plugin. -->","yoast_head_json":{"title":"Sur le tournage de... \"La Derni\u00e8re Tentation des Belges\" - We Love Cinema","robots":{"index":"index","follow":"follow","max-snippet":"max-snippet:-1","max-image-preview":"max-image-preview:large","max-video-preview":"max-video-preview:-1"},"canonical":"https:\/\/welovecinema.be\/fr\/sur-le-tournage-de-la-derniere-tentation-des-belges\/","og_locale":"fr_FR","og_type":"article","og_title":"Sur le tournage de... \"La Derni\u00e8re Tentation des Belges\" - We Love Cinema","og_description":"Visite froide et ensoleill\u00e9e sur le set du dernier film de Jan Bucquoy, La Derni\u00e8re Tentation des Belges, avec Wim Willaert, Alice on the Roof et Alex Vizorek.\u00a0 Novembre 2019. Ca caille s\u00e9v\u00e8re en Wallonie. Au pied de l&rsquo;\u00e9cluse d&rsquo;Ittre une petite \u00e9quipe de tournage s&rsquo;affaire autour d&rsquo;un modeste bateau de plaisance, \u00ab\u00a0Le Fier Wallon\u00a0\u00bb. &hellip;","og_url":"https:\/\/welovecinema.be\/fr\/sur-le-tournage-de-la-derniere-tentation-des-belges\/","og_site_name":"We Love Cinema","article_publisher":"https:\/\/www.facebook.com\/welovecinema.be","article_published_time":"2019-11-28T13:15:33+00:00","article_modified_time":"2019-11-28T13:27:12+00:00","og_image":[{"width":800,"height":533,"url":"https:\/\/welovecinema.be\/wp-content\/uploads\/sites\/2\/2019\/11\/8-800x533.jpg","type":"image\/jpeg"}],"author":"Aurore Engelen","twitter_card":"summary_large_image","twitter_misc":{"\u00c9crit par":"Aurore Engelen","Dur\u00e9e de lecture estim\u00e9e":"5 minutes"},"schema":{"@context":"https:\/\/schema.org","@graph":[{"@type":"Article","@id":"https:\/\/welovecinema.be\/fr\/sur-le-tournage-de-la-derniere-tentation-des-belges\/#article","isPartOf":{"@id":"https:\/\/welovecinema.be\/fr\/sur-le-tournage-de-la-derniere-tentation-des-belges\/"},"author":{"name":"Aurore Engelen","@id":"https:\/\/welovecinema.be\/nl\/#\/schema\/person\/8084b68c6b176142d073695c654dc7cf"},"headline":"Sur le tournage de&#8230; \u00ab\u00a0La Derni\u00e8re Tentation des Belges\u00a0\u00bb","datePublished":"2019-11-28T13:15:33+00:00","dateModified":"2019-11-28T13:27:12+00:00","mainEntityOfPage":{"@id":"https:\/\/welovecinema.be\/fr\/sur-le-tournage-de-la-derniere-tentation-des-belges\/"},"wordCount":1000,"publisher":{"@id":"https:\/\/welovecinema.be\/nl\/#organization"},"keywords":["Alex Vizorek","Alice on the roof","Jan Bucquoy","La Derni\u00e8re tentation des Belges","newsletter","Wim Willaert"],"articleSection":["Tournages"],"inLanguage":"fr-FR"},{"@type":"WebPage","@id":"https:\/\/welovecinema.be\/fr\/sur-le-tournage-de-la-derniere-tentation-des-belges\/","url":"https:\/\/welovecinema.be\/fr\/sur-le-tournage-de-la-derniere-tentation-des-belges\/","name":"Sur le tournage de... \"La Derni\u00e8re Tentation des Belges\" - We Love Cinema","isPartOf":{"@id":"https:\/\/welovecinema.be\/nl\/#website"},"datePublished":"2019-11-28T13:15:33+00:00","dateModified":"2019-11-28T13:27:12+00:00","breadcrumb":{"@id":"https:\/\/welovecinema.be\/fr\/sur-le-tournage-de-la-derniere-tentation-des-belges\/#breadcrumb"},"inLanguage":"fr-FR","potentialAction":[{"@type":"ReadAction","target":["https:\/\/welovecinema.be\/fr\/sur-le-tournage-de-la-derniere-tentation-des-belges\/"]}]},{"@type":"BreadcrumbList","@id":"https:\/\/welovecinema.be\/fr\/sur-le-tournage-de-la-derniere-tentation-des-belges\/#breadcrumb","itemListElement":[{"@type":"ListItem","position":1,"name":"Accueil","item":"https:\/\/welovecinema.be\/fr\/"},{"@type":"ListItem","position":2,"name":"Sur le tournage de&#8230; \u00ab\u00a0La Derni\u00e8re Tentation des Belges\u00a0\u00bb"}]},{"@type":"WebSite","@id":"https:\/\/welovecinema.be\/nl\/#website","url":"https:\/\/welovecinema.be\/nl\/","name":"We Love Cinema","description":"Toute l\u2019information du cin\u00e9ma en Belgique","publisher":{"@id":"https:\/\/welovecinema.be\/nl\/#organization"},"potentialAction":[{"@type":"SearchAction","target":{"@type":"EntryPoint","urlTemplate":"https:\/\/welovecinema.be\/nl\/?s={search_term_string}"},"query-input":"required name=search_term_string"}],"inLanguage":"fr-FR"},{"@type":"Organization","@id":"https:\/\/welovecinema.be\/nl\/#organization","name":"We Love Cinema","url":"https:\/\/welovecinema.be\/nl\/","logo":{"@type":"ImageObject","inLanguage":"fr-FR","@id":"https:\/\/welovecinema.be\/nl\/#\/schema\/logo\/image\/","url":"https:\/\/welovecinema.be\/wp-content\/uploads\/sites\/2\/2023\/03\/Logo-We-Love-Cinema305x128.jpg","contentUrl":"https:\/\/welovecinema.be\/wp-content\/uploads\/sites\/2\/2023\/03\/Logo-We-Love-Cinema305x128.jpg","width":305,"height":128,"caption":"We Love Cinema"},"image":{"@id":"https:\/\/welovecinema.be\/nl\/#\/schema\/logo\/image\/"},"sameAs":["https:\/\/www.facebook.com\/welovecinema.be","https:\/\/www.youtube.com\/channel\/UCX5LYGVhnKvYauW4Nta4HJA","https:\/\/www.instagram.com\/welovecinema.be\/"]},{"@type":"Person","@id":"https:\/\/welovecinema.be\/nl\/#\/schema\/person\/8084b68c6b176142d073695c654dc7cf","name":"Aurore Engelen","url":"https:\/\/welovecinema.be\/fr\/author\/aurore-engelen\/"}]}},"_links":{"self":[{"href":"https:\/\/welovecinema.be\/fr\/wp-json\/wp\/v2\/posts\/225082","targetHints":{"allow":["GET"]}}],"collection":[{"href":"https:\/\/welovecinema.be\/fr\/wp-json\/wp\/v2\/posts"}],"about":[{"href":"https:\/\/welovecinema.be\/fr\/wp-json\/wp\/v2\/types\/post"}],"author":[{"embeddable":true,"href":"https:\/\/welovecinema.be\/fr\/wp-json\/wp\/v2\/users\/343"}],"replies":[{"embeddable":true,"href":"https:\/\/welovecinema.be\/fr\/wp-json\/wp\/v2\/comments?post=225082"}],"version-history":[{"count":0,"href":"https:\/\/welovecinema.be\/fr\/wp-json\/wp\/v2\/posts\/225082\/revisions"}],"wp:featuredmedia":[{"embeddable":true,"href":"https:\/\/welovecinema.be\/fr\/wp-json\/wp\/v2\/media\/225084"}],"wp:attachment":[{"href":"https:\/\/welovecinema.be\/fr\/wp-json\/wp\/v2\/media?parent=225082"}],"wp:term":[{"taxonomy":"category","embeddable":true,"href":"https:\/\/welovecinema.be\/fr\/wp-json\/wp\/v2\/categories?post=225082"},{"taxonomy":"post_tag","embeddable":true,"href":"https:\/\/welovecinema.be\/fr\/wp-json\/wp\/v2\/tags?post=225082"}],"curies":[{"name":"wp","href":"https:\/\/api.w.org\/{rel}","templated":true}]}}