{"id":225064,"date":"2019-11-26T08:39:23","date_gmt":"2019-11-26T07:39:23","guid":{"rendered":"https:\/\/www.cinevox.be\/?p=225064"},"modified":"2019-11-26T15:20:25","modified_gmt":"2019-11-26T14:20:25","slug":"fabrice-du-welz-a-lhonneur-a-la-cinematek","status":"publish","type":"post","link":"https:\/\/welovecinema.be\/fr\/fabrice-du-welz-a-lhonneur-a-la-cinematek\/","title":{"rendered":"Fabrice du Welz \u00e0 l&rsquo;honneur \u00e0 la Cinematek"},"content":{"rendered":"<p><strong>Sortie d&rsquo;<em>Adoration<\/em> oblige, la Cinematek met \u00e0 l&rsquo;honneur Fabrice du Welz, le cin\u00e9aste comme le cin\u00e9phile d\u00e8s le 3 janvier prochain!<\/strong><\/p>\n<p>L&rsquo;institution bruxelloise propose une r\u00e9trospective de l&rsquo;oeuvre du cin\u00e9aste belge, doubl\u00e9e d&rsquo;une carte blanche o\u00f9 il programme ses certains de ses films cultes de cin\u00e9aste, et de cin\u00e9phile. Le 29 janvier, la Cinematek invite d&rsquo;ailleurs le public a une masterclass donn\u00e9e par le r\u00e9alisateur, toujours enclin \u00e0 partager sa passion et son amour du cin\u00e9ma, prompt \u00e0 se livrer sans m\u00e2cher ses mots. Flagey accueillera ainsi l&rsquo;univers dense et explosif du r\u00e9alisateur.<\/p>\n<p>R\u00e9alisateur &#8211; cin\u00e9phile, Fabrice du Welz a abord\u00e9 le cin\u00e9ma de genre de mani\u00e8re singuli\u00e8re. Inspir\u00e9 d\u2019un cin\u00e9ma d\u2019horreur et d\u2019\u00e9pouvante ayant lui-m\u00eame boulevers\u00e9 les codes de la fiction en l&rsquo;entrainant vers un r\u00e9alisme morbide, le r\u00e9alisateur belge d\u00e9veloppe une filmographie dans laquelle s\u2019unissent un certain mysticisme du cin\u00e9ma et une sensorialit\u00e9 visc\u00e9rale, noire et effrayante. Un go\u00fbt de la mort et du cin\u00e9ma extr\u00eame traverse son \u0153uvre assidument, depuis son premier long m\u00e9trage, <i>Calvaire<\/i>, jusqu\u2019\u00e0 son dernier,\u00a0<i>Adoration<\/i>, \u00e0 d\u00e9couvrir d\u00e8s ce mois de janvier au studio Agn\u00e8s Varda, avec quatre autres de ses \u0153uvres. \u00c2mes sensibles: r\u00e9fl\u00e9chir avant de s\u2019y risquer.<\/p>\n<div>\n<p class=\"fromEditor\">En compl\u00e9ment du cycle consacr\u00e9 \u00e0 ses r\u00e9alisations, le studio Agn\u00e8s Varda se pr\u00eate \u00e0 la cin\u00e9philie du r\u00e9alisateur, donnant l\u2019opportunit\u00e9 au public de d\u00e9couvrir les fondations d\u2019une \u0153uvre peu banale et c\u00e9l\u00e9brant son h\u00e9ritage. De grands classiques am\u00e9ricains tels que <em>La Nuit du chasseur<\/em> de Charles Laughton ou <em>Massacre \u00e0 la tron\u00e7onneuse<\/em> de Tobe Hooper, comme asiatiques avec <em>D\u00e9sirs meurtriers<\/em> d\u2019Imamura, ou Le Ch\u00e2teau de l&rsquo;araign\u00e9e de Kurosawa, Fabrice du Welz livre ici une carte blanche alliant <i>pulp<\/i>, fanatisme, \u00e9pouvante et fantastique.<\/p>\n<\/div>\n<p>Tout sur la r\u00e9trospective <a href=\"http:\/\/cinematek.be\/?node=17&amp;event_id=100262301\">ici<\/a> et sur la carte blanche <a href=\"http:\/\/cinematek.be\/?node=17&amp;event_id=100262401\">ici<\/a>.<\/p>\n","protected":false},"excerpt":{"rendered":"<p>Sortie d&rsquo;Adoration oblige, la Cinematek met \u00e0 l&rsquo;honneur Fabrice du Welz, le cin\u00e9aste comme le cin\u00e9phile d\u00e8s le 3 janvier prochain! L&rsquo;institution bruxelloise propose une r\u00e9trospective de l&rsquo;oeuvre du cin\u00e9aste belge, doubl\u00e9e d&rsquo;une carte blanche o\u00f9 il programme ses certains de ses films cultes de cin\u00e9aste, et de cin\u00e9phile. Le 29 janvier, la Cinematek invite &hellip;<\/p>\n","protected":false},"author":343,"featured_media":198587,"comment_status":"closed","ping_status":"closed","sticky":false,"template":"","format":"standard","meta":{"ngg_post_thumbnail":0,"footnotes":""},"categories":[53],"tags":[4387,4187],"class_list":["post-225064","post","type-post","status-publish","format-standard","has-post-thumbnail","","category-coming-soon","tag-fabrice-du-welz-2","tag-newsletter-fr"],"yoast_head":"<!-- This site is optimized with the Yoast SEO plugin v20.4 - https:\/\/yoast.com\/wordpress\/plugins\/seo\/ -->\n<title>Fabrice du Welz \u00e0 l&#039;honneur \u00e0 la Cinematek - We Love Cinema<\/title>\n<meta name=\"robots\" content=\"index, follow, max-snippet:-1, max-image-preview:large, max-video-preview:-1\" \/>\n<link rel=\"canonical\" href=\"https:\/\/welovecinema.be\/fr\/fabrice-du-welz-a-lhonneur-a-la-cinematek\/\" \/>\n<meta property=\"og:locale\" content=\"fr_FR\" \/>\n<meta property=\"og:type\" content=\"article\" \/>\n<meta property=\"og:title\" content=\"Fabrice du Welz \u00e0 l&#039;honneur \u00e0 la Cinematek - We Love Cinema\" \/>\n<meta property=\"og:description\" content=\"Sortie d&rsquo;Adoration oblige, la Cinematek met \u00e0 l&rsquo;honneur Fabrice du Welz, le cin\u00e9aste comme le cin\u00e9phile d\u00e8s le 3 janvier prochain! L&rsquo;institution bruxelloise propose une r\u00e9trospective de l&rsquo;oeuvre du cin\u00e9aste belge, doubl\u00e9e d&rsquo;une carte blanche o\u00f9 il programme ses certains de ses films cultes de cin\u00e9aste, et de cin\u00e9phile. Le 29 janvier, la Cinematek invite &hellip;\" \/>\n<meta property=\"og:url\" content=\"https:\/\/welovecinema.be\/fr\/fabrice-du-welz-a-lhonneur-a-la-cinematek\/\" \/>\n<meta property=\"og:site_name\" content=\"We Love Cinema\" \/>\n<meta property=\"article:publisher\" content=\"https:\/\/www.facebook.com\/welovecinema.be\" \/>\n<meta property=\"article:published_time\" content=\"2019-11-26T07:39:23+00:00\" \/>\n<meta property=\"article:modified_time\" content=\"2019-11-26T14:20:25+00:00\" \/>\n<meta property=\"og:image\" content=\"https:\/\/welovecinema.be\/wp-content\/uploads\/sites\/2\/2017\/04\/fabrice-du-welz-.jpg\" \/>\n\t<meta property=\"og:image:width\" content=\"620\" \/>\n\t<meta property=\"og:image:height\" content=\"400\" \/>\n\t<meta property=\"og:image:type\" content=\"image\/jpeg\" \/>\n<meta name=\"author\" content=\"Aurore Engelen\" \/>\n<meta name=\"twitter:card\" content=\"summary_large_image\" \/>\n<meta name=\"twitter:label1\" content=\"\u00c9crit par\" \/>\n\t<meta name=\"twitter:data1\" content=\"Aurore Engelen\" \/>\n\t<meta name=\"twitter:label2\" content=\"Dur\u00e9e de lecture estim\u00e9e\" \/>\n\t<meta name=\"twitter:data2\" content=\"2 minutes\" \/>\n<script type=\"application\/ld+json\" class=\"yoast-schema-graph\">{\"@context\":\"https:\/\/schema.org\",\"@graph\":[{\"@type\":\"Article\",\"@id\":\"https:\/\/welovecinema.be\/fr\/fabrice-du-welz-a-lhonneur-a-la-cinematek\/#article\",\"isPartOf\":{\"@id\":\"https:\/\/welovecinema.be\/fr\/fabrice-du-welz-a-lhonneur-a-la-cinematek\/\"},\"author\":{\"name\":\"Aurore Engelen\",\"@id\":\"https:\/\/welovecinema.be\/nl\/#\/schema\/person\/8084b68c6b176142d073695c654dc7cf\"},\"headline\":\"Fabrice du Welz \u00e0 l&rsquo;honneur \u00e0 la Cinematek\",\"datePublished\":\"2019-11-26T07:39:23+00:00\",\"dateModified\":\"2019-11-26T14:20:25+00:00\",\"mainEntityOfPage\":{\"@id\":\"https:\/\/welovecinema.be\/fr\/fabrice-du-welz-a-lhonneur-a-la-cinematek\/\"},\"wordCount\":355,\"publisher\":{\"@id\":\"https:\/\/welovecinema.be\/nl\/#organization\"},\"keywords\":[\"Fabrice Du Welz\",\"newsletter\"],\"articleSection\":[\"Coming soon\"],\"inLanguage\":\"fr-FR\"},{\"@type\":\"WebPage\",\"@id\":\"https:\/\/welovecinema.be\/fr\/fabrice-du-welz-a-lhonneur-a-la-cinematek\/\",\"url\":\"https:\/\/welovecinema.be\/fr\/fabrice-du-welz-a-lhonneur-a-la-cinematek\/\",\"name\":\"Fabrice du Welz \u00e0 l'honneur \u00e0 la Cinematek - We Love Cinema\",\"isPartOf\":{\"@id\":\"https:\/\/welovecinema.be\/nl\/#website\"},\"datePublished\":\"2019-11-26T07:39:23+00:00\",\"dateModified\":\"2019-11-26T14:20:25+00:00\",\"breadcrumb\":{\"@id\":\"https:\/\/welovecinema.be\/fr\/fabrice-du-welz-a-lhonneur-a-la-cinematek\/#breadcrumb\"},\"inLanguage\":\"fr-FR\",\"potentialAction\":[{\"@type\":\"ReadAction\",\"target\":[\"https:\/\/welovecinema.be\/fr\/fabrice-du-welz-a-lhonneur-a-la-cinematek\/\"]}]},{\"@type\":\"BreadcrumbList\",\"@id\":\"https:\/\/welovecinema.be\/fr\/fabrice-du-welz-a-lhonneur-a-la-cinematek\/#breadcrumb\",\"itemListElement\":[{\"@type\":\"ListItem\",\"position\":1,\"name\":\"Accueil\",\"item\":\"https:\/\/welovecinema.be\/fr\/\"},{\"@type\":\"ListItem\",\"position\":2,\"name\":\"Fabrice du Welz \u00e0 l&rsquo;honneur \u00e0 la Cinematek\"}]},{\"@type\":\"WebSite\",\"@id\":\"https:\/\/welovecinema.be\/nl\/#website\",\"url\":\"https:\/\/welovecinema.be\/nl\/\",\"name\":\"We Love Cinema\",\"description\":\"Toute l\u2019information du cin\u00e9ma en Belgique\",\"publisher\":{\"@id\":\"https:\/\/welovecinema.be\/nl\/#organization\"},\"potentialAction\":[{\"@type\":\"SearchAction\",\"target\":{\"@type\":\"EntryPoint\",\"urlTemplate\":\"https:\/\/welovecinema.be\/nl\/?s={search_term_string}\"},\"query-input\":\"required name=search_term_string\"}],\"inLanguage\":\"fr-FR\"},{\"@type\":\"Organization\",\"@id\":\"https:\/\/welovecinema.be\/nl\/#organization\",\"name\":\"We Love Cinema\",\"url\":\"https:\/\/welovecinema.be\/nl\/\",\"logo\":{\"@type\":\"ImageObject\",\"inLanguage\":\"fr-FR\",\"@id\":\"https:\/\/welovecinema.be\/nl\/#\/schema\/logo\/image\/\",\"url\":\"https:\/\/welovecinema.be\/wp-content\/uploads\/sites\/2\/2023\/03\/Logo-We-Love-Cinema305x128.jpg\",\"contentUrl\":\"https:\/\/welovecinema.be\/wp-content\/uploads\/sites\/2\/2023\/03\/Logo-We-Love-Cinema305x128.jpg\",\"width\":305,\"height\":128,\"caption\":\"We Love Cinema\"},\"image\":{\"@id\":\"https:\/\/welovecinema.be\/nl\/#\/schema\/logo\/image\/\"},\"sameAs\":[\"https:\/\/www.facebook.com\/welovecinema.be\",\"https:\/\/www.youtube.com\/channel\/UCX5LYGVhnKvYauW4Nta4HJA\",\"https:\/\/www.instagram.com\/welovecinema.be\/\"]},{\"@type\":\"Person\",\"@id\":\"https:\/\/welovecinema.be\/nl\/#\/schema\/person\/8084b68c6b176142d073695c654dc7cf\",\"name\":\"Aurore Engelen\",\"url\":\"https:\/\/welovecinema.be\/fr\/author\/aurore-engelen\/\"}]}<\/script>\n<!-- \/ Yoast SEO plugin. -->","yoast_head_json":{"title":"Fabrice du Welz \u00e0 l'honneur \u00e0 la Cinematek - We Love Cinema","robots":{"index":"index","follow":"follow","max-snippet":"max-snippet:-1","max-image-preview":"max-image-preview:large","max-video-preview":"max-video-preview:-1"},"canonical":"https:\/\/welovecinema.be\/fr\/fabrice-du-welz-a-lhonneur-a-la-cinematek\/","og_locale":"fr_FR","og_type":"article","og_title":"Fabrice du Welz \u00e0 l'honneur \u00e0 la Cinematek - We Love Cinema","og_description":"Sortie d&rsquo;Adoration oblige, la Cinematek met \u00e0 l&rsquo;honneur Fabrice du Welz, le cin\u00e9aste comme le cin\u00e9phile d\u00e8s le 3 janvier prochain! L&rsquo;institution bruxelloise propose une r\u00e9trospective de l&rsquo;oeuvre du cin\u00e9aste belge, doubl\u00e9e d&rsquo;une carte blanche o\u00f9 il programme ses certains de ses films cultes de cin\u00e9aste, et de cin\u00e9phile. Le 29 janvier, la Cinematek invite &hellip;","og_url":"https:\/\/welovecinema.be\/fr\/fabrice-du-welz-a-lhonneur-a-la-cinematek\/","og_site_name":"We Love Cinema","article_publisher":"https:\/\/www.facebook.com\/welovecinema.be","article_published_time":"2019-11-26T07:39:23+00:00","article_modified_time":"2019-11-26T14:20:25+00:00","og_image":[{"width":620,"height":400,"url":"https:\/\/welovecinema.be\/wp-content\/uploads\/sites\/2\/2017\/04\/fabrice-du-welz-.jpg","type":"image\/jpeg"}],"author":"Aurore Engelen","twitter_card":"summary_large_image","twitter_misc":{"\u00c9crit par":"Aurore Engelen","Dur\u00e9e de lecture estim\u00e9e":"2 minutes"},"schema":{"@context":"https:\/\/schema.org","@graph":[{"@type":"Article","@id":"https:\/\/welovecinema.be\/fr\/fabrice-du-welz-a-lhonneur-a-la-cinematek\/#article","isPartOf":{"@id":"https:\/\/welovecinema.be\/fr\/fabrice-du-welz-a-lhonneur-a-la-cinematek\/"},"author":{"name":"Aurore Engelen","@id":"https:\/\/welovecinema.be\/nl\/#\/schema\/person\/8084b68c6b176142d073695c654dc7cf"},"headline":"Fabrice du Welz \u00e0 l&rsquo;honneur \u00e0 la Cinematek","datePublished":"2019-11-26T07:39:23+00:00","dateModified":"2019-11-26T14:20:25+00:00","mainEntityOfPage":{"@id":"https:\/\/welovecinema.be\/fr\/fabrice-du-welz-a-lhonneur-a-la-cinematek\/"},"wordCount":355,"publisher":{"@id":"https:\/\/welovecinema.be\/nl\/#organization"},"keywords":["Fabrice Du Welz","newsletter"],"articleSection":["Coming soon"],"inLanguage":"fr-FR"},{"@type":"WebPage","@id":"https:\/\/welovecinema.be\/fr\/fabrice-du-welz-a-lhonneur-a-la-cinematek\/","url":"https:\/\/welovecinema.be\/fr\/fabrice-du-welz-a-lhonneur-a-la-cinematek\/","name":"Fabrice du Welz \u00e0 l'honneur \u00e0 la Cinematek - We Love Cinema","isPartOf":{"@id":"https:\/\/welovecinema.be\/nl\/#website"},"datePublished":"2019-11-26T07:39:23+00:00","dateModified":"2019-11-26T14:20:25+00:00","breadcrumb":{"@id":"https:\/\/welovecinema.be\/fr\/fabrice-du-welz-a-lhonneur-a-la-cinematek\/#breadcrumb"},"inLanguage":"fr-FR","potentialAction":[{"@type":"ReadAction","target":["https:\/\/welovecinema.be\/fr\/fabrice-du-welz-a-lhonneur-a-la-cinematek\/"]}]},{"@type":"BreadcrumbList","@id":"https:\/\/welovecinema.be\/fr\/fabrice-du-welz-a-lhonneur-a-la-cinematek\/#breadcrumb","itemListElement":[{"@type":"ListItem","position":1,"name":"Accueil","item":"https:\/\/welovecinema.be\/fr\/"},{"@type":"ListItem","position":2,"name":"Fabrice du Welz \u00e0 l&rsquo;honneur \u00e0 la Cinematek"}]},{"@type":"WebSite","@id":"https:\/\/welovecinema.be\/nl\/#website","url":"https:\/\/welovecinema.be\/nl\/","name":"We Love Cinema","description":"Toute l\u2019information du cin\u00e9ma en Belgique","publisher":{"@id":"https:\/\/welovecinema.be\/nl\/#organization"},"potentialAction":[{"@type":"SearchAction","target":{"@type":"EntryPoint","urlTemplate":"https:\/\/welovecinema.be\/nl\/?s={search_term_string}"},"query-input":"required name=search_term_string"}],"inLanguage":"fr-FR"},{"@type":"Organization","@id":"https:\/\/welovecinema.be\/nl\/#organization","name":"We Love Cinema","url":"https:\/\/welovecinema.be\/nl\/","logo":{"@type":"ImageObject","inLanguage":"fr-FR","@id":"https:\/\/welovecinema.be\/nl\/#\/schema\/logo\/image\/","url":"https:\/\/welovecinema.be\/wp-content\/uploads\/sites\/2\/2023\/03\/Logo-We-Love-Cinema305x128.jpg","contentUrl":"https:\/\/welovecinema.be\/wp-content\/uploads\/sites\/2\/2023\/03\/Logo-We-Love-Cinema305x128.jpg","width":305,"height":128,"caption":"We Love Cinema"},"image":{"@id":"https:\/\/welovecinema.be\/nl\/#\/schema\/logo\/image\/"},"sameAs":["https:\/\/www.facebook.com\/welovecinema.be","https:\/\/www.youtube.com\/channel\/UCX5LYGVhnKvYauW4Nta4HJA","https:\/\/www.instagram.com\/welovecinema.be\/"]},{"@type":"Person","@id":"https:\/\/welovecinema.be\/nl\/#\/schema\/person\/8084b68c6b176142d073695c654dc7cf","name":"Aurore Engelen","url":"https:\/\/welovecinema.be\/fr\/author\/aurore-engelen\/"}]}},"_links":{"self":[{"href":"https:\/\/welovecinema.be\/fr\/wp-json\/wp\/v2\/posts\/225064","targetHints":{"allow":["GET"]}}],"collection":[{"href":"https:\/\/welovecinema.be\/fr\/wp-json\/wp\/v2\/posts"}],"about":[{"href":"https:\/\/welovecinema.be\/fr\/wp-json\/wp\/v2\/types\/post"}],"author":[{"embeddable":true,"href":"https:\/\/welovecinema.be\/fr\/wp-json\/wp\/v2\/users\/343"}],"replies":[{"embeddable":true,"href":"https:\/\/welovecinema.be\/fr\/wp-json\/wp\/v2\/comments?post=225064"}],"version-history":[{"count":0,"href":"https:\/\/welovecinema.be\/fr\/wp-json\/wp\/v2\/posts\/225064\/revisions"}],"wp:featuredmedia":[{"embeddable":true,"href":"https:\/\/welovecinema.be\/fr\/wp-json\/wp\/v2\/media\/198587"}],"wp:attachment":[{"href":"https:\/\/welovecinema.be\/fr\/wp-json\/wp\/v2\/media?parent=225064"}],"wp:term":[{"taxonomy":"category","embeddable":true,"href":"https:\/\/welovecinema.be\/fr\/wp-json\/wp\/v2\/categories?post=225064"},{"taxonomy":"post_tag","embeddable":true,"href":"https:\/\/welovecinema.be\/fr\/wp-json\/wp\/v2\/tags?post=225064"}],"curies":[{"name":"wp","href":"https:\/\/api.w.org\/{rel}","templated":true}]}}