{"id":22497,"date":"2012-05-31T05:04:15","date_gmt":"2012-05-31T05:04:15","guid":{"rendered":"http:\/\/www.cinevox.be\/?p=22497"},"modified":"2012-05-30T16:53:30","modified_gmt":"2012-05-30T16:53:30","slug":"de-leur-vivant-cinq-acteurs-qui-marquent-les-esprits","status":"publish","type":"post","link":"https:\/\/welovecinema.be\/fr\/de-leur-vivant-cinq-acteurs-qui-marquent-les-esprits\/","title":{"rendered":"De Leur Vivant <br> Cinq acteurs qui marquent les esprits"},"content":{"rendered":"<p>Bonne nouvelle pour ceux qui ne l&rsquo;ont pas encore vu : \u200e<em>De leur vivant,<\/em> le premier long m\u00e9trage poignant de <strong>G\u00e9raldine Doignon<\/strong> est toujours \u00e0 l&rsquo;affiche \u00e0 Bruxelles, Mons, Charleroi, Li\u00e8ge et Gand.\u00a0Vous trouverez les horaires sur le site de nos confr\u00e8res de<a href=\"http:\/\/www.cinenews.be\/Movies.Detail.cfm?MoviesID=11660&amp;lang=fr\"> Cinenews<\/a>. Ses atouts : un d\u00e9veloppement subtil sur un th\u00e8me lourd, le deuil; une mise en sc\u00e8ne sobre, mais touchante et une interpr\u00e9tation chorale \u00e9mouvante.<\/p>\n<p>&nbsp;<\/p>\n<p>En t\u00eate d&rsquo;affiche cinq com\u00e9diens formidables, m\u00e9connus du public de cin\u00e9ma, mais qui ont tous un nom au th\u00e9\u00e2tre. Leur point commun? Ils ont tous fait leurs \u00e9tudes \u00e0 l&rsquo;INSAS ou \u00e0 l&rsquo;IAD\u2026 ou y enseigne.<\/p>\n<p><!--more--><\/p>\n<p>&nbsp;<\/p>\n<p><strong>Christian Crahay (Henri) <\/strong><\/p>\n<p>&nbsp;<\/p>\n<p><a rel=\"attachment wp-att-22498\" href=\"http:\/\/www.cinevox.be\/de-leur-vivant-cinq-acteurs-qui-marquent-les-esprits\/de-leur-vivant-1-4\/\"><img loading=\"lazy\" decoding=\"async\" class=\"aligncenter size-full wp-image-22498\" title=\"De leur vivant 1\" src=\"http:\/\/www.cinevox.be\/wp-content\/uploads\/sites\/2\/2012\/05\/De-leur-vivant-12.jpg\" alt=\"\" width=\"5616\" height=\"2670\" srcset=\"https:\/\/welovecinema.be\/wp-content\/uploads\/sites\/2\/2012\/05\/De-leur-vivant-12.jpg 5616w, https:\/\/welovecinema.be\/wp-content\/uploads\/sites\/2\/2012\/05\/De-leur-vivant-12-480x228.jpg 480w, https:\/\/welovecinema.be\/wp-content\/uploads\/sites\/2\/2012\/05\/De-leur-vivant-12-800x380.jpg 800w\" sizes=\"auto, (max-width: 5616px) 100vw, 5616px\" \/><\/a><\/p>\n<p>&nbsp;<\/p>\n<p>Depuis plus de 35 ans, Christian Crahay est com\u00e9dien, metteur en sc\u00e8ne et professeur. Apr\u00e8s un 1er prix d\u2019art dramatique au Conservatoire de Li\u00e8ge, il poursuit sa formation avec Andreas Voutsinas (Actor\u2019s Studio) et Uta Birnbaum (Berliner Ensemble).<\/p>\n<p>&nbsp;<\/p>\n<p>Com\u00e9dien, il travaille en Belgique et en France sous la direction de metteurs en sc\u00e8ne tels qu\u2019Isabelle Pousseur, Adrian Brine, Mich\u00e8le Anne De Mey, Marc Liebens, Armand Delcampe, Pierre Laroche, Peter Brook, Benno Besson\u2026<\/p>\n<p>&nbsp;<\/p>\n<p>Acteur, il joue notamment dans les films de Chris Vander Stappen, Raoul Peck, Jean-Pierre et Luc Dardenne, Harry Cleven, Chantal Akerman, Manu Bonmariage, Solveig Anspach, Lucas Belvaux et Yves Hanchar, ainsi que dans de nombreux courts-m\u00e9trages.<\/p>\n<p>&nbsp;<\/p>\n<p>Metteur en sc\u00e8ne, il monte entre autres <em>Le Bruit des r\u00eaves<\/em> de Pascale Tison, <em>L\u2019\u00c9veil du printemps<\/em>\u201d de Frank Wedekind, <em>Le Journal d\u2019un fou<\/em> de Nicolas Gogol et <em>Olaf et Albert<\/em> de Friedrich Heinkel.<\/p>\n<p>&nbsp;<\/p>\n<p>En 1997, il re\u00e7oit le prix du meilleur com\u00e9dien aux Prix de la Critique pour le r\u00f4le de Tom dans <em>Skylight<\/em>. En 2001, il est nomm\u00e9 meilleur second r\u00f4le (Prix Jean Carmet) pour le film de Chris Vander Stappen, <em>Que faisaient les femmes pendant que l&rsquo;homme marchait sur la lune ?<\/em><\/p>\n<p>&nbsp;<\/p>\n<p>Depuis 1996, il est ponctuellement charg\u00e9 de cours \u00e0 l\u2019IAD et \u00e0 La Cambre, en section sc\u00e9nographie. Il a \u00e9galement particip\u00e9 \u00e0 de multiples feuilletons, lectures, \u00e9missions culturelles \u00e0 la RTBF, France Culture, Radio Canada et \u00e0 la Radio suisse romande.<\/p>\n<p>&nbsp;<\/p>\n<p>Son r\u00f4le dans <em>De Leur Vivant<\/em> est sans doute le plus important qu&rsquo;il ait eu \u00e0 d\u00e9fendre au cin\u00e9ma. Et le plus \u00e9mouvant. Tout en pudeur, en retenue, il \u00e9meut sans jamais en faire trop. Si suffisamment de monde voit le film, il a une vraie chance de terminer dans le carr\u00e9 magique des Magritte 2013. M\u00eame si la concurrence sera rude.<\/p>\n<p>&nbsp;<\/p>\n<p>&nbsp;<\/p>\n<p>&nbsp;<\/p>\n<p><strong> <\/strong><\/p>\n<p><strong> <\/strong><\/p>\n<p><strong> <\/strong><\/p>\n<p><strong>Mathylde Demarez (Dominique)<\/strong><\/p>\n<p>&nbsp;<\/p>\n<p><a rel=\"attachment wp-att-22499\" href=\"http:\/\/www.cinevox.be\/de-leur-vivant-cinq-acteurs-qui-marquent-les-esprits\/2012-05-08-15h21_42\/\"><img loading=\"lazy\" decoding=\"async\" class=\"aligncenter size-full wp-image-22499\" title=\"2012-05-08 15h21_42\" src=\"http:\/\/www.cinevox.be\/wp-content\/uploads\/sites\/2\/2012\/05\/2012-05-08-15h21_42.png\" alt=\"\" width=\"895\" height=\"383\" srcset=\"https:\/\/welovecinema.be\/wp-content\/uploads\/sites\/2\/2012\/05\/2012-05-08-15h21_42.png 895w, https:\/\/welovecinema.be\/wp-content\/uploads\/sites\/2\/2012\/05\/2012-05-08-15h21_42-480x205.png 480w, https:\/\/welovecinema.be\/wp-content\/uploads\/sites\/2\/2012\/05\/2012-05-08-15h21_42-800x342.png 800w\" sizes=\"auto, (max-width: 895px) 100vw, 895px\" \/><\/a><\/p>\n<p>N\u00e9e en 1972 \u00e0 Soissons, elle a grandi dans le nord de la France et suivi les cours de l\u2019Ecole du Th\u00e9\u00e2tre de Rouen avant de s&rsquo;installer \u00e0 Bruxelles pour rejoindre l\u2019INSAS, section interpr\u00e9tation, d&rsquo;o\u00f9 elle sort dipl\u00f4m\u00e9e en 1998. Elle partage alors son travail entre la France, o\u00f9 elle joue pour la troupe de l\u2019Escouade, la Compagnie des 3T et Patrick Veschueren et la Belgique, o\u00f9 elle joue notamment pour Didier Payen et Isabelle Marcellin, Marcel Delval, Beno\u00eet Chantery et Rasmus \u00d6lme &amp; Max Cuccaro (Ultima Vez). Elle travaille \u00e9galement avec la compagnie suisse\u00a0 \u201cJours Tranquilles\u201d.<\/p>\n<p>En 2002, elle interpr\u00e8te le r\u00f4le principal du court-m\u00e9trage de Mathias Gokalp, \u201cMi-temps\u201d.<\/p>\n<p>&nbsp;<\/p>\n<p>Elle rejoint la \u201cClinic Orgasm Society\u201d en 2004, au sein de laquelle elle participe \u00e0 la cr\u00e9ation de \u201cJ\u2019ai grav\u00e9 le nom de ma grenouille dans ton foie\u201d, en 2005, qui conna\u00eet un succ\u00e8s retentissant et, en 2009, de \u201cDTC (on est bien)\u201d, \u00e9galement succ\u00e8s critique et public. Elle co-dirige \u00e9galement la KRONIK bRUSSELOISE et collabore avec le \u201cGroupe TOC \u201c.<\/p>\n<p>&nbsp;<\/p>\n<p>Dans <em>De Leur Vivant<\/em>, elle est la fille bless\u00e9e qui fait toujours les mauvais choix, mais qui va se r\u00e9inventer au moment o\u00f9 elle l&rsquo;attend le moins\u2026<\/p>\n<p>&nbsp;<\/p>\n<p>&nbsp;<\/p>\n<p>&nbsp;<\/p>\n<p><strong>Yoann Blanc (Ludovic)<\/strong><\/p>\n<p>&nbsp;<\/p>\n<p><a rel=\"attachment wp-att-22500\" href=\"http:\/\/www.cinevox.be\/de-leur-vivant-cinq-acteurs-qui-marquent-les-esprits\/2012-05-25-23h10_35\/\"><img loading=\"lazy\" decoding=\"async\" class=\"aligncenter size-full wp-image-22500\" title=\"2012-05-25 23h10_35\" src=\"http:\/\/www.cinevox.be\/wp-content\/uploads\/sites\/2\/2012\/05\/2012-05-25-23h10_35.jpg\" alt=\"\" width=\"903\" height=\"379\" srcset=\"https:\/\/welovecinema.be\/wp-content\/uploads\/sites\/2\/2012\/05\/2012-05-25-23h10_35.jpg 903w, https:\/\/welovecinema.be\/wp-content\/uploads\/sites\/2\/2012\/05\/2012-05-25-23h10_35-480x201.jpg 480w, https:\/\/welovecinema.be\/wp-content\/uploads\/sites\/2\/2012\/05\/2012-05-25-23h10_35-800x335.jpg 800w\" sizes=\"auto, (max-width: 903px) 100vw, 903px\" \/><\/a><\/p>\n<p>&nbsp;<\/p>\n<p>N\u00e9 en 1975en Suisse, dipl\u00f4m\u00e9 de l\u2019INSAS \u00e0 Bruxelles, Yoann joue au th\u00e9\u00e2tre depuis une quinzaine d\u2019ann\u00e9es. Il a collabor\u00e9 entre autres avec Falk Richter, Armel Roussel, Phillippe Sireuil, Alain Fran\u00e7on, Michel Dezoteux, Vincent Goethals, Jean-Benoit Ugeux et Selma Alaoui.<\/p>\n<p>&nbsp;<\/p>\n<p>Il est nomin\u00e9 au titre de meilleur com\u00e9dien aux Prix de la Critique en 2008 et 2010.<\/p>\n<p>Au cin\u00e9ma, il joue dans les courts-m\u00e9trages \u201cLes Galets\u201d de Micha Wald, \u201cMinitrip\u201d de Jean-Michel Vovk, \u201cLe petit chevalier\u201d d\u2019Emmanuel Marre en 2011, \u201cPixeliose\u201d de Romain Graf.<\/p>\n<p>&nbsp;<\/p>\n<p>Depuis 2010, il appara\u00eet de plus en plus souvent dans des longs-m\u00e9trages <em>Hell<\/em> de <strong>Tim Fehlbaum<\/strong>, <em>L\u2019hiver dernier<\/em> de <strong>John Shank<\/strong>, <em>Torpedo<\/em> de <strong>Matthieu Donck<\/strong> et <em>Traumland <\/em>de <strong>Daniel Lambo.<\/strong><\/p>\n<p>&nbsp;<\/p>\n<p>Ludovic est le fr\u00e8re renferm\u00e9 de la famille. Et s&rsquo;il critique volontiers l&rsquo;autre, c&rsquo;est qu&rsquo;il m\u00e8ne une vie qui ne lui pla\u00eet pas vraiment.<\/p>\n<p>&nbsp;<\/p>\n<p>&nbsp;<\/p>\n<p>&nbsp;<\/p>\n<p><strong>Jean-Fran\u00e7ois Rossion (Louis)<\/strong><\/p>\n<p>&nbsp;<\/p>\n<p><a rel=\"attachment wp-att-22507\" href=\"http:\/\/www.cinevox.be\/de-leur-vivant-cinq-acteurs-qui-marquent-les-esprits\/2012-05-25-23h11_44-2\/\"><img loading=\"lazy\" decoding=\"async\" class=\"aligncenter size-full wp-image-22507\" title=\"2012-05-25 23h11_44\" src=\"http:\/\/www.cinevox.be\/wp-content\/uploads\/sites\/2\/2012\/05\/2012-05-25-23h11_441.jpg\" alt=\"\" width=\"897\" height=\"375\" srcset=\"https:\/\/welovecinema.be\/wp-content\/uploads\/sites\/2\/2012\/05\/2012-05-25-23h11_441.jpg 897w, https:\/\/welovecinema.be\/wp-content\/uploads\/sites\/2\/2012\/05\/2012-05-25-23h11_441-480x200.jpg 480w, https:\/\/welovecinema.be\/wp-content\/uploads\/sites\/2\/2012\/05\/2012-05-25-23h11_441-800x334.jpg 800w\" sizes=\"auto, (max-width: 897px) 100vw, 897px\" \/><\/a><\/p>\n<p>&nbsp;<\/p>\n<p>&nbsp;<\/p>\n<p>N\u00e9 en 1976 en Belgique, il sort \u00a0de l\u2019IAD en 2001. La m\u00eame ann\u00e9e, il participe \u00e0 sa premi\u00e8re pi\u00e8ce professionnelle, \u201cLe Conte d\u2019Hiver\u201d de W. Shakespeare sous la direction de Dominique Serron.<\/p>\n<p>Avec beaucoup d&rsquo;aisance, il passe du classique au contemporain, joue ensuite et notamment dans des mises en sc\u00e8ne de Mahauden, de Braekeleer, Lini, Schmit, Moradiellos, Claessens, Coyette et \u00e0 l\u2019abbaye de Villers la Ville, dans les classiques Les Mis\u00e9rables, Macbeth, Salom\u00e9, La Balade du Grand Macabre, Le Bossu, L\u2019Avare et Milady.<\/p>\n<p>&nbsp;<\/p>\n<p>Il faisait \u00e9galement partie du Zone Urbaine Th\u00e9\u00e2tre \u00e0 Bruxelles avec lequel il a particip\u00e9 \u00e0 \u201cPush Up\u201c de R.Schimmelpfennig, \u201cHot House\u201d de H. Pinter, \u201cL\u2019Ouest solitaire\u201d de Macdonagh, \u201cLa Princesse Maleine\u201d de M. Maeterlinck et \u201cLittoral\u201d de W. Mouawad.<\/p>\n<p>&nbsp;<\/p>\n<p>Au cin\u00e9ma, \u00a0on a pu le voir dans plusieurs courts m\u00e9trages comme <em>Retraite <\/em>de F. Pirot, <em>Alter sum<\/em> de S. Schmit, <em>Le veilleur<\/em> de F. Brival et, r\u00e9cemment, <em>Torpedo, <\/em>premier long m\u00e9trage de <strong>Matthieu Donck.<\/strong><\/p>\n<p>&nbsp;<\/p>\n<p>Il a d\u00e9j\u00e0 collabor\u00e9 avec <strong>G\u00e9raldine Doignon<\/strong>, la r\u00e9alisatrice de <em>De leur Vivant<\/em> sur des films d\u2019\u00e9coles \u00e0 l\u2019IAD.<\/p>\n<p>&nbsp;<\/p>\n<p>Son personnage, Louis, est le fils qui a r\u00e9ussi. Pour \u00e9chapper \u00e0 ses racines, il est devenu un wonderboy et vit au Danemark. \u00a0Ce qui lui permet de fuir ses responsabilit\u00e9s \u00a0puisque son boulot est toute sa vie.<\/p>\n<p>&nbsp;<\/p>\n<p>&nbsp;<\/p>\n<p><strong>Rapha\u00eblle Germser (Alice)<\/strong><\/p>\n<p><strong><br \/>\n<\/strong><\/p>\n<p><a rel=\"attachment wp-att-22502\" href=\"http:\/\/www.cinevox.be\/de-leur-vivant-cinq-acteurs-qui-marquent-les-esprits\/de-leur-vivant-3\/\"><img loading=\"lazy\" decoding=\"async\" class=\"aligncenter size-full wp-image-22502\" title=\"De leur vivant 3\" src=\"http:\/\/www.cinevox.be\/wp-content\/uploads\/sites\/2\/2012\/05\/De-leur-vivant-3.jpg\" alt=\"\" width=\"1913\" height=\"821\" srcset=\"https:\/\/welovecinema.be\/wp-content\/uploads\/sites\/2\/2012\/05\/De-leur-vivant-3.jpg 1913w, https:\/\/welovecinema.be\/wp-content\/uploads\/sites\/2\/2012\/05\/De-leur-vivant-3-480x206.jpg 480w, https:\/\/welovecinema.be\/wp-content\/uploads\/sites\/2\/2012\/05\/De-leur-vivant-3-800x343.jpg 800w\" sizes=\"auto, (max-width: 1913px) 100vw, 1913px\" \/><\/a><\/p>\n<p>&nbsp;<\/p>\n<p>N\u00e9e \u00e0 Lyon en 1975, elle a d\u2019abord choisi des \u00e9tudes de musique au CNR, d\u2019o\u00f9 elle est sortie dipl\u00f4m\u00e9e en violon alto, avant de s\u2019installer \u00e0 Bruxelles pour suivre les cours de l\u2019INSAS. Dipl\u00f4m\u00e9e en interpr\u00e9tation dramatique en 1998, elle joue sur sc\u00e8ne depuis plus de 10 ans, notamment avec la compagnie La Boulangerie dont elle est l\u2019une des membres fondatrices.<\/p>\n<p>&nbsp;<\/p>\n<p>Au cin\u00e9ma, on l&rsquo;a vue dans les courts-m\u00e9trages <em>Comme personne<\/em> de G\u00e9raldine Doignon et <em>L\u2019\u00e9clusier <\/em>de Nicolas Boucart et dans les longs-m\u00e9trages <em>Gamines <\/em>d\u2019El\u00e9onore Faucher et <em>L\u2019italien<\/em> d\u2019Olivier Baroux.<\/p>\n<p>&nbsp;<\/p>\n<p>Install\u00e9e \u00e0 Paris, elle se partage d\u00e9sormais entre le th\u00e9\u00e2tre, le cin\u00e9ma et la musique puisqu\u2019elle accompagna au violon l\u2019artiste hip-hop Wax Tailor lors de sa tourn\u00e9e mondiale \u00e0 partir de septembre 2011.<\/p>\n<p>&nbsp;<\/p>\n<p>Avant <em>De Leur Vivant<\/em>, Rapha\u00eblle connaissait donc \u00a0G\u00e9raldine Doignon qui lui a offert le r\u00f4le d\u2019Alice, personnage cl\u00e9 et lib\u00e9rateur. C&rsquo;est la visiteuse qui cherche une chambre et va devenir la confidente du p\u00e8re silencieux. C&rsquo;est la clef qui va ouvrir la porte des secrets et redonner vie \u00e0 tous les autres personnages.<\/p>\n<p>&nbsp;<\/p>\n<p>&nbsp;<\/p>\n<p>&nbsp;<\/p>\n<p>&nbsp;<\/p>\n<p>&nbsp;<\/p>\n<p>&nbsp;<\/p>\n","protected":false},"excerpt":{"rendered":"<p>Bonne nouvelle pour ceux qui ne l&rsquo;ont pas encore vu : \u200eDe leur vivant, le premier long m\u00e9trage poignant de G\u00e9raldine Doignon est toujours \u00e0 l&rsquo;affiche \u00e0 Bruxelles, Mons, Charleroi, Li\u00e8ge et Gand.\u00a0Vous trouverez les horaires sur le site de nos confr\u00e8res de Cinenews. Ses atouts : un d\u00e9veloppement subtil sur un th\u00e8me lourd, le &hellip;<\/p>\n","protected":false},"author":7,"featured_media":22504,"comment_status":"closed","ping_status":"closed","sticky":false,"template":"","format":"standard","meta":{"ngg_post_thumbnail":0,"footnotes":""},"categories":[10,7],"tags":[],"class_list":["post-22497","post","type-post","status-publish","format-standard","has-post-thumbnail","","category-a-l-affiche","category-actualites"],"yoast_head":"<!-- This site is optimized with the Yoast SEO plugin v20.4 - https:\/\/yoast.com\/wordpress\/plugins\/seo\/ -->\n<title>De Leur Vivant  Cinq acteurs qui marquent les esprits - We Love Cinema<\/title>\n<meta name=\"robots\" content=\"index, follow, max-snippet:-1, max-image-preview:large, max-video-preview:-1\" \/>\n<link rel=\"canonical\" href=\"https:\/\/welovecinema.be\/fr\/de-leur-vivant-cinq-acteurs-qui-marquent-les-esprits\/\" \/>\n<meta property=\"og:locale\" content=\"fr_FR\" \/>\n<meta property=\"og:type\" content=\"article\" \/>\n<meta property=\"og:title\" content=\"De Leur Vivant  Cinq acteurs qui marquent les esprits - We Love Cinema\" \/>\n<meta property=\"og:description\" content=\"Bonne nouvelle pour ceux qui ne l&rsquo;ont pas encore vu : \u200eDe leur vivant, le premier long m\u00e9trage poignant de G\u00e9raldine Doignon est toujours \u00e0 l&rsquo;affiche \u00e0 Bruxelles, Mons, Charleroi, Li\u00e8ge et Gand.\u00a0Vous trouverez les horaires sur le site de nos confr\u00e8res de Cinenews. Ses atouts : un d\u00e9veloppement subtil sur un th\u00e8me lourd, le &hellip;\" \/>\n<meta property=\"og:url\" content=\"https:\/\/welovecinema.be\/fr\/de-leur-vivant-cinq-acteurs-qui-marquent-les-esprits\/\" \/>\n<meta property=\"og:site_name\" content=\"We Love Cinema\" \/>\n<meta property=\"article:publisher\" content=\"https:\/\/www.facebook.com\/welovecinema.be\" \/>\n<meta property=\"article:published_time\" content=\"2012-05-31T05:04:15+00:00\" \/>\n<meta property=\"article:modified_time\" content=\"2012-05-30T16:53:30+00:00\" \/>\n<meta property=\"og:image\" content=\"https:\/\/welovecinema.be\/wp-content\/uploads\/sites\/2\/2012\/05\/De-leur-vivant-21.jpg\" \/>\n\t<meta property=\"og:image:width\" content=\"1920\" \/>\n\t<meta property=\"og:image:height\" content=\"1080\" \/>\n\t<meta property=\"og:image:type\" content=\"image\/jpeg\" \/>\n<meta name=\"author\" content=\"Philippe.Pierquin\" \/>\n<meta name=\"twitter:card\" content=\"summary_large_image\" \/>\n<meta name=\"twitter:label1\" content=\"\u00c9crit par\" \/>\n\t<meta name=\"twitter:data1\" content=\"Philippe.Pierquin\" \/>\n\t<meta name=\"twitter:label2\" content=\"Dur\u00e9e de lecture estim\u00e9e\" \/>\n\t<meta name=\"twitter:data2\" content=\"6 minutes\" \/>\n<script type=\"application\/ld+json\" class=\"yoast-schema-graph\">{\"@context\":\"https:\/\/schema.org\",\"@graph\":[{\"@type\":\"Article\",\"@id\":\"https:\/\/welovecinema.be\/fr\/de-leur-vivant-cinq-acteurs-qui-marquent-les-esprits\/#article\",\"isPartOf\":{\"@id\":\"https:\/\/welovecinema.be\/fr\/de-leur-vivant-cinq-acteurs-qui-marquent-les-esprits\/\"},\"author\":{\"name\":\"Philippe.Pierquin\",\"@id\":\"https:\/\/welovecinema.be\/nl\/#\/schema\/person\/4b9b1d857f0943453a38a7c2859ef756\"},\"headline\":\"De Leur Vivant Cinq acteurs qui marquent les esprits\",\"datePublished\":\"2012-05-31T05:04:15+00:00\",\"dateModified\":\"2012-05-30T16:53:30+00:00\",\"mainEntityOfPage\":{\"@id\":\"https:\/\/welovecinema.be\/fr\/de-leur-vivant-cinq-acteurs-qui-marquent-les-esprits\/\"},\"wordCount\":1301,\"publisher\":{\"@id\":\"https:\/\/welovecinema.be\/nl\/#organization\"},\"articleSection\":[\"A l'affiche\",\"News\"],\"inLanguage\":\"fr-FR\"},{\"@type\":\"WebPage\",\"@id\":\"https:\/\/welovecinema.be\/fr\/de-leur-vivant-cinq-acteurs-qui-marquent-les-esprits\/\",\"url\":\"https:\/\/welovecinema.be\/fr\/de-leur-vivant-cinq-acteurs-qui-marquent-les-esprits\/\",\"name\":\"De Leur Vivant Cinq acteurs qui marquent les esprits - We Love Cinema\",\"isPartOf\":{\"@id\":\"https:\/\/welovecinema.be\/nl\/#website\"},\"datePublished\":\"2012-05-31T05:04:15+00:00\",\"dateModified\":\"2012-05-30T16:53:30+00:00\",\"breadcrumb\":{\"@id\":\"https:\/\/welovecinema.be\/fr\/de-leur-vivant-cinq-acteurs-qui-marquent-les-esprits\/#breadcrumb\"},\"inLanguage\":\"fr-FR\",\"potentialAction\":[{\"@type\":\"ReadAction\",\"target\":[\"https:\/\/welovecinema.be\/fr\/de-leur-vivant-cinq-acteurs-qui-marquent-les-esprits\/\"]}]},{\"@type\":\"BreadcrumbList\",\"@id\":\"https:\/\/welovecinema.be\/fr\/de-leur-vivant-cinq-acteurs-qui-marquent-les-esprits\/#breadcrumb\",\"itemListElement\":[{\"@type\":\"ListItem\",\"position\":1,\"name\":\"Accueil\",\"item\":\"https:\/\/welovecinema.be\/fr\/\"},{\"@type\":\"ListItem\",\"position\":2,\"name\":\"De Leur Vivant Cinq acteurs qui marquent les esprits\"}]},{\"@type\":\"WebSite\",\"@id\":\"https:\/\/welovecinema.be\/nl\/#website\",\"url\":\"https:\/\/welovecinema.be\/nl\/\",\"name\":\"We Love Cinema\",\"description\":\"Toute l\u2019information du cin\u00e9ma en Belgique\",\"publisher\":{\"@id\":\"https:\/\/welovecinema.be\/nl\/#organization\"},\"potentialAction\":[{\"@type\":\"SearchAction\",\"target\":{\"@type\":\"EntryPoint\",\"urlTemplate\":\"https:\/\/welovecinema.be\/nl\/?s={search_term_string}\"},\"query-input\":\"required name=search_term_string\"}],\"inLanguage\":\"fr-FR\"},{\"@type\":\"Organization\",\"@id\":\"https:\/\/welovecinema.be\/nl\/#organization\",\"name\":\"We Love Cinema\",\"url\":\"https:\/\/welovecinema.be\/nl\/\",\"logo\":{\"@type\":\"ImageObject\",\"inLanguage\":\"fr-FR\",\"@id\":\"https:\/\/welovecinema.be\/nl\/#\/schema\/logo\/image\/\",\"url\":\"https:\/\/welovecinema.be\/wp-content\/uploads\/sites\/2\/2023\/03\/Logo-We-Love-Cinema305x128.jpg\",\"contentUrl\":\"https:\/\/welovecinema.be\/wp-content\/uploads\/sites\/2\/2023\/03\/Logo-We-Love-Cinema305x128.jpg\",\"width\":305,\"height\":128,\"caption\":\"We Love Cinema\"},\"image\":{\"@id\":\"https:\/\/welovecinema.be\/nl\/#\/schema\/logo\/image\/\"},\"sameAs\":[\"https:\/\/www.facebook.com\/welovecinema.be\",\"https:\/\/www.youtube.com\/channel\/UCX5LYGVhnKvYauW4Nta4HJA\",\"https:\/\/www.instagram.com\/welovecinema.be\/\"]},{\"@type\":\"Person\",\"@id\":\"https:\/\/welovecinema.be\/nl\/#\/schema\/person\/4b9b1d857f0943453a38a7c2859ef756\",\"name\":\"Philippe.Pierquin\",\"url\":\"https:\/\/welovecinema.be\/fr\/author\/philippe-pierquin\/\"}]}<\/script>\n<!-- \/ Yoast SEO plugin. -->","yoast_head_json":{"title":"De Leur Vivant  Cinq acteurs qui marquent les esprits - We Love Cinema","robots":{"index":"index","follow":"follow","max-snippet":"max-snippet:-1","max-image-preview":"max-image-preview:large","max-video-preview":"max-video-preview:-1"},"canonical":"https:\/\/welovecinema.be\/fr\/de-leur-vivant-cinq-acteurs-qui-marquent-les-esprits\/","og_locale":"fr_FR","og_type":"article","og_title":"De Leur Vivant  Cinq acteurs qui marquent les esprits - We Love Cinema","og_description":"Bonne nouvelle pour ceux qui ne l&rsquo;ont pas encore vu : \u200eDe leur vivant, le premier long m\u00e9trage poignant de G\u00e9raldine Doignon est toujours \u00e0 l&rsquo;affiche \u00e0 Bruxelles, Mons, Charleroi, Li\u00e8ge et Gand.\u00a0Vous trouverez les horaires sur le site de nos confr\u00e8res de Cinenews. Ses atouts : un d\u00e9veloppement subtil sur un th\u00e8me lourd, le &hellip;","og_url":"https:\/\/welovecinema.be\/fr\/de-leur-vivant-cinq-acteurs-qui-marquent-les-esprits\/","og_site_name":"We Love Cinema","article_publisher":"https:\/\/www.facebook.com\/welovecinema.be","article_published_time":"2012-05-31T05:04:15+00:00","article_modified_time":"2012-05-30T16:53:30+00:00","og_image":[{"width":"1920","height":"1080","url":"https:\/\/welovecinema.be\/wp-content\/uploads\/sites\/2\/2012\/05\/De-leur-vivant-21.jpg","type":"image\/jpeg"}],"author":"Philippe.Pierquin","twitter_card":"summary_large_image","twitter_misc":{"\u00c9crit par":"Philippe.Pierquin","Dur\u00e9e de lecture estim\u00e9e":"6 minutes"},"schema":{"@context":"https:\/\/schema.org","@graph":[{"@type":"Article","@id":"https:\/\/welovecinema.be\/fr\/de-leur-vivant-cinq-acteurs-qui-marquent-les-esprits\/#article","isPartOf":{"@id":"https:\/\/welovecinema.be\/fr\/de-leur-vivant-cinq-acteurs-qui-marquent-les-esprits\/"},"author":{"name":"Philippe.Pierquin","@id":"https:\/\/welovecinema.be\/nl\/#\/schema\/person\/4b9b1d857f0943453a38a7c2859ef756"},"headline":"De Leur Vivant Cinq acteurs qui marquent les esprits","datePublished":"2012-05-31T05:04:15+00:00","dateModified":"2012-05-30T16:53:30+00:00","mainEntityOfPage":{"@id":"https:\/\/welovecinema.be\/fr\/de-leur-vivant-cinq-acteurs-qui-marquent-les-esprits\/"},"wordCount":1301,"publisher":{"@id":"https:\/\/welovecinema.be\/nl\/#organization"},"articleSection":["A l'affiche","News"],"inLanguage":"fr-FR"},{"@type":"WebPage","@id":"https:\/\/welovecinema.be\/fr\/de-leur-vivant-cinq-acteurs-qui-marquent-les-esprits\/","url":"https:\/\/welovecinema.be\/fr\/de-leur-vivant-cinq-acteurs-qui-marquent-les-esprits\/","name":"De Leur Vivant Cinq acteurs qui marquent les esprits - We Love Cinema","isPartOf":{"@id":"https:\/\/welovecinema.be\/nl\/#website"},"datePublished":"2012-05-31T05:04:15+00:00","dateModified":"2012-05-30T16:53:30+00:00","breadcrumb":{"@id":"https:\/\/welovecinema.be\/fr\/de-leur-vivant-cinq-acteurs-qui-marquent-les-esprits\/#breadcrumb"},"inLanguage":"fr-FR","potentialAction":[{"@type":"ReadAction","target":["https:\/\/welovecinema.be\/fr\/de-leur-vivant-cinq-acteurs-qui-marquent-les-esprits\/"]}]},{"@type":"BreadcrumbList","@id":"https:\/\/welovecinema.be\/fr\/de-leur-vivant-cinq-acteurs-qui-marquent-les-esprits\/#breadcrumb","itemListElement":[{"@type":"ListItem","position":1,"name":"Accueil","item":"https:\/\/welovecinema.be\/fr\/"},{"@type":"ListItem","position":2,"name":"De Leur Vivant Cinq acteurs qui marquent les esprits"}]},{"@type":"WebSite","@id":"https:\/\/welovecinema.be\/nl\/#website","url":"https:\/\/welovecinema.be\/nl\/","name":"We Love Cinema","description":"Toute l\u2019information du cin\u00e9ma en Belgique","publisher":{"@id":"https:\/\/welovecinema.be\/nl\/#organization"},"potentialAction":[{"@type":"SearchAction","target":{"@type":"EntryPoint","urlTemplate":"https:\/\/welovecinema.be\/nl\/?s={search_term_string}"},"query-input":"required name=search_term_string"}],"inLanguage":"fr-FR"},{"@type":"Organization","@id":"https:\/\/welovecinema.be\/nl\/#organization","name":"We Love Cinema","url":"https:\/\/welovecinema.be\/nl\/","logo":{"@type":"ImageObject","inLanguage":"fr-FR","@id":"https:\/\/welovecinema.be\/nl\/#\/schema\/logo\/image\/","url":"https:\/\/welovecinema.be\/wp-content\/uploads\/sites\/2\/2023\/03\/Logo-We-Love-Cinema305x128.jpg","contentUrl":"https:\/\/welovecinema.be\/wp-content\/uploads\/sites\/2\/2023\/03\/Logo-We-Love-Cinema305x128.jpg","width":305,"height":128,"caption":"We Love Cinema"},"image":{"@id":"https:\/\/welovecinema.be\/nl\/#\/schema\/logo\/image\/"},"sameAs":["https:\/\/www.facebook.com\/welovecinema.be","https:\/\/www.youtube.com\/channel\/UCX5LYGVhnKvYauW4Nta4HJA","https:\/\/www.instagram.com\/welovecinema.be\/"]},{"@type":"Person","@id":"https:\/\/welovecinema.be\/nl\/#\/schema\/person\/4b9b1d857f0943453a38a7c2859ef756","name":"Philippe.Pierquin","url":"https:\/\/welovecinema.be\/fr\/author\/philippe-pierquin\/"}]}},"_links":{"self":[{"href":"https:\/\/welovecinema.be\/fr\/wp-json\/wp\/v2\/posts\/22497","targetHints":{"allow":["GET"]}}],"collection":[{"href":"https:\/\/welovecinema.be\/fr\/wp-json\/wp\/v2\/posts"}],"about":[{"href":"https:\/\/welovecinema.be\/fr\/wp-json\/wp\/v2\/types\/post"}],"author":[{"embeddable":true,"href":"https:\/\/welovecinema.be\/fr\/wp-json\/wp\/v2\/users\/7"}],"replies":[{"embeddable":true,"href":"https:\/\/welovecinema.be\/fr\/wp-json\/wp\/v2\/comments?post=22497"}],"version-history":[{"count":0,"href":"https:\/\/welovecinema.be\/fr\/wp-json\/wp\/v2\/posts\/22497\/revisions"}],"wp:featuredmedia":[{"embeddable":true,"href":"https:\/\/welovecinema.be\/fr\/wp-json\/wp\/v2\/media\/22504"}],"wp:attachment":[{"href":"https:\/\/welovecinema.be\/fr\/wp-json\/wp\/v2\/media?parent=22497"}],"wp:term":[{"taxonomy":"category","embeddable":true,"href":"https:\/\/welovecinema.be\/fr\/wp-json\/wp\/v2\/categories?post=22497"},{"taxonomy":"post_tag","embeddable":true,"href":"https:\/\/welovecinema.be\/fr\/wp-json\/wp\/v2\/tags?post=22497"}],"curies":[{"name":"wp","href":"https:\/\/api.w.org\/{rel}","templated":true}]}}