{"id":22471,"date":"2012-05-27T08:06:31","date_gmt":"2012-05-27T08:06:31","guid":{"rendered":"http:\/\/www.cinevox.be\/?p=22471"},"modified":"2012-07-14T20:26:00","modified_gmt":"2012-07-14T20:26:00","slug":"la-tete-la-premiere-acid-ameline","status":"publish","type":"post","link":"https:\/\/welovecinema.be\/fr\/la-tete-la-premiere-acid-ameline\/","title":{"rendered":"La T\u00eate la Premi\u00e8re : ACID am\u00e9lin\u00e9"},"content":{"rendered":"<p>Le Festival de Cannes est une hydre aux multiples t\u00eates. Il y a la <em>S\u00e9lection Officielle<\/em> qui abrite la comp\u00e9tition, les films hors comp\u00e9tition et <em>Un Certain regard<\/em>. Mais aussi <em>La Quinzaine des R\u00e9alisateurs <\/em>ou <em>la Semaine de la Critique<\/em>, les sections annexes les plus fameuses. Depuis cette ann\u00e9e, le public belge a fait connaissance de l&rsquo;ACID, gr\u00e2ce \u00e0 la s\u00e9lection de <em>La T\u00eate la Premi\u00e8re<\/em> le premier long m\u00e9trage d&rsquo;<strong>Am\u00e9lie van Elbmt.<!--more--><\/strong><\/p>\n<p>&nbsp;<\/p>\n<p>L&rsquo;ACID, c&rsquo;est une association de cin\u00e9astes qui aide \u00e0 la diffusion en salles de films ind\u00e9pendants et favorise la rencontre entre ces films, leurs auteurs et le public. \u00a0Son fonctionnement original, tr\u00e8s altruiste, est assez formidable : chaque ann\u00e9e, les artistes de l\u2019ACID accompagnent une trentaine de longs m\u00e9trages, fictions et documentaires, dans plus de 150 salles ind\u00e9pendantes et dans les festivals en France et \u00e0 l\u2019\u00e9tranger. Parall\u00e8lement \u00e0 la promotion des \u0153uvres aupr\u00e8s des programmateurs, au tirage de copies suppl\u00e9mentaires et \u00e0 l\u2019\u00e9dition de documents d\u2019accompagnement, l\u2019ACID renforce la visibilit\u00e9 de ces films par l\u2019organisation de nombreux \u00e9v\u00e9nements. Une belle d\u00e9marche positive, altruiste et volontariste.<\/p>\n<p>&nbsp;<\/p>\n<p><a rel=\"attachment wp-att-22473\" href=\"http:\/\/www.cinevox.be\/la-tete-la-premiere-acid-ameline\/543702_371741769547290_367452093309591_880745_871191543_n\/\"><img loading=\"lazy\" decoding=\"async\" class=\"aligncenter size-full wp-image-22473\" title=\"543702_371741769547290_367452093309591_880745_871191543_n\" src=\"http:\/\/www.cinevox.be\/wp-content\/uploads\/sites\/2\/2012\/05\/543702_371741769547290_367452093309591_880745_871191543_n.jpg\" alt=\"\" width=\"960\" height=\"717\" srcset=\"https:\/\/welovecinema.be\/wp-content\/uploads\/sites\/2\/2012\/05\/543702_371741769547290_367452093309591_880745_871191543_n.jpg 960w, https:\/\/welovecinema.be\/wp-content\/uploads\/sites\/2\/2012\/05\/543702_371741769547290_367452093309591_880745_871191543_n-361x270.jpg 361w, https:\/\/welovecinema.be\/wp-content\/uploads\/sites\/2\/2012\/05\/543702_371741769547290_367452093309591_880745_871191543_n-800x597.jpg 800w, https:\/\/welovecinema.be\/wp-content\/uploads\/sites\/2\/2012\/05\/543702_371741769547290_367452093309591_880745_871191543_n-300x225.jpg 300w\" sizes=\"auto, (max-width: 960px) 100vw, 960px\" \/><\/a><\/p>\n<p>&nbsp;<\/p>\n<p>Afin d\u2019offrir une tribune aux jeunes talents, l\u2019ACID est donc \u00e9galement pr\u00e9sente depuis seize ans au Festival de Cannes avec une programmation parall\u00e8le de 9 films. La plupart n&rsquo;ont pas de distributeur. Depuis sa cr\u00e9ation, l\u2019ACID a donc promu plus de 500 films.<\/p>\n<p>&nbsp;<\/p>\n<p>On pourrait croire que cette d\u00e9marche n&rsquo;attire pas le public. C&rsquo;est tout le contraire. Regardez pour vous en convaincre les photos de la projection de <em>La T\u00eate la Premi\u00e8re<\/em> qui a fait le buzz au point d&rsquo;\u00eatre compl\u00e8te bien avant l&rsquo;heure.<\/p>\n<p>&nbsp;<\/p>\n<p><a rel=\"attachment wp-att-22472\" href=\"http:\/\/www.cinevox.be\/la-tete-la-premiere-acid-ameline\/389604_371368922917908_367452093309591_880051_430063357_n\/\"><img loading=\"lazy\" decoding=\"async\" class=\"aligncenter size-full wp-image-22472\" title=\"389604_371368922917908_367452093309591_880051_430063357_n\" src=\"http:\/\/www.cinevox.be\/wp-content\/uploads\/sites\/2\/2012\/05\/389604_371368922917908_367452093309591_880051_430063357_n.jpg\" alt=\"\" width=\"960\" height=\"720\" srcset=\"https:\/\/welovecinema.be\/wp-content\/uploads\/sites\/2\/2012\/05\/389604_371368922917908_367452093309591_880051_430063357_n.jpg 960w, https:\/\/welovecinema.be\/wp-content\/uploads\/sites\/2\/2012\/05\/389604_371368922917908_367452093309591_880051_430063357_n-360x270.jpg 360w, https:\/\/welovecinema.be\/wp-content\/uploads\/sites\/2\/2012\/05\/389604_371368922917908_367452093309591_880051_430063357_n-800x600.jpg 800w, https:\/\/welovecinema.be\/wp-content\/uploads\/sites\/2\/2012\/05\/389604_371368922917908_367452093309591_880051_430063357_n-300x225.jpg 300w\" sizes=\"auto, (max-width: 960px) 100vw, 960px\" \/><\/a><\/p>\n<p>&nbsp;<\/p>\n<p><strong>Am\u00e9lie, David Murgia,<\/strong> son acteur principal, le chef op\u00e9rateur <strong>Nicolas Fran\u00e7ois<\/strong> et <strong>Fr\u00e9d\u00e9ric de Goldschmidt,<\/strong> le producteur qui a permis \u00e0 la r\u00e9alisatrice de boucler son budget de postprod, ont ainsi go\u00fbt\u00e9 aux joies de la projection publique devant une salle comble.\u00a0 \u00c9motions garanties. Et tremplin id\u00e9al surtout avec un film aussi frais et r\u00e9ussi.<\/p>\n<p>&nbsp;<\/p>\n<p><a rel=\"attachment wp-att-22474\" href=\"http:\/\/www.cinevox.be\/la-tete-la-premiere-acid-ameline\/540237_371368446251289_367452093309591_880050_1540046864_n\/\"><img loading=\"lazy\" decoding=\"async\" class=\"aligncenter size-full wp-image-22474\" title=\"540237_371368446251289_367452093309591_880050_1540046864_n\" src=\"http:\/\/www.cinevox.be\/wp-content\/uploads\/sites\/2\/2012\/05\/540237_371368446251289_367452093309591_880050_1540046864_n.jpg\" alt=\"\" width=\"960\" height=\"720\" srcset=\"https:\/\/welovecinema.be\/wp-content\/uploads\/sites\/2\/2012\/05\/540237_371368446251289_367452093309591_880050_1540046864_n.jpg 960w, https:\/\/welovecinema.be\/wp-content\/uploads\/sites\/2\/2012\/05\/540237_371368446251289_367452093309591_880050_1540046864_n-360x270.jpg 360w, https:\/\/welovecinema.be\/wp-content\/uploads\/sites\/2\/2012\/05\/540237_371368446251289_367452093309591_880050_1540046864_n-800x600.jpg 800w, https:\/\/welovecinema.be\/wp-content\/uploads\/sites\/2\/2012\/05\/540237_371368446251289_367452093309591_880050_1540046864_n-300x225.jpg 300w\" sizes=\"auto, (max-width: 960px) 100vw, 960px\" \/><\/a><\/p>\n<p>&nbsp;<\/p>\n<p>Une autre satisfaction d&rsquo;Am\u00e9lie vient du soutien affich\u00e9 des gens qu&rsquo;elle admire qui ont pourtant un sens critique bien d\u00e9velopp\u00e9. Jacques Doillon a \u00e9t\u00e9 surpris de la force film qu&rsquo;il a beaucoup aim\u00e9 et <strong>Christophe Ruggia<\/strong> va jusqu&rsquo;\u00e0 le d\u00e9fendre sur sa page Facebook.<\/p>\n<p><a rel=\"attachment wp-att-22475\" href=\"http:\/\/www.cinevox.be\/la-tete-la-premiere-acid-ameline\/542384_371074362947364_367452093309591_879477_1157334840_n\/\"><img loading=\"lazy\" decoding=\"async\" class=\"alignright size-large wp-image-22475\" title=\"542384_371074362947364_367452093309591_879477_1157334840_n\" src=\"http:\/\/www.cinevox.be\/wp-content\/uploads\/sites\/2\/2012\/05\/542384_371074362947364_367452093309591_879477_1157334840_n-450x600.jpg\" alt=\"\" width=\"450\" height=\"600\" srcset=\"https:\/\/welovecinema.be\/wp-content\/uploads\/sites\/2\/2012\/05\/542384_371074362947364_367452093309591_879477_1157334840_n-450x600.jpg 450w, https:\/\/welovecinema.be\/wp-content\/uploads\/sites\/2\/2012\/05\/542384_371074362947364_367452093309591_879477_1157334840_n-202x270.jpg 202w, https:\/\/welovecinema.be\/wp-content\/uploads\/sites\/2\/2012\/05\/542384_371074362947364_367452093309591_879477_1157334840_n.jpg 720w\" sizes=\"auto, (max-width: 450px) 100vw, 450px\" \/><\/a>C&rsquo;est tr\u00e8s important pour Am\u00e9lie qui a pr\u00e9cis\u00e9ment eu envie de faire du cin\u00e9ma en d\u00e9couvrant <em>Les Diables<\/em>, r\u00e9alis\u00e9 par Christophe<em>.<\/em> Ce fan de L\u00e9os Carax met en parall\u00e8le le dernier fim du tr\u00e8s rare r\u00e9alisateur fran\u00e7ais et le premier d&rsquo;Am\u00e9lie:<\/p>\n<p>&nbsp;<\/p>\n<p>\u00ab\u00a0L\u00e9os Carax avait vingt-quatre ans quand \u00a0<em>Boy Meets Girl<\/em> a \u00e9t\u00e9 montr\u00e9 \u00e0 la Semaine de la critique \u00e0 Cannes&#8230; (et pour l&rsquo;anecdote, j&rsquo;avais dix-neuf ans et j&rsquo;\u00e9tais dans la salle, bouche-b\u00e9e)<\/p>\n<p>Aujourd&rsquo;hui, pendant qu&rsquo;il sid\u00e9rait le festival avec son <em>Holy Motors<\/em> , une r\u00e9alisatrice de vingt-cinq ans, Am\u00e9lie Van Elmbt pr\u00e9sentait \u00e0 son tour son premier film : <em>La T\u00eate la Premi\u00e8re<\/em>, \u00e0 l&rsquo;ACID, \u00e0 Cannes elle aussi..<\/p>\n<p>&nbsp;<\/p>\n<p>C&rsquo;est l\u00e0 le double \/ r\u00f4le d&rsquo;un festival : d\u00e9couvrir et consacrer&#8230; Et peut-\u00eatre que cette ann\u00e9e, il y a un peu trop de \u00ab\u00a0consacr\u00e9s\u00a0\u00bb (des fois contestables, d&rsquo;ailleurs, question de go\u00fbts&#8230;) et pas assez de d\u00e9couvertes, en tout cas c&rsquo;est ce que je pense&#8230; Mais pas aujourd&rsquo;hui ! Aujourd&rsquo;hui il y a la reconnaissance du g\u00e9nie de cet enfant du cin\u00e9ma qu&rsquo;est Carax (et que j&rsquo;ai toujours ch\u00e9ri pour \u00e7a), et la d\u00e9couverte du cin\u00e9ma d&rsquo;Am\u00e9lie&#8230;<\/p>\n<p>&nbsp;<\/p>\n<p>Comme j&rsquo;ai eu la chance de voir <em>La T\u00eate la Premi\u00e8re<\/em>, avant les \u00ab\u00a0cannois\u00a0\u00bb (et toc !), et que je l&rsquo;ai beaucoup aim\u00e9, je suis particuli\u00e8rement heureux de saluer la pr\u00e9sence de cette toute jeune r\u00e9alisatrice \u00e0 Cannes (sans vouloir en rajouter dans les pol\u00e9miques, on sait qu&rsquo;elles sont peu nombreuses cette ann\u00e9e&#8230; comme les jeunes, d&rsquo;ailleurs&#8230;) et je souhaite \u00e0 Am\u00e9lie, du fond du c\u0153ur, d&rsquo;avoir une belle vie dans le cin\u00e9ma ! \u00c7a n&rsquo;a malheureusement pas toujours \u00e9t\u00e9 le cas pour L\u00e9os&#8230; Une raison de plus pour se r\u00e9jouir de cette journ\u00e9e !\u00a0\u00bb<\/p>\n<p>&nbsp;<\/p>\n<p>Formidable hommage, non?<\/p>\n<p>&nbsp;<\/p>\n<p><a rel=\"attachment wp-att-22479\" href=\"http:\/\/www.cinevox.be\/la-tete-la-premiere-acid-ameline\/485679_371392082915592_367452093309591_880067_1444596350_n\/\"><img loading=\"lazy\" decoding=\"async\" class=\"alignright size-large wp-image-22479\" title=\"485679_371392082915592_367452093309591_880067_1444596350_n\" src=\"http:\/\/www.cinevox.be\/wp-content\/uploads\/sites\/2\/2012\/05\/485679_371392082915592_367452093309591_880067_1444596350_n-800x597.jpg\" alt=\"\" width=\"640\" height=\"477\" srcset=\"https:\/\/welovecinema.be\/wp-content\/uploads\/sites\/2\/2012\/05\/485679_371392082915592_367452093309591_880067_1444596350_n-800x597.jpg 800w, https:\/\/welovecinema.be\/wp-content\/uploads\/sites\/2\/2012\/05\/485679_371392082915592_367452093309591_880067_1444596350_n-361x270.jpg 361w, https:\/\/welovecinema.be\/wp-content\/uploads\/sites\/2\/2012\/05\/485679_371392082915592_367452093309591_880067_1444596350_n-300x225.jpg 300w, https:\/\/welovecinema.be\/wp-content\/uploads\/sites\/2\/2012\/05\/485679_371392082915592_367452093309591_880067_1444596350_n.jpg 960w\" sizes=\"auto, (max-width: 640px) 100vw, 640px\" \/><\/a><\/p>\n<p>&nbsp;<\/p>\n","protected":false},"excerpt":{"rendered":"<p>Le Festival de Cannes est une hydre aux multiples t\u00eates. Il y a la S\u00e9lection Officielle qui abrite la comp\u00e9tition, les films hors comp\u00e9tition et Un Certain regard. Mais aussi La Quinzaine des R\u00e9alisateurs ou la Semaine de la Critique, les sections annexes les plus fameuses. Depuis cette ann\u00e9e, le public belge a fait connaissance &hellip;<\/p>\n","protected":false},"author":7,"featured_media":22477,"comment_status":"closed","ping_status":"closed","sticky":false,"template":"","format":"standard","meta":{"ngg_post_thumbnail":0,"footnotes":""},"categories":[12,7],"tags":[],"class_list":["post-22471","post","type-post","status-publish","format-standard","has-post-thumbnail","","category-awards","category-actualites"],"yoast_head":"<!-- This site is optimized with the Yoast SEO plugin v20.4 - https:\/\/yoast.com\/wordpress\/plugins\/seo\/ -->\n<title>La T\u00eate la Premi\u00e8re : ACID am\u00e9lin\u00e9 - We Love Cinema<\/title>\n<meta name=\"robots\" content=\"index, follow, max-snippet:-1, max-image-preview:large, max-video-preview:-1\" \/>\n<link rel=\"canonical\" href=\"https:\/\/welovecinema.be\/fr\/la-tete-la-premiere-acid-ameline\/\" \/>\n<meta property=\"og:locale\" content=\"fr_FR\" \/>\n<meta property=\"og:type\" content=\"article\" \/>\n<meta property=\"og:title\" content=\"La T\u00eate la Premi\u00e8re : ACID am\u00e9lin\u00e9 - We Love Cinema\" \/>\n<meta property=\"og:description\" content=\"Le Festival de Cannes est une hydre aux multiples t\u00eates. Il y a la S\u00e9lection Officielle qui abrite la comp\u00e9tition, les films hors comp\u00e9tition et Un Certain regard. Mais aussi La Quinzaine des R\u00e9alisateurs ou la Semaine de la Critique, les sections annexes les plus fameuses. Depuis cette ann\u00e9e, le public belge a fait connaissance &hellip;\" \/>\n<meta property=\"og:url\" content=\"https:\/\/welovecinema.be\/fr\/la-tete-la-premiere-acid-ameline\/\" \/>\n<meta property=\"og:site_name\" content=\"We Love Cinema\" \/>\n<meta property=\"article:publisher\" content=\"https:\/\/www.facebook.com\/welovecinema.be\" \/>\n<meta property=\"article:published_time\" content=\"2012-05-27T08:06:31+00:00\" \/>\n<meta property=\"article:modified_time\" content=\"2012-07-14T20:26:00+00:00\" \/>\n<meta property=\"og:image\" content=\"https:\/\/welovecinema.be\/wp-content\/uploads\/sites\/2\/2012\/05\/525025_371742052880595_367452093309591_880747_543473604_n.jpg\" \/>\n\t<meta property=\"og:image:width\" content=\"960\" \/>\n\t<meta property=\"og:image:height\" content=\"720\" \/>\n\t<meta property=\"og:image:type\" content=\"image\/jpeg\" \/>\n<meta name=\"author\" content=\"Philippe.Pierquin\" \/>\n<meta name=\"twitter:card\" content=\"summary_large_image\" \/>\n<meta name=\"twitter:label1\" content=\"\u00c9crit par\" \/>\n\t<meta name=\"twitter:data1\" content=\"Philippe.Pierquin\" \/>\n\t<meta name=\"twitter:label2\" content=\"Dur\u00e9e de lecture estim\u00e9e\" \/>\n\t<meta name=\"twitter:data2\" content=\"4 minutes\" \/>\n<script type=\"application\/ld+json\" class=\"yoast-schema-graph\">{\"@context\":\"https:\/\/schema.org\",\"@graph\":[{\"@type\":\"Article\",\"@id\":\"https:\/\/welovecinema.be\/fr\/la-tete-la-premiere-acid-ameline\/#article\",\"isPartOf\":{\"@id\":\"https:\/\/welovecinema.be\/fr\/la-tete-la-premiere-acid-ameline\/\"},\"author\":{\"name\":\"Philippe.Pierquin\",\"@id\":\"https:\/\/welovecinema.be\/nl\/#\/schema\/person\/4b9b1d857f0943453a38a7c2859ef756\"},\"headline\":\"La T\u00eate la Premi\u00e8re : ACID am\u00e9lin\u00e9\",\"datePublished\":\"2012-05-27T08:06:31+00:00\",\"dateModified\":\"2012-07-14T20:26:00+00:00\",\"mainEntityOfPage\":{\"@id\":\"https:\/\/welovecinema.be\/fr\/la-tete-la-premiere-acid-ameline\/\"},\"wordCount\":778,\"publisher\":{\"@id\":\"https:\/\/welovecinema.be\/nl\/#organization\"},\"articleSection\":[\"Evenements\",\"News\"],\"inLanguage\":\"fr-FR\"},{\"@type\":\"WebPage\",\"@id\":\"https:\/\/welovecinema.be\/fr\/la-tete-la-premiere-acid-ameline\/\",\"url\":\"https:\/\/welovecinema.be\/fr\/la-tete-la-premiere-acid-ameline\/\",\"name\":\"La T\u00eate la Premi\u00e8re : ACID am\u00e9lin\u00e9 - We Love Cinema\",\"isPartOf\":{\"@id\":\"https:\/\/welovecinema.be\/nl\/#website\"},\"datePublished\":\"2012-05-27T08:06:31+00:00\",\"dateModified\":\"2012-07-14T20:26:00+00:00\",\"breadcrumb\":{\"@id\":\"https:\/\/welovecinema.be\/fr\/la-tete-la-premiere-acid-ameline\/#breadcrumb\"},\"inLanguage\":\"fr-FR\",\"potentialAction\":[{\"@type\":\"ReadAction\",\"target\":[\"https:\/\/welovecinema.be\/fr\/la-tete-la-premiere-acid-ameline\/\"]}]},{\"@type\":\"BreadcrumbList\",\"@id\":\"https:\/\/welovecinema.be\/fr\/la-tete-la-premiere-acid-ameline\/#breadcrumb\",\"itemListElement\":[{\"@type\":\"ListItem\",\"position\":1,\"name\":\"Accueil\",\"item\":\"https:\/\/welovecinema.be\/fr\/\"},{\"@type\":\"ListItem\",\"position\":2,\"name\":\"La T\u00eate la Premi\u00e8re : ACID am\u00e9lin\u00e9\"}]},{\"@type\":\"WebSite\",\"@id\":\"https:\/\/welovecinema.be\/nl\/#website\",\"url\":\"https:\/\/welovecinema.be\/nl\/\",\"name\":\"We Love Cinema\",\"description\":\"Toute l\u2019information du cin\u00e9ma en Belgique\",\"publisher\":{\"@id\":\"https:\/\/welovecinema.be\/nl\/#organization\"},\"potentialAction\":[{\"@type\":\"SearchAction\",\"target\":{\"@type\":\"EntryPoint\",\"urlTemplate\":\"https:\/\/welovecinema.be\/nl\/?s={search_term_string}\"},\"query-input\":\"required name=search_term_string\"}],\"inLanguage\":\"fr-FR\"},{\"@type\":\"Organization\",\"@id\":\"https:\/\/welovecinema.be\/nl\/#organization\",\"name\":\"We Love Cinema\",\"url\":\"https:\/\/welovecinema.be\/nl\/\",\"logo\":{\"@type\":\"ImageObject\",\"inLanguage\":\"fr-FR\",\"@id\":\"https:\/\/welovecinema.be\/nl\/#\/schema\/logo\/image\/\",\"url\":\"https:\/\/welovecinema.be\/wp-content\/uploads\/sites\/2\/2023\/03\/Logo-We-Love-Cinema305x128.jpg\",\"contentUrl\":\"https:\/\/welovecinema.be\/wp-content\/uploads\/sites\/2\/2023\/03\/Logo-We-Love-Cinema305x128.jpg\",\"width\":305,\"height\":128,\"caption\":\"We Love Cinema\"},\"image\":{\"@id\":\"https:\/\/welovecinema.be\/nl\/#\/schema\/logo\/image\/\"},\"sameAs\":[\"https:\/\/www.facebook.com\/welovecinema.be\",\"https:\/\/www.youtube.com\/channel\/UCX5LYGVhnKvYauW4Nta4HJA\",\"https:\/\/www.instagram.com\/welovecinema.be\/\"]},{\"@type\":\"Person\",\"@id\":\"https:\/\/welovecinema.be\/nl\/#\/schema\/person\/4b9b1d857f0943453a38a7c2859ef756\",\"name\":\"Philippe.Pierquin\",\"url\":\"https:\/\/welovecinema.be\/fr\/author\/philippe-pierquin\/\"}]}<\/script>\n<!-- \/ Yoast SEO plugin. -->","yoast_head_json":{"title":"La T\u00eate la Premi\u00e8re : ACID am\u00e9lin\u00e9 - We Love Cinema","robots":{"index":"index","follow":"follow","max-snippet":"max-snippet:-1","max-image-preview":"max-image-preview:large","max-video-preview":"max-video-preview:-1"},"canonical":"https:\/\/welovecinema.be\/fr\/la-tete-la-premiere-acid-ameline\/","og_locale":"fr_FR","og_type":"article","og_title":"La T\u00eate la Premi\u00e8re : ACID am\u00e9lin\u00e9 - We Love Cinema","og_description":"Le Festival de Cannes est une hydre aux multiples t\u00eates. Il y a la S\u00e9lection Officielle qui abrite la comp\u00e9tition, les films hors comp\u00e9tition et Un Certain regard. Mais aussi La Quinzaine des R\u00e9alisateurs ou la Semaine de la Critique, les sections annexes les plus fameuses. Depuis cette ann\u00e9e, le public belge a fait connaissance &hellip;","og_url":"https:\/\/welovecinema.be\/fr\/la-tete-la-premiere-acid-ameline\/","og_site_name":"We Love Cinema","article_publisher":"https:\/\/www.facebook.com\/welovecinema.be","article_published_time":"2012-05-27T08:06:31+00:00","article_modified_time":"2012-07-14T20:26:00+00:00","og_image":[{"width":"960","height":"720","url":"https:\/\/welovecinema.be\/wp-content\/uploads\/sites\/2\/2012\/05\/525025_371742052880595_367452093309591_880747_543473604_n.jpg","type":"image\/jpeg"}],"author":"Philippe.Pierquin","twitter_card":"summary_large_image","twitter_misc":{"\u00c9crit par":"Philippe.Pierquin","Dur\u00e9e de lecture estim\u00e9e":"4 minutes"},"schema":{"@context":"https:\/\/schema.org","@graph":[{"@type":"Article","@id":"https:\/\/welovecinema.be\/fr\/la-tete-la-premiere-acid-ameline\/#article","isPartOf":{"@id":"https:\/\/welovecinema.be\/fr\/la-tete-la-premiere-acid-ameline\/"},"author":{"name":"Philippe.Pierquin","@id":"https:\/\/welovecinema.be\/nl\/#\/schema\/person\/4b9b1d857f0943453a38a7c2859ef756"},"headline":"La T\u00eate la Premi\u00e8re : ACID am\u00e9lin\u00e9","datePublished":"2012-05-27T08:06:31+00:00","dateModified":"2012-07-14T20:26:00+00:00","mainEntityOfPage":{"@id":"https:\/\/welovecinema.be\/fr\/la-tete-la-premiere-acid-ameline\/"},"wordCount":778,"publisher":{"@id":"https:\/\/welovecinema.be\/nl\/#organization"},"articleSection":["Evenements","News"],"inLanguage":"fr-FR"},{"@type":"WebPage","@id":"https:\/\/welovecinema.be\/fr\/la-tete-la-premiere-acid-ameline\/","url":"https:\/\/welovecinema.be\/fr\/la-tete-la-premiere-acid-ameline\/","name":"La T\u00eate la Premi\u00e8re : ACID am\u00e9lin\u00e9 - We Love Cinema","isPartOf":{"@id":"https:\/\/welovecinema.be\/nl\/#website"},"datePublished":"2012-05-27T08:06:31+00:00","dateModified":"2012-07-14T20:26:00+00:00","breadcrumb":{"@id":"https:\/\/welovecinema.be\/fr\/la-tete-la-premiere-acid-ameline\/#breadcrumb"},"inLanguage":"fr-FR","potentialAction":[{"@type":"ReadAction","target":["https:\/\/welovecinema.be\/fr\/la-tete-la-premiere-acid-ameline\/"]}]},{"@type":"BreadcrumbList","@id":"https:\/\/welovecinema.be\/fr\/la-tete-la-premiere-acid-ameline\/#breadcrumb","itemListElement":[{"@type":"ListItem","position":1,"name":"Accueil","item":"https:\/\/welovecinema.be\/fr\/"},{"@type":"ListItem","position":2,"name":"La T\u00eate la Premi\u00e8re : ACID am\u00e9lin\u00e9"}]},{"@type":"WebSite","@id":"https:\/\/welovecinema.be\/nl\/#website","url":"https:\/\/welovecinema.be\/nl\/","name":"We Love Cinema","description":"Toute l\u2019information du cin\u00e9ma en Belgique","publisher":{"@id":"https:\/\/welovecinema.be\/nl\/#organization"},"potentialAction":[{"@type":"SearchAction","target":{"@type":"EntryPoint","urlTemplate":"https:\/\/welovecinema.be\/nl\/?s={search_term_string}"},"query-input":"required name=search_term_string"}],"inLanguage":"fr-FR"},{"@type":"Organization","@id":"https:\/\/welovecinema.be\/nl\/#organization","name":"We Love Cinema","url":"https:\/\/welovecinema.be\/nl\/","logo":{"@type":"ImageObject","inLanguage":"fr-FR","@id":"https:\/\/welovecinema.be\/nl\/#\/schema\/logo\/image\/","url":"https:\/\/welovecinema.be\/wp-content\/uploads\/sites\/2\/2023\/03\/Logo-We-Love-Cinema305x128.jpg","contentUrl":"https:\/\/welovecinema.be\/wp-content\/uploads\/sites\/2\/2023\/03\/Logo-We-Love-Cinema305x128.jpg","width":305,"height":128,"caption":"We Love Cinema"},"image":{"@id":"https:\/\/welovecinema.be\/nl\/#\/schema\/logo\/image\/"},"sameAs":["https:\/\/www.facebook.com\/welovecinema.be","https:\/\/www.youtube.com\/channel\/UCX5LYGVhnKvYauW4Nta4HJA","https:\/\/www.instagram.com\/welovecinema.be\/"]},{"@type":"Person","@id":"https:\/\/welovecinema.be\/nl\/#\/schema\/person\/4b9b1d857f0943453a38a7c2859ef756","name":"Philippe.Pierquin","url":"https:\/\/welovecinema.be\/fr\/author\/philippe-pierquin\/"}]}},"_links":{"self":[{"href":"https:\/\/welovecinema.be\/fr\/wp-json\/wp\/v2\/posts\/22471","targetHints":{"allow":["GET"]}}],"collection":[{"href":"https:\/\/welovecinema.be\/fr\/wp-json\/wp\/v2\/posts"}],"about":[{"href":"https:\/\/welovecinema.be\/fr\/wp-json\/wp\/v2\/types\/post"}],"author":[{"embeddable":true,"href":"https:\/\/welovecinema.be\/fr\/wp-json\/wp\/v2\/users\/7"}],"replies":[{"embeddable":true,"href":"https:\/\/welovecinema.be\/fr\/wp-json\/wp\/v2\/comments?post=22471"}],"version-history":[{"count":0,"href":"https:\/\/welovecinema.be\/fr\/wp-json\/wp\/v2\/posts\/22471\/revisions"}],"wp:featuredmedia":[{"embeddable":true,"href":"https:\/\/welovecinema.be\/fr\/wp-json\/wp\/v2\/media\/22477"}],"wp:attachment":[{"href":"https:\/\/welovecinema.be\/fr\/wp-json\/wp\/v2\/media?parent=22471"}],"wp:term":[{"taxonomy":"category","embeddable":true,"href":"https:\/\/welovecinema.be\/fr\/wp-json\/wp\/v2\/categories?post=22471"},{"taxonomy":"post_tag","embeddable":true,"href":"https:\/\/welovecinema.be\/fr\/wp-json\/wp\/v2\/tags?post=22471"}],"curies":[{"name":"wp","href":"https:\/\/api.w.org\/{rel}","templated":true}]}}