{"id":224200,"date":"2019-10-18T10:42:14","date_gmt":"2019-10-18T08:42:14","guid":{"rendered":"https:\/\/www.cinevox.be\/?p=224200"},"modified":"2019-10-18T14:44:28","modified_gmt":"2019-10-18T12:44:28","slug":"caroline-taillet-martin-landmeters-ppourquoi-des-spectateurs-homosexuels-pourraient-sidentifier-a-des-personnages-heteros-et-pas-linverse","status":"publish","type":"post","link":"https:\/\/welovecinema.be\/fr\/caroline-taillet-martin-landmeters-ppourquoi-des-spectateurs-homosexuels-pourraient-sidentifier-a-des-personnages-heteros-et-pas-linverse\/","title":{"rendered":"Caroline Taillet &#038; Martin Landmeters: \u00ab\u00a0Sortir de l\u2019invisibilisation, d\u00e9construire les clich\u00e9s\u00a0\u00bb"},"content":{"rendered":"<p class=\"p1\"><span class=\"s1\"><strong>Nous avons rencontr\u00e9 Caroline Taillet et Martin Landmeters, sc\u00e9naristes et r\u00e9alisateurs de la web s\u00e9rie <i>La Th\u00e9orie du Y<\/i>, inspir\u00e9e de la pi\u00e8ce de th\u00e9\u00e2tre \u00e9crite et mise en sc\u00e8ne par Caroline Taillet il y a maintenant 4 ans. Ils nous parlent de la saison 2 de cette web s\u00e9rie \u00e0 succ\u00e8s (plus de 2,5 millions de vues pour la 1\u00e8re saison), dont les deux premiers \u00e9pisodes ont \u00e9t\u00e9 d\u00e9voil\u00e9s hier.<\/strong> <\/span><\/p>\n<p class=\"p1\"><span class=\"s1\"><b>D\u2019o\u00f9 vient <i>La Th\u00e9orie du Y<\/i> \u00e0 l\u2019origine?<\/b><\/span><\/p>\n<p class=\"p1\"><span class=\"s1\"><b>Caroline Taillet<\/b><\/span><\/p>\n<p class=\"p1\"><span class=\"s1\">C\u2019est une pi\u00e8ce de th\u00e9\u00e2tre que j\u2019ai \u00e9crite et mise en sc\u00e8ne il y a 4 ans, que l\u2019on a jou\u00e9e au Th\u00e9\u00e2tre de Poche notamment et qu\u2019on joue encore. A l\u2019issue d\u2019une repr\u00e9sentation, un producteur est venu me voir pour me dire qu\u2019il pensait que la pi\u00e8ce pourrait tout \u00e0 fait \u00eatre transpos\u00e9e pour r\u00e9pondre \u00e0 l\u2019appel \u00e0 projets de la RTBF sur les web s\u00e9ries qui venait de sortir, et on s\u2019est lanc\u00e9s. <\/span><\/p>\n<p class=\"p1\"><span class=\"s1\">J\u2019ai accept\u00e9 avec enthousiasme, mais n\u2019ayant aucune exp\u00e9rience du cin\u00e9ma, j\u2019ai propos\u00e9 \u00e0 Martin de travailler avec moi.<\/span><\/p>\n<p class=\"p1\"><span class=\"s1\">On a eu des sous pour faire un pilote, on a \u00e9t\u00e9 retenus parmi les 4 projets en lice, et on a re\u00e7u 100.000\u20ac pour faire la saison 1, qui a rassembl\u00e9 plus de 2,5 millions de vues! Du coup la RTBF nous a propos\u00e9 de faire une saison 2\u2026<\/span><\/p>\n<p class=\"p1\"><span class=\"s1\">Et le tout part de la pi\u00e8ce \u00e9crite pour mon m\u00e9moire de l\u2019IAD\u2026 et de ma vie!<\/span><\/p>\n<p class=\"p1\"><span class=\"s1\"><b>Qu\u2019a apport\u00e9 le format web au projet?<\/b><\/span><\/p>\n<p class=\"p1\"><span class=\"s1\"><b>Martin Landmeters<\/b><\/span><\/p>\n<p class=\"p1\"><span class=\"s1\">La pi\u00e8ce retra\u00e7ait la vie d\u2019Anna, de son enfance \u00e0 l\u2019\u00e2ge adulte, et L\u00e9one Fran\u00e7ois l\u2019interpr\u00e9tait \u00e0 tous les \u00e2ges. On a donc d\u00fb r\u00e9adapter l\u2019histoire pour la s\u00e9rie, et retravailler les th\u00e9matiques par rapport \u00e0 son \u00e2ge. On a aussi cr\u00e9\u00e9 un autre personnage qui prend de plus en plus d\u2019importance avec Malik. <\/span><\/p>\n<p class=\"p1\"><span class=\"s1\"><b>Caroline Taillet<\/b><\/span><\/p>\n<p class=\"p1\"><span class=\"s1\">L\u2019autre changement de taille, c\u2019est la diff\u00e9rence de visibilit\u00e9 \u00e9videmment. On passe de 200 personnes \u00e0 des vues et des commentaires dans le monde entier!<\/span><\/p>\n<p><img loading=\"lazy\" decoding=\"async\" class=\"alignnone size-large wp-image-224204\" src=\"https:\/\/www.cinevox.be\/wp-content\/uploads\/sites\/2\/2019\/10\/TheorieduY-800x450.jpeg\" alt=\"\" width=\"618\" height=\"348\" srcset=\"https:\/\/welovecinema.be\/wp-content\/uploads\/sites\/2\/2019\/10\/TheorieduY-800x450.jpeg 800w, https:\/\/welovecinema.be\/wp-content\/uploads\/sites\/2\/2019\/10\/TheorieduY-200x113.jpeg 200w, https:\/\/welovecinema.be\/wp-content\/uploads\/sites\/2\/2019\/10\/TheorieduY-480x270.jpeg 480w, https:\/\/welovecinema.be\/wp-content\/uploads\/sites\/2\/2019\/10\/TheorieduY-768x432.jpeg 768w, https:\/\/welovecinema.be\/wp-content\/uploads\/sites\/2\/2019\/10\/TheorieduY-599x337.jpeg 599w, https:\/\/welovecinema.be\/wp-content\/uploads\/sites\/2\/2019\/10\/TheorieduY.jpeg 1248w\" sizes=\"auto, (max-width: 618px) 100vw, 618px\" \/><\/p>\n<p class=\"p1\"><span class=\"s1\"><b>Est-ce de fait qu\u2019on se sent une autre responsabilit\u00e9, et est-ce qu\u2019on \u00e9crit diff\u00e9remment? <\/b><\/span><\/p>\n<p class=\"p1\"><span class=\"s1\"><b>Martin Landmeters<\/b><\/span><\/p>\n<p class=\"p1\"><span class=\"s1\">A vrai dire en saison 1, on n\u2019a pas eu le temps de se poser beaucoup de questions! On a d\u00fb tout faire en 5 mois, et n\u2019ayant aucune exp\u00e9rience en la mati\u00e8re, on a d\u00fb foncer t\u00eate baiss\u00e9e. <\/span><\/p>\n<p class=\"p1\"><span class=\"s1\"><b>Caroline Taillet<\/b><\/span><\/p>\n<p class=\"p1\"><span class=\"s1\">Mais c\u2019est vrai qu\u2019\u00e9tant donn\u00e9 qu\u2019il existe tr\u00e8s peu de fictions qui parlent de ces sujets-l\u00e0 en Belgique et ailleurs, on se sentait une certaine responsabilit\u00e9 en repr\u00e9sentant la communaut\u00e9 LGTBQIA+, d\u2019autant que ce sont souvent des sujets assez sensibles, qui demandent aussi l\u2019usage d\u2019un vocabulaire pr\u00e9cis, <i>etc<\/i>. <\/span><\/p>\n<p class=\"p1\"><span class=\"s1\">Il fallait absolument \u00e9viter de r\u00e9pandre encore plus de clich\u00e9s. Ca peut faire un peu peur au d\u00e9but, mais on a fini par se dire qu\u2019on allait d\u00e9j\u00e0 repr\u00e9senter ce que nous nous connaissions, nos situations et celles de nos amis. <\/span><\/p>\n<p class=\"p1\"><span class=\"s1\">Mais bon, on ne peut pas plaire \u00e0 tout le monde, on sait qu\u2019il y aura toujours des critiques, n\u00e9anmoins on essaie de ne pas dire n\u2019importe quoi, d\u2019autant que l\u2019on passe sur un media tr\u00e8s grand public.<\/span><\/p>\n<p class=\"p1\"><span class=\"s1\">D\u2019ailleurs pour faciliter les choses dans la saison 1, notre porte d\u2019entr\u00e9e dans l\u2019univers LGTBQIA+, \u00e9tait une fille qui au d\u00e9but se consid\u00e8re comme h\u00e9t\u00e9rosexuelle, puis se d\u00e9couvre bisexuelle. On ne fait pas une s\u00e9rie juste pour parler aux personnes concern\u00e9es, on veut parler \u00e0 tout le monde.<\/span><\/p>\n<figure id=\"attachment_224206\" aria-describedby=\"caption-attachment-224206\" style=\"width: 618px\" class=\"wp-caption alignnone\"><img loading=\"lazy\" decoding=\"async\" class=\"size-large wp-image-224206\" src=\"https:\/\/www.cinevox.be\/wp-content\/uploads\/sites\/2\/2019\/10\/TheorieDuYEquipe-800x451.jpg\" alt=\"\" width=\"618\" height=\"348\" srcset=\"https:\/\/welovecinema.be\/wp-content\/uploads\/sites\/2\/2019\/10\/TheorieDuYEquipe-800x451.jpg 800w, https:\/\/welovecinema.be\/wp-content\/uploads\/sites\/2\/2019\/10\/TheorieDuYEquipe-200x113.jpg 200w, https:\/\/welovecinema.be\/wp-content\/uploads\/sites\/2\/2019\/10\/TheorieDuYEquipe-480x270.jpg 480w, https:\/\/welovecinema.be\/wp-content\/uploads\/sites\/2\/2019\/10\/TheorieDuYEquipe-768x433.jpg 768w, https:\/\/welovecinema.be\/wp-content\/uploads\/sites\/2\/2019\/10\/TheorieDuYEquipe-599x337.jpg 599w, https:\/\/welovecinema.be\/wp-content\/uploads\/sites\/2\/2019\/10\/TheorieDuYEquipe.jpg 1092w\" sizes=\"auto, (max-width: 618px) 100vw, 618px\" \/><figcaption id=\"caption-attachment-224206\" class=\"wp-caption-text\">Caroline Taillet, Martin Landmeters, Salim Talbi et L\u00e9one Fran\u00e7ois<\/figcaption><\/figure>\n<p class=\"p1\"><span class=\"s1\"><b>L\u2019id\u00e9e c\u2019est de sortir de l\u2019invisibilisation, et d\u00e9construire les clich\u00e9s?<\/b><\/span><\/p>\n<p class=\"p1\"><span class=\"s1\"><b>Caroline Taillet<\/b><\/span><\/p>\n<p class=\"p1\"><span class=\"s1\">Exactement, on est toujours entre les deux, montrer les clich\u00e9s pour les d\u00e9construire. <\/span><\/p>\n<p class=\"p1\"><span class=\"s1\"><b>Martin Landmeters<\/b><\/span><\/p>\n<p class=\"p1\"><span class=\"s1\">On a notamment utilis\u00e9 les visions d\u2019Anna pour \u00e7a, pour montrer les clich\u00e9s, et les d\u00e9monter ensuite. On a fait \u00e9voluer \u00e7a dans la saison 2.<\/span><\/p>\n<p class=\"p1\"><span class=\"s1\"><b>Caroline Taillet<\/b><\/span><\/p>\n<p class=\"p1\"><span class=\"s1\">On a effectivement essay\u00e9 d\u2019inverser des situations pour en montrer la violence. Par exemple, Anna a une vison o\u00f9 dans une soir\u00e9e, elle se fait agresser par un couple de gays, qui<span class=\"Apple-converted-space\">\u00a0 <\/span>la traite d\u2019h\u00e9t\u00e9ro parce qu\u2019elle parle avec un mec. Elle nie, mais les gars utilisent les arguments que l\u2019on entend usuellement dans les agressions homophobes: \u00ab\u00a0C\u2019est contre nature!\u00a0\u00bb \u00ab\u00a0T\u2019as pas honte de faire \u00e7a devant tout le monde!\u00a0\u00bb On fait de l\u2019agression homophobe une agression h\u00e9t\u00e9rophobe dans son cauchemar, pour retourner la situation.<\/span><\/p>\n<p class=\"p1\"><span class=\"s1\"><b>Comment \u00e9volue Anna entre la saison 1 et la saison 2?<\/b><\/span><\/p>\n<p class=\"p1\"><span class=\"s1\"><b>Martin Landmeters<\/b><\/span><\/p>\n<p class=\"p1\"><span class=\"s1\">Il y a une ellipse entre les deux saisons, elle part \u00e0 Berlin quelques mois. Elle revient en s\u2019y \u00e9tant sentie libre, elle a exp\u00e9riment\u00e9 des choses, test\u00e9 sa sexualit\u00e9 avec des femmes. Mais elle se rend vite compte que \u00e7a ne va pas \u00eatre si facile que \u00e7a. Elle veut s\u2019investir dans la communaut\u00e9 LGBT, en l\u2019occurence dans un bar lesbien, mais elle s\u2019aper\u00e7oit qu\u2019il y a aussi de la biphobie dans le milieu lesbien. <\/span><\/p>\n<p class=\"p1\"><span class=\"s1\"><b>Caroline Taillet<\/b><\/span><\/p>\n<p class=\"p1\"><span class=\"s1\">Dans la saison 1, elle devait comprendre sa sexualit\u00e9, dans la saison 2, elle va devoir l\u2019assumer.<\/span><\/p>\n<p><img loading=\"lazy\" decoding=\"async\" class=\"alignnone size-large wp-image-224208\" src=\"https:\/\/www.cinevox.be\/wp-content\/uploads\/sites\/2\/2019\/10\/7b5877ff32bd041c965f0a9d4b0b907d-1559818083-800x516.jpg\" alt=\"La Th\u00e9orie du Y\" width=\"618\" height=\"399\" srcset=\"https:\/\/welovecinema.be\/wp-content\/uploads\/sites\/2\/2019\/10\/7b5877ff32bd041c965f0a9d4b0b907d-1559818083-800x516.jpg 800w, https:\/\/welovecinema.be\/wp-content\/uploads\/sites\/2\/2019\/10\/7b5877ff32bd041c965f0a9d4b0b907d-1559818083-419x270.jpg 419w, https:\/\/welovecinema.be\/wp-content\/uploads\/sites\/2\/2019\/10\/7b5877ff32bd041c965f0a9d4b0b907d-1559818083-768x495.jpg 768w, https:\/\/welovecinema.be\/wp-content\/uploads\/sites\/2\/2019\/10\/7b5877ff32bd041c965f0a9d4b0b907d-1559818083.jpg 1240w\" sizes=\"auto, (max-width: 618px) 100vw, 618px\" \/><\/p>\n<p class=\"p1\"><span class=\"s1\"><b>Quel \u00e9tait le plus grand d\u00e9fi de cette deuxi\u00e8me saison?<\/b><\/span><\/p>\n<p class=\"p1\"><span class=\"s1\"><b>Martin Landmeters<\/b><\/span><\/p>\n<p class=\"p1\"><span class=\"s1\">La principale condition, avec la hausse du budget, c\u2019\u00e9tait d\u2019avoir du temps. Du temps pour \u00e9crire, pour s\u2019entourer. On a \u00e9crit \u00e0 trois avec Coline Grando. <\/span><\/p>\n<p class=\"p1\"><span class=\"s1\"><b>Caroline Taillet<\/b><\/span><\/p>\n<p class=\"p1\"><span class=\"s1\">On a fait beaucoup d\u2019interviews pour s\u2019inspirer de la vie r\u00e9elle des gens, ne pas faire n\u2019importe quoi. Prendre du recul aussi. L\u2019id\u00e9e \u00e9tait de ne plus avoir seulement mon filtre. D\u2019ailleurs, on a d\u00e9cid\u00e9 de d\u00e9velopper le personnage de Malik, qui devient h\u00e9ros de la s\u00e9rie \u00e0 part enti\u00e8re avec Anna.<\/span><\/p>\n<p class=\"p1\"><span class=\"s1\">Cela nous permettait d\u2019aborder un sujet sensible, mais qu&rsquo;on ne connait pas personnellement, l\u2019homosexualit\u00e9 dans le milieu maghr\u00e9bin belge, du coup on a rencontr\u00e9 beaucoup de gens pour en parler. On voulait sortir des id\u00e9es re\u00e7ues. Le point commun \u00e0 toutes nos rencontres, c\u2019est le silence, le non-dit. Si on n&rsquo;en parle pas, \u00e7a n\u2019existe pas. <\/span><\/p>\n<p class=\"p1\"><span class=\"s1\">Pour nous, le plus important, c\u2019est montrer, banaliser. Le simple fait de monter des sc\u00e8nes de sexe entre deux hommes ou deux femmes \u00e0 la t\u00e9l\u00e9, c\u2019est d\u00e9j\u00e0 important. <\/span><\/p>\n<p class=\"p1\"><span class=\"s1\"><b>Martin Landmeters<\/b><\/span><\/p>\n<p class=\"p1\"><span class=\"s1\">Concernant le personnage d\u2019Anna, en saison 1, elle subit beaucoup, elle s\u2019interroge. Evidemment, elle a encore des soucis en saison 2, mais ce qui \u00e9tait important pour nous, c\u2019\u00e9tait de montrer quelqu\u2019un de plus positif, de plus fort. On s\u2019est rendu compte que les jeunes avaient envie de voir des personnages qui s\u2019affirment, pas que des personnes en souffrance. <\/span><\/p>\n<p class=\"p1\"><span class=\"s1\"><b>Caroline Taillet<\/b><\/span><\/p>\n<p class=\"p1\"><span class=\"s1\">Au final, pourquoi des spectateurs homosexuels pourraient s\u2019identifier \u00e0 des personnages h\u00e9t\u00e9ros, et pas l\u2019inverse? On mise sur le fait de sortir d\u2019un public de niche, de livrer un r\u00e9cit destin\u00e9 \u00e0 tous. Ces histoires concernent tout le monde.<\/span><\/p>\n<p>&nbsp;<\/p>\n<h4>A LIRE AUSSI<\/h4>\n<p><a href=\"https:\/\/www.cinevox.be\/fr\/2mn-avec-leone-francois\/\">2mn avec&#8230; L\u00e9one Fran\u00e7ois<\/a><\/p>\n","protected":false},"excerpt":{"rendered":"<p>Nous avons rencontr\u00e9 Caroline Taillet et Martin Landmeters, sc\u00e9naristes et r\u00e9alisateurs de la web s\u00e9rie La Th\u00e9orie du Y, inspir\u00e9e de la pi\u00e8ce de th\u00e9\u00e2tre \u00e9crite et mise en sc\u00e8ne par Caroline Taillet il y a maintenant 4 ans. Ils nous parlent de la saison 2 de cette web s\u00e9rie \u00e0 succ\u00e8s (plus de 2,5 &hellip;<\/p>\n","protected":false},"author":343,"featured_media":224202,"comment_status":"closed","ping_status":"closed","sticky":false,"template":"","format":"standard","meta":{"ngg_post_thumbnail":0,"footnotes":""},"categories":[1978],"tags":[4662,4660,4661,4187],"class_list":["post-224200","post","type-post","status-publish","format-standard","has-post-thumbnail","","category-interviews","tag-caroline-taillet","tag-la-theorie-du-y","tag-martin-landmeters","tag-newsletter-fr"],"yoast_head":"<!-- This site is optimized with the Yoast SEO plugin v20.4 - https:\/\/yoast.com\/wordpress\/plugins\/seo\/ -->\n<title>Caroline Taillet &amp; Martin Landmeters: &quot;Sortir de l\u2019invisibilisation, d\u00e9construire les clich\u00e9s&quot; - We Love Cinema<\/title>\n<meta name=\"robots\" content=\"index, follow, max-snippet:-1, max-image-preview:large, max-video-preview:-1\" \/>\n<link rel=\"canonical\" href=\"https:\/\/welovecinema.be\/fr\/caroline-taillet-martin-landmeters-ppourquoi-des-spectateurs-homosexuels-pourraient-sidentifier-a-des-personnages-heteros-et-pas-linverse\/\" \/>\n<meta property=\"og:locale\" content=\"fr_FR\" \/>\n<meta property=\"og:type\" content=\"article\" \/>\n<meta property=\"og:title\" content=\"Caroline Taillet &amp; Martin Landmeters: &quot;Sortir de l\u2019invisibilisation, d\u00e9construire les clich\u00e9s&quot; - We Love Cinema\" \/>\n<meta property=\"og:description\" content=\"Nous avons rencontr\u00e9 Caroline Taillet et Martin Landmeters, sc\u00e9naristes et r\u00e9alisateurs de la web s\u00e9rie La Th\u00e9orie du Y, inspir\u00e9e de la pi\u00e8ce de th\u00e9\u00e2tre \u00e9crite et mise en sc\u00e8ne par Caroline Taillet il y a maintenant 4 ans. Ils nous parlent de la saison 2 de cette web s\u00e9rie \u00e0 succ\u00e8s (plus de 2,5 &hellip;\" \/>\n<meta property=\"og:url\" content=\"https:\/\/welovecinema.be\/fr\/caroline-taillet-martin-landmeters-ppourquoi-des-spectateurs-homosexuels-pourraient-sidentifier-a-des-personnages-heteros-et-pas-linverse\/\" \/>\n<meta property=\"og:site_name\" content=\"We Love Cinema\" \/>\n<meta property=\"article:publisher\" content=\"https:\/\/www.facebook.com\/welovecinema.be\" \/>\n<meta property=\"article:published_time\" content=\"2019-10-18T08:42:14+00:00\" \/>\n<meta property=\"article:modified_time\" content=\"2019-10-18T12:44:28+00:00\" \/>\n<meta property=\"og:image\" content=\"https:\/\/welovecinema.be\/wp-content\/uploads\/sites\/2\/2019\/10\/Martin-Landmeters-Caroline-Taillet-Cinevox.jpeg\" \/>\n\t<meta property=\"og:image:width\" content=\"4032\" \/>\n\t<meta property=\"og:image:height\" content=\"3024\" \/>\n\t<meta property=\"og:image:type\" content=\"image\/jpeg\" \/>\n<meta name=\"author\" content=\"Aurore Engelen\" \/>\n<meta name=\"twitter:card\" content=\"summary_large_image\" \/>\n<meta name=\"twitter:label1\" content=\"\u00c9crit par\" \/>\n\t<meta name=\"twitter:data1\" content=\"Aurore Engelen\" \/>\n\t<meta name=\"twitter:label2\" content=\"Dur\u00e9e de lecture estim\u00e9e\" \/>\n\t<meta name=\"twitter:data2\" content=\"6 minutes\" \/>\n<script type=\"application\/ld+json\" class=\"yoast-schema-graph\">{\"@context\":\"https:\/\/schema.org\",\"@graph\":[{\"@type\":\"Article\",\"@id\":\"https:\/\/welovecinema.be\/fr\/caroline-taillet-martin-landmeters-ppourquoi-des-spectateurs-homosexuels-pourraient-sidentifier-a-des-personnages-heteros-et-pas-linverse\/#article\",\"isPartOf\":{\"@id\":\"https:\/\/welovecinema.be\/fr\/caroline-taillet-martin-landmeters-ppourquoi-des-spectateurs-homosexuels-pourraient-sidentifier-a-des-personnages-heteros-et-pas-linverse\/\"},\"author\":{\"name\":\"Aurore Engelen\",\"@id\":\"https:\/\/welovecinema.be\/nl\/#\/schema\/person\/8084b68c6b176142d073695c654dc7cf\"},\"headline\":\"Caroline Taillet &#038; Martin Landmeters: \u00ab\u00a0Sortir de l\u2019invisibilisation, d\u00e9construire les clich\u00e9s\u00a0\u00bb\",\"datePublished\":\"2019-10-18T08:42:14+00:00\",\"dateModified\":\"2019-10-18T12:44:28+00:00\",\"mainEntityOfPage\":{\"@id\":\"https:\/\/welovecinema.be\/fr\/caroline-taillet-martin-landmeters-ppourquoi-des-spectateurs-homosexuels-pourraient-sidentifier-a-des-personnages-heteros-et-pas-linverse\/\"},\"wordCount\":1268,\"publisher\":{\"@id\":\"https:\/\/welovecinema.be\/nl\/#organization\"},\"keywords\":[\"Caroline Taillet\",\"La Th\u00e9orie du Y\",\"Martin Landmeters\",\"newsletter\"],\"articleSection\":[\"Rencontres\"],\"inLanguage\":\"fr-FR\"},{\"@type\":\"WebPage\",\"@id\":\"https:\/\/welovecinema.be\/fr\/caroline-taillet-martin-landmeters-ppourquoi-des-spectateurs-homosexuels-pourraient-sidentifier-a-des-personnages-heteros-et-pas-linverse\/\",\"url\":\"https:\/\/welovecinema.be\/fr\/caroline-taillet-martin-landmeters-ppourquoi-des-spectateurs-homosexuels-pourraient-sidentifier-a-des-personnages-heteros-et-pas-linverse\/\",\"name\":\"Caroline Taillet & Martin Landmeters: \\\"Sortir de l\u2019invisibilisation, d\u00e9construire les clich\u00e9s\\\" - We Love Cinema\",\"isPartOf\":{\"@id\":\"https:\/\/welovecinema.be\/nl\/#website\"},\"datePublished\":\"2019-10-18T08:42:14+00:00\",\"dateModified\":\"2019-10-18T12:44:28+00:00\",\"breadcrumb\":{\"@id\":\"https:\/\/welovecinema.be\/fr\/caroline-taillet-martin-landmeters-ppourquoi-des-spectateurs-homosexuels-pourraient-sidentifier-a-des-personnages-heteros-et-pas-linverse\/#breadcrumb\"},\"inLanguage\":\"fr-FR\",\"potentialAction\":[{\"@type\":\"ReadAction\",\"target\":[\"https:\/\/welovecinema.be\/fr\/caroline-taillet-martin-landmeters-ppourquoi-des-spectateurs-homosexuels-pourraient-sidentifier-a-des-personnages-heteros-et-pas-linverse\/\"]}]},{\"@type\":\"BreadcrumbList\",\"@id\":\"https:\/\/welovecinema.be\/fr\/caroline-taillet-martin-landmeters-ppourquoi-des-spectateurs-homosexuels-pourraient-sidentifier-a-des-personnages-heteros-et-pas-linverse\/#breadcrumb\",\"itemListElement\":[{\"@type\":\"ListItem\",\"position\":1,\"name\":\"Accueil\",\"item\":\"https:\/\/welovecinema.be\/fr\/\"},{\"@type\":\"ListItem\",\"position\":2,\"name\":\"Caroline Taillet &#038; Martin Landmeters: \u00ab\u00a0Sortir de l\u2019invisibilisation, d\u00e9construire les clich\u00e9s\u00a0\u00bb\"}]},{\"@type\":\"WebSite\",\"@id\":\"https:\/\/welovecinema.be\/nl\/#website\",\"url\":\"https:\/\/welovecinema.be\/nl\/\",\"name\":\"We Love Cinema\",\"description\":\"Toute l\u2019information du cin\u00e9ma en Belgique\",\"publisher\":{\"@id\":\"https:\/\/welovecinema.be\/nl\/#organization\"},\"potentialAction\":[{\"@type\":\"SearchAction\",\"target\":{\"@type\":\"EntryPoint\",\"urlTemplate\":\"https:\/\/welovecinema.be\/nl\/?s={search_term_string}\"},\"query-input\":\"required name=search_term_string\"}],\"inLanguage\":\"fr-FR\"},{\"@type\":\"Organization\",\"@id\":\"https:\/\/welovecinema.be\/nl\/#organization\",\"name\":\"We Love Cinema\",\"url\":\"https:\/\/welovecinema.be\/nl\/\",\"logo\":{\"@type\":\"ImageObject\",\"inLanguage\":\"fr-FR\",\"@id\":\"https:\/\/welovecinema.be\/nl\/#\/schema\/logo\/image\/\",\"url\":\"https:\/\/welovecinema.be\/wp-content\/uploads\/sites\/2\/2023\/03\/Logo-We-Love-Cinema305x128.jpg\",\"contentUrl\":\"https:\/\/welovecinema.be\/wp-content\/uploads\/sites\/2\/2023\/03\/Logo-We-Love-Cinema305x128.jpg\",\"width\":305,\"height\":128,\"caption\":\"We Love Cinema\"},\"image\":{\"@id\":\"https:\/\/welovecinema.be\/nl\/#\/schema\/logo\/image\/\"},\"sameAs\":[\"https:\/\/www.facebook.com\/welovecinema.be\",\"https:\/\/www.youtube.com\/channel\/UCX5LYGVhnKvYauW4Nta4HJA\",\"https:\/\/www.instagram.com\/welovecinema.be\/\"]},{\"@type\":\"Person\",\"@id\":\"https:\/\/welovecinema.be\/nl\/#\/schema\/person\/8084b68c6b176142d073695c654dc7cf\",\"name\":\"Aurore Engelen\",\"url\":\"https:\/\/welovecinema.be\/fr\/author\/aurore-engelen\/\"}]}<\/script>\n<!-- \/ Yoast SEO plugin. -->","yoast_head_json":{"title":"Caroline Taillet & Martin Landmeters: \"Sortir de l\u2019invisibilisation, d\u00e9construire les clich\u00e9s\" - We Love Cinema","robots":{"index":"index","follow":"follow","max-snippet":"max-snippet:-1","max-image-preview":"max-image-preview:large","max-video-preview":"max-video-preview:-1"},"canonical":"https:\/\/welovecinema.be\/fr\/caroline-taillet-martin-landmeters-ppourquoi-des-spectateurs-homosexuels-pourraient-sidentifier-a-des-personnages-heteros-et-pas-linverse\/","og_locale":"fr_FR","og_type":"article","og_title":"Caroline Taillet & Martin Landmeters: \"Sortir de l\u2019invisibilisation, d\u00e9construire les clich\u00e9s\" - We Love Cinema","og_description":"Nous avons rencontr\u00e9 Caroline Taillet et Martin Landmeters, sc\u00e9naristes et r\u00e9alisateurs de la web s\u00e9rie La Th\u00e9orie du Y, inspir\u00e9e de la pi\u00e8ce de th\u00e9\u00e2tre \u00e9crite et mise en sc\u00e8ne par Caroline Taillet il y a maintenant 4 ans. Ils nous parlent de la saison 2 de cette web s\u00e9rie \u00e0 succ\u00e8s (plus de 2,5 &hellip;","og_url":"https:\/\/welovecinema.be\/fr\/caroline-taillet-martin-landmeters-ppourquoi-des-spectateurs-homosexuels-pourraient-sidentifier-a-des-personnages-heteros-et-pas-linverse\/","og_site_name":"We Love Cinema","article_publisher":"https:\/\/www.facebook.com\/welovecinema.be","article_published_time":"2019-10-18T08:42:14+00:00","article_modified_time":"2019-10-18T12:44:28+00:00","og_image":[{"width":4032,"height":3024,"url":"https:\/\/welovecinema.be\/wp-content\/uploads\/sites\/2\/2019\/10\/Martin-Landmeters-Caroline-Taillet-Cinevox.jpeg","type":"image\/jpeg"}],"author":"Aurore Engelen","twitter_card":"summary_large_image","twitter_misc":{"\u00c9crit par":"Aurore Engelen","Dur\u00e9e de lecture estim\u00e9e":"6 minutes"},"schema":{"@context":"https:\/\/schema.org","@graph":[{"@type":"Article","@id":"https:\/\/welovecinema.be\/fr\/caroline-taillet-martin-landmeters-ppourquoi-des-spectateurs-homosexuels-pourraient-sidentifier-a-des-personnages-heteros-et-pas-linverse\/#article","isPartOf":{"@id":"https:\/\/welovecinema.be\/fr\/caroline-taillet-martin-landmeters-ppourquoi-des-spectateurs-homosexuels-pourraient-sidentifier-a-des-personnages-heteros-et-pas-linverse\/"},"author":{"name":"Aurore Engelen","@id":"https:\/\/welovecinema.be\/nl\/#\/schema\/person\/8084b68c6b176142d073695c654dc7cf"},"headline":"Caroline Taillet &#038; Martin Landmeters: \u00ab\u00a0Sortir de l\u2019invisibilisation, d\u00e9construire les clich\u00e9s\u00a0\u00bb","datePublished":"2019-10-18T08:42:14+00:00","dateModified":"2019-10-18T12:44:28+00:00","mainEntityOfPage":{"@id":"https:\/\/welovecinema.be\/fr\/caroline-taillet-martin-landmeters-ppourquoi-des-spectateurs-homosexuels-pourraient-sidentifier-a-des-personnages-heteros-et-pas-linverse\/"},"wordCount":1268,"publisher":{"@id":"https:\/\/welovecinema.be\/nl\/#organization"},"keywords":["Caroline Taillet","La Th\u00e9orie du Y","Martin Landmeters","newsletter"],"articleSection":["Rencontres"],"inLanguage":"fr-FR"},{"@type":"WebPage","@id":"https:\/\/welovecinema.be\/fr\/caroline-taillet-martin-landmeters-ppourquoi-des-spectateurs-homosexuels-pourraient-sidentifier-a-des-personnages-heteros-et-pas-linverse\/","url":"https:\/\/welovecinema.be\/fr\/caroline-taillet-martin-landmeters-ppourquoi-des-spectateurs-homosexuels-pourraient-sidentifier-a-des-personnages-heteros-et-pas-linverse\/","name":"Caroline Taillet & Martin Landmeters: \"Sortir de l\u2019invisibilisation, d\u00e9construire les clich\u00e9s\" - We Love Cinema","isPartOf":{"@id":"https:\/\/welovecinema.be\/nl\/#website"},"datePublished":"2019-10-18T08:42:14+00:00","dateModified":"2019-10-18T12:44:28+00:00","breadcrumb":{"@id":"https:\/\/welovecinema.be\/fr\/caroline-taillet-martin-landmeters-ppourquoi-des-spectateurs-homosexuels-pourraient-sidentifier-a-des-personnages-heteros-et-pas-linverse\/#breadcrumb"},"inLanguage":"fr-FR","potentialAction":[{"@type":"ReadAction","target":["https:\/\/welovecinema.be\/fr\/caroline-taillet-martin-landmeters-ppourquoi-des-spectateurs-homosexuels-pourraient-sidentifier-a-des-personnages-heteros-et-pas-linverse\/"]}]},{"@type":"BreadcrumbList","@id":"https:\/\/welovecinema.be\/fr\/caroline-taillet-martin-landmeters-ppourquoi-des-spectateurs-homosexuels-pourraient-sidentifier-a-des-personnages-heteros-et-pas-linverse\/#breadcrumb","itemListElement":[{"@type":"ListItem","position":1,"name":"Accueil","item":"https:\/\/welovecinema.be\/fr\/"},{"@type":"ListItem","position":2,"name":"Caroline Taillet &#038; Martin Landmeters: \u00ab\u00a0Sortir de l\u2019invisibilisation, d\u00e9construire les clich\u00e9s\u00a0\u00bb"}]},{"@type":"WebSite","@id":"https:\/\/welovecinema.be\/nl\/#website","url":"https:\/\/welovecinema.be\/nl\/","name":"We Love Cinema","description":"Toute l\u2019information du cin\u00e9ma en Belgique","publisher":{"@id":"https:\/\/welovecinema.be\/nl\/#organization"},"potentialAction":[{"@type":"SearchAction","target":{"@type":"EntryPoint","urlTemplate":"https:\/\/welovecinema.be\/nl\/?s={search_term_string}"},"query-input":"required name=search_term_string"}],"inLanguage":"fr-FR"},{"@type":"Organization","@id":"https:\/\/welovecinema.be\/nl\/#organization","name":"We Love Cinema","url":"https:\/\/welovecinema.be\/nl\/","logo":{"@type":"ImageObject","inLanguage":"fr-FR","@id":"https:\/\/welovecinema.be\/nl\/#\/schema\/logo\/image\/","url":"https:\/\/welovecinema.be\/wp-content\/uploads\/sites\/2\/2023\/03\/Logo-We-Love-Cinema305x128.jpg","contentUrl":"https:\/\/welovecinema.be\/wp-content\/uploads\/sites\/2\/2023\/03\/Logo-We-Love-Cinema305x128.jpg","width":305,"height":128,"caption":"We Love Cinema"},"image":{"@id":"https:\/\/welovecinema.be\/nl\/#\/schema\/logo\/image\/"},"sameAs":["https:\/\/www.facebook.com\/welovecinema.be","https:\/\/www.youtube.com\/channel\/UCX5LYGVhnKvYauW4Nta4HJA","https:\/\/www.instagram.com\/welovecinema.be\/"]},{"@type":"Person","@id":"https:\/\/welovecinema.be\/nl\/#\/schema\/person\/8084b68c6b176142d073695c654dc7cf","name":"Aurore Engelen","url":"https:\/\/welovecinema.be\/fr\/author\/aurore-engelen\/"}]}},"_links":{"self":[{"href":"https:\/\/welovecinema.be\/fr\/wp-json\/wp\/v2\/posts\/224200","targetHints":{"allow":["GET"]}}],"collection":[{"href":"https:\/\/welovecinema.be\/fr\/wp-json\/wp\/v2\/posts"}],"about":[{"href":"https:\/\/welovecinema.be\/fr\/wp-json\/wp\/v2\/types\/post"}],"author":[{"embeddable":true,"href":"https:\/\/welovecinema.be\/fr\/wp-json\/wp\/v2\/users\/343"}],"replies":[{"embeddable":true,"href":"https:\/\/welovecinema.be\/fr\/wp-json\/wp\/v2\/comments?post=224200"}],"version-history":[{"count":0,"href":"https:\/\/welovecinema.be\/fr\/wp-json\/wp\/v2\/posts\/224200\/revisions"}],"wp:featuredmedia":[{"embeddable":true,"href":"https:\/\/welovecinema.be\/fr\/wp-json\/wp\/v2\/media\/224202"}],"wp:attachment":[{"href":"https:\/\/welovecinema.be\/fr\/wp-json\/wp\/v2\/media?parent=224200"}],"wp:term":[{"taxonomy":"category","embeddable":true,"href":"https:\/\/welovecinema.be\/fr\/wp-json\/wp\/v2\/categories?post=224200"},{"taxonomy":"post_tag","embeddable":true,"href":"https:\/\/welovecinema.be\/fr\/wp-json\/wp\/v2\/tags?post=224200"}],"curies":[{"name":"wp","href":"https:\/\/api.w.org\/{rel}","templated":true}]}}