{"id":223691,"date":"2019-10-03T20:52:28","date_gmt":"2019-10-03T18:52:28","guid":{"rendered":"https:\/\/www.cinevox.be\/?p=223691"},"modified":"2019-10-04T20:47:41","modified_gmt":"2019-10-04T18:47:41","slug":"lola-vers-la-mer-prix-cinevox-2019","status":"publish","type":"post","link":"https:\/\/welovecinema.be\/fr\/lola-vers-la-mer-prix-cinevox-2019\/","title":{"rendered":"\u00ab\u00a0Lola vers la mer\u00a0\u00bb, Prix Cinevox 2019"},"content":{"rendered":"<p><strong>C&rsquo;est donc au nouveau long m\u00e9trage de Laurent Micheli, <em>Lola vers la mer<\/em>, que le Jury du 8e Prix Cinevox a choisi de remettre son prix \u00e0 l&rsquo;occasion de la 34e \u00e9dition du Festival International du Film Francophone de Namur.<\/strong><\/p>\n<p>Le jury a \u00e9t\u00e9 s\u00e9duit par la proposition de cin\u00e9ma de ce film incarn\u00e9 avec force par Beno\u00eet Magimel et la jeune com\u00e9dienne Mya Bollaers, qui apparait pour la premi\u00e8re fois \u00e0 l&rsquo;\u00e9cran. Avec ce film, <span class=\"s1\">Laurent Micheli dresse le portrait d\u2019une jeune fille transgenre qui va devoir se r\u00e9concilier avec les fant\u00f4mes du pass\u00e9 pour faire la paix avec son p\u00e8re, et avec elle-m\u00eame.<\/span><\/p>\n<p>Le film \u00e9lu par le Jury Cinevox b\u00e9n\u00e9ficie d&rsquo;une belle dotation, puisqu&rsquo;il b\u00e9n\u00e9ficiera d&rsquo;une semaine de diffusion d&rsquo;un spot promotionnel dans les salles de Bruxelles et Wallonie en r\u00e9gie chez Brightfish. Par ailleurs, UGC Belgique garantit la sortie du film laur\u00e9at dans l&rsquo;une de ses salles.<\/p>\n<p>Le film, produit par Wrong Men et distribu\u00e9 par Lumi\u00e8re, sortira le 12 d\u00e9cembre dans les salles belges.<\/p>\n<p><img loading=\"lazy\" decoding=\"async\" class=\"alignnone size-large wp-image-221741\" src=\"https:\/\/www.cinevox.be\/wp-content\/uploads\/sites\/2\/2019\/08\/photo-2-lola-vers-la-mer-800x598.jpg\" alt=\"\" width=\"618\" height=\"462\" srcset=\"https:\/\/welovecinema.be\/wp-content\/uploads\/sites\/2\/2019\/08\/photo-2-lola-vers-la-mer-800x598.jpg 800w, https:\/\/welovecinema.be\/wp-content\/uploads\/sites\/2\/2019\/08\/photo-2-lola-vers-la-mer-361x270.jpg 361w, https:\/\/welovecinema.be\/wp-content\/uploads\/sites\/2\/2019\/08\/photo-2-lola-vers-la-mer-768x574.jpg 768w\" sizes=\"auto, (max-width: 618px) 100vw, 618px\" \/><\/p>\n<p>Le jury a \u00e9galement choisi d&rsquo;attribuer une mention au film <em>Loups tendres et loufoques<\/em>, nouvel opus des aventures de <em>La Chouette du Cin\u00e9ma<\/em>, produit par Arnaud Demuynck. Le film sort d\u00e8s le 16 octobre dans les salles belges.<\/p>\n<p><iframe loading=\"lazy\" title=\"Loups tendres et loufoques | Bande-annonce\" width=\"618\" height=\"348\" src=\"https:\/\/www.youtube.com\/embed\/xFzxxz5FRaU?feature=oembed\" frameborder=\"0\" allow=\"accelerometer; autoplay; clipboard-write; encrypted-media; gyroscope; picture-in-picture; web-share\" referrerpolicy=\"strict-origin-when-cross-origin\" allowfullscreen><\/iframe><\/p>\n<h4>A LIRE AUSSI<\/h4>\n<p><a href=\"https:\/\/www.cinevox.be\/fr\/lola-vers-la-mer-remonter-le-temps-pour-aller-de-lavant\/\"><em>Lola vers la mer<\/em>: remonter le temps pour aller de l&rsquo;avant<\/a><\/p>\n<p><a href=\"https:\/\/www.cinevox.be\/fr\/laurent-micheli-lola-est-une-heroine-surtout-pas-une-victime\/\">Laurent Micheli: \u00ab\u00a0Lola est une h\u00e9ro\u00efne, surtout pas une victime\u00a0\u00bb<\/a><\/p>\n","protected":false},"excerpt":{"rendered":"<p>C&rsquo;est donc au nouveau long m\u00e9trage de Laurent Micheli, Lola vers la mer, que le Jury du 8e Prix Cinevox a choisi de remettre son prix \u00e0 l&rsquo;occasion de la 34e \u00e9dition du Festival International du Film Francophone de Namur. Le jury a \u00e9t\u00e9 s\u00e9duit par la proposition de cin\u00e9ma de ce film incarn\u00e9 avec &hellip;<\/p>\n","protected":false},"author":343,"featured_media":221760,"comment_status":"closed","ping_status":"closed","sticky":false,"template":"","format":"standard","meta":{"ngg_post_thumbnail":0,"footnotes":""},"categories":[12],"tags":[2535,3794,4187,2457],"class_list":["post-223691","post","type-post","status-publish","format-standard","has-post-thumbnail","","category-awards","tag-laurent-micheli","tag-lola-vers-la-mer","tag-newsletter-fr","tag-prix-cinevox"],"yoast_head":"<!-- This site is optimized with the Yoast SEO plugin v20.4 - https:\/\/yoast.com\/wordpress\/plugins\/seo\/ -->\n<title>&quot;Lola vers la mer&quot;, Prix Cinevox 2019 - We Love Cinema<\/title>\n<meta name=\"robots\" content=\"index, follow, max-snippet:-1, max-image-preview:large, max-video-preview:-1\" \/>\n<link rel=\"canonical\" href=\"https:\/\/welovecinema.be\/fr\/lola-vers-la-mer-prix-cinevox-2019\/\" \/>\n<meta property=\"og:locale\" content=\"fr_FR\" \/>\n<meta property=\"og:type\" content=\"article\" \/>\n<meta property=\"og:title\" content=\"&quot;Lola vers la mer&quot;, Prix Cinevox 2019 - We Love Cinema\" \/>\n<meta property=\"og:description\" content=\"C&rsquo;est donc au nouveau long m\u00e9trage de Laurent Micheli, Lola vers la mer, que le Jury du 8e Prix Cinevox a choisi de remettre son prix \u00e0 l&rsquo;occasion de la 34e \u00e9dition du Festival International du Film Francophone de Namur. Le jury a \u00e9t\u00e9 s\u00e9duit par la proposition de cin\u00e9ma de ce film incarn\u00e9 avec &hellip;\" \/>\n<meta property=\"og:url\" content=\"https:\/\/welovecinema.be\/fr\/lola-vers-la-mer-prix-cinevox-2019\/\" \/>\n<meta property=\"og:site_name\" content=\"We Love Cinema\" \/>\n<meta property=\"article:publisher\" content=\"https:\/\/www.facebook.com\/welovecinema.be\" \/>\n<meta property=\"article:published_time\" content=\"2019-10-03T18:52:28+00:00\" \/>\n<meta property=\"article:modified_time\" content=\"2019-10-04T18:47:41+00:00\" \/>\n<meta property=\"og:image\" content=\"https:\/\/welovecinema.be\/wp-content\/uploads\/sites\/2\/2019\/08\/LolaVersLaMer.jpg\" \/>\n\t<meta property=\"og:image:width\" content=\"1600\" \/>\n\t<meta property=\"og:image:height\" content=\"1194\" \/>\n\t<meta property=\"og:image:type\" content=\"image\/jpeg\" \/>\n<meta name=\"author\" content=\"Aurore Engelen\" \/>\n<meta name=\"twitter:card\" content=\"summary_large_image\" \/>\n<meta name=\"twitter:label1\" content=\"\u00c9crit par\" \/>\n\t<meta name=\"twitter:data1\" content=\"Aurore Engelen\" \/>\n\t<meta name=\"twitter:label2\" content=\"Dur\u00e9e de lecture estim\u00e9e\" \/>\n\t<meta name=\"twitter:data2\" content=\"1 minute\" \/>\n<script type=\"application\/ld+json\" class=\"yoast-schema-graph\">{\"@context\":\"https:\/\/schema.org\",\"@graph\":[{\"@type\":\"Article\",\"@id\":\"https:\/\/welovecinema.be\/fr\/lola-vers-la-mer-prix-cinevox-2019\/#article\",\"isPartOf\":{\"@id\":\"https:\/\/welovecinema.be\/fr\/lola-vers-la-mer-prix-cinevox-2019\/\"},\"author\":{\"name\":\"Aurore Engelen\",\"@id\":\"https:\/\/welovecinema.be\/nl\/#\/schema\/person\/8084b68c6b176142d073695c654dc7cf\"},\"headline\":\"\u00ab\u00a0Lola vers la mer\u00a0\u00bb, Prix Cinevox 2019\",\"datePublished\":\"2019-10-03T18:52:28+00:00\",\"dateModified\":\"2019-10-04T18:47:41+00:00\",\"mainEntityOfPage\":{\"@id\":\"https:\/\/welovecinema.be\/fr\/lola-vers-la-mer-prix-cinevox-2019\/\"},\"wordCount\":271,\"publisher\":{\"@id\":\"https:\/\/welovecinema.be\/nl\/#organization\"},\"keywords\":[\"Laurent Micheli\",\"Lola vers la mer\",\"newsletter\",\"Prix Cinevox\"],\"articleSection\":[\"Evenements\"],\"inLanguage\":\"fr-FR\"},{\"@type\":\"WebPage\",\"@id\":\"https:\/\/welovecinema.be\/fr\/lola-vers-la-mer-prix-cinevox-2019\/\",\"url\":\"https:\/\/welovecinema.be\/fr\/lola-vers-la-mer-prix-cinevox-2019\/\",\"name\":\"\\\"Lola vers la mer\\\", Prix Cinevox 2019 - We Love Cinema\",\"isPartOf\":{\"@id\":\"https:\/\/welovecinema.be\/nl\/#website\"},\"datePublished\":\"2019-10-03T18:52:28+00:00\",\"dateModified\":\"2019-10-04T18:47:41+00:00\",\"breadcrumb\":{\"@id\":\"https:\/\/welovecinema.be\/fr\/lola-vers-la-mer-prix-cinevox-2019\/#breadcrumb\"},\"inLanguage\":\"fr-FR\",\"potentialAction\":[{\"@type\":\"ReadAction\",\"target\":[\"https:\/\/welovecinema.be\/fr\/lola-vers-la-mer-prix-cinevox-2019\/\"]}]},{\"@type\":\"BreadcrumbList\",\"@id\":\"https:\/\/welovecinema.be\/fr\/lola-vers-la-mer-prix-cinevox-2019\/#breadcrumb\",\"itemListElement\":[{\"@type\":\"ListItem\",\"position\":1,\"name\":\"Accueil\",\"item\":\"https:\/\/welovecinema.be\/fr\/\"},{\"@type\":\"ListItem\",\"position\":2,\"name\":\"\u00ab\u00a0Lola vers la mer\u00a0\u00bb, Prix Cinevox 2019\"}]},{\"@type\":\"WebSite\",\"@id\":\"https:\/\/welovecinema.be\/nl\/#website\",\"url\":\"https:\/\/welovecinema.be\/nl\/\",\"name\":\"We Love Cinema\",\"description\":\"Toute l\u2019information du cin\u00e9ma en Belgique\",\"publisher\":{\"@id\":\"https:\/\/welovecinema.be\/nl\/#organization\"},\"potentialAction\":[{\"@type\":\"SearchAction\",\"target\":{\"@type\":\"EntryPoint\",\"urlTemplate\":\"https:\/\/welovecinema.be\/nl\/?s={search_term_string}\"},\"query-input\":\"required name=search_term_string\"}],\"inLanguage\":\"fr-FR\"},{\"@type\":\"Organization\",\"@id\":\"https:\/\/welovecinema.be\/nl\/#organization\",\"name\":\"We Love Cinema\",\"url\":\"https:\/\/welovecinema.be\/nl\/\",\"logo\":{\"@type\":\"ImageObject\",\"inLanguage\":\"fr-FR\",\"@id\":\"https:\/\/welovecinema.be\/nl\/#\/schema\/logo\/image\/\",\"url\":\"https:\/\/welovecinema.be\/wp-content\/uploads\/sites\/2\/2023\/03\/Logo-We-Love-Cinema305x128.jpg\",\"contentUrl\":\"https:\/\/welovecinema.be\/wp-content\/uploads\/sites\/2\/2023\/03\/Logo-We-Love-Cinema305x128.jpg\",\"width\":305,\"height\":128,\"caption\":\"We Love Cinema\"},\"image\":{\"@id\":\"https:\/\/welovecinema.be\/nl\/#\/schema\/logo\/image\/\"},\"sameAs\":[\"https:\/\/www.facebook.com\/welovecinema.be\",\"https:\/\/www.youtube.com\/channel\/UCX5LYGVhnKvYauW4Nta4HJA\",\"https:\/\/www.instagram.com\/welovecinema.be\/\"]},{\"@type\":\"Person\",\"@id\":\"https:\/\/welovecinema.be\/nl\/#\/schema\/person\/8084b68c6b176142d073695c654dc7cf\",\"name\":\"Aurore Engelen\",\"url\":\"https:\/\/welovecinema.be\/fr\/author\/aurore-engelen\/\"}]}<\/script>\n<!-- \/ Yoast SEO plugin. -->","yoast_head_json":{"title":"\"Lola vers la mer\", Prix Cinevox 2019 - We Love Cinema","robots":{"index":"index","follow":"follow","max-snippet":"max-snippet:-1","max-image-preview":"max-image-preview:large","max-video-preview":"max-video-preview:-1"},"canonical":"https:\/\/welovecinema.be\/fr\/lola-vers-la-mer-prix-cinevox-2019\/","og_locale":"fr_FR","og_type":"article","og_title":"\"Lola vers la mer\", Prix Cinevox 2019 - We Love Cinema","og_description":"C&rsquo;est donc au nouveau long m\u00e9trage de Laurent Micheli, Lola vers la mer, que le Jury du 8e Prix Cinevox a choisi de remettre son prix \u00e0 l&rsquo;occasion de la 34e \u00e9dition du Festival International du Film Francophone de Namur. Le jury a \u00e9t\u00e9 s\u00e9duit par la proposition de cin\u00e9ma de ce film incarn\u00e9 avec &hellip;","og_url":"https:\/\/welovecinema.be\/fr\/lola-vers-la-mer-prix-cinevox-2019\/","og_site_name":"We Love Cinema","article_publisher":"https:\/\/www.facebook.com\/welovecinema.be","article_published_time":"2019-10-03T18:52:28+00:00","article_modified_time":"2019-10-04T18:47:41+00:00","og_image":[{"width":1600,"height":1194,"url":"https:\/\/welovecinema.be\/wp-content\/uploads\/sites\/2\/2019\/08\/LolaVersLaMer.jpg","type":"image\/jpeg"}],"author":"Aurore Engelen","twitter_card":"summary_large_image","twitter_misc":{"\u00c9crit par":"Aurore Engelen","Dur\u00e9e de lecture estim\u00e9e":"1 minute"},"schema":{"@context":"https:\/\/schema.org","@graph":[{"@type":"Article","@id":"https:\/\/welovecinema.be\/fr\/lola-vers-la-mer-prix-cinevox-2019\/#article","isPartOf":{"@id":"https:\/\/welovecinema.be\/fr\/lola-vers-la-mer-prix-cinevox-2019\/"},"author":{"name":"Aurore Engelen","@id":"https:\/\/welovecinema.be\/nl\/#\/schema\/person\/8084b68c6b176142d073695c654dc7cf"},"headline":"\u00ab\u00a0Lola vers la mer\u00a0\u00bb, Prix Cinevox 2019","datePublished":"2019-10-03T18:52:28+00:00","dateModified":"2019-10-04T18:47:41+00:00","mainEntityOfPage":{"@id":"https:\/\/welovecinema.be\/fr\/lola-vers-la-mer-prix-cinevox-2019\/"},"wordCount":271,"publisher":{"@id":"https:\/\/welovecinema.be\/nl\/#organization"},"keywords":["Laurent Micheli","Lola vers la mer","newsletter","Prix Cinevox"],"articleSection":["Evenements"],"inLanguage":"fr-FR"},{"@type":"WebPage","@id":"https:\/\/welovecinema.be\/fr\/lola-vers-la-mer-prix-cinevox-2019\/","url":"https:\/\/welovecinema.be\/fr\/lola-vers-la-mer-prix-cinevox-2019\/","name":"\"Lola vers la mer\", Prix Cinevox 2019 - We Love Cinema","isPartOf":{"@id":"https:\/\/welovecinema.be\/nl\/#website"},"datePublished":"2019-10-03T18:52:28+00:00","dateModified":"2019-10-04T18:47:41+00:00","breadcrumb":{"@id":"https:\/\/welovecinema.be\/fr\/lola-vers-la-mer-prix-cinevox-2019\/#breadcrumb"},"inLanguage":"fr-FR","potentialAction":[{"@type":"ReadAction","target":["https:\/\/welovecinema.be\/fr\/lola-vers-la-mer-prix-cinevox-2019\/"]}]},{"@type":"BreadcrumbList","@id":"https:\/\/welovecinema.be\/fr\/lola-vers-la-mer-prix-cinevox-2019\/#breadcrumb","itemListElement":[{"@type":"ListItem","position":1,"name":"Accueil","item":"https:\/\/welovecinema.be\/fr\/"},{"@type":"ListItem","position":2,"name":"\u00ab\u00a0Lola vers la mer\u00a0\u00bb, Prix Cinevox 2019"}]},{"@type":"WebSite","@id":"https:\/\/welovecinema.be\/nl\/#website","url":"https:\/\/welovecinema.be\/nl\/","name":"We Love Cinema","description":"Toute l\u2019information du cin\u00e9ma en Belgique","publisher":{"@id":"https:\/\/welovecinema.be\/nl\/#organization"},"potentialAction":[{"@type":"SearchAction","target":{"@type":"EntryPoint","urlTemplate":"https:\/\/welovecinema.be\/nl\/?s={search_term_string}"},"query-input":"required name=search_term_string"}],"inLanguage":"fr-FR"},{"@type":"Organization","@id":"https:\/\/welovecinema.be\/nl\/#organization","name":"We Love Cinema","url":"https:\/\/welovecinema.be\/nl\/","logo":{"@type":"ImageObject","inLanguage":"fr-FR","@id":"https:\/\/welovecinema.be\/nl\/#\/schema\/logo\/image\/","url":"https:\/\/welovecinema.be\/wp-content\/uploads\/sites\/2\/2023\/03\/Logo-We-Love-Cinema305x128.jpg","contentUrl":"https:\/\/welovecinema.be\/wp-content\/uploads\/sites\/2\/2023\/03\/Logo-We-Love-Cinema305x128.jpg","width":305,"height":128,"caption":"We Love Cinema"},"image":{"@id":"https:\/\/welovecinema.be\/nl\/#\/schema\/logo\/image\/"},"sameAs":["https:\/\/www.facebook.com\/welovecinema.be","https:\/\/www.youtube.com\/channel\/UCX5LYGVhnKvYauW4Nta4HJA","https:\/\/www.instagram.com\/welovecinema.be\/"]},{"@type":"Person","@id":"https:\/\/welovecinema.be\/nl\/#\/schema\/person\/8084b68c6b176142d073695c654dc7cf","name":"Aurore Engelen","url":"https:\/\/welovecinema.be\/fr\/author\/aurore-engelen\/"}]}},"_links":{"self":[{"href":"https:\/\/welovecinema.be\/fr\/wp-json\/wp\/v2\/posts\/223691","targetHints":{"allow":["GET"]}}],"collection":[{"href":"https:\/\/welovecinema.be\/fr\/wp-json\/wp\/v2\/posts"}],"about":[{"href":"https:\/\/welovecinema.be\/fr\/wp-json\/wp\/v2\/types\/post"}],"author":[{"embeddable":true,"href":"https:\/\/welovecinema.be\/fr\/wp-json\/wp\/v2\/users\/343"}],"replies":[{"embeddable":true,"href":"https:\/\/welovecinema.be\/fr\/wp-json\/wp\/v2\/comments?post=223691"}],"version-history":[{"count":0,"href":"https:\/\/welovecinema.be\/fr\/wp-json\/wp\/v2\/posts\/223691\/revisions"}],"wp:featuredmedia":[{"embeddable":true,"href":"https:\/\/welovecinema.be\/fr\/wp-json\/wp\/v2\/media\/221760"}],"wp:attachment":[{"href":"https:\/\/welovecinema.be\/fr\/wp-json\/wp\/v2\/media?parent=223691"}],"wp:term":[{"taxonomy":"category","embeddable":true,"href":"https:\/\/welovecinema.be\/fr\/wp-json\/wp\/v2\/categories?post=223691"},{"taxonomy":"post_tag","embeddable":true,"href":"https:\/\/welovecinema.be\/fr\/wp-json\/wp\/v2\/tags?post=223691"}],"curies":[{"name":"wp","href":"https:\/\/api.w.org\/{rel}","templated":true}]}}