{"id":223658,"date":"2019-10-03T10:41:58","date_gmt":"2019-10-03T08:41:58","guid":{"rendered":"https:\/\/www.cinevox.be\/?p=223658"},"modified":"2019-10-03T10:43:16","modified_gmt":"2019-10-03T08:43:16","slug":"tout-court-capote-percee-et-etreintes","status":"publish","type":"post","link":"https:\/\/welovecinema.be\/fr\/tout-court-capote-percee-et-etreintes\/","title":{"rendered":"Tout court: \u00ab\u00a0Capote Perc\u00e9e\u00a0\u00bb et \u00ab\u00a0Etreintes\u00a0\u00bb"},"content":{"rendered":"<p><strong>Au programme de Tout Court cette semaine d\u00e8s 23h05 sur La Trois, deux in\u00e9dits, dont le film belge <em>Capote Perc\u00e9e<\/em>, p\u00e9pite pop et \u00e9tonnante d&rsquo;Adriana Da Fonseca.<\/strong><\/p>\n<hr \/>\n<h4><em><strong>Capote perc\u00e9e<\/strong><\/em> d&rsquo;Adriana Da Fonseca<\/h4>\n<p>Pour tous dans la cour de r\u00e9cr\u00e9ation, Fran\u00e7oise est \u00ab\u00a0Capote perc\u00e9e\u00a0\u00bb; mais au fond de son c\u0153ur elle sait que, quelque part de l&rsquo;autre c\u00f4t\u00e9 de l&rsquo;arc en ciel, les soucis fondent comme des gouttes de jus de citron&#8230;<\/p>\n<p><em>Avec Adriana da Fonseca,\u00a0Jeremy Gendrot,\u00a0Severine Porzio,\u00a0Viviane Thiebaut,\u00a0Pascaline Cr\u00eavecoeur,\u00a0Judith Williquet<\/em><\/p>\n<p><iframe loading=\"lazy\" title=\"CAPOTE PERC\u00c9E trailer\" src=\"https:\/\/player.vimeo.com\/video\/266728097?dnt=1&amp;app_id=122963\" width=\"618\" height=\"259\" frameborder=\"0\" allow=\"autoplay; fullscreen; picture-in-picture; clipboard-write; encrypted-media\"><\/iframe><\/p>\n<hr \/>\n<h4><em><strong>Etreintes<\/strong><\/em> de Justine Vuylsteker<\/h4>\n<section id=\"synopsis\" class=\"section \" data-poids=\"\" data-open-md=\"true\" data-open-lg=\"true\" data-prepend=\"\" data-bloc-inscription=\"\" data-fullscreen=\"\" data-open-xs=\"true\" data-open-sm=\"true\">\n<div class=\"section-content collapse in\" aria-expanded=\"true\">\n<div class=\"section-content-inner\">\n<div>\n<p>Debout face \u00e0 la fen\u00eatre ouverte, une femme regarde les nuages noirs qui obscurcissent l&rsquo;horizon. Immobile, elle lutte contre la remont\u00e9e de ses souvenirs. Dans les nuages, un corps-\u00e0-corps passionn\u00e9 se dessine.<\/p>\n<p><iframe loading=\"lazy\" title=\"&quot;Etreintes&quot;, de Justine Vuylsteker - Extrait\" width=\"618\" height=\"348\" src=\"https:\/\/www.youtube.com\/embed\/SInt4pIzN7E?feature=oembed\" frameborder=\"0\" allow=\"accelerometer; autoplay; clipboard-write; encrypted-media; gyroscope; picture-in-picture; web-share\" referrerpolicy=\"strict-origin-when-cross-origin\" allowfullscreen><\/iframe><\/p>\n<\/div>\n<\/div>\n<\/div>\n<\/section>\n","protected":false},"excerpt":{"rendered":"<p>Au programme de Tout Court cette semaine d\u00e8s 23h05 sur La Trois, deux in\u00e9dits, dont le film belge Capote Perc\u00e9e, p\u00e9pite pop et \u00e9tonnante d&rsquo;Adriana Da Fonseca. Capote perc\u00e9e d&rsquo;Adriana Da Fonseca Pour tous dans la cour de r\u00e9cr\u00e9ation, Fran\u00e7oise est \u00ab\u00a0Capote perc\u00e9e\u00a0\u00bb; mais au fond de son c\u0153ur elle sait que, quelque part de &hellip;<\/p>\n","protected":false},"author":343,"featured_media":223662,"comment_status":"closed","ping_status":"closed","sticky":false,"template":"","format":"standard","meta":{"ngg_post_thumbnail":0,"footnotes":""},"categories":[14],"tags":[],"class_list":["post-223658","post","type-post","status-publish","format-standard","has-post-thumbnail","","category-home-cinema"],"yoast_head":"<!-- This site is optimized with the Yoast SEO plugin v20.4 - https:\/\/yoast.com\/wordpress\/plugins\/seo\/ -->\n<title>Tout court: &quot;Capote Perc\u00e9e&quot; et &quot;Etreintes&quot; - We Love Cinema<\/title>\n<meta name=\"robots\" content=\"index, follow, max-snippet:-1, max-image-preview:large, max-video-preview:-1\" \/>\n<link rel=\"canonical\" href=\"https:\/\/welovecinema.be\/fr\/tout-court-capote-percee-et-etreintes\/\" \/>\n<meta property=\"og:locale\" content=\"fr_FR\" \/>\n<meta property=\"og:type\" content=\"article\" \/>\n<meta property=\"og:title\" content=\"Tout court: &quot;Capote Perc\u00e9e&quot; et &quot;Etreintes&quot; - We Love Cinema\" \/>\n<meta property=\"og:description\" content=\"Au programme de Tout Court cette semaine d\u00e8s 23h05 sur La Trois, deux in\u00e9dits, dont le film belge Capote Perc\u00e9e, p\u00e9pite pop et \u00e9tonnante d&rsquo;Adriana Da Fonseca. Capote perc\u00e9e d&rsquo;Adriana Da Fonseca Pour tous dans la cour de r\u00e9cr\u00e9ation, Fran\u00e7oise est \u00ab\u00a0Capote perc\u00e9e\u00a0\u00bb; mais au fond de son c\u0153ur elle sait que, quelque part de &hellip;\" \/>\n<meta property=\"og:url\" content=\"https:\/\/welovecinema.be\/fr\/tout-court-capote-percee-et-etreintes\/\" \/>\n<meta property=\"og:site_name\" content=\"We Love Cinema\" \/>\n<meta property=\"article:publisher\" content=\"https:\/\/www.facebook.com\/welovecinema.be\" \/>\n<meta property=\"article:published_time\" content=\"2019-10-03T08:41:58+00:00\" \/>\n<meta property=\"article:modified_time\" content=\"2019-10-03T08:43:16+00:00\" \/>\n<meta property=\"og:image\" content=\"https:\/\/welovecinema.be\/wp-content\/uploads\/sites\/2\/2019\/10\/Nationale-Capote-perce\u0301e.jpg\" \/>\n\t<meta property=\"og:image:width\" content=\"420\" \/>\n\t<meta property=\"og:image:height\" content=\"240\" \/>\n\t<meta property=\"og:image:type\" content=\"image\/jpeg\" \/>\n<meta name=\"author\" content=\"Aurore Engelen\" \/>\n<meta name=\"twitter:card\" content=\"summary_large_image\" \/>\n<meta name=\"twitter:label1\" content=\"\u00c9crit par\" \/>\n\t<meta name=\"twitter:data1\" content=\"Aurore Engelen\" \/>\n\t<meta name=\"twitter:label2\" content=\"Dur\u00e9e de lecture estim\u00e9e\" \/>\n\t<meta name=\"twitter:data2\" content=\"1 minute\" \/>\n<script type=\"application\/ld+json\" class=\"yoast-schema-graph\">{\"@context\":\"https:\/\/schema.org\",\"@graph\":[{\"@type\":\"Article\",\"@id\":\"https:\/\/welovecinema.be\/fr\/tout-court-capote-percee-et-etreintes\/#article\",\"isPartOf\":{\"@id\":\"https:\/\/welovecinema.be\/fr\/tout-court-capote-percee-et-etreintes\/\"},\"author\":{\"name\":\"Aurore Engelen\",\"@id\":\"https:\/\/welovecinema.be\/nl\/#\/schema\/person\/8084b68c6b176142d073695c654dc7cf\"},\"headline\":\"Tout court: \u00ab\u00a0Capote Perc\u00e9e\u00a0\u00bb et \u00ab\u00a0Etreintes\u00a0\u00bb\",\"datePublished\":\"2019-10-03T08:41:58+00:00\",\"dateModified\":\"2019-10-03T08:43:16+00:00\",\"mainEntityOfPage\":{\"@id\":\"https:\/\/welovecinema.be\/fr\/tout-court-capote-percee-et-etreintes\/\"},\"wordCount\":156,\"publisher\":{\"@id\":\"https:\/\/welovecinema.be\/nl\/#organization\"},\"articleSection\":[\"Plateau t\u00e9l\u00e9\"],\"inLanguage\":\"fr-FR\"},{\"@type\":\"WebPage\",\"@id\":\"https:\/\/welovecinema.be\/fr\/tout-court-capote-percee-et-etreintes\/\",\"url\":\"https:\/\/welovecinema.be\/fr\/tout-court-capote-percee-et-etreintes\/\",\"name\":\"Tout court: \\\"Capote Perc\u00e9e\\\" et \\\"Etreintes\\\" - We Love Cinema\",\"isPartOf\":{\"@id\":\"https:\/\/welovecinema.be\/nl\/#website\"},\"datePublished\":\"2019-10-03T08:41:58+00:00\",\"dateModified\":\"2019-10-03T08:43:16+00:00\",\"breadcrumb\":{\"@id\":\"https:\/\/welovecinema.be\/fr\/tout-court-capote-percee-et-etreintes\/#breadcrumb\"},\"inLanguage\":\"fr-FR\",\"potentialAction\":[{\"@type\":\"ReadAction\",\"target\":[\"https:\/\/welovecinema.be\/fr\/tout-court-capote-percee-et-etreintes\/\"]}]},{\"@type\":\"BreadcrumbList\",\"@id\":\"https:\/\/welovecinema.be\/fr\/tout-court-capote-percee-et-etreintes\/#breadcrumb\",\"itemListElement\":[{\"@type\":\"ListItem\",\"position\":1,\"name\":\"Accueil\",\"item\":\"https:\/\/welovecinema.be\/fr\/\"},{\"@type\":\"ListItem\",\"position\":2,\"name\":\"Tout court: \u00ab\u00a0Capote Perc\u00e9e\u00a0\u00bb et \u00ab\u00a0Etreintes\u00a0\u00bb\"}]},{\"@type\":\"WebSite\",\"@id\":\"https:\/\/welovecinema.be\/nl\/#website\",\"url\":\"https:\/\/welovecinema.be\/nl\/\",\"name\":\"We Love Cinema\",\"description\":\"Toute l\u2019information du cin\u00e9ma en Belgique\",\"publisher\":{\"@id\":\"https:\/\/welovecinema.be\/nl\/#organization\"},\"potentialAction\":[{\"@type\":\"SearchAction\",\"target\":{\"@type\":\"EntryPoint\",\"urlTemplate\":\"https:\/\/welovecinema.be\/nl\/?s={search_term_string}\"},\"query-input\":\"required name=search_term_string\"}],\"inLanguage\":\"fr-FR\"},{\"@type\":\"Organization\",\"@id\":\"https:\/\/welovecinema.be\/nl\/#organization\",\"name\":\"We Love Cinema\",\"url\":\"https:\/\/welovecinema.be\/nl\/\",\"logo\":{\"@type\":\"ImageObject\",\"inLanguage\":\"fr-FR\",\"@id\":\"https:\/\/welovecinema.be\/nl\/#\/schema\/logo\/image\/\",\"url\":\"https:\/\/welovecinema.be\/wp-content\/uploads\/sites\/2\/2023\/03\/Logo-We-Love-Cinema305x128.jpg\",\"contentUrl\":\"https:\/\/welovecinema.be\/wp-content\/uploads\/sites\/2\/2023\/03\/Logo-We-Love-Cinema305x128.jpg\",\"width\":305,\"height\":128,\"caption\":\"We Love Cinema\"},\"image\":{\"@id\":\"https:\/\/welovecinema.be\/nl\/#\/schema\/logo\/image\/\"},\"sameAs\":[\"https:\/\/www.facebook.com\/welovecinema.be\",\"https:\/\/www.youtube.com\/channel\/UCX5LYGVhnKvYauW4Nta4HJA\",\"https:\/\/www.instagram.com\/welovecinema.be\/\"]},{\"@type\":\"Person\",\"@id\":\"https:\/\/welovecinema.be\/nl\/#\/schema\/person\/8084b68c6b176142d073695c654dc7cf\",\"name\":\"Aurore Engelen\",\"url\":\"https:\/\/welovecinema.be\/fr\/author\/aurore-engelen\/\"}]}<\/script>\n<!-- \/ Yoast SEO plugin. -->","yoast_head_json":{"title":"Tout court: \"Capote Perc\u00e9e\" et \"Etreintes\" - We Love Cinema","robots":{"index":"index","follow":"follow","max-snippet":"max-snippet:-1","max-image-preview":"max-image-preview:large","max-video-preview":"max-video-preview:-1"},"canonical":"https:\/\/welovecinema.be\/fr\/tout-court-capote-percee-et-etreintes\/","og_locale":"fr_FR","og_type":"article","og_title":"Tout court: \"Capote Perc\u00e9e\" et \"Etreintes\" - We Love Cinema","og_description":"Au programme de Tout Court cette semaine d\u00e8s 23h05 sur La Trois, deux in\u00e9dits, dont le film belge Capote Perc\u00e9e, p\u00e9pite pop et \u00e9tonnante d&rsquo;Adriana Da Fonseca. Capote perc\u00e9e d&rsquo;Adriana Da Fonseca Pour tous dans la cour de r\u00e9cr\u00e9ation, Fran\u00e7oise est \u00ab\u00a0Capote perc\u00e9e\u00a0\u00bb; mais au fond de son c\u0153ur elle sait que, quelque part de &hellip;","og_url":"https:\/\/welovecinema.be\/fr\/tout-court-capote-percee-et-etreintes\/","og_site_name":"We Love Cinema","article_publisher":"https:\/\/www.facebook.com\/welovecinema.be","article_published_time":"2019-10-03T08:41:58+00:00","article_modified_time":"2019-10-03T08:43:16+00:00","og_image":[{"width":420,"height":240,"url":"https:\/\/welovecinema.be\/wp-content\/uploads\/sites\/2\/2019\/10\/Nationale-Capote-perce\u0301e.jpg","type":"image\/jpeg"}],"author":"Aurore Engelen","twitter_card":"summary_large_image","twitter_misc":{"\u00c9crit par":"Aurore Engelen","Dur\u00e9e de lecture estim\u00e9e":"1 minute"},"schema":{"@context":"https:\/\/schema.org","@graph":[{"@type":"Article","@id":"https:\/\/welovecinema.be\/fr\/tout-court-capote-percee-et-etreintes\/#article","isPartOf":{"@id":"https:\/\/welovecinema.be\/fr\/tout-court-capote-percee-et-etreintes\/"},"author":{"name":"Aurore Engelen","@id":"https:\/\/welovecinema.be\/nl\/#\/schema\/person\/8084b68c6b176142d073695c654dc7cf"},"headline":"Tout court: \u00ab\u00a0Capote Perc\u00e9e\u00a0\u00bb et \u00ab\u00a0Etreintes\u00a0\u00bb","datePublished":"2019-10-03T08:41:58+00:00","dateModified":"2019-10-03T08:43:16+00:00","mainEntityOfPage":{"@id":"https:\/\/welovecinema.be\/fr\/tout-court-capote-percee-et-etreintes\/"},"wordCount":156,"publisher":{"@id":"https:\/\/welovecinema.be\/nl\/#organization"},"articleSection":["Plateau t\u00e9l\u00e9"],"inLanguage":"fr-FR"},{"@type":"WebPage","@id":"https:\/\/welovecinema.be\/fr\/tout-court-capote-percee-et-etreintes\/","url":"https:\/\/welovecinema.be\/fr\/tout-court-capote-percee-et-etreintes\/","name":"Tout court: \"Capote Perc\u00e9e\" et \"Etreintes\" - We Love Cinema","isPartOf":{"@id":"https:\/\/welovecinema.be\/nl\/#website"},"datePublished":"2019-10-03T08:41:58+00:00","dateModified":"2019-10-03T08:43:16+00:00","breadcrumb":{"@id":"https:\/\/welovecinema.be\/fr\/tout-court-capote-percee-et-etreintes\/#breadcrumb"},"inLanguage":"fr-FR","potentialAction":[{"@type":"ReadAction","target":["https:\/\/welovecinema.be\/fr\/tout-court-capote-percee-et-etreintes\/"]}]},{"@type":"BreadcrumbList","@id":"https:\/\/welovecinema.be\/fr\/tout-court-capote-percee-et-etreintes\/#breadcrumb","itemListElement":[{"@type":"ListItem","position":1,"name":"Accueil","item":"https:\/\/welovecinema.be\/fr\/"},{"@type":"ListItem","position":2,"name":"Tout court: \u00ab\u00a0Capote Perc\u00e9e\u00a0\u00bb et \u00ab\u00a0Etreintes\u00a0\u00bb"}]},{"@type":"WebSite","@id":"https:\/\/welovecinema.be\/nl\/#website","url":"https:\/\/welovecinema.be\/nl\/","name":"We Love Cinema","description":"Toute l\u2019information du cin\u00e9ma en Belgique","publisher":{"@id":"https:\/\/welovecinema.be\/nl\/#organization"},"potentialAction":[{"@type":"SearchAction","target":{"@type":"EntryPoint","urlTemplate":"https:\/\/welovecinema.be\/nl\/?s={search_term_string}"},"query-input":"required name=search_term_string"}],"inLanguage":"fr-FR"},{"@type":"Organization","@id":"https:\/\/welovecinema.be\/nl\/#organization","name":"We Love Cinema","url":"https:\/\/welovecinema.be\/nl\/","logo":{"@type":"ImageObject","inLanguage":"fr-FR","@id":"https:\/\/welovecinema.be\/nl\/#\/schema\/logo\/image\/","url":"https:\/\/welovecinema.be\/wp-content\/uploads\/sites\/2\/2023\/03\/Logo-We-Love-Cinema305x128.jpg","contentUrl":"https:\/\/welovecinema.be\/wp-content\/uploads\/sites\/2\/2023\/03\/Logo-We-Love-Cinema305x128.jpg","width":305,"height":128,"caption":"We Love Cinema"},"image":{"@id":"https:\/\/welovecinema.be\/nl\/#\/schema\/logo\/image\/"},"sameAs":["https:\/\/www.facebook.com\/welovecinema.be","https:\/\/www.youtube.com\/channel\/UCX5LYGVhnKvYauW4Nta4HJA","https:\/\/www.instagram.com\/welovecinema.be\/"]},{"@type":"Person","@id":"https:\/\/welovecinema.be\/nl\/#\/schema\/person\/8084b68c6b176142d073695c654dc7cf","name":"Aurore Engelen","url":"https:\/\/welovecinema.be\/fr\/author\/aurore-engelen\/"}]}},"_links":{"self":[{"href":"https:\/\/welovecinema.be\/fr\/wp-json\/wp\/v2\/posts\/223658","targetHints":{"allow":["GET"]}}],"collection":[{"href":"https:\/\/welovecinema.be\/fr\/wp-json\/wp\/v2\/posts"}],"about":[{"href":"https:\/\/welovecinema.be\/fr\/wp-json\/wp\/v2\/types\/post"}],"author":[{"embeddable":true,"href":"https:\/\/welovecinema.be\/fr\/wp-json\/wp\/v2\/users\/343"}],"replies":[{"embeddable":true,"href":"https:\/\/welovecinema.be\/fr\/wp-json\/wp\/v2\/comments?post=223658"}],"version-history":[{"count":0,"href":"https:\/\/welovecinema.be\/fr\/wp-json\/wp\/v2\/posts\/223658\/revisions"}],"wp:featuredmedia":[{"embeddable":true,"href":"https:\/\/welovecinema.be\/fr\/wp-json\/wp\/v2\/media\/223662"}],"wp:attachment":[{"href":"https:\/\/welovecinema.be\/fr\/wp-json\/wp\/v2\/media?parent=223658"}],"wp:term":[{"taxonomy":"category","embeddable":true,"href":"https:\/\/welovecinema.be\/fr\/wp-json\/wp\/v2\/categories?post=223658"},{"taxonomy":"post_tag","embeddable":true,"href":"https:\/\/welovecinema.be\/fr\/wp-json\/wp\/v2\/tags?post=223658"}],"curies":[{"name":"wp","href":"https:\/\/api.w.org\/{rel}","templated":true}]}}