{"id":223606,"date":"2020-07-15T09:52:07","date_gmt":"2020-07-15T07:52:07","guid":{"rendered":"https:\/\/www.cinevox.be\/?p=223606"},"modified":"2020-07-16T10:06:53","modified_gmt":"2020-07-16T08:06:53","slug":"la-foret-de-mon-pere-a-la-folie","status":"publish","type":"post","link":"https:\/\/welovecinema.be\/fr\/la-foret-de-mon-pere-a-la-folie\/","title":{"rendered":"\u00ab\u00a0La For\u00eat de mon p\u00e8re\u00a0\u00bb: \u00e0 la folie"},"content":{"rendered":"<p class=\"p1\"><span class=\"s1\"><strong><i>La For\u00eat de mon p\u00e8re<\/i><\/strong><b> suit l&rsquo;itin\u00e9raire d&rsquo;une jeune fille qui confront\u00e9e \u00e0 la folie de son p\u00e8re, sur laquelle elle du mal \u00e0 mettre des mots, entre malgr\u00e9 elle dans l&rsquo;\u00e2ge adulte.<\/b><\/span><\/p>\n<p class=\"p1\"><span class=\"s1\">Gina, 15 ans, grandit dans une famille aimante en lisi\u00e8re de for\u00eat. Elle admire son p\u00e8re Jimmy, impr\u00e9visible et fantasque dont elle est pr\u00eate \u00e0 pardonner tous les exc\u00e8s. Jusqu\u2019au jour o\u00f9 la situation devient intenable : Jimmy bascule et le fragile \u00e9quilibre familial est rompu. Dans l\u2019incompr\u00e9hension et la r\u00e9volte, Gina s\u2019allie avec Nico, un adolescent de son quartier pour sauver son p\u00e8re.<\/span><\/p>\n<p class=\"p1\"><span class=\"s1\">Gina, aveugl\u00e9e par l&rsquo;amour filial, ne voit pas son p\u00e8re chavirer de la fantaisie \u00e0 la folie. Cette folie, qui semble douce aux yeux de Gina, s&rsquo;av\u00e8re destructrice, et bouleverse les fragiles liens qui l&rsquo;unissent \u00e0 sa femme et ses enfants. La m\u00e8re de Gina, percluse de responsabilit\u00e9s, \u00e9cras\u00e9e par la charge financi\u00e8re et mentale, doit malgr\u00e9 elle se r\u00e9soudre \u00e0 prendre une d\u00e9cision lourde qui va l&rsquo;\u00e9loigner de sa fille a\u00een\u00e9e pour mieux prot\u00e9ger la fratrie.<\/span><\/p>\n<p><img loading=\"lazy\" decoding=\"async\" class=\"alignnone size-large wp-image-223686\" src=\"https:\/\/www.cinevox.be\/wp-content\/uploads\/sites\/2\/2019\/10\/LaForetDeMonPere-800x422.jpg\" alt=\"\" width=\"618\" height=\"326\" srcset=\"https:\/\/welovecinema.be\/wp-content\/uploads\/sites\/2\/2019\/10\/LaForetDeMonPere-800x422.jpg 800w, https:\/\/welovecinema.be\/wp-content\/uploads\/sites\/2\/2019\/10\/LaForetDeMonPere-480x253.jpg 480w, https:\/\/welovecinema.be\/wp-content\/uploads\/sites\/2\/2019\/10\/LaForetDeMonPere-768x405.jpg 768w, https:\/\/welovecinema.be\/wp-content\/uploads\/sites\/2\/2019\/10\/LaForetDeMonPere-310x165.jpg 310w, https:\/\/welovecinema.be\/wp-content\/uploads\/sites\/2\/2019\/10\/LaForetDeMonPere.jpg 2048w\" sizes=\"auto, (max-width: 618px) 100vw, 618px\" \/><\/p>\n<p class=\"p1\"><span class=\"s1\">Gina va devoir rompre l&rsquo;Oedipe, et quitter l&rsquo;enfance plus vite que pr\u00e9vue. Aussi assiste-t-on presque \u00e0 son insu \u00e0 son \u00e9mancipation sentimentale, son cheminement inattendu vers son destin de femme. Elle trouve en Nico un autre alli\u00e9 masculin, non pas un rempla\u00e7ant, mais quelqu&rsquo;un qui lui permet d&rsquo;envisager diff\u00e9remment les rapports aux hommes.<\/span><\/p>\n<p class=\"p1\"><span class=\"s1\">Quand on a grandi avec la folie comme compagne, difficile de la dissocier de la normalit\u00e9. Gina va devoir sortir d\u2019elle-m\u00eame, sortir des limites de son jardin priv\u00e9, pour parvenir \u00e0 voir dans la for\u00eat de son p\u00e8re la lumi\u00e8re qui filtre \u00e0 travers la cime des arbres, mais aussi la noirceur qui tombe dans les sous-bois.<\/span><\/p>\n<p class=\"p1\"><span class=\"s1\">Au-del\u00e0 de cette relation p\u00e8re-fille vibrante, le film effleure \u00e9galement la question du statut social. Gina et sa famille habitent dans un HLM. On comprend que les fins de mois sont difficiles. Si la m\u00e8re semble avoir un emploi s\u00fbr, l&rsquo;impr\u00e9visibilit\u00e9 du p\u00e8re fragilise le m\u00e9nage. Mais la m\u00e8re n&rsquo;a pas n&rsquo;importe quel emploi. Elle est gouvernante d&rsquo;une famille (tr\u00e8s) ais\u00e9e. Gina, habitu\u00e9e \u00e0 la vie de quartier, va se retrouver confront\u00e9e malgr\u00e9 elle \u00e0 cette opulence, alors m\u00eame qu&rsquo;elle essaie de trouver sa place dans la soci\u00e9t\u00e9. Elle va devoir passer du r\u00f4le de fille, \u00e0 celui de femme, et se positionner.<\/span><\/p>\n<p><img loading=\"lazy\" decoding=\"async\" class=\"alignnone size-large wp-image-223688\" src=\"https:\/\/www.cinevox.be\/wp-content\/uploads\/sites\/2\/2019\/10\/La-Foret-De-Mon-Pere3-800x450.jpg\" alt=\"La-Foret-De-Mon-Pere3\" width=\"618\" height=\"348\" srcset=\"https:\/\/welovecinema.be\/wp-content\/uploads\/sites\/2\/2019\/10\/La-Foret-De-Mon-Pere3-800x450.jpg 800w, https:\/\/welovecinema.be\/wp-content\/uploads\/sites\/2\/2019\/10\/La-Foret-De-Mon-Pere3-200x113.jpg 200w, https:\/\/welovecinema.be\/wp-content\/uploads\/sites\/2\/2019\/10\/La-Foret-De-Mon-Pere3-480x270.jpg 480w, https:\/\/welovecinema.be\/wp-content\/uploads\/sites\/2\/2019\/10\/La-Foret-De-Mon-Pere3-768x432.jpg 768w, https:\/\/welovecinema.be\/wp-content\/uploads\/sites\/2\/2019\/10\/La-Foret-De-Mon-Pere3-599x337.jpg 599w, https:\/\/welovecinema.be\/wp-content\/uploads\/sites\/2\/2019\/10\/La-Foret-De-Mon-Pere3.jpg 1920w\" sizes=\"auto, (max-width: 618px) 100vw, 618px\" \/><\/p>\n<p class=\"p1\"><span class=\"s1\">\u00a0Ludivine Sagnier, qui incarne la maman de Gina, est \u00e0 la fois force et s\u00e9duction, lumi\u00e8re et d\u00e9termination. C&rsquo;est pour \u00e7a peut-\u00eatre qu&rsquo;elle a pu accompagner aussi longtemps l&rsquo;homme qu&rsquo;elle aime. Pour \u00e7a aussi qu&rsquo;accul\u00e9e, elle est en capacit\u00e9 de prendre une d\u00e9cision douloureuse et ali\u00e9nante, vis-\u00e0-vis de l&rsquo;amour de sa vie, incarn\u00e9 par Alban Lenoir, dont le regard \u00e9tincelle de folie. L\u00e9onie Souchaud offre sa spontan\u00e9it\u00e9 \u00e0 la prise de conscience de Gina, \u00e0 son <em>coming of age<\/em>, et Saskia Dillais De Melo et Mathis Bour, qui incarnent les jeunes fr\u00e8re et soeur de Gina, brillent aussi par leur pr\u00e9sence \u00e0 l\u2019\u00e9cran.<\/span><\/p>\n<p class=\"p1\"><span class=\"s1\"><em>La For\u00eat de mon p\u00e8re<\/em>, premier long m\u00e9trage de Vero Cratzborn, produit par Iota Production, est pr\u00e9sent\u00e9 ce soir au Festival de Namur dans la section \u00ab\u00a0Les P\u00e9pites\u00a0\u00bb. Il devrait sortir au printemps prochain en Belgique. <\/span><\/p>\n<p class=\"p1\"><span class=\"s1\">\u00a0<\/span><\/p>\n","protected":false},"excerpt":{"rendered":"<p>La For\u00eat de mon p\u00e8re suit l&rsquo;itin\u00e9raire d&rsquo;une jeune fille qui confront\u00e9e \u00e0 la folie de son p\u00e8re, sur laquelle elle du mal \u00e0 mettre des mots, entre malgr\u00e9 elle dans l&rsquo;\u00e2ge adulte. Gina, 15 ans, grandit dans une famille aimante en lisi\u00e8re de for\u00eat. Elle admire son p\u00e8re Jimmy, impr\u00e9visible et fantasque dont elle &hellip;<\/p>\n","protected":false},"author":343,"featured_media":223684,"comment_status":"closed","ping_status":"closed","sticky":false,"template":"","format":"standard","meta":{"ngg_post_thumbnail":0,"footnotes":""},"categories":[10],"tags":[4618,3949,4187,3709],"class_list":["post-223606","post","type-post","status-publish","format-standard","has-post-thumbnail","","category-a-l-affiche","tag-la-foret-de-mon-pere","tag-leonie-souchaud","tag-newsletter-fr","tag-vero-cratzborn"],"yoast_head":"<!-- This site is optimized with the Yoast SEO plugin v20.4 - https:\/\/yoast.com\/wordpress\/plugins\/seo\/ -->\n<title>&quot;La For\u00eat de mon p\u00e8re&quot;: \u00e0 la folie - We Love Cinema<\/title>\n<meta name=\"robots\" content=\"index, follow, max-snippet:-1, max-image-preview:large, max-video-preview:-1\" \/>\n<link rel=\"canonical\" href=\"https:\/\/welovecinema.be\/fr\/la-foret-de-mon-pere-a-la-folie\/\" \/>\n<meta property=\"og:locale\" content=\"fr_FR\" \/>\n<meta property=\"og:type\" content=\"article\" \/>\n<meta property=\"og:title\" content=\"&quot;La For\u00eat de mon p\u00e8re&quot;: \u00e0 la folie - We Love Cinema\" \/>\n<meta property=\"og:description\" content=\"La For\u00eat de mon p\u00e8re suit l&rsquo;itin\u00e9raire d&rsquo;une jeune fille qui confront\u00e9e \u00e0 la folie de son p\u00e8re, sur laquelle elle du mal \u00e0 mettre des mots, entre malgr\u00e9 elle dans l&rsquo;\u00e2ge adulte. Gina, 15 ans, grandit dans une famille aimante en lisi\u00e8re de for\u00eat. Elle admire son p\u00e8re Jimmy, impr\u00e9visible et fantasque dont elle &hellip;\" \/>\n<meta property=\"og:url\" content=\"https:\/\/welovecinema.be\/fr\/la-foret-de-mon-pere-a-la-folie\/\" \/>\n<meta property=\"og:site_name\" content=\"We Love Cinema\" \/>\n<meta property=\"article:publisher\" content=\"https:\/\/www.facebook.com\/welovecinema.be\" \/>\n<meta property=\"article:published_time\" content=\"2020-07-15T07:52:07+00:00\" \/>\n<meta property=\"article:modified_time\" content=\"2020-07-16T08:06:53+00:00\" \/>\n<meta property=\"og:image\" content=\"https:\/\/welovecinema.be\/wp-content\/uploads\/sites\/2\/2019\/10\/La-Foret-De-Mon-Pere2.jpg\" \/>\n\t<meta property=\"og:image:width\" content=\"2048\" \/>\n\t<meta property=\"og:image:height\" content=\"1080\" \/>\n\t<meta property=\"og:image:type\" content=\"image\/jpeg\" \/>\n<meta name=\"author\" content=\"Aurore Engelen\" \/>\n<meta name=\"twitter:card\" content=\"summary_large_image\" \/>\n<meta name=\"twitter:label1\" content=\"\u00c9crit par\" \/>\n\t<meta name=\"twitter:data1\" content=\"Aurore Engelen\" \/>\n\t<meta name=\"twitter:label2\" content=\"Dur\u00e9e de lecture estim\u00e9e\" \/>\n\t<meta name=\"twitter:data2\" content=\"3 minutes\" \/>\n<script type=\"application\/ld+json\" class=\"yoast-schema-graph\">{\"@context\":\"https:\/\/schema.org\",\"@graph\":[{\"@type\":\"Article\",\"@id\":\"https:\/\/welovecinema.be\/fr\/la-foret-de-mon-pere-a-la-folie\/#article\",\"isPartOf\":{\"@id\":\"https:\/\/welovecinema.be\/fr\/la-foret-de-mon-pere-a-la-folie\/\"},\"author\":{\"name\":\"Aurore Engelen\",\"@id\":\"https:\/\/welovecinema.be\/nl\/#\/schema\/person\/8084b68c6b176142d073695c654dc7cf\"},\"headline\":\"\u00ab\u00a0La For\u00eat de mon p\u00e8re\u00a0\u00bb: \u00e0 la folie\",\"datePublished\":\"2020-07-15T07:52:07+00:00\",\"dateModified\":\"2020-07-16T08:06:53+00:00\",\"mainEntityOfPage\":{\"@id\":\"https:\/\/welovecinema.be\/fr\/la-foret-de-mon-pere-a-la-folie\/\"},\"wordCount\":607,\"publisher\":{\"@id\":\"https:\/\/welovecinema.be\/nl\/#organization\"},\"keywords\":[\"La Foret de mon p\u00e8re\",\"L\u00e9onie Souchaud\",\"newsletter\",\"Vero Cratzborn\"],\"articleSection\":[\"A l'affiche\"],\"inLanguage\":\"fr-FR\"},{\"@type\":\"WebPage\",\"@id\":\"https:\/\/welovecinema.be\/fr\/la-foret-de-mon-pere-a-la-folie\/\",\"url\":\"https:\/\/welovecinema.be\/fr\/la-foret-de-mon-pere-a-la-folie\/\",\"name\":\"\\\"La For\u00eat de mon p\u00e8re\\\": \u00e0 la folie - We Love Cinema\",\"isPartOf\":{\"@id\":\"https:\/\/welovecinema.be\/nl\/#website\"},\"datePublished\":\"2020-07-15T07:52:07+00:00\",\"dateModified\":\"2020-07-16T08:06:53+00:00\",\"breadcrumb\":{\"@id\":\"https:\/\/welovecinema.be\/fr\/la-foret-de-mon-pere-a-la-folie\/#breadcrumb\"},\"inLanguage\":\"fr-FR\",\"potentialAction\":[{\"@type\":\"ReadAction\",\"target\":[\"https:\/\/welovecinema.be\/fr\/la-foret-de-mon-pere-a-la-folie\/\"]}]},{\"@type\":\"BreadcrumbList\",\"@id\":\"https:\/\/welovecinema.be\/fr\/la-foret-de-mon-pere-a-la-folie\/#breadcrumb\",\"itemListElement\":[{\"@type\":\"ListItem\",\"position\":1,\"name\":\"Accueil\",\"item\":\"https:\/\/welovecinema.be\/fr\/\"},{\"@type\":\"ListItem\",\"position\":2,\"name\":\"\u00ab\u00a0La For\u00eat de mon p\u00e8re\u00a0\u00bb: \u00e0 la folie\"}]},{\"@type\":\"WebSite\",\"@id\":\"https:\/\/welovecinema.be\/nl\/#website\",\"url\":\"https:\/\/welovecinema.be\/nl\/\",\"name\":\"We Love Cinema\",\"description\":\"Toute l\u2019information du cin\u00e9ma en Belgique\",\"publisher\":{\"@id\":\"https:\/\/welovecinema.be\/nl\/#organization\"},\"potentialAction\":[{\"@type\":\"SearchAction\",\"target\":{\"@type\":\"EntryPoint\",\"urlTemplate\":\"https:\/\/welovecinema.be\/nl\/?s={search_term_string}\"},\"query-input\":\"required name=search_term_string\"}],\"inLanguage\":\"fr-FR\"},{\"@type\":\"Organization\",\"@id\":\"https:\/\/welovecinema.be\/nl\/#organization\",\"name\":\"We Love Cinema\",\"url\":\"https:\/\/welovecinema.be\/nl\/\",\"logo\":{\"@type\":\"ImageObject\",\"inLanguage\":\"fr-FR\",\"@id\":\"https:\/\/welovecinema.be\/nl\/#\/schema\/logo\/image\/\",\"url\":\"https:\/\/welovecinema.be\/wp-content\/uploads\/sites\/2\/2023\/03\/Logo-We-Love-Cinema305x128.jpg\",\"contentUrl\":\"https:\/\/welovecinema.be\/wp-content\/uploads\/sites\/2\/2023\/03\/Logo-We-Love-Cinema305x128.jpg\",\"width\":305,\"height\":128,\"caption\":\"We Love Cinema\"},\"image\":{\"@id\":\"https:\/\/welovecinema.be\/nl\/#\/schema\/logo\/image\/\"},\"sameAs\":[\"https:\/\/www.facebook.com\/welovecinema.be\",\"https:\/\/www.youtube.com\/channel\/UCX5LYGVhnKvYauW4Nta4HJA\",\"https:\/\/www.instagram.com\/welovecinema.be\/\"]},{\"@type\":\"Person\",\"@id\":\"https:\/\/welovecinema.be\/nl\/#\/schema\/person\/8084b68c6b176142d073695c654dc7cf\",\"name\":\"Aurore Engelen\",\"url\":\"https:\/\/welovecinema.be\/fr\/author\/aurore-engelen\/\"}]}<\/script>\n<!-- \/ Yoast SEO plugin. -->","yoast_head_json":{"title":"\"La For\u00eat de mon p\u00e8re\": \u00e0 la folie - We Love Cinema","robots":{"index":"index","follow":"follow","max-snippet":"max-snippet:-1","max-image-preview":"max-image-preview:large","max-video-preview":"max-video-preview:-1"},"canonical":"https:\/\/welovecinema.be\/fr\/la-foret-de-mon-pere-a-la-folie\/","og_locale":"fr_FR","og_type":"article","og_title":"\"La For\u00eat de mon p\u00e8re\": \u00e0 la folie - We Love Cinema","og_description":"La For\u00eat de mon p\u00e8re suit l&rsquo;itin\u00e9raire d&rsquo;une jeune fille qui confront\u00e9e \u00e0 la folie de son p\u00e8re, sur laquelle elle du mal \u00e0 mettre des mots, entre malgr\u00e9 elle dans l&rsquo;\u00e2ge adulte. Gina, 15 ans, grandit dans une famille aimante en lisi\u00e8re de for\u00eat. Elle admire son p\u00e8re Jimmy, impr\u00e9visible et fantasque dont elle &hellip;","og_url":"https:\/\/welovecinema.be\/fr\/la-foret-de-mon-pere-a-la-folie\/","og_site_name":"We Love Cinema","article_publisher":"https:\/\/www.facebook.com\/welovecinema.be","article_published_time":"2020-07-15T07:52:07+00:00","article_modified_time":"2020-07-16T08:06:53+00:00","og_image":[{"width":2048,"height":1080,"url":"https:\/\/welovecinema.be\/wp-content\/uploads\/sites\/2\/2019\/10\/La-Foret-De-Mon-Pere2.jpg","type":"image\/jpeg"}],"author":"Aurore Engelen","twitter_card":"summary_large_image","twitter_misc":{"\u00c9crit par":"Aurore Engelen","Dur\u00e9e de lecture estim\u00e9e":"3 minutes"},"schema":{"@context":"https:\/\/schema.org","@graph":[{"@type":"Article","@id":"https:\/\/welovecinema.be\/fr\/la-foret-de-mon-pere-a-la-folie\/#article","isPartOf":{"@id":"https:\/\/welovecinema.be\/fr\/la-foret-de-mon-pere-a-la-folie\/"},"author":{"name":"Aurore Engelen","@id":"https:\/\/welovecinema.be\/nl\/#\/schema\/person\/8084b68c6b176142d073695c654dc7cf"},"headline":"\u00ab\u00a0La For\u00eat de mon p\u00e8re\u00a0\u00bb: \u00e0 la folie","datePublished":"2020-07-15T07:52:07+00:00","dateModified":"2020-07-16T08:06:53+00:00","mainEntityOfPage":{"@id":"https:\/\/welovecinema.be\/fr\/la-foret-de-mon-pere-a-la-folie\/"},"wordCount":607,"publisher":{"@id":"https:\/\/welovecinema.be\/nl\/#organization"},"keywords":["La Foret de mon p\u00e8re","L\u00e9onie Souchaud","newsletter","Vero Cratzborn"],"articleSection":["A l'affiche"],"inLanguage":"fr-FR"},{"@type":"WebPage","@id":"https:\/\/welovecinema.be\/fr\/la-foret-de-mon-pere-a-la-folie\/","url":"https:\/\/welovecinema.be\/fr\/la-foret-de-mon-pere-a-la-folie\/","name":"\"La For\u00eat de mon p\u00e8re\": \u00e0 la folie - We Love Cinema","isPartOf":{"@id":"https:\/\/welovecinema.be\/nl\/#website"},"datePublished":"2020-07-15T07:52:07+00:00","dateModified":"2020-07-16T08:06:53+00:00","breadcrumb":{"@id":"https:\/\/welovecinema.be\/fr\/la-foret-de-mon-pere-a-la-folie\/#breadcrumb"},"inLanguage":"fr-FR","potentialAction":[{"@type":"ReadAction","target":["https:\/\/welovecinema.be\/fr\/la-foret-de-mon-pere-a-la-folie\/"]}]},{"@type":"BreadcrumbList","@id":"https:\/\/welovecinema.be\/fr\/la-foret-de-mon-pere-a-la-folie\/#breadcrumb","itemListElement":[{"@type":"ListItem","position":1,"name":"Accueil","item":"https:\/\/welovecinema.be\/fr\/"},{"@type":"ListItem","position":2,"name":"\u00ab\u00a0La For\u00eat de mon p\u00e8re\u00a0\u00bb: \u00e0 la folie"}]},{"@type":"WebSite","@id":"https:\/\/welovecinema.be\/nl\/#website","url":"https:\/\/welovecinema.be\/nl\/","name":"We Love Cinema","description":"Toute l\u2019information du cin\u00e9ma en Belgique","publisher":{"@id":"https:\/\/welovecinema.be\/nl\/#organization"},"potentialAction":[{"@type":"SearchAction","target":{"@type":"EntryPoint","urlTemplate":"https:\/\/welovecinema.be\/nl\/?s={search_term_string}"},"query-input":"required name=search_term_string"}],"inLanguage":"fr-FR"},{"@type":"Organization","@id":"https:\/\/welovecinema.be\/nl\/#organization","name":"We Love Cinema","url":"https:\/\/welovecinema.be\/nl\/","logo":{"@type":"ImageObject","inLanguage":"fr-FR","@id":"https:\/\/welovecinema.be\/nl\/#\/schema\/logo\/image\/","url":"https:\/\/welovecinema.be\/wp-content\/uploads\/sites\/2\/2023\/03\/Logo-We-Love-Cinema305x128.jpg","contentUrl":"https:\/\/welovecinema.be\/wp-content\/uploads\/sites\/2\/2023\/03\/Logo-We-Love-Cinema305x128.jpg","width":305,"height":128,"caption":"We Love Cinema"},"image":{"@id":"https:\/\/welovecinema.be\/nl\/#\/schema\/logo\/image\/"},"sameAs":["https:\/\/www.facebook.com\/welovecinema.be","https:\/\/www.youtube.com\/channel\/UCX5LYGVhnKvYauW4Nta4HJA","https:\/\/www.instagram.com\/welovecinema.be\/"]},{"@type":"Person","@id":"https:\/\/welovecinema.be\/nl\/#\/schema\/person\/8084b68c6b176142d073695c654dc7cf","name":"Aurore Engelen","url":"https:\/\/welovecinema.be\/fr\/author\/aurore-engelen\/"}]}},"_links":{"self":[{"href":"https:\/\/welovecinema.be\/fr\/wp-json\/wp\/v2\/posts\/223606","targetHints":{"allow":["GET"]}}],"collection":[{"href":"https:\/\/welovecinema.be\/fr\/wp-json\/wp\/v2\/posts"}],"about":[{"href":"https:\/\/welovecinema.be\/fr\/wp-json\/wp\/v2\/types\/post"}],"author":[{"embeddable":true,"href":"https:\/\/welovecinema.be\/fr\/wp-json\/wp\/v2\/users\/343"}],"replies":[{"embeddable":true,"href":"https:\/\/welovecinema.be\/fr\/wp-json\/wp\/v2\/comments?post=223606"}],"version-history":[{"count":0,"href":"https:\/\/welovecinema.be\/fr\/wp-json\/wp\/v2\/posts\/223606\/revisions"}],"wp:featuredmedia":[{"embeddable":true,"href":"https:\/\/welovecinema.be\/fr\/wp-json\/wp\/v2\/media\/223684"}],"wp:attachment":[{"href":"https:\/\/welovecinema.be\/fr\/wp-json\/wp\/v2\/media?parent=223606"}],"wp:term":[{"taxonomy":"category","embeddable":true,"href":"https:\/\/welovecinema.be\/fr\/wp-json\/wp\/v2\/categories?post=223606"},{"taxonomy":"post_tag","embeddable":true,"href":"https:\/\/welovecinema.be\/fr\/wp-json\/wp\/v2\/tags?post=223606"}],"curies":[{"name":"wp","href":"https:\/\/api.w.org\/{rel}","templated":true}]}}