{"id":223592,"date":"2019-10-01T10:53:48","date_gmt":"2019-10-01T08:53:48","guid":{"rendered":"https:\/\/www.cinevox.be\/?p=223592"},"modified":"2019-10-01T10:53:48","modified_gmt":"2019-10-01T08:53:48","slug":"les-courts-belges-des-enfants-terribles","status":"publish","type":"post","link":"https:\/\/welovecinema.be\/fr\/les-courts-belges-des-enfants-terribles\/","title":{"rendered":"Les courts belges des Enfants Terribles"},"content":{"rendered":"<p><strong>La 7e \u00e9dition du Festival des premiers films europ\u00e9ens Les Enfants Terribles aura lieu du 17 au 20 octobre prochains. Sur les 600 films visionn\u00e9s par le comit\u00e9 de s\u00e9lection, 29 ont \u00e9t\u00e9 retenus pour la comp\u00e9tition, dont 11 belges, que voici!<\/strong><\/p>\n<ul>\n<li><strong><em>Aube<\/em><\/strong>\u00a0de Valentine Lapi\u00e8re (Belgique)<\/li>\n<li><strong><em>Au large<\/em><\/strong>\u00a0de Mathilde Pepinster (Belgique)<\/li>\n<li><strong><em>I was still there when you left me<\/em><\/strong>\u00a0de Marie Mc Court (Belgique)<\/li>\n<li><strong><em>Je serai parmi les amandiers<\/em><\/strong>\u00a0de Marie Lefloc\u2019h (Belgique)<\/li>\n<li><strong><em>La Chair<\/em>\u00a0<\/strong>de Jean Le Peltier (Belgique)<\/li>\n<li><strong><em>Le dragon \u00e0 deux t\u00eates<\/em><\/strong>\u00a0de P\u00e2ris Cannes (Belgique)<\/li>\n<li><strong><em>Le Petit Chaperon Rouge<\/em><\/strong>\u00a0de Jeanne Ruelle (Belgique)<\/li>\n<li><strong><em>Lucia en el Limbo<\/em>\u00a0<\/strong>de Valentina Maurel (Belgique)<\/li>\n<li><strong><em>Maus<\/em><\/strong>\u00a0de Morgane Rosaz (Belgique)<\/li>\n<li><strong><em>Provence<\/em><\/strong>\u00a0de Kato De Boeck (Belgique)<\/li>\n<li><strong><em>Saigon sur Marne<\/em><\/strong>\u00a0de Aude Ha Leplege (Belgique)<\/li>\n<li><strong><em>Un jour ordinaire<\/em>\u00a0<\/strong>de Clara Farhat (Belgique)<\/li>\n<\/ul>\n<p>De nombreux autres courts-m\u00e9trages seront pr\u00e9sent\u00e9s hors comp\u00e9tition, dans le cadre de s\u00e9ances scolaires ou lors de la soir\u00e9e de cl\u00f4ture du festival. Pour tout savoir sur le Festival, \u00e7a se passe <a href=\"https:\/\/festivallesenfantsterribles.wordpress.com\/\">ici<\/a>.<\/p>\n<p>&nbsp;<\/p>\n","protected":false},"excerpt":{"rendered":"<p>La 7e \u00e9dition du Festival des premiers films europ\u00e9ens Les Enfants Terribles aura lieu du 17 au 20 octobre prochains. Sur les 600 films visionn\u00e9s par le comit\u00e9 de s\u00e9lection, 29 ont \u00e9t\u00e9 retenus pour la comp\u00e9tition, dont 11 belges, que voici! Aube\u00a0de Valentine Lapi\u00e8re (Belgique) Au large\u00a0de Mathilde Pepinster (Belgique) I was still there &hellip;<\/p>\n","protected":false},"author":343,"featured_media":223593,"comment_status":"closed","ping_status":"closed","sticky":false,"template":"","format":"standard","meta":{"ngg_post_thumbnail":0,"footnotes":""},"categories":[53],"tags":[],"class_list":["post-223592","post","type-post","status-publish","format-standard","has-post-thumbnail","","category-coming-soon"],"yoast_head":"<!-- This site is optimized with the Yoast SEO plugin v20.4 - https:\/\/yoast.com\/wordpress\/plugins\/seo\/ -->\n<title>Les courts belges des Enfants Terribles - We Love Cinema<\/title>\n<meta name=\"robots\" content=\"index, follow, max-snippet:-1, max-image-preview:large, max-video-preview:-1\" \/>\n<link rel=\"canonical\" href=\"https:\/\/welovecinema.be\/fr\/les-courts-belges-des-enfants-terribles\/\" \/>\n<meta property=\"og:locale\" content=\"fr_FR\" \/>\n<meta property=\"og:type\" content=\"article\" \/>\n<meta property=\"og:title\" content=\"Les courts belges des Enfants Terribles - We Love Cinema\" \/>\n<meta property=\"og:description\" content=\"La 7e \u00e9dition du Festival des premiers films europ\u00e9ens Les Enfants Terribles aura lieu du 17 au 20 octobre prochains. Sur les 600 films visionn\u00e9s par le comit\u00e9 de s\u00e9lection, 29 ont \u00e9t\u00e9 retenus pour la comp\u00e9tition, dont 11 belges, que voici! Aube\u00a0de Valentine Lapi\u00e8re (Belgique) Au large\u00a0de Mathilde Pepinster (Belgique) I was still there &hellip;\" \/>\n<meta property=\"og:url\" content=\"https:\/\/welovecinema.be\/fr\/les-courts-belges-des-enfants-terribles\/\" \/>\n<meta property=\"og:site_name\" content=\"We Love Cinema\" \/>\n<meta property=\"article:publisher\" content=\"https:\/\/www.facebook.com\/welovecinema.be\" \/>\n<meta property=\"article:published_time\" content=\"2019-10-01T08:53:48+00:00\" \/>\n<meta property=\"og:image\" content=\"https:\/\/welovecinema.be\/wp-content\/uploads\/sites\/2\/2019\/10\/LeDragonADeuxTetes.jpeg\" \/>\n\t<meta property=\"og:image:width\" content=\"1920\" \/>\n\t<meta property=\"og:image:height\" content=\"1036\" \/>\n\t<meta property=\"og:image:type\" content=\"image\/jpeg\" \/>\n<meta name=\"author\" content=\"Aurore Engelen\" \/>\n<meta name=\"twitter:card\" content=\"summary_large_image\" \/>\n<meta name=\"twitter:label1\" content=\"\u00c9crit par\" \/>\n\t<meta name=\"twitter:data1\" content=\"Aurore Engelen\" \/>\n\t<meta name=\"twitter:label2\" content=\"Dur\u00e9e de lecture estim\u00e9e\" \/>\n\t<meta name=\"twitter:data2\" content=\"1 minute\" \/>\n<script type=\"application\/ld+json\" class=\"yoast-schema-graph\">{\"@context\":\"https:\/\/schema.org\",\"@graph\":[{\"@type\":\"Article\",\"@id\":\"https:\/\/welovecinema.be\/fr\/les-courts-belges-des-enfants-terribles\/#article\",\"isPartOf\":{\"@id\":\"https:\/\/welovecinema.be\/fr\/les-courts-belges-des-enfants-terribles\/\"},\"author\":{\"name\":\"Aurore Engelen\",\"@id\":\"https:\/\/welovecinema.be\/nl\/#\/schema\/person\/8084b68c6b176142d073695c654dc7cf\"},\"headline\":\"Les courts belges des Enfants Terribles\",\"datePublished\":\"2019-10-01T08:53:48+00:00\",\"dateModified\":\"2019-10-01T08:53:48+00:00\",\"mainEntityOfPage\":{\"@id\":\"https:\/\/welovecinema.be\/fr\/les-courts-belges-des-enfants-terribles\/\"},\"wordCount\":182,\"publisher\":{\"@id\":\"https:\/\/welovecinema.be\/nl\/#organization\"},\"articleSection\":[\"Coming soon\"],\"inLanguage\":\"fr-FR\"},{\"@type\":\"WebPage\",\"@id\":\"https:\/\/welovecinema.be\/fr\/les-courts-belges-des-enfants-terribles\/\",\"url\":\"https:\/\/welovecinema.be\/fr\/les-courts-belges-des-enfants-terribles\/\",\"name\":\"Les courts belges des Enfants Terribles - We Love Cinema\",\"isPartOf\":{\"@id\":\"https:\/\/welovecinema.be\/nl\/#website\"},\"datePublished\":\"2019-10-01T08:53:48+00:00\",\"dateModified\":\"2019-10-01T08:53:48+00:00\",\"breadcrumb\":{\"@id\":\"https:\/\/welovecinema.be\/fr\/les-courts-belges-des-enfants-terribles\/#breadcrumb\"},\"inLanguage\":\"fr-FR\",\"potentialAction\":[{\"@type\":\"ReadAction\",\"target\":[\"https:\/\/welovecinema.be\/fr\/les-courts-belges-des-enfants-terribles\/\"]}]},{\"@type\":\"BreadcrumbList\",\"@id\":\"https:\/\/welovecinema.be\/fr\/les-courts-belges-des-enfants-terribles\/#breadcrumb\",\"itemListElement\":[{\"@type\":\"ListItem\",\"position\":1,\"name\":\"Accueil\",\"item\":\"https:\/\/welovecinema.be\/fr\/\"},{\"@type\":\"ListItem\",\"position\":2,\"name\":\"Les courts belges des Enfants Terribles\"}]},{\"@type\":\"WebSite\",\"@id\":\"https:\/\/welovecinema.be\/nl\/#website\",\"url\":\"https:\/\/welovecinema.be\/nl\/\",\"name\":\"We Love Cinema\",\"description\":\"Toute l\u2019information du cin\u00e9ma en Belgique\",\"publisher\":{\"@id\":\"https:\/\/welovecinema.be\/nl\/#organization\"},\"potentialAction\":[{\"@type\":\"SearchAction\",\"target\":{\"@type\":\"EntryPoint\",\"urlTemplate\":\"https:\/\/welovecinema.be\/nl\/?s={search_term_string}\"},\"query-input\":\"required name=search_term_string\"}],\"inLanguage\":\"fr-FR\"},{\"@type\":\"Organization\",\"@id\":\"https:\/\/welovecinema.be\/nl\/#organization\",\"name\":\"We Love Cinema\",\"url\":\"https:\/\/welovecinema.be\/nl\/\",\"logo\":{\"@type\":\"ImageObject\",\"inLanguage\":\"fr-FR\",\"@id\":\"https:\/\/welovecinema.be\/nl\/#\/schema\/logo\/image\/\",\"url\":\"https:\/\/welovecinema.be\/wp-content\/uploads\/sites\/2\/2023\/03\/Logo-We-Love-Cinema305x128.jpg\",\"contentUrl\":\"https:\/\/welovecinema.be\/wp-content\/uploads\/sites\/2\/2023\/03\/Logo-We-Love-Cinema305x128.jpg\",\"width\":305,\"height\":128,\"caption\":\"We Love Cinema\"},\"image\":{\"@id\":\"https:\/\/welovecinema.be\/nl\/#\/schema\/logo\/image\/\"},\"sameAs\":[\"https:\/\/www.facebook.com\/welovecinema.be\",\"https:\/\/www.youtube.com\/channel\/UCX5LYGVhnKvYauW4Nta4HJA\",\"https:\/\/www.instagram.com\/welovecinema.be\/\"]},{\"@type\":\"Person\",\"@id\":\"https:\/\/welovecinema.be\/nl\/#\/schema\/person\/8084b68c6b176142d073695c654dc7cf\",\"name\":\"Aurore Engelen\",\"url\":\"https:\/\/welovecinema.be\/fr\/author\/aurore-engelen\/\"}]}<\/script>\n<!-- \/ Yoast SEO plugin. -->","yoast_head_json":{"title":"Les courts belges des Enfants Terribles - We Love Cinema","robots":{"index":"index","follow":"follow","max-snippet":"max-snippet:-1","max-image-preview":"max-image-preview:large","max-video-preview":"max-video-preview:-1"},"canonical":"https:\/\/welovecinema.be\/fr\/les-courts-belges-des-enfants-terribles\/","og_locale":"fr_FR","og_type":"article","og_title":"Les courts belges des Enfants Terribles - We Love Cinema","og_description":"La 7e \u00e9dition du Festival des premiers films europ\u00e9ens Les Enfants Terribles aura lieu du 17 au 20 octobre prochains. Sur les 600 films visionn\u00e9s par le comit\u00e9 de s\u00e9lection, 29 ont \u00e9t\u00e9 retenus pour la comp\u00e9tition, dont 11 belges, que voici! Aube\u00a0de Valentine Lapi\u00e8re (Belgique) Au large\u00a0de Mathilde Pepinster (Belgique) I was still there &hellip;","og_url":"https:\/\/welovecinema.be\/fr\/les-courts-belges-des-enfants-terribles\/","og_site_name":"We Love Cinema","article_publisher":"https:\/\/www.facebook.com\/welovecinema.be","article_published_time":"2019-10-01T08:53:48+00:00","og_image":[{"width":1920,"height":1036,"url":"https:\/\/welovecinema.be\/wp-content\/uploads\/sites\/2\/2019\/10\/LeDragonADeuxTetes.jpeg","type":"image\/jpeg"}],"author":"Aurore Engelen","twitter_card":"summary_large_image","twitter_misc":{"\u00c9crit par":"Aurore Engelen","Dur\u00e9e de lecture estim\u00e9e":"1 minute"},"schema":{"@context":"https:\/\/schema.org","@graph":[{"@type":"Article","@id":"https:\/\/welovecinema.be\/fr\/les-courts-belges-des-enfants-terribles\/#article","isPartOf":{"@id":"https:\/\/welovecinema.be\/fr\/les-courts-belges-des-enfants-terribles\/"},"author":{"name":"Aurore Engelen","@id":"https:\/\/welovecinema.be\/nl\/#\/schema\/person\/8084b68c6b176142d073695c654dc7cf"},"headline":"Les courts belges des Enfants Terribles","datePublished":"2019-10-01T08:53:48+00:00","dateModified":"2019-10-01T08:53:48+00:00","mainEntityOfPage":{"@id":"https:\/\/welovecinema.be\/fr\/les-courts-belges-des-enfants-terribles\/"},"wordCount":182,"publisher":{"@id":"https:\/\/welovecinema.be\/nl\/#organization"},"articleSection":["Coming soon"],"inLanguage":"fr-FR"},{"@type":"WebPage","@id":"https:\/\/welovecinema.be\/fr\/les-courts-belges-des-enfants-terribles\/","url":"https:\/\/welovecinema.be\/fr\/les-courts-belges-des-enfants-terribles\/","name":"Les courts belges des Enfants Terribles - We Love Cinema","isPartOf":{"@id":"https:\/\/welovecinema.be\/nl\/#website"},"datePublished":"2019-10-01T08:53:48+00:00","dateModified":"2019-10-01T08:53:48+00:00","breadcrumb":{"@id":"https:\/\/welovecinema.be\/fr\/les-courts-belges-des-enfants-terribles\/#breadcrumb"},"inLanguage":"fr-FR","potentialAction":[{"@type":"ReadAction","target":["https:\/\/welovecinema.be\/fr\/les-courts-belges-des-enfants-terribles\/"]}]},{"@type":"BreadcrumbList","@id":"https:\/\/welovecinema.be\/fr\/les-courts-belges-des-enfants-terribles\/#breadcrumb","itemListElement":[{"@type":"ListItem","position":1,"name":"Accueil","item":"https:\/\/welovecinema.be\/fr\/"},{"@type":"ListItem","position":2,"name":"Les courts belges des Enfants Terribles"}]},{"@type":"WebSite","@id":"https:\/\/welovecinema.be\/nl\/#website","url":"https:\/\/welovecinema.be\/nl\/","name":"We Love Cinema","description":"Toute l\u2019information du cin\u00e9ma en Belgique","publisher":{"@id":"https:\/\/welovecinema.be\/nl\/#organization"},"potentialAction":[{"@type":"SearchAction","target":{"@type":"EntryPoint","urlTemplate":"https:\/\/welovecinema.be\/nl\/?s={search_term_string}"},"query-input":"required name=search_term_string"}],"inLanguage":"fr-FR"},{"@type":"Organization","@id":"https:\/\/welovecinema.be\/nl\/#organization","name":"We Love Cinema","url":"https:\/\/welovecinema.be\/nl\/","logo":{"@type":"ImageObject","inLanguage":"fr-FR","@id":"https:\/\/welovecinema.be\/nl\/#\/schema\/logo\/image\/","url":"https:\/\/welovecinema.be\/wp-content\/uploads\/sites\/2\/2023\/03\/Logo-We-Love-Cinema305x128.jpg","contentUrl":"https:\/\/welovecinema.be\/wp-content\/uploads\/sites\/2\/2023\/03\/Logo-We-Love-Cinema305x128.jpg","width":305,"height":128,"caption":"We Love Cinema"},"image":{"@id":"https:\/\/welovecinema.be\/nl\/#\/schema\/logo\/image\/"},"sameAs":["https:\/\/www.facebook.com\/welovecinema.be","https:\/\/www.youtube.com\/channel\/UCX5LYGVhnKvYauW4Nta4HJA","https:\/\/www.instagram.com\/welovecinema.be\/"]},{"@type":"Person","@id":"https:\/\/welovecinema.be\/nl\/#\/schema\/person\/8084b68c6b176142d073695c654dc7cf","name":"Aurore Engelen","url":"https:\/\/welovecinema.be\/fr\/author\/aurore-engelen\/"}]}},"_links":{"self":[{"href":"https:\/\/welovecinema.be\/fr\/wp-json\/wp\/v2\/posts\/223592","targetHints":{"allow":["GET"]}}],"collection":[{"href":"https:\/\/welovecinema.be\/fr\/wp-json\/wp\/v2\/posts"}],"about":[{"href":"https:\/\/welovecinema.be\/fr\/wp-json\/wp\/v2\/types\/post"}],"author":[{"embeddable":true,"href":"https:\/\/welovecinema.be\/fr\/wp-json\/wp\/v2\/users\/343"}],"replies":[{"embeddable":true,"href":"https:\/\/welovecinema.be\/fr\/wp-json\/wp\/v2\/comments?post=223592"}],"version-history":[{"count":0,"href":"https:\/\/welovecinema.be\/fr\/wp-json\/wp\/v2\/posts\/223592\/revisions"}],"wp:featuredmedia":[{"embeddable":true,"href":"https:\/\/welovecinema.be\/fr\/wp-json\/wp\/v2\/media\/223593"}],"wp:attachment":[{"href":"https:\/\/welovecinema.be\/fr\/wp-json\/wp\/v2\/media?parent=223592"}],"wp:term":[{"taxonomy":"category","embeddable":true,"href":"https:\/\/welovecinema.be\/fr\/wp-json\/wp\/v2\/categories?post=223592"},{"taxonomy":"post_tag","embeddable":true,"href":"https:\/\/welovecinema.be\/fr\/wp-json\/wp\/v2\/tags?post=223592"}],"curies":[{"name":"wp","href":"https:\/\/api.w.org\/{rel}","templated":true}]}}