{"id":223574,"date":"2019-09-30T15:40:58","date_gmt":"2019-09-30T13:40:58","guid":{"rendered":"https:\/\/www.cinevox.be\/?p=223574"},"modified":"2019-10-01T22:26:13","modified_gmt":"2019-10-01T20:26:13","slug":"casting-ultra-belge-pour-la-serie-netflix-into-the-night","status":"publish","type":"post","link":"https:\/\/welovecinema.be\/fr\/casting-ultra-belge-pour-la-serie-netflix-into-the-night\/","title":{"rendered":"Casting ultra-belge pour la s\u00e9rie Netflix \u00ab\u00a0Into the night\u00a0\u00bb"},"content":{"rendered":"<p><strong>Netflix a d\u00e9voil\u00e9 les premi\u00e8res images du casting ultra-belge de la s\u00e9rie <em>Into the Night<\/em>, produite par Entre chien et loup, attendue sur les \u00e9crans en 2020, et dont le tournage vient de commencer.<\/strong><\/p>\n<p>Le tournage d&rsquo;<em>Into the Night<\/em>, la premi\u00e8re s\u00e9rie originale Netflix belge, a commenc\u00e9. Le casting est international (Belgique, Allemagne, France, Italie, Pologne, Russie et Turquie). Parmi les acteurs au g\u00e9n\u00e9rique, citons les Belges Pauline \u00c9tienne, Laurent Capelluto, Nabil Mallat, Jan Bijvoet, Astrid Whettnall, Vincent Londez, et Babetida Sadjo. Yassine Fadel et Laura Sepul viennent s&rsquo;ajouter \u00e0 cette liste d&rsquo;acteurs, ainsi que l&rsquo;actrice russe install\u00e9e \u00e0 Bruxelles Regina Bikkinina.<\/p>\n<p>Dans <em>Into the Night<\/em>, le soleil tue sans autre forme de proc\u00e8s tout ce qui croise ses rayons. Parti de Bruxelles, un vol de nuit fait route vers l&rsquo;ouest, dans la nuit noire, pour \u00e9chapper au soleil fatal. \u00c0 son bord : un groupe de passagers et les membres d&rsquo;\u00e9quipage, de plusieurs nationalit\u00e9s, riches et pauvres, jeunes et moins jeunes, civils et militaires. Ils ont une chose en commun : la volont\u00e9 de survivre au soleil et \u00e0 eux-m\u00eames. \u00c0 n&rsquo;importe quel prix.<\/p>\n<p>R\u00e9alis\u00e9e par le duo belge Inti Calfat et Dirk Verheye (<em>Over Water<\/em>), la s\u00e9rie est produite par Entre Chien et Loup. Son auteur et sc\u00e9nariste, Jason George (<em>Le Protecteur d&rsquo;Istanbul, Narcos<\/em>), en sera le showrunner et le producteur ex\u00e9cutif.<\/p>\n<p>La premi\u00e8re mondiale de la s\u00e9rie aura lieu sur Netflix en 2020.<\/p>\n<p>https:\/\/www.facebook.com\/EntreChienetLoup.be\/videos\/888752661521978\/?__tn__=%2Cd%2CP-R&#038;eid=ARAkUbCydBICn-1SYaxELX3n7a88BMMjkPLlhjsTVut9ScUewS96lgMyXraZt1225oMyOeAaet0CiK3s<\/p>\n","protected":false},"excerpt":{"rendered":"<p>Netflix a d\u00e9voil\u00e9 les premi\u00e8res images du casting ultra-belge de la s\u00e9rie Into the Night, produite par Entre chien et loup, attendue sur les \u00e9crans en 2020, et dont le tournage vient de commencer. Le tournage d&rsquo;Into the Night, la premi\u00e8re s\u00e9rie originale Netflix belge, a commenc\u00e9. Le casting est international (Belgique, Allemagne, France, Italie, &hellip;<\/p>\n","protected":false},"author":343,"featured_media":223575,"comment_status":"closed","ping_status":"closed","sticky":false,"template":"","format":"standard","meta":{"ngg_post_thumbnail":0,"footnotes":""},"categories":[53],"tags":[4526,4187],"class_list":["post-223574","post","type-post","status-publish","format-standard","has-post-thumbnail","","category-coming-soon","tag-into-the-night","tag-newsletter-fr"],"yoast_head":"<!-- This site is optimized with the Yoast SEO plugin v20.4 - https:\/\/yoast.com\/wordpress\/plugins\/seo\/ -->\n<title>Casting ultra-belge pour la s\u00e9rie Netflix &quot;Into the night&quot; - We Love Cinema<\/title>\n<meta name=\"robots\" content=\"index, follow, max-snippet:-1, max-image-preview:large, max-video-preview:-1\" \/>\n<link rel=\"canonical\" href=\"https:\/\/welovecinema.be\/fr\/casting-ultra-belge-pour-la-serie-netflix-into-the-night\/\" \/>\n<meta property=\"og:locale\" content=\"fr_FR\" \/>\n<meta property=\"og:type\" content=\"article\" \/>\n<meta property=\"og:title\" content=\"Casting ultra-belge pour la s\u00e9rie Netflix &quot;Into the night&quot; - We Love Cinema\" \/>\n<meta property=\"og:description\" content=\"Netflix a d\u00e9voil\u00e9 les premi\u00e8res images du casting ultra-belge de la s\u00e9rie Into the Night, produite par Entre chien et loup, attendue sur les \u00e9crans en 2020, et dont le tournage vient de commencer. Le tournage d&rsquo;Into the Night, la premi\u00e8re s\u00e9rie originale Netflix belge, a commenc\u00e9. Le casting est international (Belgique, Allemagne, France, Italie, &hellip;\" \/>\n<meta property=\"og:url\" content=\"https:\/\/welovecinema.be\/fr\/casting-ultra-belge-pour-la-serie-netflix-into-the-night\/\" \/>\n<meta property=\"og:site_name\" content=\"We Love Cinema\" \/>\n<meta property=\"article:publisher\" content=\"https:\/\/www.facebook.com\/welovecinema.be\" \/>\n<meta property=\"article:published_time\" content=\"2019-09-30T13:40:58+00:00\" \/>\n<meta property=\"article:modified_time\" content=\"2019-10-01T20:26:13+00:00\" \/>\n<meta property=\"og:image\" content=\"https:\/\/welovecinema.be\/wp-content\/uploads\/sites\/2\/2019\/09\/IntoTheNight.jpeg\" \/>\n\t<meta property=\"og:image:width\" content=\"1200\" \/>\n\t<meta property=\"og:image:height\" content=\"600\" \/>\n\t<meta property=\"og:image:type\" content=\"image\/jpeg\" \/>\n<meta name=\"author\" content=\"Aurore Engelen\" \/>\n<meta name=\"twitter:card\" content=\"summary_large_image\" \/>\n<meta name=\"twitter:label1\" content=\"\u00c9crit par\" \/>\n\t<meta name=\"twitter:data1\" content=\"Aurore Engelen\" \/>\n\t<meta name=\"twitter:label2\" content=\"Dur\u00e9e de lecture estim\u00e9e\" \/>\n\t<meta name=\"twitter:data2\" content=\"1 minute\" \/>\n<script type=\"application\/ld+json\" class=\"yoast-schema-graph\">{\"@context\":\"https:\/\/schema.org\",\"@graph\":[{\"@type\":\"Article\",\"@id\":\"https:\/\/welovecinema.be\/fr\/casting-ultra-belge-pour-la-serie-netflix-into-the-night\/#article\",\"isPartOf\":{\"@id\":\"https:\/\/welovecinema.be\/fr\/casting-ultra-belge-pour-la-serie-netflix-into-the-night\/\"},\"author\":{\"name\":\"Aurore Engelen\",\"@id\":\"https:\/\/welovecinema.be\/nl\/#\/schema\/person\/8084b68c6b176142d073695c654dc7cf\"},\"headline\":\"Casting ultra-belge pour la s\u00e9rie Netflix \u00ab\u00a0Into the night\u00a0\u00bb\",\"datePublished\":\"2019-09-30T13:40:58+00:00\",\"dateModified\":\"2019-10-01T20:26:13+00:00\",\"mainEntityOfPage\":{\"@id\":\"https:\/\/welovecinema.be\/fr\/casting-ultra-belge-pour-la-serie-netflix-into-the-night\/\"},\"wordCount\":285,\"publisher\":{\"@id\":\"https:\/\/welovecinema.be\/nl\/#organization\"},\"keywords\":[\"Into the night\",\"newsletter\"],\"articleSection\":[\"Coming soon\"],\"inLanguage\":\"fr-FR\"},{\"@type\":\"WebPage\",\"@id\":\"https:\/\/welovecinema.be\/fr\/casting-ultra-belge-pour-la-serie-netflix-into-the-night\/\",\"url\":\"https:\/\/welovecinema.be\/fr\/casting-ultra-belge-pour-la-serie-netflix-into-the-night\/\",\"name\":\"Casting ultra-belge pour la s\u00e9rie Netflix \\\"Into the night\\\" - We Love Cinema\",\"isPartOf\":{\"@id\":\"https:\/\/welovecinema.be\/nl\/#website\"},\"datePublished\":\"2019-09-30T13:40:58+00:00\",\"dateModified\":\"2019-10-01T20:26:13+00:00\",\"breadcrumb\":{\"@id\":\"https:\/\/welovecinema.be\/fr\/casting-ultra-belge-pour-la-serie-netflix-into-the-night\/#breadcrumb\"},\"inLanguage\":\"fr-FR\",\"potentialAction\":[{\"@type\":\"ReadAction\",\"target\":[\"https:\/\/welovecinema.be\/fr\/casting-ultra-belge-pour-la-serie-netflix-into-the-night\/\"]}]},{\"@type\":\"BreadcrumbList\",\"@id\":\"https:\/\/welovecinema.be\/fr\/casting-ultra-belge-pour-la-serie-netflix-into-the-night\/#breadcrumb\",\"itemListElement\":[{\"@type\":\"ListItem\",\"position\":1,\"name\":\"Accueil\",\"item\":\"https:\/\/welovecinema.be\/fr\/\"},{\"@type\":\"ListItem\",\"position\":2,\"name\":\"Casting ultra-belge pour la s\u00e9rie Netflix \u00ab\u00a0Into the night\u00a0\u00bb\"}]},{\"@type\":\"WebSite\",\"@id\":\"https:\/\/welovecinema.be\/nl\/#website\",\"url\":\"https:\/\/welovecinema.be\/nl\/\",\"name\":\"We Love Cinema\",\"description\":\"Toute l\u2019information du cin\u00e9ma en Belgique\",\"publisher\":{\"@id\":\"https:\/\/welovecinema.be\/nl\/#organization\"},\"potentialAction\":[{\"@type\":\"SearchAction\",\"target\":{\"@type\":\"EntryPoint\",\"urlTemplate\":\"https:\/\/welovecinema.be\/nl\/?s={search_term_string}\"},\"query-input\":\"required name=search_term_string\"}],\"inLanguage\":\"fr-FR\"},{\"@type\":\"Organization\",\"@id\":\"https:\/\/welovecinema.be\/nl\/#organization\",\"name\":\"We Love Cinema\",\"url\":\"https:\/\/welovecinema.be\/nl\/\",\"logo\":{\"@type\":\"ImageObject\",\"inLanguage\":\"fr-FR\",\"@id\":\"https:\/\/welovecinema.be\/nl\/#\/schema\/logo\/image\/\",\"url\":\"https:\/\/welovecinema.be\/wp-content\/uploads\/sites\/2\/2023\/03\/Logo-We-Love-Cinema305x128.jpg\",\"contentUrl\":\"https:\/\/welovecinema.be\/wp-content\/uploads\/sites\/2\/2023\/03\/Logo-We-Love-Cinema305x128.jpg\",\"width\":305,\"height\":128,\"caption\":\"We Love Cinema\"},\"image\":{\"@id\":\"https:\/\/welovecinema.be\/nl\/#\/schema\/logo\/image\/\"},\"sameAs\":[\"https:\/\/www.facebook.com\/welovecinema.be\",\"https:\/\/www.youtube.com\/channel\/UCX5LYGVhnKvYauW4Nta4HJA\",\"https:\/\/www.instagram.com\/welovecinema.be\/\"]},{\"@type\":\"Person\",\"@id\":\"https:\/\/welovecinema.be\/nl\/#\/schema\/person\/8084b68c6b176142d073695c654dc7cf\",\"name\":\"Aurore Engelen\",\"url\":\"https:\/\/welovecinema.be\/fr\/author\/aurore-engelen\/\"}]}<\/script>\n<!-- \/ Yoast SEO plugin. -->","yoast_head_json":{"title":"Casting ultra-belge pour la s\u00e9rie Netflix \"Into the night\" - We Love Cinema","robots":{"index":"index","follow":"follow","max-snippet":"max-snippet:-1","max-image-preview":"max-image-preview:large","max-video-preview":"max-video-preview:-1"},"canonical":"https:\/\/welovecinema.be\/fr\/casting-ultra-belge-pour-la-serie-netflix-into-the-night\/","og_locale":"fr_FR","og_type":"article","og_title":"Casting ultra-belge pour la s\u00e9rie Netflix \"Into the night\" - We Love Cinema","og_description":"Netflix a d\u00e9voil\u00e9 les premi\u00e8res images du casting ultra-belge de la s\u00e9rie Into the Night, produite par Entre chien et loup, attendue sur les \u00e9crans en 2020, et dont le tournage vient de commencer. Le tournage d&rsquo;Into the Night, la premi\u00e8re s\u00e9rie originale Netflix belge, a commenc\u00e9. Le casting est international (Belgique, Allemagne, France, Italie, &hellip;","og_url":"https:\/\/welovecinema.be\/fr\/casting-ultra-belge-pour-la-serie-netflix-into-the-night\/","og_site_name":"We Love Cinema","article_publisher":"https:\/\/www.facebook.com\/welovecinema.be","article_published_time":"2019-09-30T13:40:58+00:00","article_modified_time":"2019-10-01T20:26:13+00:00","og_image":[{"width":1200,"height":600,"url":"https:\/\/welovecinema.be\/wp-content\/uploads\/sites\/2\/2019\/09\/IntoTheNight.jpeg","type":"image\/jpeg"}],"author":"Aurore Engelen","twitter_card":"summary_large_image","twitter_misc":{"\u00c9crit par":"Aurore Engelen","Dur\u00e9e de lecture estim\u00e9e":"1 minute"},"schema":{"@context":"https:\/\/schema.org","@graph":[{"@type":"Article","@id":"https:\/\/welovecinema.be\/fr\/casting-ultra-belge-pour-la-serie-netflix-into-the-night\/#article","isPartOf":{"@id":"https:\/\/welovecinema.be\/fr\/casting-ultra-belge-pour-la-serie-netflix-into-the-night\/"},"author":{"name":"Aurore Engelen","@id":"https:\/\/welovecinema.be\/nl\/#\/schema\/person\/8084b68c6b176142d073695c654dc7cf"},"headline":"Casting ultra-belge pour la s\u00e9rie Netflix \u00ab\u00a0Into the night\u00a0\u00bb","datePublished":"2019-09-30T13:40:58+00:00","dateModified":"2019-10-01T20:26:13+00:00","mainEntityOfPage":{"@id":"https:\/\/welovecinema.be\/fr\/casting-ultra-belge-pour-la-serie-netflix-into-the-night\/"},"wordCount":285,"publisher":{"@id":"https:\/\/welovecinema.be\/nl\/#organization"},"keywords":["Into the night","newsletter"],"articleSection":["Coming soon"],"inLanguage":"fr-FR"},{"@type":"WebPage","@id":"https:\/\/welovecinema.be\/fr\/casting-ultra-belge-pour-la-serie-netflix-into-the-night\/","url":"https:\/\/welovecinema.be\/fr\/casting-ultra-belge-pour-la-serie-netflix-into-the-night\/","name":"Casting ultra-belge pour la s\u00e9rie Netflix \"Into the night\" - We Love Cinema","isPartOf":{"@id":"https:\/\/welovecinema.be\/nl\/#website"},"datePublished":"2019-09-30T13:40:58+00:00","dateModified":"2019-10-01T20:26:13+00:00","breadcrumb":{"@id":"https:\/\/welovecinema.be\/fr\/casting-ultra-belge-pour-la-serie-netflix-into-the-night\/#breadcrumb"},"inLanguage":"fr-FR","potentialAction":[{"@type":"ReadAction","target":["https:\/\/welovecinema.be\/fr\/casting-ultra-belge-pour-la-serie-netflix-into-the-night\/"]}]},{"@type":"BreadcrumbList","@id":"https:\/\/welovecinema.be\/fr\/casting-ultra-belge-pour-la-serie-netflix-into-the-night\/#breadcrumb","itemListElement":[{"@type":"ListItem","position":1,"name":"Accueil","item":"https:\/\/welovecinema.be\/fr\/"},{"@type":"ListItem","position":2,"name":"Casting ultra-belge pour la s\u00e9rie Netflix \u00ab\u00a0Into the night\u00a0\u00bb"}]},{"@type":"WebSite","@id":"https:\/\/welovecinema.be\/nl\/#website","url":"https:\/\/welovecinema.be\/nl\/","name":"We Love Cinema","description":"Toute l\u2019information du cin\u00e9ma en Belgique","publisher":{"@id":"https:\/\/welovecinema.be\/nl\/#organization"},"potentialAction":[{"@type":"SearchAction","target":{"@type":"EntryPoint","urlTemplate":"https:\/\/welovecinema.be\/nl\/?s={search_term_string}"},"query-input":"required name=search_term_string"}],"inLanguage":"fr-FR"},{"@type":"Organization","@id":"https:\/\/welovecinema.be\/nl\/#organization","name":"We Love Cinema","url":"https:\/\/welovecinema.be\/nl\/","logo":{"@type":"ImageObject","inLanguage":"fr-FR","@id":"https:\/\/welovecinema.be\/nl\/#\/schema\/logo\/image\/","url":"https:\/\/welovecinema.be\/wp-content\/uploads\/sites\/2\/2023\/03\/Logo-We-Love-Cinema305x128.jpg","contentUrl":"https:\/\/welovecinema.be\/wp-content\/uploads\/sites\/2\/2023\/03\/Logo-We-Love-Cinema305x128.jpg","width":305,"height":128,"caption":"We Love Cinema"},"image":{"@id":"https:\/\/welovecinema.be\/nl\/#\/schema\/logo\/image\/"},"sameAs":["https:\/\/www.facebook.com\/welovecinema.be","https:\/\/www.youtube.com\/channel\/UCX5LYGVhnKvYauW4Nta4HJA","https:\/\/www.instagram.com\/welovecinema.be\/"]},{"@type":"Person","@id":"https:\/\/welovecinema.be\/nl\/#\/schema\/person\/8084b68c6b176142d073695c654dc7cf","name":"Aurore Engelen","url":"https:\/\/welovecinema.be\/fr\/author\/aurore-engelen\/"}]}},"_links":{"self":[{"href":"https:\/\/welovecinema.be\/fr\/wp-json\/wp\/v2\/posts\/223574","targetHints":{"allow":["GET"]}}],"collection":[{"href":"https:\/\/welovecinema.be\/fr\/wp-json\/wp\/v2\/posts"}],"about":[{"href":"https:\/\/welovecinema.be\/fr\/wp-json\/wp\/v2\/types\/post"}],"author":[{"embeddable":true,"href":"https:\/\/welovecinema.be\/fr\/wp-json\/wp\/v2\/users\/343"}],"replies":[{"embeddable":true,"href":"https:\/\/welovecinema.be\/fr\/wp-json\/wp\/v2\/comments?post=223574"}],"version-history":[{"count":0,"href":"https:\/\/welovecinema.be\/fr\/wp-json\/wp\/v2\/posts\/223574\/revisions"}],"wp:featuredmedia":[{"embeddable":true,"href":"https:\/\/welovecinema.be\/fr\/wp-json\/wp\/v2\/media\/223575"}],"wp:attachment":[{"href":"https:\/\/welovecinema.be\/fr\/wp-json\/wp\/v2\/media?parent=223574"}],"wp:term":[{"taxonomy":"category","embeddable":true,"href":"https:\/\/welovecinema.be\/fr\/wp-json\/wp\/v2\/categories?post=223574"},{"taxonomy":"post_tag","embeddable":true,"href":"https:\/\/welovecinema.be\/fr\/wp-json\/wp\/v2\/tags?post=223574"}],"curies":[{"name":"wp","href":"https:\/\/api.w.org\/{rel}","templated":true}]}}