{"id":223475,"date":"2019-10-03T11:51:15","date_gmt":"2019-10-03T09:51:15","guid":{"rendered":"https:\/\/www.cinevox.be\/?p=223475"},"modified":"2019-10-04T09:00:21","modified_gmt":"2019-10-04T07:00:21","slug":"delphine-lehericey-netre-ni-dans-la-beaute-ni-dans-lerotisme-mais-dans-le-bouleversement","status":"publish","type":"post","link":"https:\/\/welovecinema.be\/fr\/delphine-lehericey-netre-ni-dans-la-beaute-ni-dans-lerotisme-mais-dans-le-bouleversement\/","title":{"rendered":"Delphine Lehericey: \u00ab\u00a0n&rsquo;\u00eatre ni dans la beaut\u00e9, ni dans l\u2019\u00e9rotisme, mais dans le bouleversement\u00a0\u00bb"},"content":{"rendered":"<p class=\"p1\"><strong><span class=\"s1\">Rencontre avec la r\u00e9alisatrice Delphine Lehericey, qui 6 ans apr\u00e8s <a href=\"https:\/\/www.cinevox.be\/fr\/puppy-love-filles\/\"><em>Puppy Love<\/em><\/a>, revient au Festival de Namur avec son nouveau long m\u00e9trage, <a href=\"https:\/\/www.cinevox.be\/fr\/le-milieu-de-lhorizon-lemancipation-de-mere-en-fils\/\"><em>Le Milieu de l&rsquo;horizon<\/em><\/a>, une histoire d&rsquo;\u00e9mancipation aussi bien adolescente que f\u00e9minine sur fond d&rsquo;\u00e9t\u00e9 caniculaire et de crise du monde agricole.<\/span><\/strong><\/p>\n<h4 class=\"p1\"><span class=\"s1\">Quelles sont les origines du projet?<\/span><\/h4>\n<p class=\"p1\"><span class=\"s1\">Box Productions, mes producteurs de <em>Puppy Love<\/em>, ont achet\u00e9 les droits du livre, un roman \u00e0 succ\u00e8s sorti r\u00e9cemment en Suisse. Ils ont ensuite fait un casting de cin\u00e9astes, et m\u2019ont choisie. Quand j\u2019ai lu le sc\u00e9nario d\u00e9but 2017, j\u2019ai \u00e9t\u00e9 boulevers\u00e9e. Je sortais d\u2019une phase de ma vie o\u00f9 j\u2019avais quitt\u00e9 le p\u00e8re de mon fils pour me mettre en couple avec une femme. Je n\u2019avais pas \u00e9crit ce sc\u00e9nario, mais j\u2019aurais pu l\u2019\u00e9crire. Nous avons retravaill\u00e9 le sc\u00e9nario, tr\u00e8s proche de l\u2019adaptation, notamment pour y apporter de la tension, faire en sorte que le gar\u00e7on ne se contente pas de regarder les choses se passer, qu&rsquo;il puisse agir au moins \u00e9motionnellement, durant cet \u00e9t\u00e9 o\u00f9 la vie de ses parents et des adultes qui l\u2019entourent est compl\u00e8tement boulevers\u00e9e.\u00a0<\/span><\/p>\n<p class=\"p1\"><span class=\"s1\">Nous devions au d\u00e9part faire une coproduction avec la France, mais \u00e7a ne s\u2019est pas fait. Finalement, c\u2019est surement une bonne chose, car j\u2019avais tr\u00e8s peur que cette histoire devienne ce que j\u2019appelle un \u00ab film \u00e0 grillons \u00bb, en mode Provence et Pagnol. J\u2019ai rien contre ce style-l\u00e0, mais l\u2019histoire pouvait gagner \u00e0 \u00eatre trait\u00e9e de fa\u00e7on plus contemporaine dans la r\u00e9alisation, avec un cachet plus auteur. <\/span><\/p>\n<blockquote>\n<p class=\"p1\"><span class=\"s1\">M\u00eame si le film reste assez classique dans sa forme, car je le voulais accessible et populaire.\u00a0<\/span><\/p>\n<\/blockquote>\n<p class=\"p1\"><span class=\"s1\">On a donc finalement tourn\u00e9 en Mac\u00e9doine, c\u2019\u00e9tait une exp\u00e9rience incroyable. C\u2019est un pays o\u00f9 les d\u00e9cors sont bruts. Le film se passe dans les ann\u00e9es 70, mais parfois on a m\u00eame d\u00fb moderniser certains d\u00e9cors. Pas de marquages au sol, pas de panneaux. C\u2019\u00e9tait beau, \u00e7a nous a permis de garder une certaine libert\u00e9, ce qui \u00e9tait bien venu quand on tourne avec des enfants et des animaux!<\/span><\/p>\n<p><img loading=\"lazy\" decoding=\"async\" class=\"alignnone size-large wp-image-223664\" src=\"https:\/\/www.cinevox.be\/wp-content\/uploads\/sites\/2\/2019\/10\/Horizon_20180804_0035-960x600-800x450.jpg\" alt=\"\" width=\"618\" height=\"348\" srcset=\"https:\/\/welovecinema.be\/wp-content\/uploads\/sites\/2\/2019\/10\/Horizon_20180804_0035-960x600-800x450.jpg 800w, https:\/\/welovecinema.be\/wp-content\/uploads\/sites\/2\/2019\/10\/Horizon_20180804_0035-960x600-200x113.jpg 200w, https:\/\/welovecinema.be\/wp-content\/uploads\/sites\/2\/2019\/10\/Horizon_20180804_0035-960x600-480x270.jpg 480w, https:\/\/welovecinema.be\/wp-content\/uploads\/sites\/2\/2019\/10\/Horizon_20180804_0035-960x600-768x432.jpg 768w, https:\/\/welovecinema.be\/wp-content\/uploads\/sites\/2\/2019\/10\/Horizon_20180804_0035-960x600-599x337.jpg 599w, https:\/\/welovecinema.be\/wp-content\/uploads\/sites\/2\/2019\/10\/Horizon_20180804_0035-960x600.jpg 960w\" sizes=\"auto, (max-width: 618px) 100vw, 618px\" \/><\/p>\n<h4 class=\"p1\"><span class=\"s1\">On sent presque litt\u00e9ralement la chaleur \u00e0 l\u2019\u00e9cran, comment avez-vous travaill\u00e9 sur l\u2019image et la lumi\u00e8re?<\/span><\/h4>\n<p class=\"p1\"><span class=\"s1\">La rencontre avec Christophe Beaucarne a \u00e9t\u00e9 magnifique et d\u00e9terminante. Il m\u2019a beaucoup soutenue pour que l\u2019on puisse tourner en 35mm, on avait tr\u00e8s envie que l\u2019image ait une facture ancienne sans qu\u2019on ait \u00e0 la trafiquer. On a r\u00e9ussi \u00e0 convaincre nos producteurs malgr\u00e9 les probl\u00e8mes de m\u00e9t\u00e9o, d\u2019enfant et d\u2019animaux. C\u2019\u00e9tait un point crucial. <\/span><\/p>\n<p class=\"p1\"><span class=\"s1\">Alors on a attendu le soleil pour de vrai &#8211; une gageure, quand on sait qu&rsquo;en lieu et place de la canicule qu&rsquo;on nous avait promise en Mac\u00e9doine, on s&rsquo;est retrouv\u00e9 avec des journ\u00e9es et des journ\u00e9es de pluie. On a peu \u00e9clair\u00e9, et travaill\u00e9 de mani\u00e8re assez brute. On a eu beaucoup moins de temps effectif, et beaucoup moins de prise, mais on avait une position radicale sur ce qu\u2019on voulait voir \u00e0 l\u2019image.<\/span><\/p>\n<p class=\"p1\"><span class=\"s1\">Nous avons beaucoup travaill\u00e9 aussi sur les maquillages, on a arros\u00e9 les acteurs en transpiration, en huile, tout ce qui est brillance, pour avoir cette chaleur qui se voit essentiellement sur les peaux, et sur les attitudes physiques. <\/span><\/p>\n<h4 class=\"p1\"><span class=\"s1\">Qui est Gus, le jeune h\u00e9ros du film?<\/span><\/h4>\n<p class=\"p1\"><span class=\"s1\">C\u2019est un jeune gar\u00e7on qui est \u00e0 un \u00e2ge fascinant, encore un peu dans l\u2019enfance, avec d\u00e9j\u00e0 un pied dans l\u2019adolescence. Il<\/span><span class=\"s1\"> a encore de la douceur et de la na\u00efvet\u00e9 de l\u2019enfance, mais commence \u00e0 se battre contre son milieu. Il est plus r\u00eaveur qu\u2019agriculteur. Les conditions dans lesquelles il vit ne le satisfont pas, mais son destin fait qu\u2019il doit s\u2019y soumettre, et la col\u00e8re monte. C\u2019est aussi une col\u00e8re mim\u00e9tique, par rapport \u00e0 son p\u00e8re, qu\u2019il va \u00e0 un moment suivre, c\u2019est son seul exemple, sa seule solution, m\u00eame s\u2019il finit par prendre un autre virage. <\/span><\/p>\n<p class=\"p1\"><span class=\"s1\">Il faut dire qu\u2019il a d\u2019autres mod\u00e8les que celui de son p\u00e8re, toutes ces femmes fortes autour de lui en pleine \u00e9mancipation. <\/span><\/p>\n<p class=\"p1\"><span class=\"s1\">Il y a bien s\u00fbr le personnage de sa m\u00e8re, qui est tr\u00e8s important, mais aussi sa soeur, un personnage tr\u00e8s rebelle d\u00e9cid\u00e9 \u00e0 faire partie de l\u2019histoire du monde. Et puis il y a C\u00e9cile, l\u2019amie de sa m\u00e8re, qui repr\u00e9sente le mouvement des femmes \u00e0 l\u2019oeuvre dans les ann\u00e9es 70, elle a voyag\u00e9, elle a divorc\u00e9. Et puis il y a cette petite fille de son \u00e2ge, un peu le mouton noir au village, qui va lui apprendre qu\u2019on peut choisir son destin.<\/span><\/p>\n<blockquote>\n<p class=\"p1\"><span class=\"s1\">C\u2019est assez fantasmatique pour ce jeune gar\u00e7on, ces femmes sont belles, mais surtout libres.\u00a0<\/span><\/p>\n<\/blockquote>\n<h4><img loading=\"lazy\" decoding=\"async\" class=\"alignnone size-large wp-image-223603\" src=\"https:\/\/www.cinevox.be\/wp-content\/uploads\/sites\/2\/2019\/10\/Le-Milieu-De-L-Horizon2-800x531.jpg\" alt=\"\" width=\"618\" height=\"410\" srcset=\"https:\/\/welovecinema.be\/wp-content\/uploads\/sites\/2\/2019\/10\/Le-Milieu-De-L-Horizon2-800x531.jpg 800w, https:\/\/welovecinema.be\/wp-content\/uploads\/sites\/2\/2019\/10\/Le-Milieu-De-L-Horizon2-407x270.jpg 407w, https:\/\/welovecinema.be\/wp-content\/uploads\/sites\/2\/2019\/10\/Le-Milieu-De-L-Horizon2-768x509.jpg 768w, https:\/\/welovecinema.be\/wp-content\/uploads\/sites\/2\/2019\/10\/Le-Milieu-De-L-Horizon2-310x205.jpg 310w, https:\/\/welovecinema.be\/wp-content\/uploads\/sites\/2\/2019\/10\/Le-Milieu-De-L-Horizon2.jpg 1200w\" sizes=\"auto, (max-width: 618px) 100vw, 618px\" \/><\/h4>\n<h4 class=\"p1\"><span class=\"s1\">Comment vous positionnez-vous par rapport aux questions de female gaze et de male gaze?<\/span><\/h4>\n<p class=\"p1\"><span class=\"s1\">Ce sont des questions que je me pose beaucoup. Je r\u00e9alise qu\u2019on est \u00e0 un moment de l\u2019histoire des hommes et des femmes tr\u00e8s important. C\u2019est dommage que l\u2019on soit toujours mis en opposition, on devrait reparler de #metoo dans une forme de solidarit\u00e9. Je comprends tr\u00e8s bien ce que peuvent signifier les notions de male gaze et de female gaze, c\u2019est quelque chose que je ressens depuis longtemps, surement m\u00eame inconsciemment, depuis que je regarde des films ou que je lis des livres. On a toutes appris la beaut\u00e9 de l\u2019art, du cin\u00e9ma, de la litt\u00e9rature, via des oeuvres d\u2019hommes, essentiellement. <\/span><\/p>\n<blockquote>\n<p class=\"p1\"><span class=\"s1\">Se rendre compte soudain qu\u2019il y a aussi des oeuvres de femmes, et qu\u2019elles sont diff\u00e9rentes, que les regards sur les personnages f\u00e9minins et masculins sont tr\u00e8s diff\u00e9rents, c&rsquo;est extr\u00eamement lib\u00e9rateur. <\/span><\/p>\n<\/blockquote>\n<p class=\"p1\"><span class=\"s1\">Le travail \u00e0 faire aujourd\u2019hui c\u2019est de d\u00e9construire \u00e7a, de le th\u00e9oriser. Ce n\u2019est pas parce qu\u2019un homme filme une femme en la rendant belle et h\u00e9ro\u00efque qu\u2019il a un female gaze, il peut quand m\u00eame toujours la regarder du point de vue d\u2019un homme. Ce n\u2019est pas mal, mais c\u2019est diff\u00e9rent. Il est temps de dire en quoi c\u2019est diff\u00e9rent. <\/span><\/p>\n<p class=\"p1\"><span class=\"s1\">J\u2019ai beaucoup r\u00e9fl\u00e9chi \u00e0 la fa\u00e7on dont j\u2019allais filmer Laetitia Casta par rapport \u00e0 \u00e7a. C\u2019est une ic\u00f4ne f\u00e9minine et sensuelle, pour beaucoup d\u2019hommes. Lui faire jouer ce personnage de m\u00e8re qui s\u2019en va, c\u2019\u00e9tait diff\u00e9rent de ce qu\u2019elle a pu faire auparavant, et c\u2019est d\u00e9j\u00e0 une fa\u00e7on de la regarder diff\u00e9remment. Je voulais une actrice populaire, qui ne soit pas d\u00e9test\u00e9e parce qu\u2019elle s&rsquo;en va. On n\u2019a pas la m\u00eame vision d\u2019une femme qui tombe amoureuse d\u2019une autre femme quand on est un homme et quand on est une femme. On ne regarde pas aux m\u00eames endroits.<\/span><\/p>\n<p><img loading=\"lazy\" decoding=\"async\" class=\"alignnone size-large wp-image-223666\" src=\"https:\/\/www.cinevox.be\/wp-content\/uploads\/sites\/2\/2019\/10\/LMDH-09\u00a9Box-Productions-et-Entre-Chien-et-Loup-cre\u0301dit-photo-Gjorgji-Klincarov-960x600-800x450.jpg\" alt=\"\" width=\"618\" height=\"348\" srcset=\"https:\/\/welovecinema.be\/wp-content\/uploads\/sites\/2\/2019\/10\/LMDH-09\u00a9Box-Productions-et-Entre-Chien-et-Loup-cre\u0301dit-photo-Gjorgji-Klincarov-960x600-800x450.jpg 800w, https:\/\/welovecinema.be\/wp-content\/uploads\/sites\/2\/2019\/10\/LMDH-09\u00a9Box-Productions-et-Entre-Chien-et-Loup-cre\u0301dit-photo-Gjorgji-Klincarov-960x600-200x113.jpg 200w, https:\/\/welovecinema.be\/wp-content\/uploads\/sites\/2\/2019\/10\/LMDH-09\u00a9Box-Productions-et-Entre-Chien-et-Loup-cre\u0301dit-photo-Gjorgji-Klincarov-960x600-480x270.jpg 480w, https:\/\/welovecinema.be\/wp-content\/uploads\/sites\/2\/2019\/10\/LMDH-09\u00a9Box-Productions-et-Entre-Chien-et-Loup-cre\u0301dit-photo-Gjorgji-Klincarov-960x600-768x432.jpg 768w, https:\/\/welovecinema.be\/wp-content\/uploads\/sites\/2\/2019\/10\/LMDH-09\u00a9Box-Productions-et-Entre-Chien-et-Loup-cre\u0301dit-photo-Gjorgji-Klincarov-960x600-599x337.jpg 599w, https:\/\/welovecinema.be\/wp-content\/uploads\/sites\/2\/2019\/10\/LMDH-09\u00a9Box-Productions-et-Entre-Chien-et-Loup-cre\u0301dit-photo-Gjorgji-Klincarov-960x600.jpg 960w\" sizes=\"auto, (max-width: 618px) 100vw, 618px\" \/><\/p>\n<p class=\"p1\"><span class=\"s1\">Il y a une sc\u00e8ne de basculement, o\u00f9 l\u2019enfant regarde sa m\u00e8re embrasser C\u00e9cile. A cet endroit l\u00e0 du film, il y a quelque chose de nouveau, parce que c\u2019est vu \u00e0 travers les yeux d\u2019un jeune gar\u00e7on. Je ne pouvais pas le filmer de mani\u00e8re \u00e9rotique, et c\u2019\u00e9tait d\u00e9j\u00e0 se d\u00e9placer sur un autre type de regard. Je voulais leur faire d\u00e9couvrir quelque chose \u00e0 elles aussi. <\/span><\/p>\n<blockquote>\n<p class=\"p1\"><span class=\"s1\">Il ne fallait \u00eatre ni dans la beaut\u00e9, ni dans l\u2019\u00e9rotisme, mais dans le bouleversement. <\/span><\/p>\n<\/blockquote>\n<p class=\"p1\"><span class=\"s1\">Il y a \u00e9videmment des hommes qui ont une sensibilit\u00e9 bienveillante et gracieuse, qui filment les femmes avec respect et int\u00e9grit\u00e9. Moi je crois que je filmais plut\u00f4t en tant que m\u00e8re, qu\u2019on s\u2019est retrouv\u00e9es sur ce point avec Laetitia et Cl\u00e9mence. Dans la bienveillance par rapport \u00e0 Gus, le h\u00e9ros. C\u2019est quoi notre responsabilit\u00e9? Que les adultes restent des adultes, et que les enfants restent des enfants. Ne pas mettre les enfants dans des situations o\u00f9 ils sont idiots et immatures.<\/span><\/p>\n<blockquote>\n<p class=\"p1\"><span class=\"s1\">Le female gaze, c\u2019est aussi l\u2019endroit o\u00f9 on se situe soi, \u00e0 quoi on a r\u00e9fl\u00e9chi en tant que femme, ou en tant que m\u00e8re, en tant que personne qui \u00e9crit. <\/span><\/p>\n<\/blockquote>\n<p class=\"p1\"><span class=\"s1\">Et mettre cette r\u00e9flexion au service d\u2019une histoire, pour qu\u2019elle soit un peu plus complexe qu\u2019elle en a l\u2019air. D\u2019autant que l\u00e0 aussi, on raconte une \u00e9poque. Ca se passe dans les 70s, mais les questions qui se posent font tellement \u00e9cho \u00e0 celles que l\u2019on peut se poser aujourd\u2019hui en tant que femme: est-ce que je me lib\u00e8re est-ce que je me consacre \u00e0 ma famille, est-ce que je m\u2019en vais? <\/span><\/p>\n<p class=\"p1\"><span class=\"s1\">Les hommes aussi s\u2019interrogent: est-ce que je ne serais pas en train de subir moi aussi cette forme de patriarcat? <\/span><\/p>\n<blockquote>\n<p class=\"p1\"><span class=\"s1\">Les hommes du film subissent les r\u00f4les dans lesquelles on les a mis. <\/span><\/p>\n<\/blockquote>\n<p class=\"p1\"><span class=\"s1\">Ce sont des injonctions soci\u00e9tales, on commence \u00e0 en avoir conscience aujourd\u2019hui, et c\u2019est tr\u00e8s important de les re-raconter et de les retraverser.<\/span><\/p>\n<p><img loading=\"lazy\" decoding=\"async\" class=\"alignnone size-large wp-image-223668\" src=\"https:\/\/www.cinevox.be\/wp-content\/uploads\/sites\/2\/2019\/10\/LMDH-15\u00a9Box-Productions-et-Entre-Chien-et-Loup-cre\u0301dit-photo-Gjorgji-Klincarov-960x600-800x450.jpg\" alt=\"\" width=\"618\" height=\"348\" srcset=\"https:\/\/welovecinema.be\/wp-content\/uploads\/sites\/2\/2019\/10\/LMDH-15\u00a9Box-Productions-et-Entre-Chien-et-Loup-cre\u0301dit-photo-Gjorgji-Klincarov-960x600-800x450.jpg 800w, https:\/\/welovecinema.be\/wp-content\/uploads\/sites\/2\/2019\/10\/LMDH-15\u00a9Box-Productions-et-Entre-Chien-et-Loup-cre\u0301dit-photo-Gjorgji-Klincarov-960x600-200x113.jpg 200w, https:\/\/welovecinema.be\/wp-content\/uploads\/sites\/2\/2019\/10\/LMDH-15\u00a9Box-Productions-et-Entre-Chien-et-Loup-cre\u0301dit-photo-Gjorgji-Klincarov-960x600-480x270.jpg 480w, https:\/\/welovecinema.be\/wp-content\/uploads\/sites\/2\/2019\/10\/LMDH-15\u00a9Box-Productions-et-Entre-Chien-et-Loup-cre\u0301dit-photo-Gjorgji-Klincarov-960x600-768x432.jpg 768w, https:\/\/welovecinema.be\/wp-content\/uploads\/sites\/2\/2019\/10\/LMDH-15\u00a9Box-Productions-et-Entre-Chien-et-Loup-cre\u0301dit-photo-Gjorgji-Klincarov-960x600-599x337.jpg 599w, https:\/\/welovecinema.be\/wp-content\/uploads\/sites\/2\/2019\/10\/LMDH-15\u00a9Box-Productions-et-Entre-Chien-et-Loup-cre\u0301dit-photo-Gjorgji-Klincarov-960x600.jpg 960w\" sizes=\"auto, (max-width: 618px) 100vw, 618px\" \/><\/p>\n<p class=\"p1\"><span class=\"s1\">Le p\u00e8re est bless\u00e9, on lui a toujours dit que s\u2019il mettait du pain sur la table, tout irait pour le mieux. Il ne peut pas concevoir que sa femme puisse avoir d\u2019autres envies que celle qu\u2019on lui impose ou qu\u2019on lui a impos\u00e9. Cette question des d\u00e9sirs, qui bougent avec l\u2019\u00e9poque et la maturit\u00e9, \u00e7a raconte aussi \u00e7a le film. Tous ces bouleversements, en plus de la chaleur, de la mort, de la fin de l\u2019agriculture. Ce sont aussi nos id\u00e9aux et nos morales qui explosent.<\/span><\/p>\n<h4 class=\"p1\"><span class=\"s1\">Le film aborde \u00e9galement les questions de la ruralit\u00e9 et de la fin d&rsquo;une certaine l\u2019agriculture?<\/span><\/h4>\n<p class=\"p1\"><span class=\"s1\">C\u2019est aussi ce qui m\u2019a attir\u00e9 sur ce film, revenir \u00e0 la base. La Terre. Etre face \u00e0 la vie ou \u00e0 la mort. Ne pas faire encore un film de discussions dans des salons ou des caf\u00e9s. Face \u00e0 des gens qui perdent tout, d\u2019autres qui cuisinent, qui cultivent. Je ne viens pas de l\u00e0, et je ne voulais pas trahir cette beaut\u00e9-l\u00e0. C\u2019est une ferme familiale ancr\u00e9e dans la terre, un rapport tr\u00e8s noble aux animaux, et je voulais rendre \u00e7a. <\/span><\/p>\n<blockquote>\n<p class=\"p1\"><span class=\"s1\">C\u2019\u00e9tait tr\u00e8s fort de se retrouver avec un sc\u00e9nario qui raconte le moment o\u00f9 on a voulu rendre l&rsquo;agriculture un peu inhumaine et moins noble, dans les ann\u00e9es 70. <\/span><\/p>\n<\/blockquote>\n<p class=\"p1\"><span class=\"s1\">Gagnons de l\u2019argent, et achetons des milliers de poulets, tant pis pour la fa\u00e7on dont on les traite. Evidemment, \u00e7a foire. J\u2019\u00e9tais contente que cette canicule et cette \u00e9mancipation ne se passent pas en ville. C\u2019est pour \u00e7a aussi que le film a cet aspect classique. Filmer la nature, \u00e7a remet les choses en perspective. On filme de la terre, des ma\u00efs secs, des animaux morts et vivants. C\u2019est tr\u00e8s fort de tourner dehors et avec des animaux, on se rend compte \u00e0 quel point un tournage c\u2019est fragile, surtout quand on a les deux pieds dans le fumier.<\/span><\/p>\n<p><img loading=\"lazy\" decoding=\"async\" class=\"alignnone size-large wp-image-223599\" src=\"https:\/\/www.cinevox.be\/wp-content\/uploads\/sites\/2\/2019\/10\/Le-Milieu-De-L-Horizon3-800x432.jpg\" alt=\"\" width=\"618\" height=\"334\" srcset=\"https:\/\/welovecinema.be\/wp-content\/uploads\/sites\/2\/2019\/10\/Le-Milieu-De-L-Horizon3-800x432.jpg 800w, https:\/\/welovecinema.be\/wp-content\/uploads\/sites\/2\/2019\/10\/Le-Milieu-De-L-Horizon3-480x259.jpg 480w, https:\/\/welovecinema.be\/wp-content\/uploads\/sites\/2\/2019\/10\/Le-Milieu-De-L-Horizon3-768x415.jpg 768w\" sizes=\"auto, (max-width: 618px) 100vw, 618px\" \/><\/p>\n<p class=\"p1\"><span class=\"s1\">On a pu me dire que les personnages masculins \u00e9taient un peu clich\u00e9s parce qu\u2019ils ne r\u00e9agissaient pas. Mais j\u2019assume \u00e7a, l\u2019id\u00e9e n\u2019est pas de faire un concours de souffrance, on est tous pris dans un syst\u00e8me. <\/span><\/p>\n<blockquote>\n<p class=\"p1\"><span class=\"s1\">Les hommes sont victimes aussi de la soci\u00e9t\u00e9 patriarcale, \u00e0 toujours penser qu\u2019ils doivent \u00eatre les plus forts <\/span><\/p>\n<\/blockquote>\n<p class=\"p1\"><span class=\"s1\">Le sujet de l\u2019agriculture et de la nature am\u00e8ne la notion de fatalit\u00e9. Et la seule chose qu\u2019on puisse faire en tant qu\u2019humains, c\u2019est \u00e9voluer soi-m\u00eame pour faire \u00e9voluer la soci\u00e9t\u00e9. J&rsquo;ai l&rsquo;impression que de nombreux hommes n\u2019en sont pas encore l\u00e0, parce que les injonctions p\u00e8sent tr\u00e8s fort sur eux, qu&rsquo;ils doivent ramener l\u2019argent \u00e0 la maison, nourrir la plan\u00e8te. C\u2019est lourd, et \u00e7a dure depuis des g\u00e9n\u00e9rations. Et \u00e7a commence \u00e0 peine \u00e0 \u00eatre r\u00e9fl\u00e9chi et penser. J\u2019ai des discussions avec mon fils que je n\u2019ai jamais eu avec mes parents. Alors qu\u2019au final, on ne peut quand m\u00eame dresser qu\u2019un constat d\u2019\u00e9chec face aux drames engendr\u00e9s par le patriarcat. Est-ce qu\u2019on ne se mettrait pas tous autour d\u2019une table pour r\u00e9fl\u00e9chir au fait que ce qui est en train de nous arriver n\u2019est pas une fatalit\u00e9? <\/span><\/p>\n<h4 class=\"p1\"><span class=\"s1\">Quelles \u00e9taient vos inspirations pour ce coming-of-age?<\/span><\/h4>\n<p class=\"p1\"><span class=\"s1\"><em>Puppy love<\/em> \u00e9tait aussi un coming-of-age, j\u2019avais vraiment une n\u00e9cessit\u00e9 de le faire, je me suis pos\u00e9e un peu moins de questions, et il \u00e9tait plus brut, plus radical. Ce film-l\u00e0, j\u2019avais vraiment envie que les gens le voit. C\u2019est une autre fa\u00e7on d\u2019\u00e9crire, une autre fa\u00e7on de regarder, une autre fa\u00e7on de filmer.<\/span><\/p>\n<p class=\"p1\"><span class=\"s1\">C\u2019est un personnage plus jeune, et il y avait cette part d\u2019enfance \u00e0 retrouver. J\u2019adore cet \u00e2ge, il y a deux \u00e2ges tr\u00e8s marquant de transformation dans la vie, l\u2019adolescence, puis la r\u00e9gression du corps vieillissant. C\u2019est passionnant \u00e0 filmer, parce que c\u2019est un peu magique. J\u2019ai revu <em>Mud<\/em> de Jeff Nichols, j&rsquo;aime beaucoup la\u00a0fa\u00e7on dont il filme la nature et les visages des jeunes gar\u00e7ons. J\u2019ai oblig\u00e9 mon jeune acteur, Luc, \u00e0 regarder <em>La Naissance d\u2019Ivan<\/em> de Tarkovski, ce fil en noir et blanc, dans les bois, compl\u00e8tement dingue, sur un enfant qui se retrouve \u00e0 faire des missions pendant la seconde guerre mondiale. Des enfants pris dans des choses d\u2019adultes. Et puis ce film anglais, <em>Le Messager<\/em> de Joseph Losey. <\/span><\/p>\n<blockquote>\n<p class=\"p1\"><span class=\"s1\">C\u2019est un \u00e2ge o\u00f9 est plong\u00e9 dans des questions existentielles auxquelles on n\u2019a pas la r\u00e9ponse, un vrai tourbillon d\u2019interrogations et d\u2019angoisses, tout en \u00e9tant mu par l\u2019excitation de se voir grandir. <\/span><\/p>\n<\/blockquote>\n<p class=\"p1\"><span class=\"s1\">Ce tourment int\u00e9rieur est g\u00e9nial \u00e0 filmer, tout se passe au niveau des \u00e9motions. Je voulais que le film soit non pas m\u00e9lodramatique, mais \u00e9mouvant. Que cet enfant soit \u00e9mouvant. Qu\u2019on s\u2019y attache par nostalgie, on est tous pass\u00e9s par cette \u00e9tape de la vie, on a v\u00e9cu ces tourments.<\/span><\/p>\n<p><img loading=\"lazy\" decoding=\"async\" class=\"alignnone size-large wp-image-223670\" src=\"https:\/\/www.cinevox.be\/wp-content\/uploads\/sites\/2\/2019\/10\/10649221-800x450.jpeg\" alt=\"\" width=\"618\" height=\"348\" srcset=\"https:\/\/welovecinema.be\/wp-content\/uploads\/sites\/2\/2019\/10\/10649221.jpeg 800w, https:\/\/welovecinema.be\/wp-content\/uploads\/sites\/2\/2019\/10\/10649221-200x113.jpeg 200w, https:\/\/welovecinema.be\/wp-content\/uploads\/sites\/2\/2019\/10\/10649221-480x270.jpeg 480w, https:\/\/welovecinema.be\/wp-content\/uploads\/sites\/2\/2019\/10\/10649221-768x432.jpeg 768w, https:\/\/welovecinema.be\/wp-content\/uploads\/sites\/2\/2019\/10\/10649221-599x337.jpeg 599w\" sizes=\"auto, (max-width: 618px) 100vw, 618px\" \/><\/p>\n<h4>Quels sont vos projets?<\/h4>\n<p class=\"p1\"><span class=\"s1\">Encore une adaptation, une s\u00e9rie t\u00e9l\u00e9 cette fois, d\u2019une BD suisse, <em>Les Indociles<\/em>. On y a rajout\u00e9 une histoire de la drogue en Suisse. C\u2019est une s\u00e9rie qui d\u00e9marre en 1973, et finit en 2019, une vraie saga, un projet politico-social tr\u00e8s excitant. <\/span><\/p>\n<p class=\"p1\"><span class=\"s1\">Et puis il y a ce projet de com\u00e9die long m\u00e9trage, que j\u2019\u00e9cris depuis 4 ans. Je crois que \u00e7a va se faire bient\u00f4t, avant la s\u00e9rie. C\u2019est un film sur l\u2019homosexualit\u00e9. Parce que s\u2019il y a un male gaze et un female gaze, il y a aussi un gay gaze! Je trouve qu\u2019il y a encore beaucoup, beaucoup de choses \u00e0 dire \u00e0 ce sujet. <\/span><\/p>\n<blockquote>\n<p class=\"p1\"><span class=\"s1\">Je vois encore tellement d\u2019homophobie dans le regard de certains cin\u00e9astes, surtout sur les femmes homosexuelles, je me dis qu\u2019il est temps de faire une com\u00e9die pour d\u00e9construire les clich\u00e9s. <\/span><\/p>\n<\/blockquote>\n<h4 class=\"p1\">A LIRE AUSSI<\/h4>\n<p><a href=\"https:\/\/www.cinevox.be\/fr\/le-milieu-de-lhorizon-lemancipation-de-mere-en-fils\/\"><em>Le Milieu de l&rsquo;horizon<\/em>: l&rsquo;\u00e9mancipation de m\u00e8re en fils<\/a><\/p>\n","protected":false},"excerpt":{"rendered":"<p>Rencontre avec la r\u00e9alisatrice Delphine Lehericey, qui 6 ans apr\u00e8s Puppy Love, revient au Festival de Namur avec son nouveau long m\u00e9trage, Le Milieu de l&rsquo;horizon, une histoire d&rsquo;\u00e9mancipation aussi bien adolescente que f\u00e9minine sur fond d&rsquo;\u00e9t\u00e9 caniculaire et de crise du monde agricole. Quelles sont les origines du projet? Box Productions, mes producteurs de &hellip;<\/p>\n","protected":false},"author":343,"featured_media":223673,"comment_status":"closed","ping_status":"closed","sticky":false,"template":"","format":"standard","meta":{"ngg_post_thumbnail":0,"footnotes":""},"categories":[1978],"tags":[3805,3804,4187],"class_list":["post-223475","post","type-post","status-publish","format-standard","has-post-thumbnail","","category-interviews","tag-delphine-lehericey","tag-le-milieu-de-lhorizon","tag-newsletter-fr"],"yoast_head":"<!-- This site is optimized with the Yoast SEO plugin v20.4 - https:\/\/yoast.com\/wordpress\/plugins\/seo\/ -->\n<title>Delphine Lehericey: &quot;n&#039;\u00eatre ni dans la beaut\u00e9, ni dans l\u2019\u00e9rotisme, mais dans le bouleversement&quot; - We Love Cinema<\/title>\n<meta name=\"robots\" content=\"index, follow, max-snippet:-1, max-image-preview:large, max-video-preview:-1\" \/>\n<link rel=\"canonical\" href=\"https:\/\/welovecinema.be\/fr\/delphine-lehericey-netre-ni-dans-la-beaute-ni-dans-lerotisme-mais-dans-le-bouleversement\/\" \/>\n<meta property=\"og:locale\" content=\"fr_FR\" \/>\n<meta property=\"og:type\" content=\"article\" \/>\n<meta property=\"og:title\" content=\"Delphine Lehericey: &quot;n&#039;\u00eatre ni dans la beaut\u00e9, ni dans l\u2019\u00e9rotisme, mais dans le bouleversement&quot; - We Love Cinema\" \/>\n<meta property=\"og:description\" content=\"Rencontre avec la r\u00e9alisatrice Delphine Lehericey, qui 6 ans apr\u00e8s Puppy Love, revient au Festival de Namur avec son nouveau long m\u00e9trage, Le Milieu de l&rsquo;horizon, une histoire d&rsquo;\u00e9mancipation aussi bien adolescente que f\u00e9minine sur fond d&rsquo;\u00e9t\u00e9 caniculaire et de crise du monde agricole. Quelles sont les origines du projet? Box Productions, mes producteurs de &hellip;\" \/>\n<meta property=\"og:url\" content=\"https:\/\/welovecinema.be\/fr\/delphine-lehericey-netre-ni-dans-la-beaute-ni-dans-lerotisme-mais-dans-le-bouleversement\/\" \/>\n<meta property=\"og:site_name\" content=\"We Love Cinema\" \/>\n<meta property=\"article:publisher\" content=\"https:\/\/www.facebook.com\/welovecinema.be\" \/>\n<meta property=\"article:published_time\" content=\"2019-10-03T09:51:15+00:00\" \/>\n<meta property=\"article:modified_time\" content=\"2019-10-04T07:00:21+00:00\" \/>\n<meta property=\"og:image\" content=\"https:\/\/welovecinema.be\/wp-content\/uploads\/sites\/2\/2019\/10\/579973.jpg\" \/>\n\t<meta property=\"og:image:width\" content=\"813\" \/>\n\t<meta property=\"og:image:height\" content=\"610\" \/>\n\t<meta property=\"og:image:type\" content=\"image\/jpeg\" \/>\n<meta name=\"author\" content=\"Aurore Engelen\" \/>\n<meta name=\"twitter:card\" content=\"summary_large_image\" \/>\n<meta name=\"twitter:label1\" content=\"\u00c9crit par\" \/>\n\t<meta name=\"twitter:data1\" content=\"Aurore Engelen\" \/>\n\t<meta name=\"twitter:label2\" content=\"Dur\u00e9e de lecture estim\u00e9e\" \/>\n\t<meta name=\"twitter:data2\" content=\"13 minutes\" \/>\n<script type=\"application\/ld+json\" class=\"yoast-schema-graph\">{\"@context\":\"https:\/\/schema.org\",\"@graph\":[{\"@type\":\"Article\",\"@id\":\"https:\/\/welovecinema.be\/fr\/delphine-lehericey-netre-ni-dans-la-beaute-ni-dans-lerotisme-mais-dans-le-bouleversement\/#article\",\"isPartOf\":{\"@id\":\"https:\/\/welovecinema.be\/fr\/delphine-lehericey-netre-ni-dans-la-beaute-ni-dans-lerotisme-mais-dans-le-bouleversement\/\"},\"author\":{\"name\":\"Aurore Engelen\",\"@id\":\"https:\/\/welovecinema.be\/nl\/#\/schema\/person\/8084b68c6b176142d073695c654dc7cf\"},\"headline\":\"Delphine Lehericey: \u00ab\u00a0n&rsquo;\u00eatre ni dans la beaut\u00e9, ni dans l\u2019\u00e9rotisme, mais dans le bouleversement\u00a0\u00bb\",\"datePublished\":\"2019-10-03T09:51:15+00:00\",\"dateModified\":\"2019-10-04T07:00:21+00:00\",\"mainEntityOfPage\":{\"@id\":\"https:\/\/welovecinema.be\/fr\/delphine-lehericey-netre-ni-dans-la-beaute-ni-dans-lerotisme-mais-dans-le-bouleversement\/\"},\"wordCount\":2635,\"publisher\":{\"@id\":\"https:\/\/welovecinema.be\/nl\/#organization\"},\"keywords\":[\"Delphine Lehericey\",\"Le Milieu de l'horizon\",\"newsletter\"],\"articleSection\":[\"Rencontres\"],\"inLanguage\":\"fr-FR\"},{\"@type\":\"WebPage\",\"@id\":\"https:\/\/welovecinema.be\/fr\/delphine-lehericey-netre-ni-dans-la-beaute-ni-dans-lerotisme-mais-dans-le-bouleversement\/\",\"url\":\"https:\/\/welovecinema.be\/fr\/delphine-lehericey-netre-ni-dans-la-beaute-ni-dans-lerotisme-mais-dans-le-bouleversement\/\",\"name\":\"Delphine Lehericey: \\\"n'\u00eatre ni dans la beaut\u00e9, ni dans l\u2019\u00e9rotisme, mais dans le bouleversement\\\" - We Love Cinema\",\"isPartOf\":{\"@id\":\"https:\/\/welovecinema.be\/nl\/#website\"},\"datePublished\":\"2019-10-03T09:51:15+00:00\",\"dateModified\":\"2019-10-04T07:00:21+00:00\",\"breadcrumb\":{\"@id\":\"https:\/\/welovecinema.be\/fr\/delphine-lehericey-netre-ni-dans-la-beaute-ni-dans-lerotisme-mais-dans-le-bouleversement\/#breadcrumb\"},\"inLanguage\":\"fr-FR\",\"potentialAction\":[{\"@type\":\"ReadAction\",\"target\":[\"https:\/\/welovecinema.be\/fr\/delphine-lehericey-netre-ni-dans-la-beaute-ni-dans-lerotisme-mais-dans-le-bouleversement\/\"]}]},{\"@type\":\"BreadcrumbList\",\"@id\":\"https:\/\/welovecinema.be\/fr\/delphine-lehericey-netre-ni-dans-la-beaute-ni-dans-lerotisme-mais-dans-le-bouleversement\/#breadcrumb\",\"itemListElement\":[{\"@type\":\"ListItem\",\"position\":1,\"name\":\"Accueil\",\"item\":\"https:\/\/welovecinema.be\/fr\/\"},{\"@type\":\"ListItem\",\"position\":2,\"name\":\"Delphine Lehericey: \u00ab\u00a0n&rsquo;\u00eatre ni dans la beaut\u00e9, ni dans l\u2019\u00e9rotisme, mais dans le bouleversement\u00a0\u00bb\"}]},{\"@type\":\"WebSite\",\"@id\":\"https:\/\/welovecinema.be\/nl\/#website\",\"url\":\"https:\/\/welovecinema.be\/nl\/\",\"name\":\"We Love Cinema\",\"description\":\"Toute l\u2019information du cin\u00e9ma en Belgique\",\"publisher\":{\"@id\":\"https:\/\/welovecinema.be\/nl\/#organization\"},\"potentialAction\":[{\"@type\":\"SearchAction\",\"target\":{\"@type\":\"EntryPoint\",\"urlTemplate\":\"https:\/\/welovecinema.be\/nl\/?s={search_term_string}\"},\"query-input\":\"required name=search_term_string\"}],\"inLanguage\":\"fr-FR\"},{\"@type\":\"Organization\",\"@id\":\"https:\/\/welovecinema.be\/nl\/#organization\",\"name\":\"We Love Cinema\",\"url\":\"https:\/\/welovecinema.be\/nl\/\",\"logo\":{\"@type\":\"ImageObject\",\"inLanguage\":\"fr-FR\",\"@id\":\"https:\/\/welovecinema.be\/nl\/#\/schema\/logo\/image\/\",\"url\":\"https:\/\/welovecinema.be\/wp-content\/uploads\/sites\/2\/2023\/03\/Logo-We-Love-Cinema305x128.jpg\",\"contentUrl\":\"https:\/\/welovecinema.be\/wp-content\/uploads\/sites\/2\/2023\/03\/Logo-We-Love-Cinema305x128.jpg\",\"width\":305,\"height\":128,\"caption\":\"We Love Cinema\"},\"image\":{\"@id\":\"https:\/\/welovecinema.be\/nl\/#\/schema\/logo\/image\/\"},\"sameAs\":[\"https:\/\/www.facebook.com\/welovecinema.be\",\"https:\/\/www.youtube.com\/channel\/UCX5LYGVhnKvYauW4Nta4HJA\",\"https:\/\/www.instagram.com\/welovecinema.be\/\"]},{\"@type\":\"Person\",\"@id\":\"https:\/\/welovecinema.be\/nl\/#\/schema\/person\/8084b68c6b176142d073695c654dc7cf\",\"name\":\"Aurore Engelen\",\"url\":\"https:\/\/welovecinema.be\/fr\/author\/aurore-engelen\/\"}]}<\/script>\n<!-- \/ Yoast SEO plugin. -->","yoast_head_json":{"title":"Delphine Lehericey: \"n'\u00eatre ni dans la beaut\u00e9, ni dans l\u2019\u00e9rotisme, mais dans le bouleversement\" - We Love Cinema","robots":{"index":"index","follow":"follow","max-snippet":"max-snippet:-1","max-image-preview":"max-image-preview:large","max-video-preview":"max-video-preview:-1"},"canonical":"https:\/\/welovecinema.be\/fr\/delphine-lehericey-netre-ni-dans-la-beaute-ni-dans-lerotisme-mais-dans-le-bouleversement\/","og_locale":"fr_FR","og_type":"article","og_title":"Delphine Lehericey: \"n'\u00eatre ni dans la beaut\u00e9, ni dans l\u2019\u00e9rotisme, mais dans le bouleversement\" - We Love Cinema","og_description":"Rencontre avec la r\u00e9alisatrice Delphine Lehericey, qui 6 ans apr\u00e8s Puppy Love, revient au Festival de Namur avec son nouveau long m\u00e9trage, Le Milieu de l&rsquo;horizon, une histoire d&rsquo;\u00e9mancipation aussi bien adolescente que f\u00e9minine sur fond d&rsquo;\u00e9t\u00e9 caniculaire et de crise du monde agricole. Quelles sont les origines du projet? Box Productions, mes producteurs de &hellip;","og_url":"https:\/\/welovecinema.be\/fr\/delphine-lehericey-netre-ni-dans-la-beaute-ni-dans-lerotisme-mais-dans-le-bouleversement\/","og_site_name":"We Love Cinema","article_publisher":"https:\/\/www.facebook.com\/welovecinema.be","article_published_time":"2019-10-03T09:51:15+00:00","article_modified_time":"2019-10-04T07:00:21+00:00","og_image":[{"width":813,"height":610,"url":"https:\/\/welovecinema.be\/wp-content\/uploads\/sites\/2\/2019\/10\/579973.jpg","type":"image\/jpeg"}],"author":"Aurore Engelen","twitter_card":"summary_large_image","twitter_misc":{"\u00c9crit par":"Aurore Engelen","Dur\u00e9e de lecture estim\u00e9e":"13 minutes"},"schema":{"@context":"https:\/\/schema.org","@graph":[{"@type":"Article","@id":"https:\/\/welovecinema.be\/fr\/delphine-lehericey-netre-ni-dans-la-beaute-ni-dans-lerotisme-mais-dans-le-bouleversement\/#article","isPartOf":{"@id":"https:\/\/welovecinema.be\/fr\/delphine-lehericey-netre-ni-dans-la-beaute-ni-dans-lerotisme-mais-dans-le-bouleversement\/"},"author":{"name":"Aurore Engelen","@id":"https:\/\/welovecinema.be\/nl\/#\/schema\/person\/8084b68c6b176142d073695c654dc7cf"},"headline":"Delphine Lehericey: \u00ab\u00a0n&rsquo;\u00eatre ni dans la beaut\u00e9, ni dans l\u2019\u00e9rotisme, mais dans le bouleversement\u00a0\u00bb","datePublished":"2019-10-03T09:51:15+00:00","dateModified":"2019-10-04T07:00:21+00:00","mainEntityOfPage":{"@id":"https:\/\/welovecinema.be\/fr\/delphine-lehericey-netre-ni-dans-la-beaute-ni-dans-lerotisme-mais-dans-le-bouleversement\/"},"wordCount":2635,"publisher":{"@id":"https:\/\/welovecinema.be\/nl\/#organization"},"keywords":["Delphine Lehericey","Le Milieu de l'horizon","newsletter"],"articleSection":["Rencontres"],"inLanguage":"fr-FR"},{"@type":"WebPage","@id":"https:\/\/welovecinema.be\/fr\/delphine-lehericey-netre-ni-dans-la-beaute-ni-dans-lerotisme-mais-dans-le-bouleversement\/","url":"https:\/\/welovecinema.be\/fr\/delphine-lehericey-netre-ni-dans-la-beaute-ni-dans-lerotisme-mais-dans-le-bouleversement\/","name":"Delphine Lehericey: \"n'\u00eatre ni dans la beaut\u00e9, ni dans l\u2019\u00e9rotisme, mais dans le bouleversement\" - We Love Cinema","isPartOf":{"@id":"https:\/\/welovecinema.be\/nl\/#website"},"datePublished":"2019-10-03T09:51:15+00:00","dateModified":"2019-10-04T07:00:21+00:00","breadcrumb":{"@id":"https:\/\/welovecinema.be\/fr\/delphine-lehericey-netre-ni-dans-la-beaute-ni-dans-lerotisme-mais-dans-le-bouleversement\/#breadcrumb"},"inLanguage":"fr-FR","potentialAction":[{"@type":"ReadAction","target":["https:\/\/welovecinema.be\/fr\/delphine-lehericey-netre-ni-dans-la-beaute-ni-dans-lerotisme-mais-dans-le-bouleversement\/"]}]},{"@type":"BreadcrumbList","@id":"https:\/\/welovecinema.be\/fr\/delphine-lehericey-netre-ni-dans-la-beaute-ni-dans-lerotisme-mais-dans-le-bouleversement\/#breadcrumb","itemListElement":[{"@type":"ListItem","position":1,"name":"Accueil","item":"https:\/\/welovecinema.be\/fr\/"},{"@type":"ListItem","position":2,"name":"Delphine Lehericey: \u00ab\u00a0n&rsquo;\u00eatre ni dans la beaut\u00e9, ni dans l\u2019\u00e9rotisme, mais dans le bouleversement\u00a0\u00bb"}]},{"@type":"WebSite","@id":"https:\/\/welovecinema.be\/nl\/#website","url":"https:\/\/welovecinema.be\/nl\/","name":"We Love Cinema","description":"Toute l\u2019information du cin\u00e9ma en Belgique","publisher":{"@id":"https:\/\/welovecinema.be\/nl\/#organization"},"potentialAction":[{"@type":"SearchAction","target":{"@type":"EntryPoint","urlTemplate":"https:\/\/welovecinema.be\/nl\/?s={search_term_string}"},"query-input":"required name=search_term_string"}],"inLanguage":"fr-FR"},{"@type":"Organization","@id":"https:\/\/welovecinema.be\/nl\/#organization","name":"We Love Cinema","url":"https:\/\/welovecinema.be\/nl\/","logo":{"@type":"ImageObject","inLanguage":"fr-FR","@id":"https:\/\/welovecinema.be\/nl\/#\/schema\/logo\/image\/","url":"https:\/\/welovecinema.be\/wp-content\/uploads\/sites\/2\/2023\/03\/Logo-We-Love-Cinema305x128.jpg","contentUrl":"https:\/\/welovecinema.be\/wp-content\/uploads\/sites\/2\/2023\/03\/Logo-We-Love-Cinema305x128.jpg","width":305,"height":128,"caption":"We Love Cinema"},"image":{"@id":"https:\/\/welovecinema.be\/nl\/#\/schema\/logo\/image\/"},"sameAs":["https:\/\/www.facebook.com\/welovecinema.be","https:\/\/www.youtube.com\/channel\/UCX5LYGVhnKvYauW4Nta4HJA","https:\/\/www.instagram.com\/welovecinema.be\/"]},{"@type":"Person","@id":"https:\/\/welovecinema.be\/nl\/#\/schema\/person\/8084b68c6b176142d073695c654dc7cf","name":"Aurore Engelen","url":"https:\/\/welovecinema.be\/fr\/author\/aurore-engelen\/"}]}},"_links":{"self":[{"href":"https:\/\/welovecinema.be\/fr\/wp-json\/wp\/v2\/posts\/223475","targetHints":{"allow":["GET"]}}],"collection":[{"href":"https:\/\/welovecinema.be\/fr\/wp-json\/wp\/v2\/posts"}],"about":[{"href":"https:\/\/welovecinema.be\/fr\/wp-json\/wp\/v2\/types\/post"}],"author":[{"embeddable":true,"href":"https:\/\/welovecinema.be\/fr\/wp-json\/wp\/v2\/users\/343"}],"replies":[{"embeddable":true,"href":"https:\/\/welovecinema.be\/fr\/wp-json\/wp\/v2\/comments?post=223475"}],"version-history":[{"count":0,"href":"https:\/\/welovecinema.be\/fr\/wp-json\/wp\/v2\/posts\/223475\/revisions"}],"wp:featuredmedia":[{"embeddable":true,"href":"https:\/\/welovecinema.be\/fr\/wp-json\/wp\/v2\/media\/223673"}],"wp:attachment":[{"href":"https:\/\/welovecinema.be\/fr\/wp-json\/wp\/v2\/media?parent=223475"}],"wp:term":[{"taxonomy":"category","embeddable":true,"href":"https:\/\/welovecinema.be\/fr\/wp-json\/wp\/v2\/categories?post=223475"},{"taxonomy":"post_tag","embeddable":true,"href":"https:\/\/welovecinema.be\/fr\/wp-json\/wp\/v2\/tags?post=223475"}],"curies":[{"name":"wp","href":"https:\/\/api.w.org\/{rel}","templated":true}]}}