{"id":222232,"date":"2019-09-04T08:11:33","date_gmt":"2019-09-04T06:11:33","guid":{"rendered":"https:\/\/www.cinevox.be\/?p=222232"},"modified":"2019-09-05T08:24:42","modified_gmt":"2019-09-05T06:24:42","slug":"les-courts-metrages-belges-du-fiff","status":"publish","type":"post","link":"https:\/\/welovecinema.be\/fr\/les-courts-metrages-belges-du-fiff\/","title":{"rendered":"Les courts m\u00e9trages belges du FIFF!"},"content":{"rendered":"<p><strong>Le Festival International du Film Francophone de Namur vient d&rsquo;annoncer les titres des courts m\u00e9trages qui prendront part \u00e0 ses Comp\u00e9titions nationale et internationale!\u00a0<\/strong><\/p>\n<p>Parmi les films retenus, de nombreuses exclusivit\u00e9s, mais aussi des films pr\u00e9sent\u00e9s dans de prestigieux festivals, comme <em>Lucia en el Limbo<\/em> de Valentina Maurel s\u00e9lectionn\u00e9 \u00e0 Cannes, ou <em>Notre Territoire<\/em> de Mathieu Volpe d\u00e9couvert cet \u00e9t\u00e9 \u00e0 Locarno. On notera \u00e9galement, pr\u00e9sent\u00e9 sous la banni\u00e8re fran\u00e7aise en Comp\u00e9tition internationale le film <em>La nuit, elle ment<\/em>, co-r\u00e9alis\u00e9 par J\u00e9r\u00e9my Forni et Rachel Lang &#8211; la r\u00e9alisatrice de <a href=\"https:\/\/www.cinevox.be\/fr\/baden-baden-ana-se-jette-a-leau\/\"><em>Baden Baden<\/em><\/a>, et dont on attend avec impatience le prochain film, <a href=\"https:\/\/www.cinevox.be\/fr\/rachel-lang-laureate-2018-de-la-fondation-gan-avec-mon-legionnaire\/\"><em>Mon L\u00e9gionnaire<\/em><\/a>. Les courts m\u00e9trages sont traditionnellement visibles au FIFF durant le week-end, rendez-vous donc les 28 et 29 septembre \u00e0 Namur!<\/p>\n<ul>\n<li><strong><em>AKRAM\u00a0<\/em><\/strong>d&rsquo;Adrien Berlandi et Mickey Broothaerts<\/li>\n<li><strong><em>AUBE<\/em><\/strong> de Valentine Lapi\u00e8re<\/li>\n<li><em><strong>BRUXELLES-BEYROUTH<\/strong><\/em> de Thibaut Wohlfahrt et Samir Youssef<\/li>\n<li><strong><em>D\u00c9SIR\u00c9E<\/em><\/strong> de Victoria Jadot<\/li>\n<li><strong><em>D\u00c9TOURS<\/em><\/strong> de Christopher Yates<\/li>\n<li><strong><em>GRAND LOUP &amp; PETIT LOUP<\/em><\/strong> de R\u00e9mi Durin (animation)<\/li>\n<li><strong><em>I WAS STILL THERE WHEN YOU LEFT ME<\/em><\/strong> de Marie Mc Court<\/li>\n<li><strong><em>IMMERSION<\/em><\/strong> de Mathis Dubrul, Marie Royer et Zinia Scorier (animation)<\/li>\n<li><em><strong>JE SERAI PARMI LES AMANDIERS<\/strong><\/em> de Marie Le floc&rsquo;h<\/li>\n<li><strong><em>L&rsquo;ISOLA DEI SOGNI\u00a0<\/em><\/strong>de Th\u00e9o Degen (documentaire)<\/li>\n<li><strong><em>LA MUSIQUE\u00a0<\/em><\/strong>de Jean-Beno\u00eet Ugeux<\/li>\n<li><strong><em>LE DRAGON \u00c0 DEUX T\u00caTES\u00a0<\/em><\/strong>de P\u00e1ris Cannes<\/li>\n<li><strong><em>LES GLACONS\u00a0<\/em><\/strong>de Sarah Dufoss\u00e9<\/li>\n<li><strong><em>LUCIA EN EL LIMBO\u00a0<\/em><\/strong>de Valentina Maurel<\/li>\n<li><strong><em>MATRIOCHKAS\u00a0<\/em><\/strong>de B\u00e9rang\u00e8re Mc Neese<\/li>\n<li><strong><em>MOTHER&rsquo;S\u00a0<\/em><\/strong>de Hippolyte Leibovici (documentaire)<\/li>\n<li><strong><em>NOTRE TERRITOIRE<\/em><\/strong> de Mathieu Volpe (documentaire)<\/li>\n<li><strong><em>NUIT CH\u00c9RIE<\/em><\/strong> de Lia Bertels (animation)<\/li>\n<li><strong><em>PLAQU\u00c9 OR<\/em><\/strong> de Chlo\u00e9 L\u00e9onil<\/li>\n<li><strong><em>SA\u00cfGON SUR MARNE<\/em><\/strong> de Aude Ha Lepl\u00e8ge (animation)<\/li>\n<li><strong><em>SOUS LE CARTILAGE DES C\u00d4TES<\/em><\/strong> de Bruno Tondeur (animation)<\/li>\n<li><strong><em>VAARHEIM<\/em><\/strong> de Victor Ridley (documentaire)<\/li>\n<\/ul>\n","protected":false},"excerpt":{"rendered":"<p>Le Festival International du Film Francophone de Namur vient d&rsquo;annoncer les titres des courts m\u00e9trages qui prendront part \u00e0 ses Comp\u00e9titions nationale et internationale!\u00a0 Parmi les films retenus, de nombreuses exclusivit\u00e9s, mais aussi des films pr\u00e9sent\u00e9s dans de prestigieux festivals, comme Lucia en el Limbo de Valentina Maurel s\u00e9lectionn\u00e9 \u00e0 Cannes, ou Notre Territoire de &hellip;<\/p>\n","protected":false},"author":343,"featured_media":222235,"comment_status":"closed","ping_status":"closed","sticky":false,"template":"","format":"standard","meta":{"ngg_post_thumbnail":0,"footnotes":""},"categories":[53],"tags":[],"class_list":["post-222232","post","type-post","status-publish","format-standard","has-post-thumbnail","","category-coming-soon"],"yoast_head":"<!-- This site is optimized with the Yoast SEO plugin v20.4 - https:\/\/yoast.com\/wordpress\/plugins\/seo\/ -->\n<title>Les courts m\u00e9trages belges du FIFF! - We Love Cinema<\/title>\n<meta name=\"robots\" content=\"index, follow, max-snippet:-1, max-image-preview:large, max-video-preview:-1\" \/>\n<link rel=\"canonical\" href=\"https:\/\/welovecinema.be\/fr\/les-courts-metrages-belges-du-fiff\/\" \/>\n<meta property=\"og:locale\" content=\"fr_FR\" \/>\n<meta property=\"og:type\" content=\"article\" \/>\n<meta property=\"og:title\" content=\"Les courts m\u00e9trages belges du FIFF! - We Love Cinema\" \/>\n<meta property=\"og:description\" content=\"Le Festival International du Film Francophone de Namur vient d&rsquo;annoncer les titres des courts m\u00e9trages qui prendront part \u00e0 ses Comp\u00e9titions nationale et internationale!\u00a0 Parmi les films retenus, de nombreuses exclusivit\u00e9s, mais aussi des films pr\u00e9sent\u00e9s dans de prestigieux festivals, comme Lucia en el Limbo de Valentina Maurel s\u00e9lectionn\u00e9 \u00e0 Cannes, ou Notre Territoire de &hellip;\" \/>\n<meta property=\"og:url\" content=\"https:\/\/welovecinema.be\/fr\/les-courts-metrages-belges-du-fiff\/\" \/>\n<meta property=\"og:site_name\" content=\"We Love Cinema\" \/>\n<meta property=\"article:publisher\" content=\"https:\/\/www.facebook.com\/welovecinema.be\" \/>\n<meta property=\"article:published_time\" content=\"2019-09-04T06:11:33+00:00\" \/>\n<meta property=\"article:modified_time\" content=\"2019-09-05T06:24:42+00:00\" \/>\n<meta property=\"og:image\" content=\"https:\/\/welovecinema.be\/wp-content\/uploads\/sites\/2\/2019\/09\/CMFIFF2019.jpg\" \/>\n\t<meta property=\"og:image:width\" content=\"1200\" \/>\n\t<meta property=\"og:image:height\" content=\"658\" \/>\n\t<meta property=\"og:image:type\" content=\"image\/jpeg\" \/>\n<meta name=\"author\" content=\"Aurore Engelen\" \/>\n<meta name=\"twitter:card\" content=\"summary_large_image\" \/>\n<meta name=\"twitter:label1\" content=\"\u00c9crit par\" \/>\n\t<meta name=\"twitter:data1\" content=\"Aurore Engelen\" \/>\n\t<meta name=\"twitter:label2\" content=\"Dur\u00e9e de lecture estim\u00e9e\" \/>\n\t<meta name=\"twitter:data2\" content=\"1 minute\" \/>\n<script type=\"application\/ld+json\" class=\"yoast-schema-graph\">{\"@context\":\"https:\/\/schema.org\",\"@graph\":[{\"@type\":\"Article\",\"@id\":\"https:\/\/welovecinema.be\/fr\/les-courts-metrages-belges-du-fiff\/#article\",\"isPartOf\":{\"@id\":\"https:\/\/welovecinema.be\/fr\/les-courts-metrages-belges-du-fiff\/\"},\"author\":{\"name\":\"Aurore Engelen\",\"@id\":\"https:\/\/welovecinema.be\/nl\/#\/schema\/person\/8084b68c6b176142d073695c654dc7cf\"},\"headline\":\"Les courts m\u00e9trages belges du FIFF!\",\"datePublished\":\"2019-09-04T06:11:33+00:00\",\"dateModified\":\"2019-09-05T06:24:42+00:00\",\"mainEntityOfPage\":{\"@id\":\"https:\/\/welovecinema.be\/fr\/les-courts-metrages-belges-du-fiff\/\"},\"wordCount\":307,\"publisher\":{\"@id\":\"https:\/\/welovecinema.be\/nl\/#organization\"},\"articleSection\":[\"Coming soon\"],\"inLanguage\":\"fr-FR\"},{\"@type\":\"WebPage\",\"@id\":\"https:\/\/welovecinema.be\/fr\/les-courts-metrages-belges-du-fiff\/\",\"url\":\"https:\/\/welovecinema.be\/fr\/les-courts-metrages-belges-du-fiff\/\",\"name\":\"Les courts m\u00e9trages belges du FIFF! - We Love Cinema\",\"isPartOf\":{\"@id\":\"https:\/\/welovecinema.be\/nl\/#website\"},\"datePublished\":\"2019-09-04T06:11:33+00:00\",\"dateModified\":\"2019-09-05T06:24:42+00:00\",\"breadcrumb\":{\"@id\":\"https:\/\/welovecinema.be\/fr\/les-courts-metrages-belges-du-fiff\/#breadcrumb\"},\"inLanguage\":\"fr-FR\",\"potentialAction\":[{\"@type\":\"ReadAction\",\"target\":[\"https:\/\/welovecinema.be\/fr\/les-courts-metrages-belges-du-fiff\/\"]}]},{\"@type\":\"BreadcrumbList\",\"@id\":\"https:\/\/welovecinema.be\/fr\/les-courts-metrages-belges-du-fiff\/#breadcrumb\",\"itemListElement\":[{\"@type\":\"ListItem\",\"position\":1,\"name\":\"Accueil\",\"item\":\"https:\/\/welovecinema.be\/fr\/\"},{\"@type\":\"ListItem\",\"position\":2,\"name\":\"Les courts m\u00e9trages belges du FIFF!\"}]},{\"@type\":\"WebSite\",\"@id\":\"https:\/\/welovecinema.be\/nl\/#website\",\"url\":\"https:\/\/welovecinema.be\/nl\/\",\"name\":\"We Love Cinema\",\"description\":\"Toute l\u2019information du cin\u00e9ma en Belgique\",\"publisher\":{\"@id\":\"https:\/\/welovecinema.be\/nl\/#organization\"},\"potentialAction\":[{\"@type\":\"SearchAction\",\"target\":{\"@type\":\"EntryPoint\",\"urlTemplate\":\"https:\/\/welovecinema.be\/nl\/?s={search_term_string}\"},\"query-input\":\"required name=search_term_string\"}],\"inLanguage\":\"fr-FR\"},{\"@type\":\"Organization\",\"@id\":\"https:\/\/welovecinema.be\/nl\/#organization\",\"name\":\"We Love Cinema\",\"url\":\"https:\/\/welovecinema.be\/nl\/\",\"logo\":{\"@type\":\"ImageObject\",\"inLanguage\":\"fr-FR\",\"@id\":\"https:\/\/welovecinema.be\/nl\/#\/schema\/logo\/image\/\",\"url\":\"https:\/\/welovecinema.be\/wp-content\/uploads\/sites\/2\/2023\/03\/Logo-We-Love-Cinema305x128.jpg\",\"contentUrl\":\"https:\/\/welovecinema.be\/wp-content\/uploads\/sites\/2\/2023\/03\/Logo-We-Love-Cinema305x128.jpg\",\"width\":305,\"height\":128,\"caption\":\"We Love Cinema\"},\"image\":{\"@id\":\"https:\/\/welovecinema.be\/nl\/#\/schema\/logo\/image\/\"},\"sameAs\":[\"https:\/\/www.facebook.com\/welovecinema.be\",\"https:\/\/www.youtube.com\/channel\/UCX5LYGVhnKvYauW4Nta4HJA\",\"https:\/\/www.instagram.com\/welovecinema.be\/\"]},{\"@type\":\"Person\",\"@id\":\"https:\/\/welovecinema.be\/nl\/#\/schema\/person\/8084b68c6b176142d073695c654dc7cf\",\"name\":\"Aurore Engelen\",\"url\":\"https:\/\/welovecinema.be\/fr\/author\/aurore-engelen\/\"}]}<\/script>\n<!-- \/ Yoast SEO plugin. -->","yoast_head_json":{"title":"Les courts m\u00e9trages belges du FIFF! - We Love Cinema","robots":{"index":"index","follow":"follow","max-snippet":"max-snippet:-1","max-image-preview":"max-image-preview:large","max-video-preview":"max-video-preview:-1"},"canonical":"https:\/\/welovecinema.be\/fr\/les-courts-metrages-belges-du-fiff\/","og_locale":"fr_FR","og_type":"article","og_title":"Les courts m\u00e9trages belges du FIFF! - We Love Cinema","og_description":"Le Festival International du Film Francophone de Namur vient d&rsquo;annoncer les titres des courts m\u00e9trages qui prendront part \u00e0 ses Comp\u00e9titions nationale et internationale!\u00a0 Parmi les films retenus, de nombreuses exclusivit\u00e9s, mais aussi des films pr\u00e9sent\u00e9s dans de prestigieux festivals, comme Lucia en el Limbo de Valentina Maurel s\u00e9lectionn\u00e9 \u00e0 Cannes, ou Notre Territoire de &hellip;","og_url":"https:\/\/welovecinema.be\/fr\/les-courts-metrages-belges-du-fiff\/","og_site_name":"We Love Cinema","article_publisher":"https:\/\/www.facebook.com\/welovecinema.be","article_published_time":"2019-09-04T06:11:33+00:00","article_modified_time":"2019-09-05T06:24:42+00:00","og_image":[{"width":1200,"height":658,"url":"https:\/\/welovecinema.be\/wp-content\/uploads\/sites\/2\/2019\/09\/CMFIFF2019.jpg","type":"image\/jpeg"}],"author":"Aurore Engelen","twitter_card":"summary_large_image","twitter_misc":{"\u00c9crit par":"Aurore Engelen","Dur\u00e9e de lecture estim\u00e9e":"1 minute"},"schema":{"@context":"https:\/\/schema.org","@graph":[{"@type":"Article","@id":"https:\/\/welovecinema.be\/fr\/les-courts-metrages-belges-du-fiff\/#article","isPartOf":{"@id":"https:\/\/welovecinema.be\/fr\/les-courts-metrages-belges-du-fiff\/"},"author":{"name":"Aurore Engelen","@id":"https:\/\/welovecinema.be\/nl\/#\/schema\/person\/8084b68c6b176142d073695c654dc7cf"},"headline":"Les courts m\u00e9trages belges du FIFF!","datePublished":"2019-09-04T06:11:33+00:00","dateModified":"2019-09-05T06:24:42+00:00","mainEntityOfPage":{"@id":"https:\/\/welovecinema.be\/fr\/les-courts-metrages-belges-du-fiff\/"},"wordCount":307,"publisher":{"@id":"https:\/\/welovecinema.be\/nl\/#organization"},"articleSection":["Coming soon"],"inLanguage":"fr-FR"},{"@type":"WebPage","@id":"https:\/\/welovecinema.be\/fr\/les-courts-metrages-belges-du-fiff\/","url":"https:\/\/welovecinema.be\/fr\/les-courts-metrages-belges-du-fiff\/","name":"Les courts m\u00e9trages belges du FIFF! - We Love Cinema","isPartOf":{"@id":"https:\/\/welovecinema.be\/nl\/#website"},"datePublished":"2019-09-04T06:11:33+00:00","dateModified":"2019-09-05T06:24:42+00:00","breadcrumb":{"@id":"https:\/\/welovecinema.be\/fr\/les-courts-metrages-belges-du-fiff\/#breadcrumb"},"inLanguage":"fr-FR","potentialAction":[{"@type":"ReadAction","target":["https:\/\/welovecinema.be\/fr\/les-courts-metrages-belges-du-fiff\/"]}]},{"@type":"BreadcrumbList","@id":"https:\/\/welovecinema.be\/fr\/les-courts-metrages-belges-du-fiff\/#breadcrumb","itemListElement":[{"@type":"ListItem","position":1,"name":"Accueil","item":"https:\/\/welovecinema.be\/fr\/"},{"@type":"ListItem","position":2,"name":"Les courts m\u00e9trages belges du FIFF!"}]},{"@type":"WebSite","@id":"https:\/\/welovecinema.be\/nl\/#website","url":"https:\/\/welovecinema.be\/nl\/","name":"We Love Cinema","description":"Toute l\u2019information du cin\u00e9ma en Belgique","publisher":{"@id":"https:\/\/welovecinema.be\/nl\/#organization"},"potentialAction":[{"@type":"SearchAction","target":{"@type":"EntryPoint","urlTemplate":"https:\/\/welovecinema.be\/nl\/?s={search_term_string}"},"query-input":"required name=search_term_string"}],"inLanguage":"fr-FR"},{"@type":"Organization","@id":"https:\/\/welovecinema.be\/nl\/#organization","name":"We Love Cinema","url":"https:\/\/welovecinema.be\/nl\/","logo":{"@type":"ImageObject","inLanguage":"fr-FR","@id":"https:\/\/welovecinema.be\/nl\/#\/schema\/logo\/image\/","url":"https:\/\/welovecinema.be\/wp-content\/uploads\/sites\/2\/2023\/03\/Logo-We-Love-Cinema305x128.jpg","contentUrl":"https:\/\/welovecinema.be\/wp-content\/uploads\/sites\/2\/2023\/03\/Logo-We-Love-Cinema305x128.jpg","width":305,"height":128,"caption":"We Love Cinema"},"image":{"@id":"https:\/\/welovecinema.be\/nl\/#\/schema\/logo\/image\/"},"sameAs":["https:\/\/www.facebook.com\/welovecinema.be","https:\/\/www.youtube.com\/channel\/UCX5LYGVhnKvYauW4Nta4HJA","https:\/\/www.instagram.com\/welovecinema.be\/"]},{"@type":"Person","@id":"https:\/\/welovecinema.be\/nl\/#\/schema\/person\/8084b68c6b176142d073695c654dc7cf","name":"Aurore Engelen","url":"https:\/\/welovecinema.be\/fr\/author\/aurore-engelen\/"}]}},"_links":{"self":[{"href":"https:\/\/welovecinema.be\/fr\/wp-json\/wp\/v2\/posts\/222232","targetHints":{"allow":["GET"]}}],"collection":[{"href":"https:\/\/welovecinema.be\/fr\/wp-json\/wp\/v2\/posts"}],"about":[{"href":"https:\/\/welovecinema.be\/fr\/wp-json\/wp\/v2\/types\/post"}],"author":[{"embeddable":true,"href":"https:\/\/welovecinema.be\/fr\/wp-json\/wp\/v2\/users\/343"}],"replies":[{"embeddable":true,"href":"https:\/\/welovecinema.be\/fr\/wp-json\/wp\/v2\/comments?post=222232"}],"version-history":[{"count":0,"href":"https:\/\/welovecinema.be\/fr\/wp-json\/wp\/v2\/posts\/222232\/revisions"}],"wp:featuredmedia":[{"embeddable":true,"href":"https:\/\/welovecinema.be\/fr\/wp-json\/wp\/v2\/media\/222235"}],"wp:attachment":[{"href":"https:\/\/welovecinema.be\/fr\/wp-json\/wp\/v2\/media?parent=222232"}],"wp:term":[{"taxonomy":"category","embeddable":true,"href":"https:\/\/welovecinema.be\/fr\/wp-json\/wp\/v2\/categories?post=222232"},{"taxonomy":"post_tag","embeddable":true,"href":"https:\/\/welovecinema.be\/fr\/wp-json\/wp\/v2\/tags?post=222232"}],"curies":[{"name":"wp","href":"https:\/\/api.w.org\/{rel}","templated":true}]}}