{"id":221617,"date":"2019-08-19T11:40:06","date_gmt":"2019-08-19T09:40:06","guid":{"rendered":"https:\/\/www.cinevox.be\/?p=221617"},"modified":"2019-08-19T11:40:06","modified_gmt":"2019-08-19T09:40:06","slug":"wallonie-bruxelles-images-recrute","status":"publish","type":"post","link":"https:\/\/welovecinema.be\/fr\/wallonie-bruxelles-images-recrute\/","title":{"rendered":"Wallonie Bruxelles Images recrute"},"content":{"rendered":"<p class=\"chapeau\"><strong>Wallonie-Bruxelles Images recherche un.e adjoint.e administratif.ve. Le contrat \u00e0 pourvoir est un contrat \u00e0 dur\u00e9e d\u00e9termin\u00e9e de 1 an dans le cadre d\u2019un plan \u00ab\u00a0Rosetta\u00a0\u00bb.<\/strong><\/p>\n<p>Le Service g\u00e9n\u00e9ral de l\u2019Audiovisuel et des M\u00e9dias (SGAM) fait partie de l\u2019Administration g\u00e9n\u00e9rale de la Culture. Il g\u00e8re les secteurs suivants : le cin\u00e9ma et la production audiovisuelle en g\u00e9n\u00e9ral, la radiodiffusion et la t\u00e9l\u00e9vision ainsi que l\u2019aide \u00e0 la presse \u00e9crite.<\/p>\n<p>Au sein du SGAM, Wallonie Bruxelles Images (Wbimages) est l\u2019agence de promotion internationale de l\u2019audiovisuel belge francophone. WBimages recherche actuellement un.e adjoint.e administratif.ve, dont la fonction consiste \u00e0:<\/p>\n<ul>\n<li>Assurer le suivi des demandes des interlocuteurs de l\u2019agence<\/li>\n<li>Alimenter les bases de donn\u00e9es<\/li>\n<li>Assister le directeur<\/li>\n<li>Pr\u00e9parer les accueils de programmateurs de festivals<\/li>\n<\/ul>\n<p>Le contrat \u00e0 pourvoir est un contrat \u00e0 dur\u00e9e d\u00e9termin\u00e9e de 1 an dans le cadre d\u2019un plan Rosetta. Pour remplir les conditions d\u2019acc\u00e8s au contrat Rosetta (ou CPE), vous devez obligatoirement \u00eatre \u00e2g\u00e9 de moins de 26 ans.<\/p>\n<p>Aucun dipl\u00f4me n\u2019est requis pour cette fonction. Une exp\u00e9rience professionnelle de minimum un an dans une ou plusieurs des t\u00e2ches suivantes est un atout : Secr\u00e9tariat, R\u00e9daction de PV (proc\u00e8s-verbaux), R\u00e9daction de documents. Une exp\u00e9rience professionnelle dans le secteur audiovisuel constitue \u00e9galement un atout.<\/p>\n<p>POUR EN SAVOIR PLUS ET ENVOYER VOTRE CANDIDATURE, VEUILLEZ CLIQUER\u00a0<a class=\"external-link-new-window\" title=\"Opens external link in new window\" href=\"http:\/\/www.culture.be\/index.php?id=emploi_stage&amp;mode=single&amp;uid=10263&amp;cHash=98b571fa7c41a3b23631339b7c97c9a7\" target=\"_blank\" rel=\"noopener noreferrer\"><b>ICI<\/b><\/a>.<\/p>\n","protected":false},"excerpt":{"rendered":"<p>Wallonie-Bruxelles Images recherche un.e adjoint.e administratif.ve. Le contrat \u00e0 pourvoir est un contrat \u00e0 dur\u00e9e d\u00e9termin\u00e9e de 1 an dans le cadre d\u2019un plan \u00ab\u00a0Rosetta\u00a0\u00bb. Le Service g\u00e9n\u00e9ral de l\u2019Audiovisuel et des M\u00e9dias (SGAM) fait partie de l\u2019Administration g\u00e9n\u00e9rale de la Culture. Il g\u00e8re les secteurs suivants : le cin\u00e9ma et la production audiovisuelle en &hellip;<\/p>\n","protected":false},"author":343,"featured_media":210167,"comment_status":"closed","ping_status":"closed","sticky":false,"template":"","format":"standard","meta":{"ngg_post_thumbnail":0,"footnotes":""},"categories":[20],"tags":[],"class_list":["post-221617","post","type-post","status-publish","format-standard","has-post-thumbnail","","category-cinejobs"],"yoast_head":"<!-- This site is optimized with the Yoast SEO plugin v20.4 - https:\/\/yoast.com\/wordpress\/plugins\/seo\/ -->\n<title>Wallonie Bruxelles Images recrute - We Love Cinema<\/title>\n<meta name=\"robots\" content=\"index, follow, max-snippet:-1, max-image-preview:large, max-video-preview:-1\" \/>\n<link rel=\"canonical\" href=\"https:\/\/welovecinema.be\/fr\/wallonie-bruxelles-images-recrute\/\" \/>\n<meta property=\"og:locale\" content=\"fr_FR\" \/>\n<meta property=\"og:type\" content=\"article\" \/>\n<meta property=\"og:title\" content=\"Wallonie Bruxelles Images recrute - We Love Cinema\" \/>\n<meta property=\"og:description\" content=\"Wallonie-Bruxelles Images recherche un.e adjoint.e administratif.ve. Le contrat \u00e0 pourvoir est un contrat \u00e0 dur\u00e9e d\u00e9termin\u00e9e de 1 an dans le cadre d\u2019un plan \u00ab\u00a0Rosetta\u00a0\u00bb. Le Service g\u00e9n\u00e9ral de l\u2019Audiovisuel et des M\u00e9dias (SGAM) fait partie de l\u2019Administration g\u00e9n\u00e9rale de la Culture. Il g\u00e8re les secteurs suivants : le cin\u00e9ma et la production audiovisuelle en &hellip;\" \/>\n<meta property=\"og:url\" content=\"https:\/\/welovecinema.be\/fr\/wallonie-bruxelles-images-recrute\/\" \/>\n<meta property=\"og:site_name\" content=\"We Love Cinema\" \/>\n<meta property=\"article:publisher\" content=\"https:\/\/www.facebook.com\/welovecinema.be\" \/>\n<meta property=\"article:published_time\" content=\"2019-08-19T09:40:06+00:00\" \/>\n<meta property=\"og:image\" content=\"https:\/\/welovecinema.be\/wp-content\/uploads\/sites\/2\/2018\/05\/OffreEmploiWbimages.jpg\" \/>\n\t<meta property=\"og:image:width\" content=\"1024\" \/>\n\t<meta property=\"og:image:height\" content=\"427\" \/>\n\t<meta property=\"og:image:type\" content=\"image\/jpeg\" \/>\n<meta name=\"author\" content=\"Aurore Engelen\" \/>\n<meta name=\"twitter:card\" content=\"summary_large_image\" \/>\n<meta name=\"twitter:label1\" content=\"\u00c9crit par\" \/>\n\t<meta name=\"twitter:data1\" content=\"Aurore Engelen\" \/>\n\t<meta name=\"twitter:label2\" content=\"Dur\u00e9e de lecture estim\u00e9e\" \/>\n\t<meta name=\"twitter:data2\" content=\"1 minute\" \/>\n<script type=\"application\/ld+json\" class=\"yoast-schema-graph\">{\"@context\":\"https:\/\/schema.org\",\"@graph\":[{\"@type\":\"Article\",\"@id\":\"https:\/\/welovecinema.be\/fr\/wallonie-bruxelles-images-recrute\/#article\",\"isPartOf\":{\"@id\":\"https:\/\/welovecinema.be\/fr\/wallonie-bruxelles-images-recrute\/\"},\"author\":{\"name\":\"Aurore Engelen\",\"@id\":\"https:\/\/welovecinema.be\/nl\/#\/schema\/person\/8084b68c6b176142d073695c654dc7cf\"},\"headline\":\"Wallonie Bruxelles Images recrute\",\"datePublished\":\"2019-08-19T09:40:06+00:00\",\"dateModified\":\"2019-08-19T09:40:06+00:00\",\"mainEntityOfPage\":{\"@id\":\"https:\/\/welovecinema.be\/fr\/wallonie-bruxelles-images-recrute\/\"},\"wordCount\":251,\"publisher\":{\"@id\":\"https:\/\/welovecinema.be\/nl\/#organization\"},\"articleSection\":[\"Cinejobs\"],\"inLanguage\":\"fr-FR\"},{\"@type\":\"WebPage\",\"@id\":\"https:\/\/welovecinema.be\/fr\/wallonie-bruxelles-images-recrute\/\",\"url\":\"https:\/\/welovecinema.be\/fr\/wallonie-bruxelles-images-recrute\/\",\"name\":\"Wallonie Bruxelles Images recrute - We Love Cinema\",\"isPartOf\":{\"@id\":\"https:\/\/welovecinema.be\/nl\/#website\"},\"datePublished\":\"2019-08-19T09:40:06+00:00\",\"dateModified\":\"2019-08-19T09:40:06+00:00\",\"breadcrumb\":{\"@id\":\"https:\/\/welovecinema.be\/fr\/wallonie-bruxelles-images-recrute\/#breadcrumb\"},\"inLanguage\":\"fr-FR\",\"potentialAction\":[{\"@type\":\"ReadAction\",\"target\":[\"https:\/\/welovecinema.be\/fr\/wallonie-bruxelles-images-recrute\/\"]}]},{\"@type\":\"BreadcrumbList\",\"@id\":\"https:\/\/welovecinema.be\/fr\/wallonie-bruxelles-images-recrute\/#breadcrumb\",\"itemListElement\":[{\"@type\":\"ListItem\",\"position\":1,\"name\":\"Accueil\",\"item\":\"https:\/\/welovecinema.be\/fr\/\"},{\"@type\":\"ListItem\",\"position\":2,\"name\":\"Wallonie Bruxelles Images recrute\"}]},{\"@type\":\"WebSite\",\"@id\":\"https:\/\/welovecinema.be\/nl\/#website\",\"url\":\"https:\/\/welovecinema.be\/nl\/\",\"name\":\"We Love Cinema\",\"description\":\"Toute l\u2019information du cin\u00e9ma en Belgique\",\"publisher\":{\"@id\":\"https:\/\/welovecinema.be\/nl\/#organization\"},\"potentialAction\":[{\"@type\":\"SearchAction\",\"target\":{\"@type\":\"EntryPoint\",\"urlTemplate\":\"https:\/\/welovecinema.be\/nl\/?s={search_term_string}\"},\"query-input\":\"required name=search_term_string\"}],\"inLanguage\":\"fr-FR\"},{\"@type\":\"Organization\",\"@id\":\"https:\/\/welovecinema.be\/nl\/#organization\",\"name\":\"We Love Cinema\",\"url\":\"https:\/\/welovecinema.be\/nl\/\",\"logo\":{\"@type\":\"ImageObject\",\"inLanguage\":\"fr-FR\",\"@id\":\"https:\/\/welovecinema.be\/nl\/#\/schema\/logo\/image\/\",\"url\":\"https:\/\/welovecinema.be\/wp-content\/uploads\/sites\/2\/2023\/03\/Logo-We-Love-Cinema305x128.jpg\",\"contentUrl\":\"https:\/\/welovecinema.be\/wp-content\/uploads\/sites\/2\/2023\/03\/Logo-We-Love-Cinema305x128.jpg\",\"width\":305,\"height\":128,\"caption\":\"We Love Cinema\"},\"image\":{\"@id\":\"https:\/\/welovecinema.be\/nl\/#\/schema\/logo\/image\/\"},\"sameAs\":[\"https:\/\/www.facebook.com\/welovecinema.be\",\"https:\/\/www.youtube.com\/channel\/UCX5LYGVhnKvYauW4Nta4HJA\",\"https:\/\/www.instagram.com\/welovecinema.be\/\"]},{\"@type\":\"Person\",\"@id\":\"https:\/\/welovecinema.be\/nl\/#\/schema\/person\/8084b68c6b176142d073695c654dc7cf\",\"name\":\"Aurore Engelen\",\"url\":\"https:\/\/welovecinema.be\/fr\/author\/aurore-engelen\/\"}]}<\/script>\n<!-- \/ Yoast SEO plugin. -->","yoast_head_json":{"title":"Wallonie Bruxelles Images recrute - We Love Cinema","robots":{"index":"index","follow":"follow","max-snippet":"max-snippet:-1","max-image-preview":"max-image-preview:large","max-video-preview":"max-video-preview:-1"},"canonical":"https:\/\/welovecinema.be\/fr\/wallonie-bruxelles-images-recrute\/","og_locale":"fr_FR","og_type":"article","og_title":"Wallonie Bruxelles Images recrute - We Love Cinema","og_description":"Wallonie-Bruxelles Images recherche un.e adjoint.e administratif.ve. Le contrat \u00e0 pourvoir est un contrat \u00e0 dur\u00e9e d\u00e9termin\u00e9e de 1 an dans le cadre d\u2019un plan \u00ab\u00a0Rosetta\u00a0\u00bb. Le Service g\u00e9n\u00e9ral de l\u2019Audiovisuel et des M\u00e9dias (SGAM) fait partie de l\u2019Administration g\u00e9n\u00e9rale de la Culture. Il g\u00e8re les secteurs suivants : le cin\u00e9ma et la production audiovisuelle en &hellip;","og_url":"https:\/\/welovecinema.be\/fr\/wallonie-bruxelles-images-recrute\/","og_site_name":"We Love Cinema","article_publisher":"https:\/\/www.facebook.com\/welovecinema.be","article_published_time":"2019-08-19T09:40:06+00:00","og_image":[{"width":1024,"height":427,"url":"https:\/\/welovecinema.be\/wp-content\/uploads\/sites\/2\/2018\/05\/OffreEmploiWbimages.jpg","type":"image\/jpeg"}],"author":"Aurore Engelen","twitter_card":"summary_large_image","twitter_misc":{"\u00c9crit par":"Aurore Engelen","Dur\u00e9e de lecture estim\u00e9e":"1 minute"},"schema":{"@context":"https:\/\/schema.org","@graph":[{"@type":"Article","@id":"https:\/\/welovecinema.be\/fr\/wallonie-bruxelles-images-recrute\/#article","isPartOf":{"@id":"https:\/\/welovecinema.be\/fr\/wallonie-bruxelles-images-recrute\/"},"author":{"name":"Aurore Engelen","@id":"https:\/\/welovecinema.be\/nl\/#\/schema\/person\/8084b68c6b176142d073695c654dc7cf"},"headline":"Wallonie Bruxelles Images recrute","datePublished":"2019-08-19T09:40:06+00:00","dateModified":"2019-08-19T09:40:06+00:00","mainEntityOfPage":{"@id":"https:\/\/welovecinema.be\/fr\/wallonie-bruxelles-images-recrute\/"},"wordCount":251,"publisher":{"@id":"https:\/\/welovecinema.be\/nl\/#organization"},"articleSection":["Cinejobs"],"inLanguage":"fr-FR"},{"@type":"WebPage","@id":"https:\/\/welovecinema.be\/fr\/wallonie-bruxelles-images-recrute\/","url":"https:\/\/welovecinema.be\/fr\/wallonie-bruxelles-images-recrute\/","name":"Wallonie Bruxelles Images recrute - We Love Cinema","isPartOf":{"@id":"https:\/\/welovecinema.be\/nl\/#website"},"datePublished":"2019-08-19T09:40:06+00:00","dateModified":"2019-08-19T09:40:06+00:00","breadcrumb":{"@id":"https:\/\/welovecinema.be\/fr\/wallonie-bruxelles-images-recrute\/#breadcrumb"},"inLanguage":"fr-FR","potentialAction":[{"@type":"ReadAction","target":["https:\/\/welovecinema.be\/fr\/wallonie-bruxelles-images-recrute\/"]}]},{"@type":"BreadcrumbList","@id":"https:\/\/welovecinema.be\/fr\/wallonie-bruxelles-images-recrute\/#breadcrumb","itemListElement":[{"@type":"ListItem","position":1,"name":"Accueil","item":"https:\/\/welovecinema.be\/fr\/"},{"@type":"ListItem","position":2,"name":"Wallonie Bruxelles Images recrute"}]},{"@type":"WebSite","@id":"https:\/\/welovecinema.be\/nl\/#website","url":"https:\/\/welovecinema.be\/nl\/","name":"We Love Cinema","description":"Toute l\u2019information du cin\u00e9ma en Belgique","publisher":{"@id":"https:\/\/welovecinema.be\/nl\/#organization"},"potentialAction":[{"@type":"SearchAction","target":{"@type":"EntryPoint","urlTemplate":"https:\/\/welovecinema.be\/nl\/?s={search_term_string}"},"query-input":"required name=search_term_string"}],"inLanguage":"fr-FR"},{"@type":"Organization","@id":"https:\/\/welovecinema.be\/nl\/#organization","name":"We Love Cinema","url":"https:\/\/welovecinema.be\/nl\/","logo":{"@type":"ImageObject","inLanguage":"fr-FR","@id":"https:\/\/welovecinema.be\/nl\/#\/schema\/logo\/image\/","url":"https:\/\/welovecinema.be\/wp-content\/uploads\/sites\/2\/2023\/03\/Logo-We-Love-Cinema305x128.jpg","contentUrl":"https:\/\/welovecinema.be\/wp-content\/uploads\/sites\/2\/2023\/03\/Logo-We-Love-Cinema305x128.jpg","width":305,"height":128,"caption":"We Love Cinema"},"image":{"@id":"https:\/\/welovecinema.be\/nl\/#\/schema\/logo\/image\/"},"sameAs":["https:\/\/www.facebook.com\/welovecinema.be","https:\/\/www.youtube.com\/channel\/UCX5LYGVhnKvYauW4Nta4HJA","https:\/\/www.instagram.com\/welovecinema.be\/"]},{"@type":"Person","@id":"https:\/\/welovecinema.be\/nl\/#\/schema\/person\/8084b68c6b176142d073695c654dc7cf","name":"Aurore Engelen","url":"https:\/\/welovecinema.be\/fr\/author\/aurore-engelen\/"}]}},"_links":{"self":[{"href":"https:\/\/welovecinema.be\/fr\/wp-json\/wp\/v2\/posts\/221617","targetHints":{"allow":["GET"]}}],"collection":[{"href":"https:\/\/welovecinema.be\/fr\/wp-json\/wp\/v2\/posts"}],"about":[{"href":"https:\/\/welovecinema.be\/fr\/wp-json\/wp\/v2\/types\/post"}],"author":[{"embeddable":true,"href":"https:\/\/welovecinema.be\/fr\/wp-json\/wp\/v2\/users\/343"}],"replies":[{"embeddable":true,"href":"https:\/\/welovecinema.be\/fr\/wp-json\/wp\/v2\/comments?post=221617"}],"version-history":[{"count":0,"href":"https:\/\/welovecinema.be\/fr\/wp-json\/wp\/v2\/posts\/221617\/revisions"}],"wp:featuredmedia":[{"embeddable":true,"href":"https:\/\/welovecinema.be\/fr\/wp-json\/wp\/v2\/media\/210167"}],"wp:attachment":[{"href":"https:\/\/welovecinema.be\/fr\/wp-json\/wp\/v2\/media?parent=221617"}],"wp:term":[{"taxonomy":"category","embeddable":true,"href":"https:\/\/welovecinema.be\/fr\/wp-json\/wp\/v2\/categories?post=221617"},{"taxonomy":"post_tag","embeddable":true,"href":"https:\/\/welovecinema.be\/fr\/wp-json\/wp\/v2\/tags?post=221617"}],"curies":[{"name":"wp","href":"https:\/\/api.w.org\/{rel}","templated":true}]}}