{"id":221524,"date":"2020-01-15T08:03:41","date_gmt":"2020-01-15T07:03:41","guid":{"rendered":"https:\/\/www.cinevox.be\/?p=221524"},"modified":"2020-01-16T08:46:39","modified_gmt":"2020-01-16T07:46:39","slug":"adoration-le-fol-amour","status":"publish","type":"post","link":"https:\/\/welovecinema.be\/fr\/adoration-le-fol-amour\/","title":{"rendered":"\u00ab\u00a0Adoration\u00a0\u00bb: le fol amour"},"content":{"rendered":"<p><strong>Avec <em>Adoration<\/em>, Fabrice du Welz livre un conte \u00e2pre et sensoriel, aussi lumineux qu&rsquo;effrayant, sur l&rsquo;amour fou qui unit un jeune gar\u00e7on innocent et une jeune fille psychologiquement fragile.\u00a0<\/strong><\/p>\n<p class=\"p1\"><em><span class=\"s1\">\u00ab\u00a0Il suffit d\u2019un peu d\u2019imagination pour que nos gestes les plus ordinaires se chargent soudain d\u2019une signification inqui\u00e9tante, pour que le d\u00e9cor de notre vie quotidienne engendre un monde fantastique. Il d\u00e9pend de chacun de nous de r\u00e9veiller les monstres et les f\u00e9es\u00a0\u00bb.<\/span><\/em><\/p>\n<p>Ainsi s&rsquo;ouvre <em>Adoration<\/em>, sur une citation de Boileau-Narcejac emprunt\u00e9e \u00e0 Georges Franju, qui la mettait d\u00e9j\u00e0 en exergue de son court m\u00e9trage <em>La Premi\u00e8re Nuit<\/em>. Une r\u00e9f\u00e9rence au r\u00e9alisme magique du cin\u00e9aste fran\u00e7ais qui annonce clairement la couleur: le spectateur est invit\u00e9 \u00e0 un voyage fantastique peupl\u00e9 d&rsquo;ombres \u00e9tranges, de personnages inqui\u00e9tants, mais aussi de beaut\u00e9 et de lumi\u00e8re.<\/p>\n<p>Le film suit les traces de Paul, jeune gar\u00e7on qui vit avec sa m\u00e8re, \u00e0 l\u2019or\u00e9e d\u2019une \u00e9trange for\u00eat, dans un petit pavillon \u00e0 l\u2019entr\u00e9e d\u2019un h\u00f4pital un peu particulier. Un jour, il est sorti de sa l\u00e9thargie par l\u2019apparition d\u2019une jeune fille qu\u2019il n\u2019attendait pas. Comme une \u00e9piphanie. Pourtant la solaire Gloria va peu \u00e0 peu d\u00e9voiler une face plus sombre.<\/p>\n<p class=\"p1\"><span class=\"s1\">R\u00e9solue \u00e0 s\u2019\u00e9chapper de l\u2019institut dans lequel elle se sent prisonni\u00e8re, elle entraine Paul dans sa fuite. Paul et Gloria se compl\u00e8tent, il est h\u00e9sitant, elle est d\u00e9termin\u00e9e. Ils ont encore un pied dans l\u2019enfance, mais commencent \u00e0 en sortir. Au fil de l\u2019eau, leur \u00e9chapp\u00e9e belle va se muer en cavale. Car Gloria est malade. Et si leur rencontre tourne vite au coup de foudre, l\u2019orage gronde. <\/span><\/p>\n<p><iframe loading=\"lazy\" title=\"ADORATION - Extrait\" width=\"618\" height=\"348\" src=\"https:\/\/www.youtube.com\/embed\/e5SYIG2N8tw?feature=oembed\" frameborder=\"0\" allow=\"accelerometer; autoplay; clipboard-write; encrypted-media; gyroscope; picture-in-picture; web-share\" referrerpolicy=\"strict-origin-when-cross-origin\" allowfullscreen><\/iframe><\/p>\n<p>&nbsp;<\/p>\n<p class=\"p1\"><span class=\"s1\"><i>Adoration<\/i> est un film r\u00e9solument sensuel. L\u2019approche du cin\u00e9aste est visc\u00e9rale, et fait \u00e9cho au caract\u00e8re absolu de l\u2019amour qui terrasse le jeune Paul, pas forc\u00e9ment pr\u00e9par\u00e9 \u00e0 ce d\u00e9luge de sentiments, mais pr\u00eat \u00e0 l\u2019affronter. Un amour qu&rsquo;il embrasse avec une force qui tend au mysticisme. Un innocent magnifique, sur le point d&rsquo;\u00eatre d\u00e9vast\u00e9 d&rsquo;amour.\u00a0<\/span><\/p>\n<p class=\"p1\"><span class=\"s1\">La cam\u00e9ra, organique, s\u2019immisce au plus pr\u00e8s des corps, magnifie la nature. Une nature captivante et merveilleuse, th\u00e9\u00e2tre magistral du r\u00e9alisme magique qui infuse le film plan apr\u00e8s plan, de l\u2019oiseau bless\u00e9 \u00e0 la for\u00eat magique, de l\u2019eau comme lieu de passage aux diff\u00e9rents tunnels; le r\u00e9cit se mue en conte de f\u00e9es moderne, avec en son coeur, l\u2019\u00e2pret\u00e9 des contes de f\u00e9es traditionnels. Ce rite initiatique, ce <em>coming-of-age<\/em> est servi par le travail magnifique sur la direction artistique, de la lumi\u00e8re des images de Manu Dacosse (le film est tourn\u00e9 en pellicule), \u00e0 l&rsquo;envo\u00fbtante musique de Vincent Cahay, en passant par les d\u00e9cors, sublim\u00e9s par Emmanuel de Meulemeester.<\/span><\/p>\n<p><img loading=\"lazy\" decoding=\"async\" class=\"alignnone size-large wp-image-221591\" src=\"https:\/\/www.cinevox.be\/wp-content\/uploads\/sites\/2\/2019\/08\/adoration_11_1263-800x534.jpg\" alt=\"Adoration-Fabrice-Du-Welz\" width=\"618\" height=\"413\" srcset=\"https:\/\/welovecinema.be\/wp-content\/uploads\/sites\/2\/2019\/08\/adoration_11_1263-800x534.jpg 800w, https:\/\/welovecinema.be\/wp-content\/uploads\/sites\/2\/2019\/08\/adoration_11_1263-405x270.jpg 405w, https:\/\/welovecinema.be\/wp-content\/uploads\/sites\/2\/2019\/08\/adoration_11_1263-768x512.jpg 768w, https:\/\/welovecinema.be\/wp-content\/uploads\/sites\/2\/2019\/08\/adoration_11_1263-110x75.jpg 110w\" sizes=\"auto, (max-width: 618px) 100vw, 618px\" \/><\/p>\n<p>&nbsp;<\/p>\n<p class=\"p1\"><span class=\"s1\">Avec la maladie qui peu \u00e0 peu reprend ses droits se d\u00e9brident les imaginaires. On plonge dans un monde onirique, \u00e0 tendance cauchemardesque. Les enfants perdent pied, le lien avec le r\u00e9el. Une fois encore, la folie s\u2019impose comme un territoire cin\u00e9matographique \u00e0 explorer pour Fabrice du Welz, cette fois-ci par le prisme d\u2019un amour fou d\u2019une puret\u00e9 absolue, celui d\u2019un innocent pas encore totalement sorti de l\u2019enfance, une enfance pure et sauvage, puissante et intransigeante. On est loin ici de toute vision \u00e9dulcor\u00e9e de l\u2019enfance.\u00a0<\/span><\/p>\n<p class=\"p1\"><span class=\"s1\">Paul est incarn\u00e9 par le fantastique jeune com\u00e9dien fran\u00e7ais Thomas Gioria, d\u00e9couvert dans <i>Jusqu\u2019\u00e0 la garde<\/i>. A ses c\u00f4t\u00e9s, la jeune actrice belge Fantine Harduin, <a href=\"https:\/\/www.cinevox.be\/fr\/capsule-75-a-la-rencontre-de-fantine-harduin\/\">que nous avions d&rsquo;ailleurs rencontr\u00e9e<\/a> sur le tournage, pr\u00eate avec caract\u00e8re son regard troublant \u00e0 l\u2019\u00e9nigmatique Gloria. Apr\u00e8s s&rsquo;\u00eatre faite remarqu\u00e9e dans des films aussi diff\u00e9rents que <em>Happy end<\/em> de Michael Haneke, <em>Amin<\/em> de Philippe Faucon (deux films pour lesquels elle a d&rsquo;ailleurs mont\u00e9 les marches \u00e0 Cannes), ou <em>Dans la brume<\/em> de Daniel Roby, apr\u00e8s avoir \u00e9t\u00e9 l&rsquo;une des h\u00e9ro\u00efnes principales de la saison 2 d&rsquo;<em>Ennemi Public<\/em>, elle confirme ici avec talent son statut de jeune espoir du cin\u00e9ma belge.\u00a0<\/span><\/p>\n<p><img loading=\"lazy\" decoding=\"async\" class=\"alignnone size-large wp-image-221221\" src=\"https:\/\/www.cinevox.be\/wp-content\/uploads\/sites\/2\/2019\/07\/Adoration-Fabrice-Du-Welz-800x533.jpg\" alt=\"\" width=\"618\" height=\"412\" srcset=\"https:\/\/welovecinema.be\/wp-content\/uploads\/sites\/2\/2019\/07\/Adoration-Fabrice-Du-Welz-800x533.jpg 800w, https:\/\/welovecinema.be\/wp-content\/uploads\/sites\/2\/2019\/07\/Adoration-Fabrice-Du-Welz-406x270.jpg 406w, https:\/\/welovecinema.be\/wp-content\/uploads\/sites\/2\/2019\/07\/Adoration-Fabrice-Du-Welz-768x511.jpg 768w, https:\/\/welovecinema.be\/wp-content\/uploads\/sites\/2\/2019\/07\/Adoration-Fabrice-Du-Welz.jpg 1188w\" sizes=\"auto, (max-width: 618px) 100vw, 618px\" \/><\/p>\n<p>&nbsp;<\/p>\n<p class=\"p1\"><span class=\"s1\">Face \u00e0 eux, tels d\u2019incessants obstacles, se succ\u00e8dent les adultes. On retient bien s\u00fbr l&rsquo;impeccable Peter Van Den Begin (<em>The Barefoot Emperor,<\/em> <i>The King of the Belgians, Angle Mort<\/i>), l&rsquo;\u00e9nergie de Charlotte Vandermeersch (<i>De Premier, Belgica<\/i>) ou encore un Beno\u00eet Poelvoorde d\u00e9cid\u00e9ment surprenant, qui traine son \u00e9l\u00e9gante d\u00e9sillusion dans le dernier tiers du film.\u00a0<\/span><\/p>\n<p>De nombreux autres com\u00e9diens belge sont \u00e9galement \u00e0 l&rsquo;affiche, \u00e0 commencer par Ana\u00ebl Snoek (nomm\u00e9e cette ann\u00e9e pour le Magritte du Meilleur espoir f\u00e9minin) qui joue la m\u00e8re de Paul, ou Martha Canga Antonio, d\u00e9couverte dans <em>Black<\/em>, ainsi que des apparitions de Pierre Nisse, Jean-Luc Couchard ou encore Renaud Rutten.<\/p>\n<p><img loading=\"lazy\" decoding=\"async\" class=\"wp-image-221011 size-large\" src=\"https:\/\/www.cinevox.be\/wp-content\/uploads\/sites\/2\/2019\/07\/adoration-photo-thomas-gioria-1028027-large-800x405.jpg\" alt=\"\" width=\"618\" height=\"313\" srcset=\"https:\/\/welovecinema.be\/wp-content\/uploads\/sites\/2\/2019\/07\/adoration-photo-thomas-gioria-1028027-large-800x405.jpg 800w, https:\/\/welovecinema.be\/wp-content\/uploads\/sites\/2\/2019\/07\/adoration-photo-thomas-gioria-1028027-large-480x243.jpg 480w, https:\/\/welovecinema.be\/wp-content\/uploads\/sites\/2\/2019\/07\/adoration-photo-thomas-gioria-1028027-large-768x389.jpg 768w, https:\/\/welovecinema.be\/wp-content\/uploads\/sites\/2\/2019\/07\/adoration-photo-thomas-gioria-1028027-large.jpg 1600w\" sizes=\"auto, (max-width: 618px) 100vw, 618px\" \/><\/p>\n<p>&nbsp;<\/p>\n<p class=\"p1\"><span class=\"s1\">Le voyage de Paul et Gloria nous m\u00e8ne au coeur de l\u2019embrasement amoureux. Si <i>Adoration<\/i> cl\u00f4t donc un chapitre, celui de la trilogie ardennaise du r\u00e9alisateur (compl\u00e9t\u00e9e par <a href=\"https:\/\/www.cinevox.be\/fr\/retour-sur-calvaire\/\"><em>Calvaire<\/em><\/a> et <a href=\"https:\/\/www.cinevox.be\/fr\/alleluia-noir-cest-noir\/\"><em>Alleluia<\/em><\/a>), il ouvre aussi une nouvelle br\u00e8che, peut-\u00eatre plus personnelle, dans la filmographie de l\u2019auteur.\u00a0<\/span><\/p>\n<p class=\"p1\"><span class=\"s1\">Le film repr\u00e9sente certainement un tournant dans l\u2019oeuvre du cin\u00e9aste belge, qui s\u2019il a souvent trait\u00e9 d\u2019amour, ne s\u2019y est jamais vraiment laiss\u00e9 aller, affichant un go\u00fbt certain pour le grotesque et l\u2019h\u00e9moglobine comme une carapace qui ancraient ses films du c\u00f4t\u00e9 du genre. <\/span><span class=\"s1\">S\u2019il revendique toujours ce positionnement (du genre toujours, non plus lorgnant vers l&rsquo;Am\u00e9rique, mais vers le cin\u00e9ma francophone des ann\u00e9es 50), on tend cette fois-ci clairement vers quelque chose de plus \u00e9pur\u00e9 et po\u00e9tique. Une\u00a0 rupture, et surement ouverture, vers un cin\u00e9ma qui tend vers l&rsquo;intime.<\/span><\/p>\n<p class=\"p1\"><span class=\"s1\"><i>Adoration<\/i> est produit par Panique! en Belgique, et coproduit par Savage Film. Il sera projet\u00e9 en avant-premi\u00e8re belge lors du prochain Festival International du Film Francophone de Namur, et pourrait sortir d\u00e8s le mois d&rsquo;octobre.\u00a0<\/span><\/p>\n<p>&nbsp;<\/p>\n<p><strong><em>Copyright photos: Kris Dewitte<\/em><\/strong><\/p>\n<p>&nbsp;<\/p>\n<h4>A LIRE AUSSI<\/h4>\n<p><a href=\"https:\/\/www.cinevox.be\/fr\/sur-le-tournage-de-adoration\/\">Sur le tournage de&#8230; <em>Adoration<\/em><\/a><\/p>\n<p><a href=\"https:\/\/www.cinevox.be\/fr\/capsule-75-a-la-rencontre-de-fantine-harduin\/\">Capsule #75 : \u00e0 la rencontre de Fantine Harduin<\/a><\/p>\n","protected":false},"excerpt":{"rendered":"<p>Avec Adoration, Fabrice du Welz livre un conte \u00e2pre et sensoriel, aussi lumineux qu&rsquo;effrayant, sur l&rsquo;amour fou qui unit un jeune gar\u00e7on innocent et une jeune fille psychologiquement fragile.\u00a0 \u00ab\u00a0Il suffit d\u2019un peu d\u2019imagination pour que nos gestes les plus ordinaires se chargent soudain d\u2019une signification inqui\u00e9tante, pour que le d\u00e9cor de notre vie quotidienne &hellip;<\/p>\n","protected":false},"author":343,"featured_media":221221,"comment_status":"closed","ping_status":"closed","sticky":false,"template":"","format":"standard","meta":{"ngg_post_thumbnail":0,"footnotes":""},"categories":[10],"tags":[1956,4014,4387,2006,4187],"class_list":["post-221524","post","type-post","status-publish","format-standard","has-post-thumbnail","","category-a-l-affiche","tag-adoration","tag-benoit-poelvoorde-2","tag-fabrice-du-welz-2","tag-fantine-harduin","tag-newsletter-fr"],"yoast_head":"<!-- This site is optimized with the Yoast SEO plugin v20.4 - https:\/\/yoast.com\/wordpress\/plugins\/seo\/ -->\n<title>&quot;Adoration&quot;: le fol amour - We Love Cinema<\/title>\n<meta name=\"robots\" content=\"index, follow, max-snippet:-1, max-image-preview:large, max-video-preview:-1\" \/>\n<link rel=\"canonical\" href=\"https:\/\/welovecinema.be\/fr\/adoration-le-fol-amour\/\" \/>\n<meta property=\"og:locale\" content=\"fr_FR\" \/>\n<meta property=\"og:type\" content=\"article\" \/>\n<meta property=\"og:title\" content=\"&quot;Adoration&quot;: le fol amour - We Love Cinema\" \/>\n<meta property=\"og:description\" content=\"Avec Adoration, Fabrice du Welz livre un conte \u00e2pre et sensoriel, aussi lumineux qu&rsquo;effrayant, sur l&rsquo;amour fou qui unit un jeune gar\u00e7on innocent et une jeune fille psychologiquement fragile.\u00a0 \u00ab\u00a0Il suffit d\u2019un peu d\u2019imagination pour que nos gestes les plus ordinaires se chargent soudain d\u2019une signification inqui\u00e9tante, pour que le d\u00e9cor de notre vie quotidienne &hellip;\" \/>\n<meta property=\"og:url\" content=\"https:\/\/welovecinema.be\/fr\/adoration-le-fol-amour\/\" \/>\n<meta property=\"og:site_name\" content=\"We Love Cinema\" \/>\n<meta property=\"article:publisher\" content=\"https:\/\/www.facebook.com\/welovecinema.be\" \/>\n<meta property=\"article:published_time\" content=\"2020-01-15T07:03:41+00:00\" \/>\n<meta property=\"article:modified_time\" content=\"2020-01-16T07:46:39+00:00\" \/>\n<meta property=\"og:image\" content=\"https:\/\/welovecinema.be\/wp-content\/uploads\/sites\/2\/2019\/07\/Adoration-Fabrice-Du-Welz.jpg\" \/>\n\t<meta property=\"og:image:width\" content=\"1188\" \/>\n\t<meta property=\"og:image:height\" content=\"791\" \/>\n\t<meta property=\"og:image:type\" content=\"image\/jpeg\" \/>\n<meta name=\"author\" content=\"Aurore Engelen\" \/>\n<meta name=\"twitter:card\" content=\"summary_large_image\" \/>\n<meta name=\"twitter:label1\" content=\"\u00c9crit par\" \/>\n\t<meta name=\"twitter:data1\" content=\"Aurore Engelen\" \/>\n\t<meta name=\"twitter:label2\" content=\"Dur\u00e9e de lecture estim\u00e9e\" \/>\n\t<meta name=\"twitter:data2\" content=\"5 minutes\" \/>\n<script type=\"application\/ld+json\" class=\"yoast-schema-graph\">{\"@context\":\"https:\/\/schema.org\",\"@graph\":[{\"@type\":\"Article\",\"@id\":\"https:\/\/welovecinema.be\/fr\/adoration-le-fol-amour\/#article\",\"isPartOf\":{\"@id\":\"https:\/\/welovecinema.be\/fr\/adoration-le-fol-amour\/\"},\"author\":{\"name\":\"Aurore Engelen\",\"@id\":\"https:\/\/welovecinema.be\/nl\/#\/schema\/person\/8084b68c6b176142d073695c654dc7cf\"},\"headline\":\"\u00ab\u00a0Adoration\u00a0\u00bb: le fol amour\",\"datePublished\":\"2020-01-15T07:03:41+00:00\",\"dateModified\":\"2020-01-16T07:46:39+00:00\",\"mainEntityOfPage\":{\"@id\":\"https:\/\/welovecinema.be\/fr\/adoration-le-fol-amour\/\"},\"wordCount\":1071,\"publisher\":{\"@id\":\"https:\/\/welovecinema.be\/nl\/#organization\"},\"keywords\":[\"Adoration\",\"Benoit Poelvoorde\",\"Fabrice Du Welz\",\"Fantine Harduin\",\"newsletter\"],\"articleSection\":[\"A l'affiche\"],\"inLanguage\":\"fr-FR\"},{\"@type\":\"WebPage\",\"@id\":\"https:\/\/welovecinema.be\/fr\/adoration-le-fol-amour\/\",\"url\":\"https:\/\/welovecinema.be\/fr\/adoration-le-fol-amour\/\",\"name\":\"\\\"Adoration\\\": le fol amour - We Love Cinema\",\"isPartOf\":{\"@id\":\"https:\/\/welovecinema.be\/nl\/#website\"},\"datePublished\":\"2020-01-15T07:03:41+00:00\",\"dateModified\":\"2020-01-16T07:46:39+00:00\",\"breadcrumb\":{\"@id\":\"https:\/\/welovecinema.be\/fr\/adoration-le-fol-amour\/#breadcrumb\"},\"inLanguage\":\"fr-FR\",\"potentialAction\":[{\"@type\":\"ReadAction\",\"target\":[\"https:\/\/welovecinema.be\/fr\/adoration-le-fol-amour\/\"]}]},{\"@type\":\"BreadcrumbList\",\"@id\":\"https:\/\/welovecinema.be\/fr\/adoration-le-fol-amour\/#breadcrumb\",\"itemListElement\":[{\"@type\":\"ListItem\",\"position\":1,\"name\":\"Accueil\",\"item\":\"https:\/\/welovecinema.be\/fr\/\"},{\"@type\":\"ListItem\",\"position\":2,\"name\":\"\u00ab\u00a0Adoration\u00a0\u00bb: le fol amour\"}]},{\"@type\":\"WebSite\",\"@id\":\"https:\/\/welovecinema.be\/nl\/#website\",\"url\":\"https:\/\/welovecinema.be\/nl\/\",\"name\":\"We Love Cinema\",\"description\":\"Toute l\u2019information du cin\u00e9ma en Belgique\",\"publisher\":{\"@id\":\"https:\/\/welovecinema.be\/nl\/#organization\"},\"potentialAction\":[{\"@type\":\"SearchAction\",\"target\":{\"@type\":\"EntryPoint\",\"urlTemplate\":\"https:\/\/welovecinema.be\/nl\/?s={search_term_string}\"},\"query-input\":\"required name=search_term_string\"}],\"inLanguage\":\"fr-FR\"},{\"@type\":\"Organization\",\"@id\":\"https:\/\/welovecinema.be\/nl\/#organization\",\"name\":\"We Love Cinema\",\"url\":\"https:\/\/welovecinema.be\/nl\/\",\"logo\":{\"@type\":\"ImageObject\",\"inLanguage\":\"fr-FR\",\"@id\":\"https:\/\/welovecinema.be\/nl\/#\/schema\/logo\/image\/\",\"url\":\"https:\/\/welovecinema.be\/wp-content\/uploads\/sites\/2\/2023\/03\/Logo-We-Love-Cinema305x128.jpg\",\"contentUrl\":\"https:\/\/welovecinema.be\/wp-content\/uploads\/sites\/2\/2023\/03\/Logo-We-Love-Cinema305x128.jpg\",\"width\":305,\"height\":128,\"caption\":\"We Love Cinema\"},\"image\":{\"@id\":\"https:\/\/welovecinema.be\/nl\/#\/schema\/logo\/image\/\"},\"sameAs\":[\"https:\/\/www.facebook.com\/welovecinema.be\",\"https:\/\/www.youtube.com\/channel\/UCX5LYGVhnKvYauW4Nta4HJA\",\"https:\/\/www.instagram.com\/welovecinema.be\/\"]},{\"@type\":\"Person\",\"@id\":\"https:\/\/welovecinema.be\/nl\/#\/schema\/person\/8084b68c6b176142d073695c654dc7cf\",\"name\":\"Aurore Engelen\",\"url\":\"https:\/\/welovecinema.be\/fr\/author\/aurore-engelen\/\"}]}<\/script>\n<!-- \/ Yoast SEO plugin. -->","yoast_head_json":{"title":"\"Adoration\": le fol amour - We Love Cinema","robots":{"index":"index","follow":"follow","max-snippet":"max-snippet:-1","max-image-preview":"max-image-preview:large","max-video-preview":"max-video-preview:-1"},"canonical":"https:\/\/welovecinema.be\/fr\/adoration-le-fol-amour\/","og_locale":"fr_FR","og_type":"article","og_title":"\"Adoration\": le fol amour - We Love Cinema","og_description":"Avec Adoration, Fabrice du Welz livre un conte \u00e2pre et sensoriel, aussi lumineux qu&rsquo;effrayant, sur l&rsquo;amour fou qui unit un jeune gar\u00e7on innocent et une jeune fille psychologiquement fragile.\u00a0 \u00ab\u00a0Il suffit d\u2019un peu d\u2019imagination pour que nos gestes les plus ordinaires se chargent soudain d\u2019une signification inqui\u00e9tante, pour que le d\u00e9cor de notre vie quotidienne &hellip;","og_url":"https:\/\/welovecinema.be\/fr\/adoration-le-fol-amour\/","og_site_name":"We Love Cinema","article_publisher":"https:\/\/www.facebook.com\/welovecinema.be","article_published_time":"2020-01-15T07:03:41+00:00","article_modified_time":"2020-01-16T07:46:39+00:00","og_image":[{"width":1188,"height":791,"url":"https:\/\/welovecinema.be\/wp-content\/uploads\/sites\/2\/2019\/07\/Adoration-Fabrice-Du-Welz.jpg","type":"image\/jpeg"}],"author":"Aurore Engelen","twitter_card":"summary_large_image","twitter_misc":{"\u00c9crit par":"Aurore Engelen","Dur\u00e9e de lecture estim\u00e9e":"5 minutes"},"schema":{"@context":"https:\/\/schema.org","@graph":[{"@type":"Article","@id":"https:\/\/welovecinema.be\/fr\/adoration-le-fol-amour\/#article","isPartOf":{"@id":"https:\/\/welovecinema.be\/fr\/adoration-le-fol-amour\/"},"author":{"name":"Aurore Engelen","@id":"https:\/\/welovecinema.be\/nl\/#\/schema\/person\/8084b68c6b176142d073695c654dc7cf"},"headline":"\u00ab\u00a0Adoration\u00a0\u00bb: le fol amour","datePublished":"2020-01-15T07:03:41+00:00","dateModified":"2020-01-16T07:46:39+00:00","mainEntityOfPage":{"@id":"https:\/\/welovecinema.be\/fr\/adoration-le-fol-amour\/"},"wordCount":1071,"publisher":{"@id":"https:\/\/welovecinema.be\/nl\/#organization"},"keywords":["Adoration","Benoit Poelvoorde","Fabrice Du Welz","Fantine Harduin","newsletter"],"articleSection":["A l'affiche"],"inLanguage":"fr-FR"},{"@type":"WebPage","@id":"https:\/\/welovecinema.be\/fr\/adoration-le-fol-amour\/","url":"https:\/\/welovecinema.be\/fr\/adoration-le-fol-amour\/","name":"\"Adoration\": le fol amour - We Love Cinema","isPartOf":{"@id":"https:\/\/welovecinema.be\/nl\/#website"},"datePublished":"2020-01-15T07:03:41+00:00","dateModified":"2020-01-16T07:46:39+00:00","breadcrumb":{"@id":"https:\/\/welovecinema.be\/fr\/adoration-le-fol-amour\/#breadcrumb"},"inLanguage":"fr-FR","potentialAction":[{"@type":"ReadAction","target":["https:\/\/welovecinema.be\/fr\/adoration-le-fol-amour\/"]}]},{"@type":"BreadcrumbList","@id":"https:\/\/welovecinema.be\/fr\/adoration-le-fol-amour\/#breadcrumb","itemListElement":[{"@type":"ListItem","position":1,"name":"Accueil","item":"https:\/\/welovecinema.be\/fr\/"},{"@type":"ListItem","position":2,"name":"\u00ab\u00a0Adoration\u00a0\u00bb: le fol amour"}]},{"@type":"WebSite","@id":"https:\/\/welovecinema.be\/nl\/#website","url":"https:\/\/welovecinema.be\/nl\/","name":"We Love Cinema","description":"Toute l\u2019information du cin\u00e9ma en Belgique","publisher":{"@id":"https:\/\/welovecinema.be\/nl\/#organization"},"potentialAction":[{"@type":"SearchAction","target":{"@type":"EntryPoint","urlTemplate":"https:\/\/welovecinema.be\/nl\/?s={search_term_string}"},"query-input":"required name=search_term_string"}],"inLanguage":"fr-FR"},{"@type":"Organization","@id":"https:\/\/welovecinema.be\/nl\/#organization","name":"We Love Cinema","url":"https:\/\/welovecinema.be\/nl\/","logo":{"@type":"ImageObject","inLanguage":"fr-FR","@id":"https:\/\/welovecinema.be\/nl\/#\/schema\/logo\/image\/","url":"https:\/\/welovecinema.be\/wp-content\/uploads\/sites\/2\/2023\/03\/Logo-We-Love-Cinema305x128.jpg","contentUrl":"https:\/\/welovecinema.be\/wp-content\/uploads\/sites\/2\/2023\/03\/Logo-We-Love-Cinema305x128.jpg","width":305,"height":128,"caption":"We Love Cinema"},"image":{"@id":"https:\/\/welovecinema.be\/nl\/#\/schema\/logo\/image\/"},"sameAs":["https:\/\/www.facebook.com\/welovecinema.be","https:\/\/www.youtube.com\/channel\/UCX5LYGVhnKvYauW4Nta4HJA","https:\/\/www.instagram.com\/welovecinema.be\/"]},{"@type":"Person","@id":"https:\/\/welovecinema.be\/nl\/#\/schema\/person\/8084b68c6b176142d073695c654dc7cf","name":"Aurore Engelen","url":"https:\/\/welovecinema.be\/fr\/author\/aurore-engelen\/"}]}},"_links":{"self":[{"href":"https:\/\/welovecinema.be\/fr\/wp-json\/wp\/v2\/posts\/221524","targetHints":{"allow":["GET"]}}],"collection":[{"href":"https:\/\/welovecinema.be\/fr\/wp-json\/wp\/v2\/posts"}],"about":[{"href":"https:\/\/welovecinema.be\/fr\/wp-json\/wp\/v2\/types\/post"}],"author":[{"embeddable":true,"href":"https:\/\/welovecinema.be\/fr\/wp-json\/wp\/v2\/users\/343"}],"replies":[{"embeddable":true,"href":"https:\/\/welovecinema.be\/fr\/wp-json\/wp\/v2\/comments?post=221524"}],"version-history":[{"count":0,"href":"https:\/\/welovecinema.be\/fr\/wp-json\/wp\/v2\/posts\/221524\/revisions"}],"wp:featuredmedia":[{"embeddable":true,"href":"https:\/\/welovecinema.be\/fr\/wp-json\/wp\/v2\/media\/221221"}],"wp:attachment":[{"href":"https:\/\/welovecinema.be\/fr\/wp-json\/wp\/v2\/media?parent=221524"}],"wp:term":[{"taxonomy":"category","embeddable":true,"href":"https:\/\/welovecinema.be\/fr\/wp-json\/wp\/v2\/categories?post=221524"},{"taxonomy":"post_tag","embeddable":true,"href":"https:\/\/welovecinema.be\/fr\/wp-json\/wp\/v2\/tags?post=221524"}],"curies":[{"name":"wp","href":"https:\/\/api.w.org\/{rel}","templated":true}]}}