{"id":221260,"date":"2019-07-30T14:13:00","date_gmt":"2019-07-30T12:13:00","guid":{"rendered":"https:\/\/www.cinevox.be\/?p=221260"},"modified":"2019-08-01T11:58:59","modified_gmt":"2019-08-01T09:58:59","slug":"le-milieu-de-lhorizon-en-1ere-mondiale-a-san-sebastian","status":"publish","type":"post","link":"https:\/\/welovecinema.be\/fr\/le-milieu-de-lhorizon-en-1ere-mondiale-a-san-sebastian\/","title":{"rendered":"\u00ab\u00a0Le Milieu de l&rsquo;horizon\u00a0\u00bb en 1\u00e8re mondiale \u00e0 San Sebastian"},"content":{"rendered":"<p><strong>Encore un belle s\u00e9lection estivale pour le cin\u00e9ma belge avec l&rsquo;annonce de la s\u00e9lection en avant-premi\u00e8re mondiale du nouveau film de Delphine Lehericey, <em>Le Milieu de l&rsquo;horizon<\/em> au prestigieux Festival de San Sebastian. Retour en terres espagnoles donc pour la r\u00e9alisatrice belgo-suisse qui y avait pr\u00e9sent\u00e9 son pr\u00e9c\u00e9dent film, <em>Puppy Love<\/em>.\u00a0<\/strong><\/p>\n<p>Apr\u00e8s s&rsquo;\u00eatre int\u00e9ress\u00e9e \u00e0 l&rsquo;adolescence mouvement\u00e9e d&rsquo;une jeune fille dans <a href=\"https:\/\/www.cinevox.be\/fr\/puppy-love-filles\/\"><em><strong>Puppy Love<\/strong><\/em><\/a>, Delphine Lehericey livre cette fois-ci un nouveau film d&rsquo;adolescence au masculin, accompagnant le temps d&rsquo;un \u00e9t\u00e9 le jeune Gus, et les femmes fortes et inspirantes qui l&rsquo;entourent.<\/p>\n<p>La s\u00e9cheresse de 1976.<br \/>\nSous le soleil implacable de cet \u00e9t\u00e9, Gus quitte l\u2019enfance. La nature se d\u00e9sagr\u00e8ge, les sentiments s\u2019exacerbent, le noyau familial \u00e9clate : tout craque et se fissure jusqu\u2019\u00e0 ce que l\u2019impensable arrive.<br \/>\nLes orages tant esp\u00e9r\u00e9s balaieront une campagne \u00e9puis\u00e9e et emporteront un monde avec eux.<\/p>\n<p>Au casting, on retrouve le jeune <strong>Luc Bruchez<\/strong> dans le r\u00f4le principal, solidement \u00e9paul\u00e9 par un casting f\u00e9minin de luxe (<strong>Laetitia Casta<\/strong> et <strong>Cl\u00e9mence Poesy<\/strong>), mais aussi par le com\u00e9dien l\u2019acteur belgo-suisse\u00a0<strong>Thibaut Evrard<\/strong>, vu \u00e0 la t\u00e9l\u00e9 dans les s\u00e9ries\u00a0<em>Tunnel<\/em>\u00a0(aux c\u00f4t\u00e9s de\u2026 Cl\u00e9mence Poesy) ou\u00a0<em>Borgia<\/em>, ainsi que dans <em>Un peuple et son roi<\/em> de Pierre Schoeller, l\u2019impressionnant <strong>Patrick Descamps<\/strong>, vu r\u00e9cemment dans\u00a0<em>Chez Nous<\/em>\u00a0ou encore\u00a0<em>L\u2019Echange des princesses<\/em>, ou encore Benjamin Ramon, que l&rsquo;on verra bient\u00f4t dans <em>Yummy.\u00a0<\/em><\/p>\n<p><img loading=\"lazy\" decoding=\"async\" class=\"alignnone size-large wp-image-221263\" src=\"https:\/\/www.cinevox.be\/wp-content\/uploads\/sites\/2\/2019\/07\/PIC_le-milieu-de-l-horizon_2019_01_21_11-03_17-800x450.jpg\" alt=\"le-milieu-de-l-horizon\" width=\"618\" height=\"348\" srcset=\"https:\/\/welovecinema.be\/wp-content\/uploads\/sites\/2\/2019\/07\/PIC_le-milieu-de-l-horizon_2019_01_21_11-03_17-800x450.jpg 800w, https:\/\/welovecinema.be\/wp-content\/uploads\/sites\/2\/2019\/07\/PIC_le-milieu-de-l-horizon_2019_01_21_11-03_17-200x113.jpg 200w, https:\/\/welovecinema.be\/wp-content\/uploads\/sites\/2\/2019\/07\/PIC_le-milieu-de-l-horizon_2019_01_21_11-03_17-480x270.jpg 480w, https:\/\/welovecinema.be\/wp-content\/uploads\/sites\/2\/2019\/07\/PIC_le-milieu-de-l-horizon_2019_01_21_11-03_17-768x432.jpg 768w, https:\/\/welovecinema.be\/wp-content\/uploads\/sites\/2\/2019\/07\/PIC_le-milieu-de-l-horizon_2019_01_21_11-03_17-599x337.jpg 599w\" sizes=\"auto, (max-width: 618px) 100vw, 618px\" \/><\/p>\n<p>Delphine Lehericey s\u2019est faite conna\u00eetre en 2007 avec\u00a0<strong><em>Comme \u00e0 Ostende<\/em><\/strong>, moyen m\u00e9trage s\u00e9lectionn\u00e9 au prestigieux Festival de Locarno. Elle r\u00e9alise ensuite deux documentaires, dont\u00a0<strong><em>Les Arbitres<\/em><\/strong>, s\u00e9lectionn\u00e9 lui aussi \u00e0 Locarno, avant de se lancer dans l\u2019aventure du premier long m\u00e9trage en 2014 avec\u00a0<em><strong>Puppy Love<\/strong><\/em>, deuxi\u00e8me long sensible et dr\u00f4le port\u00e9 par l\u2019\u00e9nergie folle de sa jeune h\u00e9ro\u00efne, l\u2019incroyable Sol\u00e8ne Rigot. En 2016, elle signe le documentaire\u00a0<strong><em>Une cheffe et sa bonne \u00e9toile<\/em><\/strong>, qui suit l\u2019ascension \u00e0 Bruxelles d\u2019Isabelle Arpin, femme cheffe dans le milieu tr\u00e8s masculin de la gastronomie.<\/p>\n<p>La sortie du film, coproduit en Belgique par Entre chien et loup, est annonc\u00e9e pour le 2 octobre prochain en Suisse. Peut-\u00eatre le verra-t-on \u00e0 la m\u00eame p\u00e9riode au Festival de Namur.<\/p>\n","protected":false},"excerpt":{"rendered":"<p>Encore un belle s\u00e9lection estivale pour le cin\u00e9ma belge avec l&rsquo;annonce de la s\u00e9lection en avant-premi\u00e8re mondiale du nouveau film de Delphine Lehericey, Le Milieu de l&rsquo;horizon au prestigieux Festival de San Sebastian. Retour en terres espagnoles donc pour la r\u00e9alisatrice belgo-suisse qui y avait pr\u00e9sent\u00e9 son pr\u00e9c\u00e9dent film, Puppy Love.\u00a0 Apr\u00e8s s&rsquo;\u00eatre int\u00e9ress\u00e9e \u00e0 &hellip;<\/p>\n","protected":false},"author":343,"featured_media":221261,"comment_status":"closed","ping_status":"closed","sticky":false,"template":"","format":"standard","meta":{"ngg_post_thumbnail":0,"footnotes":""},"categories":[12],"tags":[3805,3804,4187],"class_list":["post-221260","post","type-post","status-publish","format-standard","has-post-thumbnail","","category-awards","tag-delphine-lehericey","tag-le-milieu-de-lhorizon","tag-newsletter-fr"],"yoast_head":"<!-- This site is optimized with the Yoast SEO plugin v20.4 - https:\/\/yoast.com\/wordpress\/plugins\/seo\/ -->\n<title>&quot;Le Milieu de l&#039;horizon&quot; en 1\u00e8re mondiale \u00e0 San Sebastian - We Love Cinema<\/title>\n<meta name=\"robots\" content=\"index, follow, max-snippet:-1, max-image-preview:large, max-video-preview:-1\" \/>\n<link rel=\"canonical\" href=\"https:\/\/welovecinema.be\/fr\/le-milieu-de-lhorizon-en-1ere-mondiale-a-san-sebastian\/\" \/>\n<meta property=\"og:locale\" content=\"fr_FR\" \/>\n<meta property=\"og:type\" content=\"article\" \/>\n<meta property=\"og:title\" content=\"&quot;Le Milieu de l&#039;horizon&quot; en 1\u00e8re mondiale \u00e0 San Sebastian - We Love Cinema\" \/>\n<meta property=\"og:description\" content=\"Encore un belle s\u00e9lection estivale pour le cin\u00e9ma belge avec l&rsquo;annonce de la s\u00e9lection en avant-premi\u00e8re mondiale du nouveau film de Delphine Lehericey, Le Milieu de l&rsquo;horizon au prestigieux Festival de San Sebastian. Retour en terres espagnoles donc pour la r\u00e9alisatrice belgo-suisse qui y avait pr\u00e9sent\u00e9 son pr\u00e9c\u00e9dent film, Puppy Love.\u00a0 Apr\u00e8s s&rsquo;\u00eatre int\u00e9ress\u00e9e \u00e0 &hellip;\" \/>\n<meta property=\"og:url\" content=\"https:\/\/welovecinema.be\/fr\/le-milieu-de-lhorizon-en-1ere-mondiale-a-san-sebastian\/\" \/>\n<meta property=\"og:site_name\" content=\"We Love Cinema\" \/>\n<meta property=\"article:publisher\" content=\"https:\/\/www.facebook.com\/welovecinema.be\" \/>\n<meta property=\"article:published_time\" content=\"2019-07-30T12:13:00+00:00\" \/>\n<meta property=\"article:modified_time\" content=\"2019-08-01T09:58:59+00:00\" \/>\n<meta property=\"og:image\" content=\"https:\/\/welovecinema.be\/wp-content\/uploads\/sites\/2\/2019\/07\/PIC_le-milieu-de-l-horizon_2019_01_21_11-00_58-800x450.jpg\" \/>\n\t<meta property=\"og:image:width\" content=\"800\" \/>\n\t<meta property=\"og:image:height\" content=\"450\" \/>\n\t<meta property=\"og:image:type\" content=\"image\/jpeg\" \/>\n<meta name=\"author\" content=\"Aurore Engelen\" \/>\n<meta name=\"twitter:card\" content=\"summary_large_image\" \/>\n<meta name=\"twitter:label1\" content=\"\u00c9crit par\" \/>\n\t<meta name=\"twitter:data1\" content=\"Aurore Engelen\" \/>\n\t<meta name=\"twitter:label2\" content=\"Dur\u00e9e de lecture estim\u00e9e\" \/>\n\t<meta name=\"twitter:data2\" content=\"2 minutes\" \/>\n<script type=\"application\/ld+json\" class=\"yoast-schema-graph\">{\"@context\":\"https:\/\/schema.org\",\"@graph\":[{\"@type\":\"Article\",\"@id\":\"https:\/\/welovecinema.be\/fr\/le-milieu-de-lhorizon-en-1ere-mondiale-a-san-sebastian\/#article\",\"isPartOf\":{\"@id\":\"https:\/\/welovecinema.be\/fr\/le-milieu-de-lhorizon-en-1ere-mondiale-a-san-sebastian\/\"},\"author\":{\"name\":\"Aurore Engelen\",\"@id\":\"https:\/\/welovecinema.be\/nl\/#\/schema\/person\/8084b68c6b176142d073695c654dc7cf\"},\"headline\":\"\u00ab\u00a0Le Milieu de l&rsquo;horizon\u00a0\u00bb en 1\u00e8re mondiale \u00e0 San Sebastian\",\"datePublished\":\"2019-07-30T12:13:00+00:00\",\"dateModified\":\"2019-08-01T09:58:59+00:00\",\"mainEntityOfPage\":{\"@id\":\"https:\/\/welovecinema.be\/fr\/le-milieu-de-lhorizon-en-1ere-mondiale-a-san-sebastian\/\"},\"wordCount\":411,\"publisher\":{\"@id\":\"https:\/\/welovecinema.be\/nl\/#organization\"},\"keywords\":[\"Delphine Lehericey\",\"Le Milieu de l'horizon\",\"newsletter\"],\"articleSection\":[\"Evenements\"],\"inLanguage\":\"fr-FR\"},{\"@type\":\"WebPage\",\"@id\":\"https:\/\/welovecinema.be\/fr\/le-milieu-de-lhorizon-en-1ere-mondiale-a-san-sebastian\/\",\"url\":\"https:\/\/welovecinema.be\/fr\/le-milieu-de-lhorizon-en-1ere-mondiale-a-san-sebastian\/\",\"name\":\"\\\"Le Milieu de l'horizon\\\" en 1\u00e8re mondiale \u00e0 San Sebastian - We Love Cinema\",\"isPartOf\":{\"@id\":\"https:\/\/welovecinema.be\/nl\/#website\"},\"datePublished\":\"2019-07-30T12:13:00+00:00\",\"dateModified\":\"2019-08-01T09:58:59+00:00\",\"breadcrumb\":{\"@id\":\"https:\/\/welovecinema.be\/fr\/le-milieu-de-lhorizon-en-1ere-mondiale-a-san-sebastian\/#breadcrumb\"},\"inLanguage\":\"fr-FR\",\"potentialAction\":[{\"@type\":\"ReadAction\",\"target\":[\"https:\/\/welovecinema.be\/fr\/le-milieu-de-lhorizon-en-1ere-mondiale-a-san-sebastian\/\"]}]},{\"@type\":\"BreadcrumbList\",\"@id\":\"https:\/\/welovecinema.be\/fr\/le-milieu-de-lhorizon-en-1ere-mondiale-a-san-sebastian\/#breadcrumb\",\"itemListElement\":[{\"@type\":\"ListItem\",\"position\":1,\"name\":\"Accueil\",\"item\":\"https:\/\/welovecinema.be\/fr\/\"},{\"@type\":\"ListItem\",\"position\":2,\"name\":\"\u00ab\u00a0Le Milieu de l&rsquo;horizon\u00a0\u00bb en 1\u00e8re mondiale \u00e0 San Sebastian\"}]},{\"@type\":\"WebSite\",\"@id\":\"https:\/\/welovecinema.be\/nl\/#website\",\"url\":\"https:\/\/welovecinema.be\/nl\/\",\"name\":\"We Love Cinema\",\"description\":\"Toute l\u2019information du cin\u00e9ma en Belgique\",\"publisher\":{\"@id\":\"https:\/\/welovecinema.be\/nl\/#organization\"},\"potentialAction\":[{\"@type\":\"SearchAction\",\"target\":{\"@type\":\"EntryPoint\",\"urlTemplate\":\"https:\/\/welovecinema.be\/nl\/?s={search_term_string}\"},\"query-input\":\"required name=search_term_string\"}],\"inLanguage\":\"fr-FR\"},{\"@type\":\"Organization\",\"@id\":\"https:\/\/welovecinema.be\/nl\/#organization\",\"name\":\"We Love Cinema\",\"url\":\"https:\/\/welovecinema.be\/nl\/\",\"logo\":{\"@type\":\"ImageObject\",\"inLanguage\":\"fr-FR\",\"@id\":\"https:\/\/welovecinema.be\/nl\/#\/schema\/logo\/image\/\",\"url\":\"https:\/\/welovecinema.be\/wp-content\/uploads\/sites\/2\/2023\/03\/Logo-We-Love-Cinema305x128.jpg\",\"contentUrl\":\"https:\/\/welovecinema.be\/wp-content\/uploads\/sites\/2\/2023\/03\/Logo-We-Love-Cinema305x128.jpg\",\"width\":305,\"height\":128,\"caption\":\"We Love Cinema\"},\"image\":{\"@id\":\"https:\/\/welovecinema.be\/nl\/#\/schema\/logo\/image\/\"},\"sameAs\":[\"https:\/\/www.facebook.com\/welovecinema.be\",\"https:\/\/www.youtube.com\/channel\/UCX5LYGVhnKvYauW4Nta4HJA\",\"https:\/\/www.instagram.com\/welovecinema.be\/\"]},{\"@type\":\"Person\",\"@id\":\"https:\/\/welovecinema.be\/nl\/#\/schema\/person\/8084b68c6b176142d073695c654dc7cf\",\"name\":\"Aurore Engelen\",\"url\":\"https:\/\/welovecinema.be\/fr\/author\/aurore-engelen\/\"}]}<\/script>\n<!-- \/ Yoast SEO plugin. -->","yoast_head_json":{"title":"\"Le Milieu de l'horizon\" en 1\u00e8re mondiale \u00e0 San Sebastian - We Love Cinema","robots":{"index":"index","follow":"follow","max-snippet":"max-snippet:-1","max-image-preview":"max-image-preview:large","max-video-preview":"max-video-preview:-1"},"canonical":"https:\/\/welovecinema.be\/fr\/le-milieu-de-lhorizon-en-1ere-mondiale-a-san-sebastian\/","og_locale":"fr_FR","og_type":"article","og_title":"\"Le Milieu de l'horizon\" en 1\u00e8re mondiale \u00e0 San Sebastian - We Love Cinema","og_description":"Encore un belle s\u00e9lection estivale pour le cin\u00e9ma belge avec l&rsquo;annonce de la s\u00e9lection en avant-premi\u00e8re mondiale du nouveau film de Delphine Lehericey, Le Milieu de l&rsquo;horizon au prestigieux Festival de San Sebastian. Retour en terres espagnoles donc pour la r\u00e9alisatrice belgo-suisse qui y avait pr\u00e9sent\u00e9 son pr\u00e9c\u00e9dent film, Puppy Love.\u00a0 Apr\u00e8s s&rsquo;\u00eatre int\u00e9ress\u00e9e \u00e0 &hellip;","og_url":"https:\/\/welovecinema.be\/fr\/le-milieu-de-lhorizon-en-1ere-mondiale-a-san-sebastian\/","og_site_name":"We Love Cinema","article_publisher":"https:\/\/www.facebook.com\/welovecinema.be","article_published_time":"2019-07-30T12:13:00+00:00","article_modified_time":"2019-08-01T09:58:59+00:00","og_image":[{"width":800,"height":450,"url":"https:\/\/welovecinema.be\/wp-content\/uploads\/sites\/2\/2019\/07\/PIC_le-milieu-de-l-horizon_2019_01_21_11-00_58-800x450.jpg","type":"image\/jpeg"}],"author":"Aurore Engelen","twitter_card":"summary_large_image","twitter_misc":{"\u00c9crit par":"Aurore Engelen","Dur\u00e9e de lecture estim\u00e9e":"2 minutes"},"schema":{"@context":"https:\/\/schema.org","@graph":[{"@type":"Article","@id":"https:\/\/welovecinema.be\/fr\/le-milieu-de-lhorizon-en-1ere-mondiale-a-san-sebastian\/#article","isPartOf":{"@id":"https:\/\/welovecinema.be\/fr\/le-milieu-de-lhorizon-en-1ere-mondiale-a-san-sebastian\/"},"author":{"name":"Aurore Engelen","@id":"https:\/\/welovecinema.be\/nl\/#\/schema\/person\/8084b68c6b176142d073695c654dc7cf"},"headline":"\u00ab\u00a0Le Milieu de l&rsquo;horizon\u00a0\u00bb en 1\u00e8re mondiale \u00e0 San Sebastian","datePublished":"2019-07-30T12:13:00+00:00","dateModified":"2019-08-01T09:58:59+00:00","mainEntityOfPage":{"@id":"https:\/\/welovecinema.be\/fr\/le-milieu-de-lhorizon-en-1ere-mondiale-a-san-sebastian\/"},"wordCount":411,"publisher":{"@id":"https:\/\/welovecinema.be\/nl\/#organization"},"keywords":["Delphine Lehericey","Le Milieu de l'horizon","newsletter"],"articleSection":["Evenements"],"inLanguage":"fr-FR"},{"@type":"WebPage","@id":"https:\/\/welovecinema.be\/fr\/le-milieu-de-lhorizon-en-1ere-mondiale-a-san-sebastian\/","url":"https:\/\/welovecinema.be\/fr\/le-milieu-de-lhorizon-en-1ere-mondiale-a-san-sebastian\/","name":"\"Le Milieu de l'horizon\" en 1\u00e8re mondiale \u00e0 San Sebastian - We Love Cinema","isPartOf":{"@id":"https:\/\/welovecinema.be\/nl\/#website"},"datePublished":"2019-07-30T12:13:00+00:00","dateModified":"2019-08-01T09:58:59+00:00","breadcrumb":{"@id":"https:\/\/welovecinema.be\/fr\/le-milieu-de-lhorizon-en-1ere-mondiale-a-san-sebastian\/#breadcrumb"},"inLanguage":"fr-FR","potentialAction":[{"@type":"ReadAction","target":["https:\/\/welovecinema.be\/fr\/le-milieu-de-lhorizon-en-1ere-mondiale-a-san-sebastian\/"]}]},{"@type":"BreadcrumbList","@id":"https:\/\/welovecinema.be\/fr\/le-milieu-de-lhorizon-en-1ere-mondiale-a-san-sebastian\/#breadcrumb","itemListElement":[{"@type":"ListItem","position":1,"name":"Accueil","item":"https:\/\/welovecinema.be\/fr\/"},{"@type":"ListItem","position":2,"name":"\u00ab\u00a0Le Milieu de l&rsquo;horizon\u00a0\u00bb en 1\u00e8re mondiale \u00e0 San Sebastian"}]},{"@type":"WebSite","@id":"https:\/\/welovecinema.be\/nl\/#website","url":"https:\/\/welovecinema.be\/nl\/","name":"We Love Cinema","description":"Toute l\u2019information du cin\u00e9ma en Belgique","publisher":{"@id":"https:\/\/welovecinema.be\/nl\/#organization"},"potentialAction":[{"@type":"SearchAction","target":{"@type":"EntryPoint","urlTemplate":"https:\/\/welovecinema.be\/nl\/?s={search_term_string}"},"query-input":"required name=search_term_string"}],"inLanguage":"fr-FR"},{"@type":"Organization","@id":"https:\/\/welovecinema.be\/nl\/#organization","name":"We Love Cinema","url":"https:\/\/welovecinema.be\/nl\/","logo":{"@type":"ImageObject","inLanguage":"fr-FR","@id":"https:\/\/welovecinema.be\/nl\/#\/schema\/logo\/image\/","url":"https:\/\/welovecinema.be\/wp-content\/uploads\/sites\/2\/2023\/03\/Logo-We-Love-Cinema305x128.jpg","contentUrl":"https:\/\/welovecinema.be\/wp-content\/uploads\/sites\/2\/2023\/03\/Logo-We-Love-Cinema305x128.jpg","width":305,"height":128,"caption":"We Love Cinema"},"image":{"@id":"https:\/\/welovecinema.be\/nl\/#\/schema\/logo\/image\/"},"sameAs":["https:\/\/www.facebook.com\/welovecinema.be","https:\/\/www.youtube.com\/channel\/UCX5LYGVhnKvYauW4Nta4HJA","https:\/\/www.instagram.com\/welovecinema.be\/"]},{"@type":"Person","@id":"https:\/\/welovecinema.be\/nl\/#\/schema\/person\/8084b68c6b176142d073695c654dc7cf","name":"Aurore Engelen","url":"https:\/\/welovecinema.be\/fr\/author\/aurore-engelen\/"}]}},"_links":{"self":[{"href":"https:\/\/welovecinema.be\/fr\/wp-json\/wp\/v2\/posts\/221260","targetHints":{"allow":["GET"]}}],"collection":[{"href":"https:\/\/welovecinema.be\/fr\/wp-json\/wp\/v2\/posts"}],"about":[{"href":"https:\/\/welovecinema.be\/fr\/wp-json\/wp\/v2\/types\/post"}],"author":[{"embeddable":true,"href":"https:\/\/welovecinema.be\/fr\/wp-json\/wp\/v2\/users\/343"}],"replies":[{"embeddable":true,"href":"https:\/\/welovecinema.be\/fr\/wp-json\/wp\/v2\/comments?post=221260"}],"version-history":[{"count":0,"href":"https:\/\/welovecinema.be\/fr\/wp-json\/wp\/v2\/posts\/221260\/revisions"}],"wp:featuredmedia":[{"embeddable":true,"href":"https:\/\/welovecinema.be\/fr\/wp-json\/wp\/v2\/media\/221261"}],"wp:attachment":[{"href":"https:\/\/welovecinema.be\/fr\/wp-json\/wp\/v2\/media?parent=221260"}],"wp:term":[{"taxonomy":"category","embeddable":true,"href":"https:\/\/welovecinema.be\/fr\/wp-json\/wp\/v2\/categories?post=221260"},{"taxonomy":"post_tag","embeddable":true,"href":"https:\/\/welovecinema.be\/fr\/wp-json\/wp\/v2\/tags?post=221260"}],"curies":[{"name":"wp","href":"https:\/\/api.w.org\/{rel}","templated":true}]}}