{"id":221220,"date":"2019-07-29T10:48:34","date_gmt":"2019-07-29T08:48:34","guid":{"rendered":"https:\/\/www.cinevox.be\/?p=221220"},"modified":"2019-07-29T10:53:00","modified_gmt":"2019-07-29T08:53:00","slug":"adoration-et-nuestras-madres-en-premiere-belge-au-fiff","status":"publish","type":"post","link":"https:\/\/welovecinema.be\/fr\/adoration-et-nuestras-madres-en-premiere-belge-au-fiff\/","title":{"rendered":"\u00ab\u00a0Adoration\u00a0\u00bb et \u00ab\u00a0Nuestras madres\u00a0\u00bb en premi\u00e8re belge au FIFF"},"content":{"rendered":"<p><strong><a href=\"https:\/\/www.cinevox.be\/fr\/sur-le-tournage-de-adoration\/\"><em>Adoration<\/em><\/a>, le nouveau film de Fabrice du Welz que l&rsquo;on a h\u00e2te de d\u00e9couvrir dans quelques jours seulement au prestigieux Festival de Locarno sur l&rsquo;impressionnante Piazza Grande, et <a href=\"https:\/\/www.cinevox.be\/fr\/nuestras-madres-la-resilience-des-meres\/\"><em>Nuestras madres<\/em><\/a> de C\u00e9sar Diaz, Cam\u00e9ra d&rsquo;or \u00e0 Cannes, seront d\u00e9voil\u00e9s en avant-premi\u00e8re belge lors du prochain Festival de Namur!<\/strong><\/p>\n<p>En effet, apr\u00e8s avoir annonc\u00e9 son film d&rsquo;ouverture (<em>Chambre 212<\/em> de Christophe Honor\u00e9) il y a quelques jours, le Festival International du Film Francophone de Namur l\u00e8ve le voile sur une demi-douzaine des films qui seront pr\u00e9sent\u00e9s cette ann\u00e9es, dont deux films belges!<\/p>\n<p><img loading=\"lazy\" decoding=\"async\" class=\"alignnone size-large wp-image-221221\" src=\"https:\/\/www.cinevox.be\/wp-content\/uploads\/sites\/2\/2019\/07\/Adoration-Fabrice-Du-Welz-800x533.jpg\" alt=\"\" width=\"618\" height=\"412\" srcset=\"https:\/\/welovecinema.be\/wp-content\/uploads\/sites\/2\/2019\/07\/Adoration-Fabrice-Du-Welz-800x533.jpg 800w, https:\/\/welovecinema.be\/wp-content\/uploads\/sites\/2\/2019\/07\/Adoration-Fabrice-Du-Welz-406x270.jpg 406w, https:\/\/welovecinema.be\/wp-content\/uploads\/sites\/2\/2019\/07\/Adoration-Fabrice-Du-Welz-768x511.jpg 768w, https:\/\/welovecinema.be\/wp-content\/uploads\/sites\/2\/2019\/07\/Adoration-Fabrice-Du-Welz.jpg 1188w\" sizes=\"auto, (max-width: 618px) 100vw, 618px\" \/><\/p>\n<p>Pour son tr\u00e8s attendu nouveau film, <em><strong>Adoration<\/strong><\/em>, le cin\u00e9aste belge <strong>Fabrice du Welz<\/strong> retrouve le genre dramatique-thriller qu\u2019il affectionne. N\u00e9 en 1972 \u00e0 Bruxelles, Fabrice du Welz est tomb\u00e9 dans la marmite du cin\u00e9ma tout petit. Il \u00e9tudie au Conservatoire de Li\u00e8ge et \u00e0 l\u2019INSAS \u00e0 Bruxelles. Il commence par des films Super8 avant de rejoindre l\u2019\u00e9quipe de Canal+. En 1999, il r\u00e9alise le court m\u00e9trage <em>Quand on est amoureux c\u2019est merveilleux<\/em> qui remporte le Grand Prix \u00e0 G\u00e9rardmer.<\/p>\n<p>Son premier long m\u00e9trage, <em>Calvaire,<\/em> est s\u00e9lectionn\u00e9 \u00e0 la Semaine de la Critique \u00e0 Cannes en 2005. Son deuxi\u00e8me film, <em>Vinyan<\/em>, tourn\u00e9 en Tha\u00eflande, est s\u00e9lectionn\u00e9 \u00e0 Venise en 2008. Il encha\u00eene ensuite avec <em>Colt 45<\/em>, suivi du film \u00a0<em>All\u00e9luia<\/em> qui sera s\u00e9lectionn\u00e9 \u00e0 la Quinzaine des R\u00e9alisateurs \u00e0 Cannes en 2014. Tourn\u00e9 \u00e0 Los Angeles, son film suivant, <em>Message from the King<\/em>, sera pr\u00e9sent\u00e9 au Festival de Toronto en 2016.<br \/>\nAvec <em>Adoration<\/em>, Fabrice du Welz cl\u00f4ture sa trilogie ardennaise commenc\u00e9e avec <em>Calvaire<\/em> (2004) et <em>All\u00e9luia<\/em> (2014), qui avaient tous les deux \u00e9t\u00e9 pr\u00e9sent\u00e9s au FIFF.<\/p>\n<p><em>Adoration<\/em> r\u00e9unit un casting exceptionnel m\u00ealant habitu\u00e9s et nouveaux venus\u00a0: <strong>Thomas Gioria, Fantine Harduin, Beno\u00eet Poelvoorde, Laurent Lucas, Gwendolyn Gourvenec, Charlotte Vandermeersch <\/strong>et <strong>Peter Van den Begin<\/strong>. La photographie du film, \u00e9l\u00e9ment toujours essentiel chez le cin\u00e9aste, est sign\u00e9e Manu Dacosse, sur une musique de Vincent Cahay.<\/p>\n<p><em>Adoration, c\u2019est l\u2019histoire de Paul, un jeune gar\u00e7on solitaire de 14 ans. Sa m\u00e8re est femme de m\u00e9nage dans une clinique psychiatrique. Son p\u00e8re les a quitt\u00e9s il y a d\u00e9j\u00e0 tr\u00e8s longtemps. Une nouvelle patiente arrive \u00e0 la clinique. Elle s\u2019appelle Gloria, une adolescente trouble et solaire. Paul va en tomber amoureux fou et s\u2019enfuir avec elle, loin du monde des adultes\u2026<\/em><\/p>\n<p><img loading=\"lazy\" decoding=\"async\" class=\"alignnone size-large wp-image-219188\" src=\"https:\/\/www.cinevox.be\/wp-content\/uploads\/sites\/2\/2019\/04\/NUESTRAS-MADRES_OK-800x335.jpg\" alt=\"\" width=\"618\" height=\"259\" srcset=\"https:\/\/welovecinema.be\/wp-content\/uploads\/sites\/2\/2019\/04\/NUESTRAS-MADRES_OK-800x335.jpg 800w, https:\/\/welovecinema.be\/wp-content\/uploads\/sites\/2\/2019\/04\/NUESTRAS-MADRES_OK-480x201.jpg 480w, https:\/\/welovecinema.be\/wp-content\/uploads\/sites\/2\/2019\/04\/NUESTRAS-MADRES_OK-768x322.jpg 768w\" sizes=\"auto, (max-width: 618px) 100vw, 618px\" \/><\/p>\n<p><strong><em>Nuestras madres<\/em><\/strong>, premier film de C\u00e9sar Diaz, a re\u00e7u en mai dernier la prestigieuse <strong>Cam\u00e9ra d\u2019Or<\/strong> du Festival de Cannes, r\u00e9compense supr\u00eame et tr\u00e8s convoit\u00e9e du meilleur premier film parmi toutes les sections cannoises\u00a0! S\u00e9lectionn\u00e9 \u00e0 la Semaine de la Critique, le film y a \u00e9galement remport\u00e9 le Prix SACD.<\/p>\n<p>Enti\u00e8rement tourn\u00e9 au Guatemala avec une \u00e9quipe venue du Guatemala, du Mexique, de France et de Belgique, <em>Nuestras Madres <\/em>est l\u2019\u0153uvre du cin\u00e9aste belgo-guat\u00e9malt\u00e8que <strong>C\u00e9sar D\u00edaz<\/strong>. N\u00e9 en 1978 au Guatemala, D\u00edaz a \u00e9tudi\u00e9 au Mexique et en Belgique avant d\u2019int\u00e9grer l\u2019atelier sc\u00e9nario de la F\u00e9mis \u00e0 Paris. Depuis plus de dix ans, il travaille comme monteur de fictions et documentaires et a \u00e9t\u00e9 assistant monteur sur <em>Amores Perros<\/em> d\u2019Alejandro Gonzal\u00e9z I\u00f1arritu. Rien de moins\u00a0! Il a \u00e9galement r\u00e9alis\u00e9 les courts m\u00e9trages documentaires <em>Semillas de Cenizas<\/em>, pr\u00e9sent\u00e9 dans une vingtaine de festivals internationaux, et <em>Territorio Liberado<\/em>, laur\u00e9at du prix IMCINE au Mexique.<\/p>\n<p>Son premier long m\u00e9trage <em>Nuestras Madres<\/em> prend place au lendemain de la guerre civile au Guatemala\u00a0: <em>Guatemala 2018, le pays vit au rythme du proc\u00e8s des militaires \u00e0 l\u2019origine de la guerre civile. Les t\u00e9moignages des victimes s\u2019encha\u00eenent. Ernesto, jeune anthro\u00adpologue \u00e0 la Fondation m\u00e9dico-l\u00e9gale, travaille \u00e0 l\u2019identification des disparus. Un jour, \u00e0 travers le r\u00e9cit d\u2019une vieille femme, il croit d\u00e9celer une piste qui lui permettra de retrouver la trace de son p\u00e8re, gu\u00e9rillero disparu pendant la guerre. Contre l\u2019avis de sa m\u00e8re, il plonge \u00e0 corps perdu dans le dossier, \u00e0 la recherche de la v\u00e9rit\u00e9 et de la r\u00e9silience.<\/em><\/p>\n<p>Les r\u00f4les principaux sont tenus par <strong>Armando Espitia, Emma Dib, Aurelia Caal, Julio Serrano Echeverr\u00eda <\/strong>et <strong>Victor Moreira<\/strong>.<\/p>\n<p>&nbsp;<\/p>\n<figure id=\"attachment_219747\" aria-describedby=\"caption-attachment-219747\" style=\"width: 618px\" class=\"wp-caption alignnone\"><img loading=\"lazy\" decoding=\"async\" class=\"size-large wp-image-219747\" src=\"https:\/\/www.cinevox.be\/wp-content\/uploads\/sites\/2\/2019\/05\/adam-1-1024x576-800x450.jpg\" alt=\"Adam-Mariam-Touzani\" width=\"618\" height=\"348\" srcset=\"https:\/\/welovecinema.be\/wp-content\/uploads\/sites\/2\/2019\/05\/adam-1-1024x576-800x450.jpg 800w, https:\/\/welovecinema.be\/wp-content\/uploads\/sites\/2\/2019\/05\/adam-1-1024x576-200x113.jpg 200w, https:\/\/welovecinema.be\/wp-content\/uploads\/sites\/2\/2019\/05\/adam-1-1024x576-480x270.jpg 480w, https:\/\/welovecinema.be\/wp-content\/uploads\/sites\/2\/2019\/05\/adam-1-1024x576-768x432.jpg 768w, https:\/\/welovecinema.be\/wp-content\/uploads\/sites\/2\/2019\/05\/adam-1-1024x576-599x337.jpg 599w, https:\/\/welovecinema.be\/wp-content\/uploads\/sites\/2\/2019\/05\/adam-1-1024x576.jpg 1024w\" sizes=\"auto, (max-width: 618px) 100vw, 618px\" \/><figcaption id=\"caption-attachment-219747\" class=\"wp-caption-text\">Nisrin Erradi et Lubna Zabal dans \u00ab\u00a0Adam\u00a0\u00bb de Mariam Touzani<\/figcaption><\/figure>\n<p>On retrouvera \u00e9galement \u00e0 l&rsquo;affiche du la coproduction belge <strong><em>Adam<\/em><\/strong>, de Maryam Touzani, avec au casting la formidable com\u00e9dienne belge Lubna Azabal.<\/p>\n<p>Rendez-vous dans la capitale wallonne du 27 septembre au 4 octobre prochains!<\/p>\n<h4>A LIRE AUSSI<\/h4>\n<p><a href=\"https:\/\/www.cinevox.be\/fr\/sur-le-tournage-de-adoration\/\">Sur le tournage de&#8230; <em>Adoration<\/em><\/a><\/p>\n<p><a href=\"https:\/\/www.cinevox.be\/fr\/nuestras-madres-la-resilience-des-meres\/\"><em>Nuestras Madres<\/em>, la r\u00e9silience des m\u00e8res<\/a><\/p>\n<p><a href=\"https:\/\/www.cinevox.be\/fr\/cesar-diaz-ce-sont-les-femmes-et-les-meres-qui-tiennent-le-pays\/\">C\u00e9sar Diaz: ce sont les femmes et les m\u00e8res qui tiennent le pays<\/a><\/p>\n","protected":false},"excerpt":{"rendered":"<p>Adoration, le nouveau film de Fabrice du Welz que l&rsquo;on a h\u00e2te de d\u00e9couvrir dans quelques jours seulement au prestigieux Festival de Locarno sur l&rsquo;impressionnante Piazza Grande, et Nuestras madres de C\u00e9sar Diaz, Cam\u00e9ra d&rsquo;or \u00e0 Cannes, seront d\u00e9voil\u00e9s en avant-premi\u00e8re belge lors du prochain Festival de Namur! En effet, apr\u00e8s avoir annonc\u00e9 son film &hellip;<\/p>\n","protected":false},"author":343,"featured_media":221223,"comment_status":"closed","ping_status":"closed","sticky":false,"template":"","format":"standard","meta":{"ngg_post_thumbnail":0,"footnotes":""},"categories":[1923],"tags":[1956,4450,4187,4213],"class_list":["post-221220","post","type-post","status-publish","format-standard","has-post-thumbnail","","category-en-bref","tag-adoration","tag-fiff2019","tag-newsletter-fr","tag-nuestras-madres"],"yoast_head":"<!-- This site is optimized with the Yoast SEO plugin v20.4 - https:\/\/yoast.com\/wordpress\/plugins\/seo\/ -->\n<title>&quot;Adoration&quot; et &quot;Nuestras madres&quot; en premi\u00e8re belge au FIFF - We Love Cinema<\/title>\n<meta name=\"robots\" content=\"index, follow, max-snippet:-1, max-image-preview:large, max-video-preview:-1\" \/>\n<link rel=\"canonical\" href=\"https:\/\/welovecinema.be\/fr\/adoration-et-nuestras-madres-en-premiere-belge-au-fiff\/\" \/>\n<meta property=\"og:locale\" content=\"fr_FR\" \/>\n<meta property=\"og:type\" content=\"article\" \/>\n<meta property=\"og:title\" content=\"&quot;Adoration&quot; et &quot;Nuestras madres&quot; en premi\u00e8re belge au FIFF - We Love Cinema\" \/>\n<meta property=\"og:description\" content=\"Adoration, le nouveau film de Fabrice du Welz que l&rsquo;on a h\u00e2te de d\u00e9couvrir dans quelques jours seulement au prestigieux Festival de Locarno sur l&rsquo;impressionnante Piazza Grande, et Nuestras madres de C\u00e9sar Diaz, Cam\u00e9ra d&rsquo;or \u00e0 Cannes, seront d\u00e9voil\u00e9s en avant-premi\u00e8re belge lors du prochain Festival de Namur! En effet, apr\u00e8s avoir annonc\u00e9 son film &hellip;\" \/>\n<meta property=\"og:url\" content=\"https:\/\/welovecinema.be\/fr\/adoration-et-nuestras-madres-en-premiere-belge-au-fiff\/\" \/>\n<meta property=\"og:site_name\" content=\"We Love Cinema\" \/>\n<meta property=\"article:publisher\" content=\"https:\/\/www.facebook.com\/welovecinema.be\" \/>\n<meta property=\"article:published_time\" content=\"2019-07-29T08:48:34+00:00\" \/>\n<meta property=\"article:modified_time\" content=\"2019-07-29T08:53:00+00:00\" \/>\n<meta property=\"og:image\" content=\"https:\/\/welovecinema.be\/wp-content\/uploads\/sites\/2\/2019\/07\/FotoJet.jpg\" \/>\n\t<meta property=\"og:image:width\" content=\"1200\" \/>\n\t<meta property=\"og:image:height\" content=\"600\" \/>\n\t<meta property=\"og:image:type\" content=\"image\/jpeg\" \/>\n<meta name=\"author\" content=\"Aurore Engelen\" \/>\n<meta name=\"twitter:card\" content=\"summary_large_image\" \/>\n<meta name=\"twitter:label1\" content=\"\u00c9crit par\" \/>\n\t<meta name=\"twitter:data1\" content=\"Aurore Engelen\" \/>\n\t<meta name=\"twitter:label2\" content=\"Dur\u00e9e de lecture estim\u00e9e\" \/>\n\t<meta name=\"twitter:data2\" content=\"4 minutes\" \/>\n<script type=\"application\/ld+json\" class=\"yoast-schema-graph\">{\"@context\":\"https:\/\/schema.org\",\"@graph\":[{\"@type\":\"Article\",\"@id\":\"https:\/\/welovecinema.be\/fr\/adoration-et-nuestras-madres-en-premiere-belge-au-fiff\/#article\",\"isPartOf\":{\"@id\":\"https:\/\/welovecinema.be\/fr\/adoration-et-nuestras-madres-en-premiere-belge-au-fiff\/\"},\"author\":{\"name\":\"Aurore Engelen\",\"@id\":\"https:\/\/welovecinema.be\/nl\/#\/schema\/person\/8084b68c6b176142d073695c654dc7cf\"},\"headline\":\"\u00ab\u00a0Adoration\u00a0\u00bb et \u00ab\u00a0Nuestras madres\u00a0\u00bb en premi\u00e8re belge au FIFF\",\"datePublished\":\"2019-07-29T08:48:34+00:00\",\"dateModified\":\"2019-07-29T08:53:00+00:00\",\"mainEntityOfPage\":{\"@id\":\"https:\/\/welovecinema.be\/fr\/adoration-et-nuestras-madres-en-premiere-belge-au-fiff\/\"},\"wordCount\":817,\"publisher\":{\"@id\":\"https:\/\/welovecinema.be\/nl\/#organization\"},\"keywords\":[\"Adoration\",\"FIFF2019\",\"newsletter\",\"Nuestras Madres\"],\"articleSection\":[\"En bref\"],\"inLanguage\":\"fr-FR\"},{\"@type\":\"WebPage\",\"@id\":\"https:\/\/welovecinema.be\/fr\/adoration-et-nuestras-madres-en-premiere-belge-au-fiff\/\",\"url\":\"https:\/\/welovecinema.be\/fr\/adoration-et-nuestras-madres-en-premiere-belge-au-fiff\/\",\"name\":\"\\\"Adoration\\\" et \\\"Nuestras madres\\\" en premi\u00e8re belge au FIFF - We Love Cinema\",\"isPartOf\":{\"@id\":\"https:\/\/welovecinema.be\/nl\/#website\"},\"datePublished\":\"2019-07-29T08:48:34+00:00\",\"dateModified\":\"2019-07-29T08:53:00+00:00\",\"breadcrumb\":{\"@id\":\"https:\/\/welovecinema.be\/fr\/adoration-et-nuestras-madres-en-premiere-belge-au-fiff\/#breadcrumb\"},\"inLanguage\":\"fr-FR\",\"potentialAction\":[{\"@type\":\"ReadAction\",\"target\":[\"https:\/\/welovecinema.be\/fr\/adoration-et-nuestras-madres-en-premiere-belge-au-fiff\/\"]}]},{\"@type\":\"BreadcrumbList\",\"@id\":\"https:\/\/welovecinema.be\/fr\/adoration-et-nuestras-madres-en-premiere-belge-au-fiff\/#breadcrumb\",\"itemListElement\":[{\"@type\":\"ListItem\",\"position\":1,\"name\":\"Accueil\",\"item\":\"https:\/\/welovecinema.be\/fr\/\"},{\"@type\":\"ListItem\",\"position\":2,\"name\":\"\u00ab\u00a0Adoration\u00a0\u00bb et \u00ab\u00a0Nuestras madres\u00a0\u00bb en premi\u00e8re belge au FIFF\"}]},{\"@type\":\"WebSite\",\"@id\":\"https:\/\/welovecinema.be\/nl\/#website\",\"url\":\"https:\/\/welovecinema.be\/nl\/\",\"name\":\"We Love Cinema\",\"description\":\"Toute l\u2019information du cin\u00e9ma en Belgique\",\"publisher\":{\"@id\":\"https:\/\/welovecinema.be\/nl\/#organization\"},\"potentialAction\":[{\"@type\":\"SearchAction\",\"target\":{\"@type\":\"EntryPoint\",\"urlTemplate\":\"https:\/\/welovecinema.be\/nl\/?s={search_term_string}\"},\"query-input\":\"required name=search_term_string\"}],\"inLanguage\":\"fr-FR\"},{\"@type\":\"Organization\",\"@id\":\"https:\/\/welovecinema.be\/nl\/#organization\",\"name\":\"We Love Cinema\",\"url\":\"https:\/\/welovecinema.be\/nl\/\",\"logo\":{\"@type\":\"ImageObject\",\"inLanguage\":\"fr-FR\",\"@id\":\"https:\/\/welovecinema.be\/nl\/#\/schema\/logo\/image\/\",\"url\":\"https:\/\/welovecinema.be\/wp-content\/uploads\/sites\/2\/2023\/03\/Logo-We-Love-Cinema305x128.jpg\",\"contentUrl\":\"https:\/\/welovecinema.be\/wp-content\/uploads\/sites\/2\/2023\/03\/Logo-We-Love-Cinema305x128.jpg\",\"width\":305,\"height\":128,\"caption\":\"We Love Cinema\"},\"image\":{\"@id\":\"https:\/\/welovecinema.be\/nl\/#\/schema\/logo\/image\/\"},\"sameAs\":[\"https:\/\/www.facebook.com\/welovecinema.be\",\"https:\/\/www.youtube.com\/channel\/UCX5LYGVhnKvYauW4Nta4HJA\",\"https:\/\/www.instagram.com\/welovecinema.be\/\"]},{\"@type\":\"Person\",\"@id\":\"https:\/\/welovecinema.be\/nl\/#\/schema\/person\/8084b68c6b176142d073695c654dc7cf\",\"name\":\"Aurore Engelen\",\"url\":\"https:\/\/welovecinema.be\/fr\/author\/aurore-engelen\/\"}]}<\/script>\n<!-- \/ Yoast SEO plugin. -->","yoast_head_json":{"title":"\"Adoration\" et \"Nuestras madres\" en premi\u00e8re belge au FIFF - We Love Cinema","robots":{"index":"index","follow":"follow","max-snippet":"max-snippet:-1","max-image-preview":"max-image-preview:large","max-video-preview":"max-video-preview:-1"},"canonical":"https:\/\/welovecinema.be\/fr\/adoration-et-nuestras-madres-en-premiere-belge-au-fiff\/","og_locale":"fr_FR","og_type":"article","og_title":"\"Adoration\" et \"Nuestras madres\" en premi\u00e8re belge au FIFF - We Love Cinema","og_description":"Adoration, le nouveau film de Fabrice du Welz que l&rsquo;on a h\u00e2te de d\u00e9couvrir dans quelques jours seulement au prestigieux Festival de Locarno sur l&rsquo;impressionnante Piazza Grande, et Nuestras madres de C\u00e9sar Diaz, Cam\u00e9ra d&rsquo;or \u00e0 Cannes, seront d\u00e9voil\u00e9s en avant-premi\u00e8re belge lors du prochain Festival de Namur! En effet, apr\u00e8s avoir annonc\u00e9 son film &hellip;","og_url":"https:\/\/welovecinema.be\/fr\/adoration-et-nuestras-madres-en-premiere-belge-au-fiff\/","og_site_name":"We Love Cinema","article_publisher":"https:\/\/www.facebook.com\/welovecinema.be","article_published_time":"2019-07-29T08:48:34+00:00","article_modified_time":"2019-07-29T08:53:00+00:00","og_image":[{"width":1200,"height":600,"url":"https:\/\/welovecinema.be\/wp-content\/uploads\/sites\/2\/2019\/07\/FotoJet.jpg","type":"image\/jpeg"}],"author":"Aurore Engelen","twitter_card":"summary_large_image","twitter_misc":{"\u00c9crit par":"Aurore Engelen","Dur\u00e9e de lecture estim\u00e9e":"4 minutes"},"schema":{"@context":"https:\/\/schema.org","@graph":[{"@type":"Article","@id":"https:\/\/welovecinema.be\/fr\/adoration-et-nuestras-madres-en-premiere-belge-au-fiff\/#article","isPartOf":{"@id":"https:\/\/welovecinema.be\/fr\/adoration-et-nuestras-madres-en-premiere-belge-au-fiff\/"},"author":{"name":"Aurore Engelen","@id":"https:\/\/welovecinema.be\/nl\/#\/schema\/person\/8084b68c6b176142d073695c654dc7cf"},"headline":"\u00ab\u00a0Adoration\u00a0\u00bb et \u00ab\u00a0Nuestras madres\u00a0\u00bb en premi\u00e8re belge au FIFF","datePublished":"2019-07-29T08:48:34+00:00","dateModified":"2019-07-29T08:53:00+00:00","mainEntityOfPage":{"@id":"https:\/\/welovecinema.be\/fr\/adoration-et-nuestras-madres-en-premiere-belge-au-fiff\/"},"wordCount":817,"publisher":{"@id":"https:\/\/welovecinema.be\/nl\/#organization"},"keywords":["Adoration","FIFF2019","newsletter","Nuestras Madres"],"articleSection":["En bref"],"inLanguage":"fr-FR"},{"@type":"WebPage","@id":"https:\/\/welovecinema.be\/fr\/adoration-et-nuestras-madres-en-premiere-belge-au-fiff\/","url":"https:\/\/welovecinema.be\/fr\/adoration-et-nuestras-madres-en-premiere-belge-au-fiff\/","name":"\"Adoration\" et \"Nuestras madres\" en premi\u00e8re belge au FIFF - We Love Cinema","isPartOf":{"@id":"https:\/\/welovecinema.be\/nl\/#website"},"datePublished":"2019-07-29T08:48:34+00:00","dateModified":"2019-07-29T08:53:00+00:00","breadcrumb":{"@id":"https:\/\/welovecinema.be\/fr\/adoration-et-nuestras-madres-en-premiere-belge-au-fiff\/#breadcrumb"},"inLanguage":"fr-FR","potentialAction":[{"@type":"ReadAction","target":["https:\/\/welovecinema.be\/fr\/adoration-et-nuestras-madres-en-premiere-belge-au-fiff\/"]}]},{"@type":"BreadcrumbList","@id":"https:\/\/welovecinema.be\/fr\/adoration-et-nuestras-madres-en-premiere-belge-au-fiff\/#breadcrumb","itemListElement":[{"@type":"ListItem","position":1,"name":"Accueil","item":"https:\/\/welovecinema.be\/fr\/"},{"@type":"ListItem","position":2,"name":"\u00ab\u00a0Adoration\u00a0\u00bb et \u00ab\u00a0Nuestras madres\u00a0\u00bb en premi\u00e8re belge au FIFF"}]},{"@type":"WebSite","@id":"https:\/\/welovecinema.be\/nl\/#website","url":"https:\/\/welovecinema.be\/nl\/","name":"We Love Cinema","description":"Toute l\u2019information du cin\u00e9ma en Belgique","publisher":{"@id":"https:\/\/welovecinema.be\/nl\/#organization"},"potentialAction":[{"@type":"SearchAction","target":{"@type":"EntryPoint","urlTemplate":"https:\/\/welovecinema.be\/nl\/?s={search_term_string}"},"query-input":"required name=search_term_string"}],"inLanguage":"fr-FR"},{"@type":"Organization","@id":"https:\/\/welovecinema.be\/nl\/#organization","name":"We Love Cinema","url":"https:\/\/welovecinema.be\/nl\/","logo":{"@type":"ImageObject","inLanguage":"fr-FR","@id":"https:\/\/welovecinema.be\/nl\/#\/schema\/logo\/image\/","url":"https:\/\/welovecinema.be\/wp-content\/uploads\/sites\/2\/2023\/03\/Logo-We-Love-Cinema305x128.jpg","contentUrl":"https:\/\/welovecinema.be\/wp-content\/uploads\/sites\/2\/2023\/03\/Logo-We-Love-Cinema305x128.jpg","width":305,"height":128,"caption":"We Love Cinema"},"image":{"@id":"https:\/\/welovecinema.be\/nl\/#\/schema\/logo\/image\/"},"sameAs":["https:\/\/www.facebook.com\/welovecinema.be","https:\/\/www.youtube.com\/channel\/UCX5LYGVhnKvYauW4Nta4HJA","https:\/\/www.instagram.com\/welovecinema.be\/"]},{"@type":"Person","@id":"https:\/\/welovecinema.be\/nl\/#\/schema\/person\/8084b68c6b176142d073695c654dc7cf","name":"Aurore Engelen","url":"https:\/\/welovecinema.be\/fr\/author\/aurore-engelen\/"}]}},"_links":{"self":[{"href":"https:\/\/welovecinema.be\/fr\/wp-json\/wp\/v2\/posts\/221220","targetHints":{"allow":["GET"]}}],"collection":[{"href":"https:\/\/welovecinema.be\/fr\/wp-json\/wp\/v2\/posts"}],"about":[{"href":"https:\/\/welovecinema.be\/fr\/wp-json\/wp\/v2\/types\/post"}],"author":[{"embeddable":true,"href":"https:\/\/welovecinema.be\/fr\/wp-json\/wp\/v2\/users\/343"}],"replies":[{"embeddable":true,"href":"https:\/\/welovecinema.be\/fr\/wp-json\/wp\/v2\/comments?post=221220"}],"version-history":[{"count":0,"href":"https:\/\/welovecinema.be\/fr\/wp-json\/wp\/v2\/posts\/221220\/revisions"}],"wp:featuredmedia":[{"embeddable":true,"href":"https:\/\/welovecinema.be\/fr\/wp-json\/wp\/v2\/media\/221223"}],"wp:attachment":[{"href":"https:\/\/welovecinema.be\/fr\/wp-json\/wp\/v2\/media?parent=221220"}],"wp:term":[{"taxonomy":"category","embeddable":true,"href":"https:\/\/welovecinema.be\/fr\/wp-json\/wp\/v2\/categories?post=221220"},{"taxonomy":"post_tag","embeddable":true,"href":"https:\/\/welovecinema.be\/fr\/wp-json\/wp\/v2\/tags?post=221220"}],"curies":[{"name":"wp","href":"https:\/\/api.w.org\/{rel}","templated":true}]}}