{"id":221144,"date":"2019-07-23T10:16:36","date_gmt":"2019-07-23T08:16:36","guid":{"rendered":"https:\/\/www.cinevox.be\/?p=221144"},"modified":"2019-07-23T10:16:36","modified_gmt":"2019-07-23T08:16:36","slug":"need-productions-est-a-la-recherche-dun-e-super-stagiaire","status":"publish","type":"post","link":"https:\/\/welovecinema.be\/fr\/need-productions-est-a-la-recherche-dun-e-super-stagiaire\/","title":{"rendered":"Need Productions est \u00e0 la recherche d\u2019un.e Super Stagiaire\u00a0!"},"content":{"rendered":"<p class=\"p1\"><span class=\"s1\"><strong>Need Productions est une structure de production attach\u00e9e \u00e0 la mise en valeur de projets\u00a0forts, selon une ligne \u00e9ditoriale exigeante. La soci\u00e9t\u00e9 a \u00e9t\u00e9 fond\u00e9e en 1999 par Denis Delcampe. Elle a, depuis, produit plus de quarante films en longs m\u00e9trages, documentaires et courts.<\/strong> <\/span><\/p>\n<p class=\"p1\"><span class=\"s1\">Derni\u00e8rement nous avons produit le premier long-m\u00e9trage de C\u00e9sar Diaz <a href=\"https:\/\/www.cinevox.be\/fr\/nuestras-madres-la-resilience-des-meres\/\"><em>Nuestras Madres<\/em><\/a>, qui a remport\u00e9 la <a href=\"https:\/\/www.cinevox.be\/fr\/le-jeune-ahmed-et-nuestras-madres-au-palmares-de-cannes\/\">Cam\u00e9ra d\u2019Or<\/a> au Festival de Cannes 2019.<\/span><\/p>\n<p class=\"p1\"><span class=\"s1\">Nous sommes \u00e0 la recherche d\u2019un.e stagiaire en assistanat de production, pour une p\u00e9riode de 4 mois, id\u00e9alement en temps plein, de d\u00e9but Aout \u00e0 fin Novembre. <\/span><\/p>\n<h4 class=\"p1\"><span class=\"s2\">Profil recherch\u00e9<\/span><\/h4>\n<ul class=\"ul1\">\n<li class=\"li1\"><span class=\"s1\">Organis\u00e9 et rigoureux<\/span><\/li>\n<li class=\"li1\"><span class=\"s1\">Dynamique et proactif <\/span><\/li>\n<li class=\"li1\"><span class=\"s1\">Sens ais\u00e9 du contact et volont\u00e9 de travailler en \u00e9quipe <\/span><\/li>\n<li class=\"li1\"><span class=\"s1\">Bonne connaissance des outils informatique (excell, word, internet,\u2026)<\/span><\/li>\n<li class=\"li1\"><span class=\"s1\">Bonne connaissance de l\u2019anglais<\/span><\/li>\n<li class=\"li1\"><span class=\"s1\">Une premiere ex\u00e9prience dans le secteur audiovisuel est un atout<\/span><\/li>\n<\/ul>\n<h4 class=\"p1\"><span class=\"s2\">Mission du poste<\/span><\/h4>\n<p class=\"p1\"><span class=\"s1\">Vous assisterez les productrices au quotidien et les accompagnerez dans les t\u00e2ches suivantes\u00a0:<\/span><\/p>\n<ul class=\"ul1\">\n<li class=\"li1\"><span class=\"s1\">Pr\u00e9paration des dossiers de productions<\/span><\/li>\n<li class=\"li1\"><span class=\"s1\">Pr\u00e9paration des tournages<\/span><\/li>\n<li class=\"li1\"><span class=\"s1\">Participation active aux tournages (2 tournages pr\u00e9vus durant la p\u00e9riode de stage propos\u00e9e)<\/span><\/li>\n<li class=\"li1\"><span class=\"s1\">Suivi de promotion et de la sortie d\u2019un long-m\u00e9trage<\/span><\/li>\n<li class=\"li1\"><span class=\"s1\">Mise \u00e0 jour du site web et de la page facebook<\/span><\/li>\n<li class=\"li1\"><span class=\"s1\">Assistanat g\u00e9n\u00e9ral et administratif li\u00e9 \u00e0 la production des films<\/span><\/li>\n<\/ul>\n<p class=\"p1\"><span class=\"s1\">Nous offrons un cadre de travail stimulant et une exp\u00e9rience professionnelle enrichissante dans le secteur de la production audiovisuelle. <\/span><\/p>\n<p class=\"p1\"><span class=\"s1\">Id\u00e9alement nous recherchons un stagiaire en temps plein, mais en fonction du profil du candidat, un 4\/5 ou 3\/5 peuvent \u00eatre envisag\u00e9.<\/span><\/p>\n<p class=\"p1\"><span class=\"s1\">Vos candidatures sont a envoyer d\u00e8s que possible \u00e0 G\u00e9raldine Sprimont <a href=\"mailto:geraldine@needproductions.com\"><span class=\"s3\">geraldine@needproductions.com<\/span><\/a><\/span><\/p>\n","protected":false},"excerpt":{"rendered":"<p>Need Productions est une structure de production attach\u00e9e \u00e0 la mise en valeur de projets\u00a0forts, selon une ligne \u00e9ditoriale exigeante. La soci\u00e9t\u00e9 a \u00e9t\u00e9 fond\u00e9e en 1999 par Denis Delcampe. Elle a, depuis, produit plus de quarante films en longs m\u00e9trages, documentaires et courts. Derni\u00e8rement nous avons produit le premier long-m\u00e9trage de C\u00e9sar Diaz Nuestras &hellip;<\/p>\n","protected":false},"author":343,"featured_media":219743,"comment_status":"closed","ping_status":"closed","sticky":false,"template":"","format":"standard","meta":{"ngg_post_thumbnail":0,"footnotes":""},"categories":[20],"tags":[],"class_list":["post-221144","post","type-post","status-publish","format-standard","has-post-thumbnail","","category-cinejobs"],"yoast_head":"<!-- This site is optimized with the Yoast SEO plugin v20.4 - https:\/\/yoast.com\/wordpress\/plugins\/seo\/ -->\n<title>Need Productions est \u00e0 la recherche d\u2019un.e Super Stagiaire\u00a0! - We Love Cinema<\/title>\n<meta name=\"robots\" content=\"index, follow, max-snippet:-1, max-image-preview:large, max-video-preview:-1\" \/>\n<link rel=\"canonical\" href=\"https:\/\/welovecinema.be\/fr\/need-productions-est-a-la-recherche-dun-e-super-stagiaire\/\" \/>\n<meta property=\"og:locale\" content=\"fr_FR\" \/>\n<meta property=\"og:type\" content=\"article\" \/>\n<meta property=\"og:title\" content=\"Need Productions est \u00e0 la recherche d\u2019un.e Super Stagiaire\u00a0! - We Love Cinema\" \/>\n<meta property=\"og:description\" content=\"Need Productions est une structure de production attach\u00e9e \u00e0 la mise en valeur de projets\u00a0forts, selon une ligne \u00e9ditoriale exigeante. La soci\u00e9t\u00e9 a \u00e9t\u00e9 fond\u00e9e en 1999 par Denis Delcampe. Elle a, depuis, produit plus de quarante films en longs m\u00e9trages, documentaires et courts. Derni\u00e8rement nous avons produit le premier long-m\u00e9trage de C\u00e9sar Diaz Nuestras &hellip;\" \/>\n<meta property=\"og:url\" content=\"https:\/\/welovecinema.be\/fr\/need-productions-est-a-la-recherche-dun-e-super-stagiaire\/\" \/>\n<meta property=\"og:site_name\" content=\"We Love Cinema\" \/>\n<meta property=\"article:publisher\" content=\"https:\/\/www.facebook.com\/welovecinema.be\" \/>\n<meta property=\"article:published_time\" content=\"2019-07-23T08:16:36+00:00\" \/>\n<meta property=\"og:image\" content=\"https:\/\/welovecinema.be\/wp-content\/uploads\/sites\/2\/2019\/05\/Nuestras-Madres-Cesar-Diaz-VIrginie-Surdej-800x600.jpg\" \/>\n\t<meta property=\"og:image:width\" content=\"800\" \/>\n\t<meta property=\"og:image:height\" content=\"600\" \/>\n\t<meta property=\"og:image:type\" content=\"image\/jpeg\" \/>\n<meta name=\"author\" content=\"Aurore Engelen\" \/>\n<meta name=\"twitter:card\" content=\"summary_large_image\" \/>\n<meta name=\"twitter:label1\" content=\"\u00c9crit par\" \/>\n\t<meta name=\"twitter:data1\" content=\"Aurore Engelen\" \/>\n\t<meta name=\"twitter:label2\" content=\"Dur\u00e9e de lecture estim\u00e9e\" \/>\n\t<meta name=\"twitter:data2\" content=\"1 minute\" \/>\n<script type=\"application\/ld+json\" class=\"yoast-schema-graph\">{\"@context\":\"https:\/\/schema.org\",\"@graph\":[{\"@type\":\"Article\",\"@id\":\"https:\/\/welovecinema.be\/fr\/need-productions-est-a-la-recherche-dun-e-super-stagiaire\/#article\",\"isPartOf\":{\"@id\":\"https:\/\/welovecinema.be\/fr\/need-productions-est-a-la-recherche-dun-e-super-stagiaire\/\"},\"author\":{\"name\":\"Aurore Engelen\",\"@id\":\"https:\/\/welovecinema.be\/nl\/#\/schema\/person\/8084b68c6b176142d073695c654dc7cf\"},\"headline\":\"Need Productions est \u00e0 la recherche d\u2019un.e Super Stagiaire\u00a0!\",\"datePublished\":\"2019-07-23T08:16:36+00:00\",\"dateModified\":\"2019-07-23T08:16:36+00:00\",\"mainEntityOfPage\":{\"@id\":\"https:\/\/welovecinema.be\/fr\/need-productions-est-a-la-recherche-dun-e-super-stagiaire\/\"},\"wordCount\":285,\"publisher\":{\"@id\":\"https:\/\/welovecinema.be\/nl\/#organization\"},\"articleSection\":[\"Cinejobs\"],\"inLanguage\":\"fr-FR\"},{\"@type\":\"WebPage\",\"@id\":\"https:\/\/welovecinema.be\/fr\/need-productions-est-a-la-recherche-dun-e-super-stagiaire\/\",\"url\":\"https:\/\/welovecinema.be\/fr\/need-productions-est-a-la-recherche-dun-e-super-stagiaire\/\",\"name\":\"Need Productions est \u00e0 la recherche d\u2019un.e Super Stagiaire\u00a0! - We Love Cinema\",\"isPartOf\":{\"@id\":\"https:\/\/welovecinema.be\/nl\/#website\"},\"datePublished\":\"2019-07-23T08:16:36+00:00\",\"dateModified\":\"2019-07-23T08:16:36+00:00\",\"breadcrumb\":{\"@id\":\"https:\/\/welovecinema.be\/fr\/need-productions-est-a-la-recherche-dun-e-super-stagiaire\/#breadcrumb\"},\"inLanguage\":\"fr-FR\",\"potentialAction\":[{\"@type\":\"ReadAction\",\"target\":[\"https:\/\/welovecinema.be\/fr\/need-productions-est-a-la-recherche-dun-e-super-stagiaire\/\"]}]},{\"@type\":\"BreadcrumbList\",\"@id\":\"https:\/\/welovecinema.be\/fr\/need-productions-est-a-la-recherche-dun-e-super-stagiaire\/#breadcrumb\",\"itemListElement\":[{\"@type\":\"ListItem\",\"position\":1,\"name\":\"Accueil\",\"item\":\"https:\/\/welovecinema.be\/fr\/\"},{\"@type\":\"ListItem\",\"position\":2,\"name\":\"Need Productions est \u00e0 la recherche d\u2019un.e Super Stagiaire\u00a0!\"}]},{\"@type\":\"WebSite\",\"@id\":\"https:\/\/welovecinema.be\/nl\/#website\",\"url\":\"https:\/\/welovecinema.be\/nl\/\",\"name\":\"We Love Cinema\",\"description\":\"Toute l\u2019information du cin\u00e9ma en Belgique\",\"publisher\":{\"@id\":\"https:\/\/welovecinema.be\/nl\/#organization\"},\"potentialAction\":[{\"@type\":\"SearchAction\",\"target\":{\"@type\":\"EntryPoint\",\"urlTemplate\":\"https:\/\/welovecinema.be\/nl\/?s={search_term_string}\"},\"query-input\":\"required name=search_term_string\"}],\"inLanguage\":\"fr-FR\"},{\"@type\":\"Organization\",\"@id\":\"https:\/\/welovecinema.be\/nl\/#organization\",\"name\":\"We Love Cinema\",\"url\":\"https:\/\/welovecinema.be\/nl\/\",\"logo\":{\"@type\":\"ImageObject\",\"inLanguage\":\"fr-FR\",\"@id\":\"https:\/\/welovecinema.be\/nl\/#\/schema\/logo\/image\/\",\"url\":\"https:\/\/welovecinema.be\/wp-content\/uploads\/sites\/2\/2023\/03\/Logo-We-Love-Cinema305x128.jpg\",\"contentUrl\":\"https:\/\/welovecinema.be\/wp-content\/uploads\/sites\/2\/2023\/03\/Logo-We-Love-Cinema305x128.jpg\",\"width\":305,\"height\":128,\"caption\":\"We Love Cinema\"},\"image\":{\"@id\":\"https:\/\/welovecinema.be\/nl\/#\/schema\/logo\/image\/\"},\"sameAs\":[\"https:\/\/www.facebook.com\/welovecinema.be\",\"https:\/\/www.youtube.com\/channel\/UCX5LYGVhnKvYauW4Nta4HJA\",\"https:\/\/www.instagram.com\/welovecinema.be\/\"]},{\"@type\":\"Person\",\"@id\":\"https:\/\/welovecinema.be\/nl\/#\/schema\/person\/8084b68c6b176142d073695c654dc7cf\",\"name\":\"Aurore Engelen\",\"url\":\"https:\/\/welovecinema.be\/fr\/author\/aurore-engelen\/\"}]}<\/script>\n<!-- \/ Yoast SEO plugin. -->","yoast_head_json":{"title":"Need Productions est \u00e0 la recherche d\u2019un.e Super Stagiaire\u00a0! - We Love Cinema","robots":{"index":"index","follow":"follow","max-snippet":"max-snippet:-1","max-image-preview":"max-image-preview:large","max-video-preview":"max-video-preview:-1"},"canonical":"https:\/\/welovecinema.be\/fr\/need-productions-est-a-la-recherche-dun-e-super-stagiaire\/","og_locale":"fr_FR","og_type":"article","og_title":"Need Productions est \u00e0 la recherche d\u2019un.e Super Stagiaire\u00a0! - We Love Cinema","og_description":"Need Productions est une structure de production attach\u00e9e \u00e0 la mise en valeur de projets\u00a0forts, selon une ligne \u00e9ditoriale exigeante. La soci\u00e9t\u00e9 a \u00e9t\u00e9 fond\u00e9e en 1999 par Denis Delcampe. Elle a, depuis, produit plus de quarante films en longs m\u00e9trages, documentaires et courts. Derni\u00e8rement nous avons produit le premier long-m\u00e9trage de C\u00e9sar Diaz Nuestras &hellip;","og_url":"https:\/\/welovecinema.be\/fr\/need-productions-est-a-la-recherche-dun-e-super-stagiaire\/","og_site_name":"We Love Cinema","article_publisher":"https:\/\/www.facebook.com\/welovecinema.be","article_published_time":"2019-07-23T08:16:36+00:00","og_image":[{"width":800,"height":600,"url":"https:\/\/welovecinema.be\/wp-content\/uploads\/sites\/2\/2019\/05\/Nuestras-Madres-Cesar-Diaz-VIrginie-Surdej-800x600.jpg","type":"image\/jpeg"}],"author":"Aurore Engelen","twitter_card":"summary_large_image","twitter_misc":{"\u00c9crit par":"Aurore Engelen","Dur\u00e9e de lecture estim\u00e9e":"1 minute"},"schema":{"@context":"https:\/\/schema.org","@graph":[{"@type":"Article","@id":"https:\/\/welovecinema.be\/fr\/need-productions-est-a-la-recherche-dun-e-super-stagiaire\/#article","isPartOf":{"@id":"https:\/\/welovecinema.be\/fr\/need-productions-est-a-la-recherche-dun-e-super-stagiaire\/"},"author":{"name":"Aurore Engelen","@id":"https:\/\/welovecinema.be\/nl\/#\/schema\/person\/8084b68c6b176142d073695c654dc7cf"},"headline":"Need Productions est \u00e0 la recherche d\u2019un.e Super Stagiaire\u00a0!","datePublished":"2019-07-23T08:16:36+00:00","dateModified":"2019-07-23T08:16:36+00:00","mainEntityOfPage":{"@id":"https:\/\/welovecinema.be\/fr\/need-productions-est-a-la-recherche-dun-e-super-stagiaire\/"},"wordCount":285,"publisher":{"@id":"https:\/\/welovecinema.be\/nl\/#organization"},"articleSection":["Cinejobs"],"inLanguage":"fr-FR"},{"@type":"WebPage","@id":"https:\/\/welovecinema.be\/fr\/need-productions-est-a-la-recherche-dun-e-super-stagiaire\/","url":"https:\/\/welovecinema.be\/fr\/need-productions-est-a-la-recherche-dun-e-super-stagiaire\/","name":"Need Productions est \u00e0 la recherche d\u2019un.e Super Stagiaire\u00a0! - We Love Cinema","isPartOf":{"@id":"https:\/\/welovecinema.be\/nl\/#website"},"datePublished":"2019-07-23T08:16:36+00:00","dateModified":"2019-07-23T08:16:36+00:00","breadcrumb":{"@id":"https:\/\/welovecinema.be\/fr\/need-productions-est-a-la-recherche-dun-e-super-stagiaire\/#breadcrumb"},"inLanguage":"fr-FR","potentialAction":[{"@type":"ReadAction","target":["https:\/\/welovecinema.be\/fr\/need-productions-est-a-la-recherche-dun-e-super-stagiaire\/"]}]},{"@type":"BreadcrumbList","@id":"https:\/\/welovecinema.be\/fr\/need-productions-est-a-la-recherche-dun-e-super-stagiaire\/#breadcrumb","itemListElement":[{"@type":"ListItem","position":1,"name":"Accueil","item":"https:\/\/welovecinema.be\/fr\/"},{"@type":"ListItem","position":2,"name":"Need Productions est \u00e0 la recherche d\u2019un.e Super Stagiaire\u00a0!"}]},{"@type":"WebSite","@id":"https:\/\/welovecinema.be\/nl\/#website","url":"https:\/\/welovecinema.be\/nl\/","name":"We Love Cinema","description":"Toute l\u2019information du cin\u00e9ma en Belgique","publisher":{"@id":"https:\/\/welovecinema.be\/nl\/#organization"},"potentialAction":[{"@type":"SearchAction","target":{"@type":"EntryPoint","urlTemplate":"https:\/\/welovecinema.be\/nl\/?s={search_term_string}"},"query-input":"required name=search_term_string"}],"inLanguage":"fr-FR"},{"@type":"Organization","@id":"https:\/\/welovecinema.be\/nl\/#organization","name":"We Love Cinema","url":"https:\/\/welovecinema.be\/nl\/","logo":{"@type":"ImageObject","inLanguage":"fr-FR","@id":"https:\/\/welovecinema.be\/nl\/#\/schema\/logo\/image\/","url":"https:\/\/welovecinema.be\/wp-content\/uploads\/sites\/2\/2023\/03\/Logo-We-Love-Cinema305x128.jpg","contentUrl":"https:\/\/welovecinema.be\/wp-content\/uploads\/sites\/2\/2023\/03\/Logo-We-Love-Cinema305x128.jpg","width":305,"height":128,"caption":"We Love Cinema"},"image":{"@id":"https:\/\/welovecinema.be\/nl\/#\/schema\/logo\/image\/"},"sameAs":["https:\/\/www.facebook.com\/welovecinema.be","https:\/\/www.youtube.com\/channel\/UCX5LYGVhnKvYauW4Nta4HJA","https:\/\/www.instagram.com\/welovecinema.be\/"]},{"@type":"Person","@id":"https:\/\/welovecinema.be\/nl\/#\/schema\/person\/8084b68c6b176142d073695c654dc7cf","name":"Aurore Engelen","url":"https:\/\/welovecinema.be\/fr\/author\/aurore-engelen\/"}]}},"_links":{"self":[{"href":"https:\/\/welovecinema.be\/fr\/wp-json\/wp\/v2\/posts\/221144","targetHints":{"allow":["GET"]}}],"collection":[{"href":"https:\/\/welovecinema.be\/fr\/wp-json\/wp\/v2\/posts"}],"about":[{"href":"https:\/\/welovecinema.be\/fr\/wp-json\/wp\/v2\/types\/post"}],"author":[{"embeddable":true,"href":"https:\/\/welovecinema.be\/fr\/wp-json\/wp\/v2\/users\/343"}],"replies":[{"embeddable":true,"href":"https:\/\/welovecinema.be\/fr\/wp-json\/wp\/v2\/comments?post=221144"}],"version-history":[{"count":0,"href":"https:\/\/welovecinema.be\/fr\/wp-json\/wp\/v2\/posts\/221144\/revisions"}],"wp:featuredmedia":[{"embeddable":true,"href":"https:\/\/welovecinema.be\/fr\/wp-json\/wp\/v2\/media\/219743"}],"wp:attachment":[{"href":"https:\/\/welovecinema.be\/fr\/wp-json\/wp\/v2\/media?parent=221144"}],"wp:term":[{"taxonomy":"category","embeddable":true,"href":"https:\/\/welovecinema.be\/fr\/wp-json\/wp\/v2\/categories?post=221144"},{"taxonomy":"post_tag","embeddable":true,"href":"https:\/\/welovecinema.be\/fr\/wp-json\/wp\/v2\/tags?post=221144"}],"curies":[{"name":"wp","href":"https:\/\/api.w.org\/{rel}","templated":true}]}}