{"id":221010,"date":"2019-07-17T11:29:20","date_gmt":"2019-07-17T09:29:20","guid":{"rendered":"https:\/\/www.cinevox.be\/?p=221010"},"modified":"2019-08-01T11:49:06","modified_gmt":"2019-08-01T09:49:06","slug":"adoration-en-premiere-mondiale-a-locarno","status":"publish","type":"post","link":"https:\/\/welovecinema.be\/fr\/adoration-en-premiere-mondiale-a-locarno\/","title":{"rendered":"\u00ab\u00a0Adoration\u00a0\u00bb en premi\u00e8re mondiale \u00e0 Locarno!"},"content":{"rendered":"<p><strong>Pas moins de quatre films belges seront d\u00e9voil\u00e9s \u00e0 l&rsquo;occasion de la 72e \u00e9dition du Festival International du Film de Locarno, dont le tr\u00e8s attendu nouveau film de Fabrice du Welz, <em>Adoration<\/em>.<\/strong><\/p>\n<p class=\"p2\">Troisi\u00e8me volet de la trilogie ardennaise du r\u00e9alisateur belge, <strong><em>Adoration<\/em><\/strong> conte l\u2019histoire de Paul, un jeune gar\u00e7on solitaire de 14 ans. Sa m\u00e8re est femme de m\u00e9nage dans une clinique psychiatrique. Son p\u00e8re les a quitt\u00e9s il y a d\u00e9j\u00e0 tr\u00e8s longtemps. Une nouvelle patiente arrive \u00e0 la clinique. Elle s\u2019appelle Gloria, une jeune adolescente du m\u00eame \u00e2ge que lui, trouble et solaire. Paul va tomber amoureux fou. Si amoureux qu\u2019il va s\u2019enfuir avec elle, loin du monde des adultes. Adolescents \u00e0 la d\u00e9rive, fuyant ce monde qui les effraie, rassur\u00e9s par la douce pr\u00e9sence du murmure du fleuve, les voici embarqu\u00e9s vers un pays o\u00f9 l\u2019on n\u2019arrive jamais\u2026<\/p>\n<p><img loading=\"lazy\" decoding=\"async\" class=\"alignnone size-large wp-image-221011\" src=\"https:\/\/www.cinevox.be\/wp-content\/uploads\/sites\/2\/2019\/07\/adoration-photo-thomas-gioria-1028027-large-800x405.jpg\" alt=\"\" width=\"618\" height=\"313\" srcset=\"https:\/\/welovecinema.be\/wp-content\/uploads\/sites\/2\/2019\/07\/adoration-photo-thomas-gioria-1028027-large-800x405.jpg 800w, https:\/\/welovecinema.be\/wp-content\/uploads\/sites\/2\/2019\/07\/adoration-photo-thomas-gioria-1028027-large-480x243.jpg 480w, https:\/\/welovecinema.be\/wp-content\/uploads\/sites\/2\/2019\/07\/adoration-photo-thomas-gioria-1028027-large-768x389.jpg 768w, https:\/\/welovecinema.be\/wp-content\/uploads\/sites\/2\/2019\/07\/adoration-photo-thomas-gioria-1028027-large.jpg 1600w\" sizes=\"auto, (max-width: 618px) 100vw, 618px\" \/><\/p>\n<p class=\"p2\"><em>Adoration<\/em>, produit en Belgique par Panique! et Savage Film, sera projet\u00e9 en plein air sur le prestigieuse Piazza Grande. Le film sortira en Belgique en octobre prochain. Au g\u00e9n\u00e9rique, on retrouve Thomas Gioria, Fantine Harduin, Beno\u00eet Poelvoorde, Peter Van Den Begin, Charlotte Vandemeersch ou encore Ana\u00ebl Snoek.<\/p>\n<p class=\"p2\">On en reparle tr\u00e8s vite, en attendant, retrouvez <a href=\"https:\/\/www.cinevox.be\/fr\/sur-le-tournage-de-adoration\/\">notre article sur le tournage<\/a>, et notre <a href=\"https:\/\/www.cinevox.be\/fr\/capsule-75-a-la-rencontre-de-fantine-harduin\/\">portrait de Fantine Harduin<\/a>!<\/p>\n<p>&nbsp;<\/p>\n<p class=\"p3\">Autre belle s\u00e9lection, <strong><em>Overseas<\/em><\/strong>, premier long m\u00e9trage documentaire de Sung-A Yoon, port\u00e9 par Iota production, concourra dans la cat\u00e9gorie Cineaste del Presente.<\/p>\n<p><img loading=\"lazy\" decoding=\"async\" class=\"alignnone size-large wp-image-221013\" src=\"https:\/\/www.cinevox.be\/wp-content\/uploads\/sites\/2\/2019\/07\/overseas-stills_2019-07-03_1.17.1-800x432.jpg\" alt=\"overseas-Sung-A-Yoon\" width=\"618\" height=\"334\" srcset=\"https:\/\/welovecinema.be\/wp-content\/uploads\/sites\/2\/2019\/07\/overseas-stills_2019-07-03_1.17.1-800x432.jpg 800w, https:\/\/welovecinema.be\/wp-content\/uploads\/sites\/2\/2019\/07\/overseas-stills_2019-07-03_1.17.1-480x259.jpg 480w, https:\/\/welovecinema.be\/wp-content\/uploads\/sites\/2\/2019\/07\/overseas-stills_2019-07-03_1.17.1-768x415.jpg 768w, https:\/\/welovecinema.be\/wp-content\/uploads\/sites\/2\/2019\/07\/overseas-stills_2019-07-03_1.17.1.jpg 1998w\" sizes=\"auto, (max-width: 618px) 100vw, 618px\" \/><\/p>\n<p>Aux Philippines, on d\u00e9ploie les femmes en masse \u00e0 l\u2019\u00e9tranger comme aides m\u00e9nag\u00e8res ou nounous. Elles laissent souvent derri\u00e8re elles leurs propres enfants, avant de se jeter dans l\u2019inconnu. Dans un centre de formation au travail domestique, comme tant d\u2019autres aux Philippines, un groupe de candidates au d\u00e9part se pr\u00e9parent au mal du pays et aux maltraitances qui pourraient les atteindre.<\/p>\n<p>Lors d\u2019exercices de jeux de r\u00f4les, les femmes se mettent tant dans la peau de l\u2019employ\u00e9e que des employeurs. Aux abords de la fiction, <em>Overseas<\/em> traite de la servitude moderne de notre monde globalis\u00e9, tout en r\u00e9v\u00e9lant la d\u00e9termination de ces femmes, leur sororit\u00e9 et les strat\u00e9gies mises en place face aux \u00e9preuves que leur r\u00e9serve l\u2019avenir.<br \/>\nNotons \u00e9galement que deux courts m\u00e9trages belges prendront part \u00e0 la Comp\u00e9tition des Pardi di domani. Manon Coubia, d\u00e9j\u00e0 laur\u00e9ate du Pardino d&rsquo;oro en 2016 avec son film <em>Romance<\/em>, revient avec <strong><em>Mar\u00e9e<\/em><\/strong>.<\/p>\n<p><img loading=\"lazy\" decoding=\"async\" class=\"alignnone size-large wp-image-221015\" src=\"https:\/\/www.cinevox.be\/wp-content\/uploads\/sites\/2\/2019\/07\/Maree-Manon-Coubia-800x433.jpg\" alt=\"Maree-Manon-Coubia\" width=\"618\" height=\"334\" srcset=\"https:\/\/welovecinema.be\/wp-content\/uploads\/sites\/2\/2019\/07\/Maree-Manon-Coubia-800x433.jpg 800w, https:\/\/welovecinema.be\/wp-content\/uploads\/sites\/2\/2019\/07\/Maree-Manon-Coubia-480x260.jpg 480w, https:\/\/welovecinema.be\/wp-content\/uploads\/sites\/2\/2019\/07\/Maree-Manon-Coubia-768x415.jpg 768w, https:\/\/welovecinema.be\/wp-content\/uploads\/sites\/2\/2019\/07\/Maree-Manon-Coubia.jpg 980w\" sizes=\"auto, (max-width: 618px) 100vw, 618px\" \/><\/p>\n<p>Une nuit. Sur les pistes de ski d\u00e9sertes, la vir\u00e9e nocturne des dameuses se pr\u00e9pare. Antoine, 25 ans, rejoint son \u00e9quipe. Au beau milieu du monde d\u00e9marre le ballet hypnotique des machines qui fa\u00e7onnent inlassablement le paysage. Soudain la montagne gronde. Immobilis\u00e9 dans la nuit, Antoine commence un voyage de l\u2019entre deux o\u00f9 s\u2019incarnent les mythes d\u2019une montagne \u00e0 la fois crainte et v\u00e9n\u00e9r\u00e9e.<\/p>\n<p>Dans le r\u00f4le d&rsquo;Antoine, on retrouve le jeune com\u00e9dien belge qui monte, Yoann Zimmer, \u00e0 l&rsquo;affiche aux c\u00f4t\u00e9s de Salom\u00e9 Richard de <em>R\u00eaves de jeunesse<\/em> d&rsquo;Alain Raoust qui \u00e9tait s\u00e9lectionn\u00e9 \u00e0 Cannes \u00e0 l&rsquo;ACID, et qui vient d&rsquo;achever le tournage du nouveau film de Lucas Belvaux, <em>Des hommes<\/em>.<\/p>\n<p>&nbsp;<\/p>\n<p class=\"p8\">L&rsquo;autre film s\u00e9lectionn\u00e9 est <em><strong>Notre territoire<\/strong><\/em>, documentaire de Mathieu Volpe.<\/p>\n<p class=\"p8\">Quand je suis arriv\u00e9 \u00e0 Rignano, les habitants du Ghetto m\u2019ont dit : \u00ab Il ne faut pas garder des images de nos vies dans ces maisons pr\u00e9caires. Tu ne dois pas montrer ce d\u00e9sespoir, il ne t\u2019appartient pas \u00bb.<\/p>\n<p><img loading=\"lazy\" decoding=\"async\" class=\"alignnone size-large wp-image-221017\" src=\"https:\/\/www.cinevox.be\/wp-content\/uploads\/sites\/2\/2019\/07\/notre_territoire-800x532.jpg\" alt=\"\" width=\"618\" height=\"411\" srcset=\"https:\/\/welovecinema.be\/wp-content\/uploads\/sites\/2\/2019\/07\/notre_territoire-800x532.jpg 800w, https:\/\/welovecinema.be\/wp-content\/uploads\/sites\/2\/2019\/07\/notre_territoire-406x270.jpg 406w, https:\/\/welovecinema.be\/wp-content\/uploads\/sites\/2\/2019\/07\/notre_territoire-768x510.jpg 768w, https:\/\/welovecinema.be\/wp-content\/uploads\/sites\/2\/2019\/07\/notre_territoire-310x205.jpg 310w, https:\/\/welovecinema.be\/wp-content\/uploads\/sites\/2\/2019\/07\/notre_territoire.jpg 912w\" sizes=\"auto, (max-width: 618px) 100vw, 618px\" \/><\/p>\n<p class=\"p8\">Le film \u00e9tait pr\u00e9sent\u00e9 notamment au Festival Visions du R\u00e9el et au Brussels Short Film Festival.<\/p>\n<p class=\"p6\">Enfin, notons qu&rsquo;une coproduction sera \u00e9galement \u00e0 l&rsquo;affiche, <strong><em>La Fille au bracelet<\/em> <\/strong>de St\u00e9phane Demoustier, avec Roschdy Zem, Chiara Mastroianni, M\u00e9lissa Guers et Ana\u00efs Demoustier, un film coproduit par Frakas Production, et que l&rsquo;on retrouvera Bouli Lanners dans <em>Notre Dame<\/em> de Val\u00e9rie Donzelli, et Arieh Worthalter dans <em>Douze Mille<\/em> de Nad\u00e8ge Trebal.<\/p>\n","protected":false},"excerpt":{"rendered":"<p>Pas moins de quatre films belges seront d\u00e9voil\u00e9s \u00e0 l&rsquo;occasion de la 72e \u00e9dition du Festival International du Film de Locarno, dont le tr\u00e8s attendu nouveau film de Fabrice du Welz, Adoration. Troisi\u00e8me volet de la trilogie ardennaise du r\u00e9alisateur belge, Adoration conte l\u2019histoire de Paul, un jeune gar\u00e7on solitaire de 14 ans. Sa m\u00e8re &hellip;<\/p>\n","protected":false},"author":343,"featured_media":221022,"comment_status":"closed","ping_status":"closed","sticky":false,"template":"","format":"standard","meta":{"ngg_post_thumbnail":0,"footnotes":""},"categories":[12],"tags":[1956,4387],"class_list":["post-221010","post","type-post","status-publish","format-standard","has-post-thumbnail","","category-awards","tag-adoration","tag-fabrice-du-welz-2"],"yoast_head":"<!-- This site is optimized with the Yoast SEO plugin v20.4 - https:\/\/yoast.com\/wordpress\/plugins\/seo\/ -->\n<title>&quot;Adoration&quot; en premi\u00e8re mondiale \u00e0 Locarno! - We Love Cinema<\/title>\n<meta name=\"robots\" content=\"index, follow, max-snippet:-1, max-image-preview:large, max-video-preview:-1\" \/>\n<link rel=\"canonical\" href=\"https:\/\/welovecinema.be\/fr\/adoration-en-premiere-mondiale-a-locarno\/\" \/>\n<meta property=\"og:locale\" content=\"fr_FR\" \/>\n<meta property=\"og:type\" content=\"article\" \/>\n<meta property=\"og:title\" content=\"&quot;Adoration&quot; en premi\u00e8re mondiale \u00e0 Locarno! - We Love Cinema\" \/>\n<meta property=\"og:description\" content=\"Pas moins de quatre films belges seront d\u00e9voil\u00e9s \u00e0 l&rsquo;occasion de la 72e \u00e9dition du Festival International du Film de Locarno, dont le tr\u00e8s attendu nouveau film de Fabrice du Welz, Adoration. Troisi\u00e8me volet de la trilogie ardennaise du r\u00e9alisateur belge, Adoration conte l\u2019histoire de Paul, un jeune gar\u00e7on solitaire de 14 ans. Sa m\u00e8re &hellip;\" \/>\n<meta property=\"og:url\" content=\"https:\/\/welovecinema.be\/fr\/adoration-en-premiere-mondiale-a-locarno\/\" \/>\n<meta property=\"og:site_name\" content=\"We Love Cinema\" \/>\n<meta property=\"article:publisher\" content=\"https:\/\/www.facebook.com\/welovecinema.be\" \/>\n<meta property=\"article:published_time\" content=\"2019-07-17T09:29:20+00:00\" \/>\n<meta property=\"article:modified_time\" content=\"2019-08-01T09:49:06+00:00\" \/>\n<meta property=\"og:image\" content=\"https:\/\/welovecinema.be\/wp-content\/uploads\/sites\/2\/2019\/07\/AdorationLocarno.jpg\" \/>\n\t<meta property=\"og:image:width\" content=\"1920\" \/>\n\t<meta property=\"og:image:height\" content=\"1080\" \/>\n\t<meta property=\"og:image:type\" content=\"image\/jpeg\" \/>\n<meta name=\"author\" content=\"Aurore Engelen\" \/>\n<meta name=\"twitter:card\" content=\"summary_large_image\" \/>\n<meta name=\"twitter:label1\" content=\"\u00c9crit par\" \/>\n\t<meta name=\"twitter:data1\" content=\"Aurore Engelen\" \/>\n\t<meta name=\"twitter:label2\" content=\"Dur\u00e9e de lecture estim\u00e9e\" \/>\n\t<meta name=\"twitter:data2\" content=\"3 minutes\" \/>\n<script type=\"application\/ld+json\" class=\"yoast-schema-graph\">{\"@context\":\"https:\/\/schema.org\",\"@graph\":[{\"@type\":\"Article\",\"@id\":\"https:\/\/welovecinema.be\/fr\/adoration-en-premiere-mondiale-a-locarno\/#article\",\"isPartOf\":{\"@id\":\"https:\/\/welovecinema.be\/fr\/adoration-en-premiere-mondiale-a-locarno\/\"},\"author\":{\"name\":\"Aurore Engelen\",\"@id\":\"https:\/\/welovecinema.be\/nl\/#\/schema\/person\/8084b68c6b176142d073695c654dc7cf\"},\"headline\":\"\u00ab\u00a0Adoration\u00a0\u00bb en premi\u00e8re mondiale \u00e0 Locarno!\",\"datePublished\":\"2019-07-17T09:29:20+00:00\",\"dateModified\":\"2019-08-01T09:49:06+00:00\",\"mainEntityOfPage\":{\"@id\":\"https:\/\/welovecinema.be\/fr\/adoration-en-premiere-mondiale-a-locarno\/\"},\"wordCount\":695,\"publisher\":{\"@id\":\"https:\/\/welovecinema.be\/nl\/#organization\"},\"keywords\":[\"Adoration\",\"Fabrice Du Welz\"],\"articleSection\":[\"Evenements\"],\"inLanguage\":\"fr-FR\"},{\"@type\":\"WebPage\",\"@id\":\"https:\/\/welovecinema.be\/fr\/adoration-en-premiere-mondiale-a-locarno\/\",\"url\":\"https:\/\/welovecinema.be\/fr\/adoration-en-premiere-mondiale-a-locarno\/\",\"name\":\"\\\"Adoration\\\" en premi\u00e8re mondiale \u00e0 Locarno! - We Love Cinema\",\"isPartOf\":{\"@id\":\"https:\/\/welovecinema.be\/nl\/#website\"},\"datePublished\":\"2019-07-17T09:29:20+00:00\",\"dateModified\":\"2019-08-01T09:49:06+00:00\",\"breadcrumb\":{\"@id\":\"https:\/\/welovecinema.be\/fr\/adoration-en-premiere-mondiale-a-locarno\/#breadcrumb\"},\"inLanguage\":\"fr-FR\",\"potentialAction\":[{\"@type\":\"ReadAction\",\"target\":[\"https:\/\/welovecinema.be\/fr\/adoration-en-premiere-mondiale-a-locarno\/\"]}]},{\"@type\":\"BreadcrumbList\",\"@id\":\"https:\/\/welovecinema.be\/fr\/adoration-en-premiere-mondiale-a-locarno\/#breadcrumb\",\"itemListElement\":[{\"@type\":\"ListItem\",\"position\":1,\"name\":\"Accueil\",\"item\":\"https:\/\/welovecinema.be\/fr\/\"},{\"@type\":\"ListItem\",\"position\":2,\"name\":\"\u00ab\u00a0Adoration\u00a0\u00bb en premi\u00e8re mondiale \u00e0 Locarno!\"}]},{\"@type\":\"WebSite\",\"@id\":\"https:\/\/welovecinema.be\/nl\/#website\",\"url\":\"https:\/\/welovecinema.be\/nl\/\",\"name\":\"We Love Cinema\",\"description\":\"Toute l\u2019information du cin\u00e9ma en Belgique\",\"publisher\":{\"@id\":\"https:\/\/welovecinema.be\/nl\/#organization\"},\"potentialAction\":[{\"@type\":\"SearchAction\",\"target\":{\"@type\":\"EntryPoint\",\"urlTemplate\":\"https:\/\/welovecinema.be\/nl\/?s={search_term_string}\"},\"query-input\":\"required name=search_term_string\"}],\"inLanguage\":\"fr-FR\"},{\"@type\":\"Organization\",\"@id\":\"https:\/\/welovecinema.be\/nl\/#organization\",\"name\":\"We Love Cinema\",\"url\":\"https:\/\/welovecinema.be\/nl\/\",\"logo\":{\"@type\":\"ImageObject\",\"inLanguage\":\"fr-FR\",\"@id\":\"https:\/\/welovecinema.be\/nl\/#\/schema\/logo\/image\/\",\"url\":\"https:\/\/welovecinema.be\/wp-content\/uploads\/sites\/2\/2023\/03\/Logo-We-Love-Cinema305x128.jpg\",\"contentUrl\":\"https:\/\/welovecinema.be\/wp-content\/uploads\/sites\/2\/2023\/03\/Logo-We-Love-Cinema305x128.jpg\",\"width\":305,\"height\":128,\"caption\":\"We Love Cinema\"},\"image\":{\"@id\":\"https:\/\/welovecinema.be\/nl\/#\/schema\/logo\/image\/\"},\"sameAs\":[\"https:\/\/www.facebook.com\/welovecinema.be\",\"https:\/\/www.youtube.com\/channel\/UCX5LYGVhnKvYauW4Nta4HJA\",\"https:\/\/www.instagram.com\/welovecinema.be\/\"]},{\"@type\":\"Person\",\"@id\":\"https:\/\/welovecinema.be\/nl\/#\/schema\/person\/8084b68c6b176142d073695c654dc7cf\",\"name\":\"Aurore Engelen\",\"url\":\"https:\/\/welovecinema.be\/fr\/author\/aurore-engelen\/\"}]}<\/script>\n<!-- \/ Yoast SEO plugin. -->","yoast_head_json":{"title":"\"Adoration\" en premi\u00e8re mondiale \u00e0 Locarno! - We Love Cinema","robots":{"index":"index","follow":"follow","max-snippet":"max-snippet:-1","max-image-preview":"max-image-preview:large","max-video-preview":"max-video-preview:-1"},"canonical":"https:\/\/welovecinema.be\/fr\/adoration-en-premiere-mondiale-a-locarno\/","og_locale":"fr_FR","og_type":"article","og_title":"\"Adoration\" en premi\u00e8re mondiale \u00e0 Locarno! - We Love Cinema","og_description":"Pas moins de quatre films belges seront d\u00e9voil\u00e9s \u00e0 l&rsquo;occasion de la 72e \u00e9dition du Festival International du Film de Locarno, dont le tr\u00e8s attendu nouveau film de Fabrice du Welz, Adoration. Troisi\u00e8me volet de la trilogie ardennaise du r\u00e9alisateur belge, Adoration conte l\u2019histoire de Paul, un jeune gar\u00e7on solitaire de 14 ans. Sa m\u00e8re &hellip;","og_url":"https:\/\/welovecinema.be\/fr\/adoration-en-premiere-mondiale-a-locarno\/","og_site_name":"We Love Cinema","article_publisher":"https:\/\/www.facebook.com\/welovecinema.be","article_published_time":"2019-07-17T09:29:20+00:00","article_modified_time":"2019-08-01T09:49:06+00:00","og_image":[{"width":1920,"height":1080,"url":"https:\/\/welovecinema.be\/wp-content\/uploads\/sites\/2\/2019\/07\/AdorationLocarno.jpg","type":"image\/jpeg"}],"author":"Aurore Engelen","twitter_card":"summary_large_image","twitter_misc":{"\u00c9crit par":"Aurore Engelen","Dur\u00e9e de lecture estim\u00e9e":"3 minutes"},"schema":{"@context":"https:\/\/schema.org","@graph":[{"@type":"Article","@id":"https:\/\/welovecinema.be\/fr\/adoration-en-premiere-mondiale-a-locarno\/#article","isPartOf":{"@id":"https:\/\/welovecinema.be\/fr\/adoration-en-premiere-mondiale-a-locarno\/"},"author":{"name":"Aurore Engelen","@id":"https:\/\/welovecinema.be\/nl\/#\/schema\/person\/8084b68c6b176142d073695c654dc7cf"},"headline":"\u00ab\u00a0Adoration\u00a0\u00bb en premi\u00e8re mondiale \u00e0 Locarno!","datePublished":"2019-07-17T09:29:20+00:00","dateModified":"2019-08-01T09:49:06+00:00","mainEntityOfPage":{"@id":"https:\/\/welovecinema.be\/fr\/adoration-en-premiere-mondiale-a-locarno\/"},"wordCount":695,"publisher":{"@id":"https:\/\/welovecinema.be\/nl\/#organization"},"keywords":["Adoration","Fabrice Du Welz"],"articleSection":["Evenements"],"inLanguage":"fr-FR"},{"@type":"WebPage","@id":"https:\/\/welovecinema.be\/fr\/adoration-en-premiere-mondiale-a-locarno\/","url":"https:\/\/welovecinema.be\/fr\/adoration-en-premiere-mondiale-a-locarno\/","name":"\"Adoration\" en premi\u00e8re mondiale \u00e0 Locarno! - We Love Cinema","isPartOf":{"@id":"https:\/\/welovecinema.be\/nl\/#website"},"datePublished":"2019-07-17T09:29:20+00:00","dateModified":"2019-08-01T09:49:06+00:00","breadcrumb":{"@id":"https:\/\/welovecinema.be\/fr\/adoration-en-premiere-mondiale-a-locarno\/#breadcrumb"},"inLanguage":"fr-FR","potentialAction":[{"@type":"ReadAction","target":["https:\/\/welovecinema.be\/fr\/adoration-en-premiere-mondiale-a-locarno\/"]}]},{"@type":"BreadcrumbList","@id":"https:\/\/welovecinema.be\/fr\/adoration-en-premiere-mondiale-a-locarno\/#breadcrumb","itemListElement":[{"@type":"ListItem","position":1,"name":"Accueil","item":"https:\/\/welovecinema.be\/fr\/"},{"@type":"ListItem","position":2,"name":"\u00ab\u00a0Adoration\u00a0\u00bb en premi\u00e8re mondiale \u00e0 Locarno!"}]},{"@type":"WebSite","@id":"https:\/\/welovecinema.be\/nl\/#website","url":"https:\/\/welovecinema.be\/nl\/","name":"We Love Cinema","description":"Toute l\u2019information du cin\u00e9ma en Belgique","publisher":{"@id":"https:\/\/welovecinema.be\/nl\/#organization"},"potentialAction":[{"@type":"SearchAction","target":{"@type":"EntryPoint","urlTemplate":"https:\/\/welovecinema.be\/nl\/?s={search_term_string}"},"query-input":"required name=search_term_string"}],"inLanguage":"fr-FR"},{"@type":"Organization","@id":"https:\/\/welovecinema.be\/nl\/#organization","name":"We Love Cinema","url":"https:\/\/welovecinema.be\/nl\/","logo":{"@type":"ImageObject","inLanguage":"fr-FR","@id":"https:\/\/welovecinema.be\/nl\/#\/schema\/logo\/image\/","url":"https:\/\/welovecinema.be\/wp-content\/uploads\/sites\/2\/2023\/03\/Logo-We-Love-Cinema305x128.jpg","contentUrl":"https:\/\/welovecinema.be\/wp-content\/uploads\/sites\/2\/2023\/03\/Logo-We-Love-Cinema305x128.jpg","width":305,"height":128,"caption":"We Love Cinema"},"image":{"@id":"https:\/\/welovecinema.be\/nl\/#\/schema\/logo\/image\/"},"sameAs":["https:\/\/www.facebook.com\/welovecinema.be","https:\/\/www.youtube.com\/channel\/UCX5LYGVhnKvYauW4Nta4HJA","https:\/\/www.instagram.com\/welovecinema.be\/"]},{"@type":"Person","@id":"https:\/\/welovecinema.be\/nl\/#\/schema\/person\/8084b68c6b176142d073695c654dc7cf","name":"Aurore Engelen","url":"https:\/\/welovecinema.be\/fr\/author\/aurore-engelen\/"}]}},"_links":{"self":[{"href":"https:\/\/welovecinema.be\/fr\/wp-json\/wp\/v2\/posts\/221010","targetHints":{"allow":["GET"]}}],"collection":[{"href":"https:\/\/welovecinema.be\/fr\/wp-json\/wp\/v2\/posts"}],"about":[{"href":"https:\/\/welovecinema.be\/fr\/wp-json\/wp\/v2\/types\/post"}],"author":[{"embeddable":true,"href":"https:\/\/welovecinema.be\/fr\/wp-json\/wp\/v2\/users\/343"}],"replies":[{"embeddable":true,"href":"https:\/\/welovecinema.be\/fr\/wp-json\/wp\/v2\/comments?post=221010"}],"version-history":[{"count":0,"href":"https:\/\/welovecinema.be\/fr\/wp-json\/wp\/v2\/posts\/221010\/revisions"}],"wp:featuredmedia":[{"embeddable":true,"href":"https:\/\/welovecinema.be\/fr\/wp-json\/wp\/v2\/media\/221022"}],"wp:attachment":[{"href":"https:\/\/welovecinema.be\/fr\/wp-json\/wp\/v2\/media?parent=221010"}],"wp:term":[{"taxonomy":"category","embeddable":true,"href":"https:\/\/welovecinema.be\/fr\/wp-json\/wp\/v2\/categories?post=221010"},{"taxonomy":"post_tag","embeddable":true,"href":"https:\/\/welovecinema.be\/fr\/wp-json\/wp\/v2\/tags?post=221010"}],"curies":[{"name":"wp","href":"https:\/\/api.w.org\/{rel}","templated":true}]}}