{"id":220925,"date":"2019-07-10T09:01:15","date_gmt":"2019-07-10T07:01:15","guid":{"rendered":"https:\/\/www.cinevox.be\/?p=220925"},"modified":"2019-07-10T09:01:15","modified_gmt":"2019-07-10T07:01:15","slug":"girl-et-niet-schieten-en-tete-des-nominations-aux-ensors","status":"publish","type":"post","link":"https:\/\/welovecinema.be\/fr\/girl-et-niet-schieten-en-tete-des-nominations-aux-ensors\/","title":{"rendered":"\u00ab\u00a0Girl\u00a0\u00bb et \u00ab\u00a0Niet Schieten\u00a0\u00bb en t\u00eate des nominations aux Ensors"},"content":{"rendered":"<p><strong>Ce mercredi a eu lieu l&rsquo;annonce des nominations pour les Ensors du cin\u00e9ma 2019, les Prix du cin\u00e9ma flamand.\u00a0<\/strong><\/p>\n<p>Les votes sont ouverts jusqu\u2019\u00e0 d\u00e9but septembre et les laur\u00e9ats seront d\u00e9voil\u00e9s lors de la c\u00e9r\u00e9monie de gala qui aura lieu le samedi 14 septembre \u00e0 la Kursaal d\u2019Ostende, le jour de la cl\u00f4ture du Festival du Film d\u2019Ostende. L&rsquo;<a href=\"https:\/\/www.cinevox.be\/fr\/le-fidele-grand-gagnant-des-ensors\/\">ann\u00e9e derni\u00e8re<\/a>, c&rsquo;est <a href=\"https:\/\/www.cinevox.be\/fr\/fidele-polar-damour\/\"><em>Le Fid\u00e8le<\/em><\/a> de Micha\u00ebl R. Roskam et <a href=\"https:\/\/www.cinevox.be\/fr\/zagros-a-folie\/\"><em>Zagros<\/em><\/a> de Zahim Omar Kalifa qui avaient domin\u00e9 la C\u00e9r\u00e9monie.<\/p>\n<p><a href=\"https:\/\/www.cinevox.be\/fr\/girl-a-corps-perdu\/\"><em>Girl<\/em><\/a> de Lukas Dhont et <a href=\"https:\/\/www.cinevox.be\/fr\/jan-decleir-magistral-dans-niet-schieten-le-nouveau-stijn-coninx\/\"><em>Niet Schieten<\/em> <\/a>de Stijn Coninx sont les grands favoris de cette \u00e9dition avec chacun 9 nominations, suivis de <a href=\"https:\/\/www.cinevox.be\/fr\/hellhole-ville-meurtrie\/\"><em>Hellhole<\/em><\/a> de Bas Devos (8 nominations). Notons que les Ensors remettent \u00e9galement des prix, soumis aux votes de la profession, aux s\u00e9ries t\u00e9l\u00e9vis\u00e9es.<\/p>\n<figure id=\"attachment_213956\" aria-describedby=\"caption-attachment-213956\" style=\"width: 618px\" class=\"wp-caption alignnone\"><img loading=\"lazy\" decoding=\"async\" class=\"size-large wp-image-213956\" src=\"https:\/\/www.cinevox.be\/wp-content\/uploads\/sites\/2\/2018\/10\/NietSchieten2-800x400.jpeg\" alt=\"\" width=\"618\" height=\"309\" srcset=\"https:\/\/welovecinema.be\/wp-content\/uploads\/sites\/2\/2018\/10\/NietSchieten2-800x400.jpeg 800w, https:\/\/welovecinema.be\/wp-content\/uploads\/sites\/2\/2018\/10\/NietSchieten2-480x240.jpeg 480w, https:\/\/welovecinema.be\/wp-content\/uploads\/sites\/2\/2018\/10\/NietSchieten2-768x384.jpeg 768w, https:\/\/welovecinema.be\/wp-content\/uploads\/sites\/2\/2018\/10\/NietSchieten2-660x330.jpeg 660w, https:\/\/welovecinema.be\/wp-content\/uploads\/sites\/2\/2018\/10\/NietSchieten2-1050x525.jpeg 1050w, https:\/\/welovecinema.be\/wp-content\/uploads\/sites\/2\/2018\/10\/NietSchieten2.jpeg 1152w\" sizes=\"auto, (max-width: 618px) 100vw, 618px\" \/><figcaption id=\"caption-attachment-213956\" class=\"wp-caption-text\">\u00ab\u00a0Niet Schieten\u00a0\u00bb de Stijn Coninx<\/figcaption><\/figure>\n<p>Le film de Lukas Dhont avait d\u00e9j\u00e0 remport\u00e9 quatre prix lors des Magritte du Cin\u00e9ma, ceux du Meilleur film flamand, mais aussi du Meilleur sc\u00e9nario, du Meilleur acteur pour Victor Polster, et du Meilleur acteur dans un second r\u00f4le pour Arieh Worthalter. Tout cela en plus de nombreux prix internationaux, dont la Cam\u00e9ra d&rsquo;or au Festival de Cannes.<\/p>\n<figure id=\"attachment_216772\" aria-describedby=\"caption-attachment-216772\" style=\"width: 618px\" class=\"wp-caption alignnone\"><img loading=\"lazy\" decoding=\"async\" class=\"size-large wp-image-216772\" src=\"https:\/\/www.cinevox.be\/wp-content\/uploads\/sites\/2\/2019\/02\/137-LesMagritte2019-Re\u0301compenses-800x534.jpg\" alt=\"\" width=\"618\" height=\"413\" srcset=\"https:\/\/welovecinema.be\/wp-content\/uploads\/sites\/2\/2019\/02\/137-LesMagritte2019-Re\u0301compenses-800x534.jpg 800w, https:\/\/welovecinema.be\/wp-content\/uploads\/sites\/2\/2019\/02\/137-LesMagritte2019-Re\u0301compenses-405x270.jpg 405w, https:\/\/welovecinema.be\/wp-content\/uploads\/sites\/2\/2019\/02\/137-LesMagritte2019-Re\u0301compenses-768x512.jpg 768w, https:\/\/welovecinema.be\/wp-content\/uploads\/sites\/2\/2019\/02\/137-LesMagritte2019-Re\u0301compenses-110x75.jpg 110w, https:\/\/welovecinema.be\/wp-content\/uploads\/sites\/2\/2019\/02\/137-LesMagritte2019-Re\u0301compenses.jpg 2000w\" sizes=\"auto, (max-width: 618px) 100vw, 618px\" \/><figcaption id=\"caption-attachment-216772\" class=\"wp-caption-text\">Lukas Dhont, Meilleur sc\u00e9nario et Meilleur film flamand pour \u00ab\u00a0Girl\u00a0\u00bb<br \/>Cr\u00e9dit Photo: @MatthieuEngelen<\/figcaption><\/figure>\n<p>Il s\u2019agira de la 10\u00e8me \u00e9dition des Ensor et de la deuxi\u00e8me organis\u00e9e par l\u2019Acad\u00e9mie. L\u2019Acad\u00e9mie des Ensor est compos\u00e9e de membres des associations de l\u2019industrie audiovisuelle flamande. Les membres de l\u2019Acad\u00e9mie \u00e9lisent les nomin\u00e9s et les laur\u00e9ats.<\/p>\n<h4>LES NOMINATIONS<\/h4>\n<h4>Meilleur film<\/h4>\n<ul>\n<li>Girl (de Lukas Dhont, production Menuet)<\/li>\n<li>Niet Schieten! (de Stijn Coninx, production Eyeworks)<\/li>\n<li>Ce Magnifique G\u00e2teau! (de Marc James Roels &amp; Emma De Swaef, production Beast Animation)<\/li>\n<li>Trio (de Bruno Vanden Broecke, Ruth Beeckmans &amp; Matteo Simoni, production Brutteo)<\/li>\n<li>Hellhole (de Bas Devos, production Minds Meet)<\/li>\n<\/ul>\n<h4>Meilleure Mise en Sc\u00e8ne<\/h4>\n<ul>\n<li>Lukas Dhont (Girl)<\/li>\n<li>Stijn Coninx (Niet Schieten!)<\/li>\n<li>Bas Devos (Hellhole)<\/li>\n<li>Marc James Roels, Emma De Swaef (Ce Magnifique G\u00e2teau!)<\/li>\n<li>Koen Mortier (Engel)<\/li>\n<\/ul>\n<h4>Meilleur Sc\u00e9nario<\/h4>\n<ul>\n<li>Lukas Dhont, Angelo Tijssens (Girl)<\/li>\n<li>Rik D&rsquo;Hiet, Stijn Coninx (Niet Schieten!)<\/li>\n<li>Bas Devos (Hellhole)<\/li>\n<li>Marc James Roels, Emma De Swaef (Ce Magnifique G\u00e2teau!)<\/li>\n<li>Frederike Migom (Binti)<\/li>\n<\/ul>\n<h4>Meilleur Acteur<\/h4>\n<ul>\n<li>Victor Polster (Girl)<\/li>\n<li>Jan Decleir (Niet Schieten!)<\/li>\n<li>Arieh Worthalter (Girl)<\/li>\n<li>Bruno Vanden Broecke (Trio)<\/li>\n<li>Willy Thomas (Hellhole)<\/li>\n<\/ul>\n<h4>Meilleure Actrice<\/h4>\n<ul>\n<li>Viviane De Muynck (Niet Schieten!)<\/li>\n<li>Ruth Beeckmans (Trio!)<\/li>\n<li>Fatou N&rsquo;Diaye (Engel)<\/li>\n<li>Bebel Tshiani Baloji (Binti)<\/li>\n<li>Alba Rohrwacher (Hellhole)<\/li>\n<\/ul>\n<h4>Meilleure Image<\/h4>\n<ul>\n<li>Frank van den Eeden (Girl)<\/li>\n<li>Nicolas Karakatsanis (Hellhole)<\/li>\n<li>Nicolas Karakatsanis (Engel)<\/li>\n<li>Danny Elsen (Niet Schieten!)<\/li>\n<li>Pieter Van Alphen, Konrad Widelski (Trio)<\/li>\n<\/ul>\n<h4>Meilleurs D\u00e9cors<\/h4>\n<ul>\n<li>Michelle Beeckman, Catherine van Bree, Philippe Bertin (Girl)<\/li>\n<li>Mari\u00ebl Hoevenaars, Kristin Van Passel, Hubert Pouille (Niet Schieten!)<\/li>\n<li>Geert Paredis, Alette Kraan, Evalotte Oosterop (Engel)<\/li>\n<li>Ingeborg Van Eetvelde, Sofie Callaerts, Talina Casier (Binti)<\/li>\n<li>Elsje de Bruin (Hellhole)<\/li>\n<\/ul>\n<p>Meilleure Musique<\/p>\n<ul>\n<li>Valentin Hadjadj (Girl)<\/li>\n<li>Le Motel (Binti)<\/li>\n<li>Luc Cuveele, Senjan Jansen, Soulsavers (Engel)<\/li>\n<li>Jorrit Kleijnen, Alexander Reumers (Niet Schieten!)<\/li>\n<li>Steve Willaert, Urbain Servranckx (Urbanus, de Vuilnisheld)<\/li>\n<\/ul>\n<h4>Meilleur Montage<\/h4>\n<ul>\n<li>Alain Dessauvage (Girl)<\/li>\n<li>Nico Leunen (Engel)<\/li>\n<li>Philippe Ravoet (Niet Schieten!)<\/li>\n<li>Dieter Diependaele (Hellhole)<\/li>\n<li>Manu Van Hove (Coureur)<\/li>\n<\/ul>\n<h4>Meilleur Documentaire (Film)<\/h4>\n<ul>\n<li>Ademloos (Daniel Lambo, production Storyhouse)<\/li>\n<li>Hollywood aan de Schelde (Robbe De Hert, Jan van Dierendonck, production Stukken en Brokken)<\/li>\n<li>Harry Gruyaert Photographer (Gerrit Messiaen, production Las Belgas)<\/li>\n<li>Will Tura: Hoop doet Leven (Dominique Deruddere, production Borgerhoff &amp; Lamberigts)<\/li>\n<li>We Will Remember Them (Annabel Verbeke, production Off World)<\/li>\n<\/ul>\n<h4>Meilleur Film d\u2019Animation<\/h4>\n<ul>\n<li>Ce Magnifique G\u00e2teau! (Marc James Roels, Emma De Swaef, production Beast Animation)<\/li>\n<li>Corgi (Ben Stassen, production nWave)<\/li>\n<li>Urbanus, de Vuilnisheld (Erik Verkerk, Joost Van den Bosch, Vincent Bal, production Eyeworks)<\/li>\n<li>Maya en de Honingspelen (Noel Cleary, Sergio Delfino, production Studio 100)<\/li>\n<\/ul>\n<h4>Meilleur Film pour un Jeune Public<\/h4>\n<ul>\n<li>Binti (Frederike Migom, production Bulletproof Cupid)<\/li>\n<li>Ce Magnifique G\u00e2teau! (Marc James Roels, Emma De Swaef, production Beast Animation)<\/li>\n<li>Sinterklaas en de Wakkere Nachten (Stijn Coninx, production Sylvester)<\/li>\n<li>Corgi (Ben Stassen, production nWave)<\/li>\n<li>Nachtwacht: de Poort der Zielen (Gertjan Booy, production Ketnet &amp; Studio 100)<\/li>\n<\/ul>\n","protected":false},"excerpt":{"rendered":"<p>Ce mercredi a eu lieu l&rsquo;annonce des nominations pour les Ensors du cin\u00e9ma 2019, les Prix du cin\u00e9ma flamand.\u00a0 Les votes sont ouverts jusqu\u2019\u00e0 d\u00e9but septembre et les laur\u00e9ats seront d\u00e9voil\u00e9s lors de la c\u00e9r\u00e9monie de gala qui aura lieu le samedi 14 septembre \u00e0 la Kursaal d\u2019Ostende, le jour de la cl\u00f4ture du Festival &hellip;<\/p>\n","protected":false},"author":343,"featured_media":220926,"comment_status":"closed","ping_status":"closed","sticky":false,"template":"","format":"standard","meta":{"ngg_post_thumbnail":0,"footnotes":""},"categories":[12],"tags":[],"class_list":["post-220925","post","type-post","status-publish","format-standard","has-post-thumbnail","","category-awards"],"yoast_head":"<!-- This site is optimized with the Yoast SEO plugin v20.4 - https:\/\/yoast.com\/wordpress\/plugins\/seo\/ -->\n<title>&quot;Girl&quot; et &quot;Niet Schieten&quot; en t\u00eate des nominations aux Ensors - We Love Cinema<\/title>\n<meta name=\"robots\" content=\"index, follow, max-snippet:-1, max-image-preview:large, max-video-preview:-1\" \/>\n<link rel=\"canonical\" href=\"https:\/\/welovecinema.be\/fr\/girl-et-niet-schieten-en-tete-des-nominations-aux-ensors\/\" \/>\n<meta property=\"og:locale\" content=\"fr_FR\" \/>\n<meta property=\"og:type\" content=\"article\" \/>\n<meta property=\"og:title\" content=\"&quot;Girl&quot; et &quot;Niet Schieten&quot; en t\u00eate des nominations aux Ensors - We Love Cinema\" \/>\n<meta property=\"og:description\" content=\"Ce mercredi a eu lieu l&rsquo;annonce des nominations pour les Ensors du cin\u00e9ma 2019, les Prix du cin\u00e9ma flamand.\u00a0 Les votes sont ouverts jusqu\u2019\u00e0 d\u00e9but septembre et les laur\u00e9ats seront d\u00e9voil\u00e9s lors de la c\u00e9r\u00e9monie de gala qui aura lieu le samedi 14 septembre \u00e0 la Kursaal d\u2019Ostende, le jour de la cl\u00f4ture du Festival &hellip;\" \/>\n<meta property=\"og:url\" content=\"https:\/\/welovecinema.be\/fr\/girl-et-niet-schieten-en-tete-des-nominations-aux-ensors\/\" \/>\n<meta property=\"og:site_name\" content=\"We Love Cinema\" \/>\n<meta property=\"article:publisher\" content=\"https:\/\/www.facebook.com\/welovecinema.be\" \/>\n<meta property=\"article:published_time\" content=\"2019-07-10T07:01:15+00:00\" \/>\n<meta property=\"og:image\" content=\"https:\/\/welovecinema.be\/wp-content\/uploads\/sites\/2\/2019\/07\/Ensors.jpg\" \/>\n\t<meta property=\"og:image:width\" content=\"1000\" \/>\n\t<meta property=\"og:image:height\" content=\"563\" \/>\n\t<meta property=\"og:image:type\" content=\"image\/jpeg\" \/>\n<meta name=\"author\" content=\"Aurore Engelen\" \/>\n<meta name=\"twitter:card\" content=\"summary_large_image\" \/>\n<meta name=\"twitter:label1\" content=\"\u00c9crit par\" \/>\n\t<meta name=\"twitter:data1\" content=\"Aurore Engelen\" \/>\n\t<meta name=\"twitter:label2\" content=\"Dur\u00e9e de lecture estim\u00e9e\" \/>\n\t<meta name=\"twitter:data2\" content=\"3 minutes\" \/>\n<script type=\"application\/ld+json\" class=\"yoast-schema-graph\">{\"@context\":\"https:\/\/schema.org\",\"@graph\":[{\"@type\":\"Article\",\"@id\":\"https:\/\/welovecinema.be\/fr\/girl-et-niet-schieten-en-tete-des-nominations-aux-ensors\/#article\",\"isPartOf\":{\"@id\":\"https:\/\/welovecinema.be\/fr\/girl-et-niet-schieten-en-tete-des-nominations-aux-ensors\/\"},\"author\":{\"name\":\"Aurore Engelen\",\"@id\":\"https:\/\/welovecinema.be\/nl\/#\/schema\/person\/8084b68c6b176142d073695c654dc7cf\"},\"headline\":\"\u00ab\u00a0Girl\u00a0\u00bb et \u00ab\u00a0Niet Schieten\u00a0\u00bb en t\u00eate des nominations aux Ensors\",\"datePublished\":\"2019-07-10T07:01:15+00:00\",\"dateModified\":\"2019-07-10T07:01:15+00:00\",\"mainEntityOfPage\":{\"@id\":\"https:\/\/welovecinema.be\/fr\/girl-et-niet-schieten-en-tete-des-nominations-aux-ensors\/\"},\"wordCount\":707,\"publisher\":{\"@id\":\"https:\/\/welovecinema.be\/nl\/#organization\"},\"articleSection\":[\"Evenements\"],\"inLanguage\":\"fr-FR\"},{\"@type\":\"WebPage\",\"@id\":\"https:\/\/welovecinema.be\/fr\/girl-et-niet-schieten-en-tete-des-nominations-aux-ensors\/\",\"url\":\"https:\/\/welovecinema.be\/fr\/girl-et-niet-schieten-en-tete-des-nominations-aux-ensors\/\",\"name\":\"\\\"Girl\\\" et \\\"Niet Schieten\\\" en t\u00eate des nominations aux Ensors - We Love Cinema\",\"isPartOf\":{\"@id\":\"https:\/\/welovecinema.be\/nl\/#website\"},\"datePublished\":\"2019-07-10T07:01:15+00:00\",\"dateModified\":\"2019-07-10T07:01:15+00:00\",\"breadcrumb\":{\"@id\":\"https:\/\/welovecinema.be\/fr\/girl-et-niet-schieten-en-tete-des-nominations-aux-ensors\/#breadcrumb\"},\"inLanguage\":\"fr-FR\",\"potentialAction\":[{\"@type\":\"ReadAction\",\"target\":[\"https:\/\/welovecinema.be\/fr\/girl-et-niet-schieten-en-tete-des-nominations-aux-ensors\/\"]}]},{\"@type\":\"BreadcrumbList\",\"@id\":\"https:\/\/welovecinema.be\/fr\/girl-et-niet-schieten-en-tete-des-nominations-aux-ensors\/#breadcrumb\",\"itemListElement\":[{\"@type\":\"ListItem\",\"position\":1,\"name\":\"Accueil\",\"item\":\"https:\/\/welovecinema.be\/fr\/\"},{\"@type\":\"ListItem\",\"position\":2,\"name\":\"\u00ab\u00a0Girl\u00a0\u00bb et \u00ab\u00a0Niet Schieten\u00a0\u00bb en t\u00eate des nominations aux Ensors\"}]},{\"@type\":\"WebSite\",\"@id\":\"https:\/\/welovecinema.be\/nl\/#website\",\"url\":\"https:\/\/welovecinema.be\/nl\/\",\"name\":\"We Love Cinema\",\"description\":\"Toute l\u2019information du cin\u00e9ma en Belgique\",\"publisher\":{\"@id\":\"https:\/\/welovecinema.be\/nl\/#organization\"},\"potentialAction\":[{\"@type\":\"SearchAction\",\"target\":{\"@type\":\"EntryPoint\",\"urlTemplate\":\"https:\/\/welovecinema.be\/nl\/?s={search_term_string}\"},\"query-input\":\"required name=search_term_string\"}],\"inLanguage\":\"fr-FR\"},{\"@type\":\"Organization\",\"@id\":\"https:\/\/welovecinema.be\/nl\/#organization\",\"name\":\"We Love Cinema\",\"url\":\"https:\/\/welovecinema.be\/nl\/\",\"logo\":{\"@type\":\"ImageObject\",\"inLanguage\":\"fr-FR\",\"@id\":\"https:\/\/welovecinema.be\/nl\/#\/schema\/logo\/image\/\",\"url\":\"https:\/\/welovecinema.be\/wp-content\/uploads\/sites\/2\/2023\/03\/Logo-We-Love-Cinema305x128.jpg\",\"contentUrl\":\"https:\/\/welovecinema.be\/wp-content\/uploads\/sites\/2\/2023\/03\/Logo-We-Love-Cinema305x128.jpg\",\"width\":305,\"height\":128,\"caption\":\"We Love Cinema\"},\"image\":{\"@id\":\"https:\/\/welovecinema.be\/nl\/#\/schema\/logo\/image\/\"},\"sameAs\":[\"https:\/\/www.facebook.com\/welovecinema.be\",\"https:\/\/www.youtube.com\/channel\/UCX5LYGVhnKvYauW4Nta4HJA\",\"https:\/\/www.instagram.com\/welovecinema.be\/\"]},{\"@type\":\"Person\",\"@id\":\"https:\/\/welovecinema.be\/nl\/#\/schema\/person\/8084b68c6b176142d073695c654dc7cf\",\"name\":\"Aurore Engelen\",\"url\":\"https:\/\/welovecinema.be\/fr\/author\/aurore-engelen\/\"}]}<\/script>\n<!-- \/ Yoast SEO plugin. -->","yoast_head_json":{"title":"\"Girl\" et \"Niet Schieten\" en t\u00eate des nominations aux Ensors - We Love Cinema","robots":{"index":"index","follow":"follow","max-snippet":"max-snippet:-1","max-image-preview":"max-image-preview:large","max-video-preview":"max-video-preview:-1"},"canonical":"https:\/\/welovecinema.be\/fr\/girl-et-niet-schieten-en-tete-des-nominations-aux-ensors\/","og_locale":"fr_FR","og_type":"article","og_title":"\"Girl\" et \"Niet Schieten\" en t\u00eate des nominations aux Ensors - We Love Cinema","og_description":"Ce mercredi a eu lieu l&rsquo;annonce des nominations pour les Ensors du cin\u00e9ma 2019, les Prix du cin\u00e9ma flamand.\u00a0 Les votes sont ouverts jusqu\u2019\u00e0 d\u00e9but septembre et les laur\u00e9ats seront d\u00e9voil\u00e9s lors de la c\u00e9r\u00e9monie de gala qui aura lieu le samedi 14 septembre \u00e0 la Kursaal d\u2019Ostende, le jour de la cl\u00f4ture du Festival &hellip;","og_url":"https:\/\/welovecinema.be\/fr\/girl-et-niet-schieten-en-tete-des-nominations-aux-ensors\/","og_site_name":"We Love Cinema","article_publisher":"https:\/\/www.facebook.com\/welovecinema.be","article_published_time":"2019-07-10T07:01:15+00:00","og_image":[{"width":1000,"height":563,"url":"https:\/\/welovecinema.be\/wp-content\/uploads\/sites\/2\/2019\/07\/Ensors.jpg","type":"image\/jpeg"}],"author":"Aurore Engelen","twitter_card":"summary_large_image","twitter_misc":{"\u00c9crit par":"Aurore Engelen","Dur\u00e9e de lecture estim\u00e9e":"3 minutes"},"schema":{"@context":"https:\/\/schema.org","@graph":[{"@type":"Article","@id":"https:\/\/welovecinema.be\/fr\/girl-et-niet-schieten-en-tete-des-nominations-aux-ensors\/#article","isPartOf":{"@id":"https:\/\/welovecinema.be\/fr\/girl-et-niet-schieten-en-tete-des-nominations-aux-ensors\/"},"author":{"name":"Aurore Engelen","@id":"https:\/\/welovecinema.be\/nl\/#\/schema\/person\/8084b68c6b176142d073695c654dc7cf"},"headline":"\u00ab\u00a0Girl\u00a0\u00bb et \u00ab\u00a0Niet Schieten\u00a0\u00bb en t\u00eate des nominations aux Ensors","datePublished":"2019-07-10T07:01:15+00:00","dateModified":"2019-07-10T07:01:15+00:00","mainEntityOfPage":{"@id":"https:\/\/welovecinema.be\/fr\/girl-et-niet-schieten-en-tete-des-nominations-aux-ensors\/"},"wordCount":707,"publisher":{"@id":"https:\/\/welovecinema.be\/nl\/#organization"},"articleSection":["Evenements"],"inLanguage":"fr-FR"},{"@type":"WebPage","@id":"https:\/\/welovecinema.be\/fr\/girl-et-niet-schieten-en-tete-des-nominations-aux-ensors\/","url":"https:\/\/welovecinema.be\/fr\/girl-et-niet-schieten-en-tete-des-nominations-aux-ensors\/","name":"\"Girl\" et \"Niet Schieten\" en t\u00eate des nominations aux Ensors - We Love Cinema","isPartOf":{"@id":"https:\/\/welovecinema.be\/nl\/#website"},"datePublished":"2019-07-10T07:01:15+00:00","dateModified":"2019-07-10T07:01:15+00:00","breadcrumb":{"@id":"https:\/\/welovecinema.be\/fr\/girl-et-niet-schieten-en-tete-des-nominations-aux-ensors\/#breadcrumb"},"inLanguage":"fr-FR","potentialAction":[{"@type":"ReadAction","target":["https:\/\/welovecinema.be\/fr\/girl-et-niet-schieten-en-tete-des-nominations-aux-ensors\/"]}]},{"@type":"BreadcrumbList","@id":"https:\/\/welovecinema.be\/fr\/girl-et-niet-schieten-en-tete-des-nominations-aux-ensors\/#breadcrumb","itemListElement":[{"@type":"ListItem","position":1,"name":"Accueil","item":"https:\/\/welovecinema.be\/fr\/"},{"@type":"ListItem","position":2,"name":"\u00ab\u00a0Girl\u00a0\u00bb et \u00ab\u00a0Niet Schieten\u00a0\u00bb en t\u00eate des nominations aux Ensors"}]},{"@type":"WebSite","@id":"https:\/\/welovecinema.be\/nl\/#website","url":"https:\/\/welovecinema.be\/nl\/","name":"We Love Cinema","description":"Toute l\u2019information du cin\u00e9ma en Belgique","publisher":{"@id":"https:\/\/welovecinema.be\/nl\/#organization"},"potentialAction":[{"@type":"SearchAction","target":{"@type":"EntryPoint","urlTemplate":"https:\/\/welovecinema.be\/nl\/?s={search_term_string}"},"query-input":"required name=search_term_string"}],"inLanguage":"fr-FR"},{"@type":"Organization","@id":"https:\/\/welovecinema.be\/nl\/#organization","name":"We Love Cinema","url":"https:\/\/welovecinema.be\/nl\/","logo":{"@type":"ImageObject","inLanguage":"fr-FR","@id":"https:\/\/welovecinema.be\/nl\/#\/schema\/logo\/image\/","url":"https:\/\/welovecinema.be\/wp-content\/uploads\/sites\/2\/2023\/03\/Logo-We-Love-Cinema305x128.jpg","contentUrl":"https:\/\/welovecinema.be\/wp-content\/uploads\/sites\/2\/2023\/03\/Logo-We-Love-Cinema305x128.jpg","width":305,"height":128,"caption":"We Love Cinema"},"image":{"@id":"https:\/\/welovecinema.be\/nl\/#\/schema\/logo\/image\/"},"sameAs":["https:\/\/www.facebook.com\/welovecinema.be","https:\/\/www.youtube.com\/channel\/UCX5LYGVhnKvYauW4Nta4HJA","https:\/\/www.instagram.com\/welovecinema.be\/"]},{"@type":"Person","@id":"https:\/\/welovecinema.be\/nl\/#\/schema\/person\/8084b68c6b176142d073695c654dc7cf","name":"Aurore Engelen","url":"https:\/\/welovecinema.be\/fr\/author\/aurore-engelen\/"}]}},"_links":{"self":[{"href":"https:\/\/welovecinema.be\/fr\/wp-json\/wp\/v2\/posts\/220925","targetHints":{"allow":["GET"]}}],"collection":[{"href":"https:\/\/welovecinema.be\/fr\/wp-json\/wp\/v2\/posts"}],"about":[{"href":"https:\/\/welovecinema.be\/fr\/wp-json\/wp\/v2\/types\/post"}],"author":[{"embeddable":true,"href":"https:\/\/welovecinema.be\/fr\/wp-json\/wp\/v2\/users\/343"}],"replies":[{"embeddable":true,"href":"https:\/\/welovecinema.be\/fr\/wp-json\/wp\/v2\/comments?post=220925"}],"version-history":[{"count":0,"href":"https:\/\/welovecinema.be\/fr\/wp-json\/wp\/v2\/posts\/220925\/revisions"}],"wp:featuredmedia":[{"embeddable":true,"href":"https:\/\/welovecinema.be\/fr\/wp-json\/wp\/v2\/media\/220926"}],"wp:attachment":[{"href":"https:\/\/welovecinema.be\/fr\/wp-json\/wp\/v2\/media?parent=220925"}],"wp:term":[{"taxonomy":"category","embeddable":true,"href":"https:\/\/welovecinema.be\/fr\/wp-json\/wp\/v2\/categories?post=220925"},{"taxonomy":"post_tag","embeddable":true,"href":"https:\/\/welovecinema.be\/fr\/wp-json\/wp\/v2\/tags?post=220925"}],"curies":[{"name":"wp","href":"https:\/\/api.w.org\/{rel}","templated":true}]}}