{"id":220906,"date":"2019-07-09T08:41:48","date_gmt":"2019-07-09T06:41:48","guid":{"rendered":"https:\/\/www.cinevox.be\/?p=220906"},"modified":"2019-07-09T08:41:48","modified_gmt":"2019-07-09T06:41:48","slug":"nombreux-figurants-recherches-pour-annette-de-leos-carax","status":"publish","type":"post","link":"https:\/\/welovecinema.be\/fr\/nombreux-figurants-recherches-pour-annette-de-leos-carax\/","title":{"rendered":"Nombreux figurants recherch\u00e9s pour Annette de Leos Carax"},"content":{"rendered":"<p><strong><em>Annette<\/em>, c\u2019est le nouveau film du r\u00e9alisateur Leos Carax (<em>Holy Motors, Les Amants du Pont-Neuf, Mauvais Sang<\/em>) avec Marion Cotillard (<em>La M\u00f4me, Inception, De Rouille et d&rsquo;Os<\/em>) et Adam Driver (<em>Star Wars, BlacKkKlansman, Girls<\/em>), sur une musique originale de Sparks.<\/strong><\/p>\n<p><strong>Synopsis<\/strong>: Le film raconte l&rsquo;histoire d&rsquo;un com\u00e9dien de stand-up provocateur (Adam Driver) et sa femme (Marion Cotillard), une soprano mondialement connue. Leur vie bascule \u00e0 la naissance de leur petite fille Annette, une enfant dot\u00e9e d&rsquo;un don inattendu&#8230;<\/p>\n<h4 class=\"vactitles\">PROFIL RECHERCHE<\/h4>\n<p><strong>Profil 1<\/strong>: Leaders chantant, avec talent\/exp\u00e9rience du chant (H\/F, 16-80 ans)<\/p>\n<p><strong>Profil 2<\/strong>: Specials (figurants chantants ou pantomime) (H\/F, 16 \u00e0 80 ans)<\/p>\n<p><strong>Profil 3<\/strong>: Figurants (H\/F, 16-80 ans)<\/p>\n<p><strong>Profil 4<\/strong>: Enfants (7-12 ans): plus d&rsquo;info suit plus tard<\/p>\n<h4 class=\"vactitles\">INFORMATION<\/h4>\n<p><strong>Date tournage<\/strong>: Les tournages auront lieu entre le 16 ao\u00fbt 2019 et le 28 septembre 2019. Dans le formulaire d&rsquo;inscription (voir ci-dessous), vous trouverez un aper\u00e7u des dates. Cochez ce qui est possible pour vous.<\/p>\n<p><strong>Lieu de tournage<\/strong>: Li\u00e8ge (Op\u00e9ra de Li\u00e8ge), Bruxelles (KVS &amp; Studio) et Bruges (Concertgebouw Brugge)<\/p>\n<p><strong>Essayage costume<\/strong>: est fait en consultation et ne sera au d\u00e9part que pour les silhouettes\/specials.<\/p>\n<p><strong>D\u00e9fraiement<\/strong>: Entre \u20ac50 et \u20ac120 selon votre profil\/jour. Essayage de costume: \u20ac20 (y compris les frais de d\u00e9placement)<\/p>\n<h3 class=\"vactitles\">COMMENT S\u2019INSCRIRE ?<\/h3>\n<p>Nous recherchons des CHANTEURS et des NON-CHANTEURS (H\/F, 16-80 ans, toutes ethnies bienvenus). Le film est en anglais et presque enti\u00e8rement chant\u00e9!<\/p>\n<h4><strong>1. LEADERS CHANTANT (\u20ac120) &amp; SPECIALS CHANTANT (\u20ac65)<\/strong><\/h4>\n<p>Int\u00e9ress\u00e9 ?\u00a0<a href=\"https:\/\/docs.google.com\/forms\/d\/e\/1FAIpQLSe4sL2Xh4IAq-OTdAHNkux9Y628UwQPBXfgmxQn1ayZP1wCyQ\/viewform\">Cliquez\u00a0<em><strong>ICI\u00a0<\/strong><\/em><\/a>pour une participation\u00a0<strong>CHANT\u00c9E<\/strong>\u00a0dans\u00a0des sc\u00e8nes\u00a0de groupe avec Adam Driver et suivez les instructions dans le formulaire d&rsquo;inscription. Gardez \u00e0 l&rsquo;esprit que vous devez t\u00e9l\u00e9charger une courte vid\u00e9o o\u00f9 vous chantez une chanson pop rythm\u00e9e en anglais (accent am\u00e9ricain pr\u00e9f\u00e9rable &#8211; une qualit\u00e9 vid\u00e9o smartphone suffit).<\/p>\n<ul>\n<li><strong>19-20-21-22 ao\u00fbt<\/strong>\u00a0: Bruxelles (il faut \u00eatre disponible TOUS les quatre jours)<\/li>\n<li><strong>13 septembre<\/strong>\u00a0: le lieu suivra plus tard<\/li>\n<li><strong>17-18-19-20 septembre : Li\u00e8ge<\/strong>\u00a0(il faut \u00eatre disponibleTOUS les quatre jours)<\/li>\n<\/ul>\n<h4><strong>2. FIGURANTS (\u20ac50)\u00a0<\/strong><\/h4>\n<p>Si vous pr\u00e9f\u00e9rez participer \u00e0 des sc\u00e8nes\u00a0<strong>NON CHANT\u00c9ES<\/strong>,\u00a0<a href=\"https:\/\/docs.google.com\/forms\/d\/e\/1FAIpQLSfD99O_xWQMKmgMw7nZBk1dk6hy7RQSzNeNjWXjWMoPZgauzw\/viewform\">cliquez\u00a0<em><strong>ICI\u00a0<\/strong><\/em><\/a>et suivez les instructions dans le formulaire d&rsquo;inscription.<\/p>\n<ul>\n<li><strong>16 ao\u00fbt : Li\u00e8ge<\/strong><\/li>\n<li><strong>26 ao\u00fbt : Bruges<\/strong><\/li>\n<li><strong>27-28-29 ao\u00fbt : Bruges\u00a0<\/strong>(il faut \u00eatre disponible TOUS les 3 jours)<\/li>\n<li><strong>30 ao\u00fbt : Bruges<\/strong><\/li>\n<li><strong>4 septembre : Bruxelles<\/strong><\/li>\n<li><strong>26-27 septembre<\/strong>\u00a0:\u00a0<strong>Bruxelles\u00a0<\/strong>(il faut \u00eatre disponible TOUS les 2 jours)<\/li>\n<\/ul>\n<p>ATTENTION, veuillez\u00a0<strong>NE PAS<\/strong>\u00a0vous inscrire pour les deux options. Vous \u00eates-vous inscrit pour des sc\u00e8nes avec chant, mais vous n\u2019\u00eates pas s\u00e9lectionn\u00e9 ? Ne paniquez pas, vous pouvez encore vivre l&rsquo;aventure! Comme alternative, nous vous sugg\u00e9rons de jouer dans des sc\u00e8nes sans chant (nous vous tiendrons au courant par mail).<\/p>\n<div class=\"spacing\"><\/div>\n<p>Des questions ? Envoyez un mail \u00e0\u00a0<a href=\"mailto:annette@xtraz.be\"><strong>annette@xtraz.be<\/strong><\/a>\u00a0avec en objet :<strong>\u00a0ANNETTE QUESTION<\/strong>. Les applications via Messenger, WhatsApp, etc. ne seront PAS accept\u00e9es.<\/p>\n<p><strong>R\u00e9agissez avant 28 JUILLET \u00e0 17h. Les inscriptions seront trait\u00e9es par ordre de r\u00e9ception et les places disponibles seront rapidement combl\u00e9es. Alors, faites vite!<\/strong><\/p>\n","protected":false},"excerpt":{"rendered":"<p>Annette, c\u2019est le nouveau film du r\u00e9alisateur Leos Carax (Holy Motors, Les Amants du Pont-Neuf, Mauvais Sang) avec Marion Cotillard (La M\u00f4me, Inception, De Rouille et d&rsquo;Os) et Adam Driver (Star Wars, BlacKkKlansman, Girls), sur une musique originale de Sparks. Synopsis: Le film raconte l&rsquo;histoire d&rsquo;un com\u00e9dien de stand-up provocateur (Adam Driver) et sa femme &hellip;<\/p>\n","protected":false},"author":343,"featured_media":220890,"comment_status":"closed","ping_status":"closed","sticky":false,"template":"","format":"standard","meta":{"ngg_post_thumbnail":0,"footnotes":""},"categories":[20],"tags":[],"class_list":["post-220906","post","type-post","status-publish","format-standard","has-post-thumbnail","","category-cinejobs"],"yoast_head":"<!-- This site is optimized with the Yoast SEO plugin v20.4 - https:\/\/yoast.com\/wordpress\/plugins\/seo\/ -->\n<title>Nombreux figurants recherch\u00e9s pour Annette de Leos Carax - We Love Cinema<\/title>\n<meta name=\"robots\" content=\"index, follow, max-snippet:-1, max-image-preview:large, max-video-preview:-1\" \/>\n<link rel=\"canonical\" href=\"https:\/\/welovecinema.be\/fr\/nombreux-figurants-recherches-pour-annette-de-leos-carax\/\" \/>\n<meta property=\"og:locale\" content=\"fr_FR\" \/>\n<meta property=\"og:type\" content=\"article\" \/>\n<meta property=\"og:title\" content=\"Nombreux figurants recherch\u00e9s pour Annette de Leos Carax - We Love Cinema\" \/>\n<meta property=\"og:description\" content=\"Annette, c\u2019est le nouveau film du r\u00e9alisateur Leos Carax (Holy Motors, Les Amants du Pont-Neuf, Mauvais Sang) avec Marion Cotillard (La M\u00f4me, Inception, De Rouille et d&rsquo;Os) et Adam Driver (Star Wars, BlacKkKlansman, Girls), sur une musique originale de Sparks. Synopsis: Le film raconte l&rsquo;histoire d&rsquo;un com\u00e9dien de stand-up provocateur (Adam Driver) et sa femme &hellip;\" \/>\n<meta property=\"og:url\" content=\"https:\/\/welovecinema.be\/fr\/nombreux-figurants-recherches-pour-annette-de-leos-carax\/\" \/>\n<meta property=\"og:site_name\" content=\"We Love Cinema\" \/>\n<meta property=\"article:publisher\" content=\"https:\/\/www.facebook.com\/welovecinema.be\" \/>\n<meta property=\"article:published_time\" content=\"2019-07-09T06:41:48+00:00\" \/>\n<meta property=\"og:image\" content=\"https:\/\/welovecinema.be\/wp-content\/uploads\/sites\/2\/2019\/07\/Screen-Shot-2019-07-08-at-16.14.01.jpg\" \/>\n\t<meta property=\"og:image:width\" content=\"1246\" \/>\n\t<meta property=\"og:image:height\" content=\"708\" \/>\n\t<meta property=\"og:image:type\" content=\"image\/jpeg\" \/>\n<meta name=\"author\" content=\"Aurore Engelen\" \/>\n<meta name=\"twitter:card\" content=\"summary_large_image\" \/>\n<meta name=\"twitter:label1\" content=\"\u00c9crit par\" \/>\n\t<meta name=\"twitter:data1\" content=\"Aurore Engelen\" \/>\n\t<meta name=\"twitter:label2\" content=\"Dur\u00e9e de lecture estim\u00e9e\" \/>\n\t<meta name=\"twitter:data2\" content=\"2 minutes\" \/>\n<script type=\"application\/ld+json\" class=\"yoast-schema-graph\">{\"@context\":\"https:\/\/schema.org\",\"@graph\":[{\"@type\":\"Article\",\"@id\":\"https:\/\/welovecinema.be\/fr\/nombreux-figurants-recherches-pour-annette-de-leos-carax\/#article\",\"isPartOf\":{\"@id\":\"https:\/\/welovecinema.be\/fr\/nombreux-figurants-recherches-pour-annette-de-leos-carax\/\"},\"author\":{\"name\":\"Aurore Engelen\",\"@id\":\"https:\/\/welovecinema.be\/nl\/#\/schema\/person\/8084b68c6b176142d073695c654dc7cf\"},\"headline\":\"Nombreux figurants recherch\u00e9s pour Annette de Leos Carax\",\"datePublished\":\"2019-07-09T06:41:48+00:00\",\"dateModified\":\"2019-07-09T06:41:48+00:00\",\"mainEntityOfPage\":{\"@id\":\"https:\/\/welovecinema.be\/fr\/nombreux-figurants-recherches-pour-annette-de-leos-carax\/\"},\"wordCount\":515,\"publisher\":{\"@id\":\"https:\/\/welovecinema.be\/nl\/#organization\"},\"articleSection\":[\"Cinejobs\"],\"inLanguage\":\"fr-FR\"},{\"@type\":\"WebPage\",\"@id\":\"https:\/\/welovecinema.be\/fr\/nombreux-figurants-recherches-pour-annette-de-leos-carax\/\",\"url\":\"https:\/\/welovecinema.be\/fr\/nombreux-figurants-recherches-pour-annette-de-leos-carax\/\",\"name\":\"Nombreux figurants recherch\u00e9s pour Annette de Leos Carax - We Love Cinema\",\"isPartOf\":{\"@id\":\"https:\/\/welovecinema.be\/nl\/#website\"},\"datePublished\":\"2019-07-09T06:41:48+00:00\",\"dateModified\":\"2019-07-09T06:41:48+00:00\",\"breadcrumb\":{\"@id\":\"https:\/\/welovecinema.be\/fr\/nombreux-figurants-recherches-pour-annette-de-leos-carax\/#breadcrumb\"},\"inLanguage\":\"fr-FR\",\"potentialAction\":[{\"@type\":\"ReadAction\",\"target\":[\"https:\/\/welovecinema.be\/fr\/nombreux-figurants-recherches-pour-annette-de-leos-carax\/\"]}]},{\"@type\":\"BreadcrumbList\",\"@id\":\"https:\/\/welovecinema.be\/fr\/nombreux-figurants-recherches-pour-annette-de-leos-carax\/#breadcrumb\",\"itemListElement\":[{\"@type\":\"ListItem\",\"position\":1,\"name\":\"Accueil\",\"item\":\"https:\/\/welovecinema.be\/fr\/\"},{\"@type\":\"ListItem\",\"position\":2,\"name\":\"Nombreux figurants recherch\u00e9s pour Annette de Leos Carax\"}]},{\"@type\":\"WebSite\",\"@id\":\"https:\/\/welovecinema.be\/nl\/#website\",\"url\":\"https:\/\/welovecinema.be\/nl\/\",\"name\":\"We Love Cinema\",\"description\":\"Toute l\u2019information du cin\u00e9ma en Belgique\",\"publisher\":{\"@id\":\"https:\/\/welovecinema.be\/nl\/#organization\"},\"potentialAction\":[{\"@type\":\"SearchAction\",\"target\":{\"@type\":\"EntryPoint\",\"urlTemplate\":\"https:\/\/welovecinema.be\/nl\/?s={search_term_string}\"},\"query-input\":\"required name=search_term_string\"}],\"inLanguage\":\"fr-FR\"},{\"@type\":\"Organization\",\"@id\":\"https:\/\/welovecinema.be\/nl\/#organization\",\"name\":\"We Love Cinema\",\"url\":\"https:\/\/welovecinema.be\/nl\/\",\"logo\":{\"@type\":\"ImageObject\",\"inLanguage\":\"fr-FR\",\"@id\":\"https:\/\/welovecinema.be\/nl\/#\/schema\/logo\/image\/\",\"url\":\"https:\/\/welovecinema.be\/wp-content\/uploads\/sites\/2\/2023\/03\/Logo-We-Love-Cinema305x128.jpg\",\"contentUrl\":\"https:\/\/welovecinema.be\/wp-content\/uploads\/sites\/2\/2023\/03\/Logo-We-Love-Cinema305x128.jpg\",\"width\":305,\"height\":128,\"caption\":\"We Love Cinema\"},\"image\":{\"@id\":\"https:\/\/welovecinema.be\/nl\/#\/schema\/logo\/image\/\"},\"sameAs\":[\"https:\/\/www.facebook.com\/welovecinema.be\",\"https:\/\/www.youtube.com\/channel\/UCX5LYGVhnKvYauW4Nta4HJA\",\"https:\/\/www.instagram.com\/welovecinema.be\/\"]},{\"@type\":\"Person\",\"@id\":\"https:\/\/welovecinema.be\/nl\/#\/schema\/person\/8084b68c6b176142d073695c654dc7cf\",\"name\":\"Aurore Engelen\",\"url\":\"https:\/\/welovecinema.be\/fr\/author\/aurore-engelen\/\"}]}<\/script>\n<!-- \/ Yoast SEO plugin. -->","yoast_head_json":{"title":"Nombreux figurants recherch\u00e9s pour Annette de Leos Carax - We Love Cinema","robots":{"index":"index","follow":"follow","max-snippet":"max-snippet:-1","max-image-preview":"max-image-preview:large","max-video-preview":"max-video-preview:-1"},"canonical":"https:\/\/welovecinema.be\/fr\/nombreux-figurants-recherches-pour-annette-de-leos-carax\/","og_locale":"fr_FR","og_type":"article","og_title":"Nombreux figurants recherch\u00e9s pour Annette de Leos Carax - We Love Cinema","og_description":"Annette, c\u2019est le nouveau film du r\u00e9alisateur Leos Carax (Holy Motors, Les Amants du Pont-Neuf, Mauvais Sang) avec Marion Cotillard (La M\u00f4me, Inception, De Rouille et d&rsquo;Os) et Adam Driver (Star Wars, BlacKkKlansman, Girls), sur une musique originale de Sparks. Synopsis: Le film raconte l&rsquo;histoire d&rsquo;un com\u00e9dien de stand-up provocateur (Adam Driver) et sa femme &hellip;","og_url":"https:\/\/welovecinema.be\/fr\/nombreux-figurants-recherches-pour-annette-de-leos-carax\/","og_site_name":"We Love Cinema","article_publisher":"https:\/\/www.facebook.com\/welovecinema.be","article_published_time":"2019-07-09T06:41:48+00:00","og_image":[{"width":1246,"height":708,"url":"https:\/\/welovecinema.be\/wp-content\/uploads\/sites\/2\/2019\/07\/Screen-Shot-2019-07-08-at-16.14.01.jpg","type":"image\/jpeg"}],"author":"Aurore Engelen","twitter_card":"summary_large_image","twitter_misc":{"\u00c9crit par":"Aurore Engelen","Dur\u00e9e de lecture estim\u00e9e":"2 minutes"},"schema":{"@context":"https:\/\/schema.org","@graph":[{"@type":"Article","@id":"https:\/\/welovecinema.be\/fr\/nombreux-figurants-recherches-pour-annette-de-leos-carax\/#article","isPartOf":{"@id":"https:\/\/welovecinema.be\/fr\/nombreux-figurants-recherches-pour-annette-de-leos-carax\/"},"author":{"name":"Aurore Engelen","@id":"https:\/\/welovecinema.be\/nl\/#\/schema\/person\/8084b68c6b176142d073695c654dc7cf"},"headline":"Nombreux figurants recherch\u00e9s pour Annette de Leos Carax","datePublished":"2019-07-09T06:41:48+00:00","dateModified":"2019-07-09T06:41:48+00:00","mainEntityOfPage":{"@id":"https:\/\/welovecinema.be\/fr\/nombreux-figurants-recherches-pour-annette-de-leos-carax\/"},"wordCount":515,"publisher":{"@id":"https:\/\/welovecinema.be\/nl\/#organization"},"articleSection":["Cinejobs"],"inLanguage":"fr-FR"},{"@type":"WebPage","@id":"https:\/\/welovecinema.be\/fr\/nombreux-figurants-recherches-pour-annette-de-leos-carax\/","url":"https:\/\/welovecinema.be\/fr\/nombreux-figurants-recherches-pour-annette-de-leos-carax\/","name":"Nombreux figurants recherch\u00e9s pour Annette de Leos Carax - We Love Cinema","isPartOf":{"@id":"https:\/\/welovecinema.be\/nl\/#website"},"datePublished":"2019-07-09T06:41:48+00:00","dateModified":"2019-07-09T06:41:48+00:00","breadcrumb":{"@id":"https:\/\/welovecinema.be\/fr\/nombreux-figurants-recherches-pour-annette-de-leos-carax\/#breadcrumb"},"inLanguage":"fr-FR","potentialAction":[{"@type":"ReadAction","target":["https:\/\/welovecinema.be\/fr\/nombreux-figurants-recherches-pour-annette-de-leos-carax\/"]}]},{"@type":"BreadcrumbList","@id":"https:\/\/welovecinema.be\/fr\/nombreux-figurants-recherches-pour-annette-de-leos-carax\/#breadcrumb","itemListElement":[{"@type":"ListItem","position":1,"name":"Accueil","item":"https:\/\/welovecinema.be\/fr\/"},{"@type":"ListItem","position":2,"name":"Nombreux figurants recherch\u00e9s pour Annette de Leos Carax"}]},{"@type":"WebSite","@id":"https:\/\/welovecinema.be\/nl\/#website","url":"https:\/\/welovecinema.be\/nl\/","name":"We Love Cinema","description":"Toute l\u2019information du cin\u00e9ma en Belgique","publisher":{"@id":"https:\/\/welovecinema.be\/nl\/#organization"},"potentialAction":[{"@type":"SearchAction","target":{"@type":"EntryPoint","urlTemplate":"https:\/\/welovecinema.be\/nl\/?s={search_term_string}"},"query-input":"required name=search_term_string"}],"inLanguage":"fr-FR"},{"@type":"Organization","@id":"https:\/\/welovecinema.be\/nl\/#organization","name":"We Love Cinema","url":"https:\/\/welovecinema.be\/nl\/","logo":{"@type":"ImageObject","inLanguage":"fr-FR","@id":"https:\/\/welovecinema.be\/nl\/#\/schema\/logo\/image\/","url":"https:\/\/welovecinema.be\/wp-content\/uploads\/sites\/2\/2023\/03\/Logo-We-Love-Cinema305x128.jpg","contentUrl":"https:\/\/welovecinema.be\/wp-content\/uploads\/sites\/2\/2023\/03\/Logo-We-Love-Cinema305x128.jpg","width":305,"height":128,"caption":"We Love Cinema"},"image":{"@id":"https:\/\/welovecinema.be\/nl\/#\/schema\/logo\/image\/"},"sameAs":["https:\/\/www.facebook.com\/welovecinema.be","https:\/\/www.youtube.com\/channel\/UCX5LYGVhnKvYauW4Nta4HJA","https:\/\/www.instagram.com\/welovecinema.be\/"]},{"@type":"Person","@id":"https:\/\/welovecinema.be\/nl\/#\/schema\/person\/8084b68c6b176142d073695c654dc7cf","name":"Aurore Engelen","url":"https:\/\/welovecinema.be\/fr\/author\/aurore-engelen\/"}]}},"_links":{"self":[{"href":"https:\/\/welovecinema.be\/fr\/wp-json\/wp\/v2\/posts\/220906","targetHints":{"allow":["GET"]}}],"collection":[{"href":"https:\/\/welovecinema.be\/fr\/wp-json\/wp\/v2\/posts"}],"about":[{"href":"https:\/\/welovecinema.be\/fr\/wp-json\/wp\/v2\/types\/post"}],"author":[{"embeddable":true,"href":"https:\/\/welovecinema.be\/fr\/wp-json\/wp\/v2\/users\/343"}],"replies":[{"embeddable":true,"href":"https:\/\/welovecinema.be\/fr\/wp-json\/wp\/v2\/comments?post=220906"}],"version-history":[{"count":0,"href":"https:\/\/welovecinema.be\/fr\/wp-json\/wp\/v2\/posts\/220906\/revisions"}],"wp:featuredmedia":[{"embeddable":true,"href":"https:\/\/welovecinema.be\/fr\/wp-json\/wp\/v2\/media\/220890"}],"wp:attachment":[{"href":"https:\/\/welovecinema.be\/fr\/wp-json\/wp\/v2\/media?parent=220906"}],"wp:term":[{"taxonomy":"category","embeddable":true,"href":"https:\/\/welovecinema.be\/fr\/wp-json\/wp\/v2\/categories?post=220906"},{"taxonomy":"post_tag","embeddable":true,"href":"https:\/\/welovecinema.be\/fr\/wp-json\/wp\/v2\/tags?post=220906"}],"curies":[{"name":"wp","href":"https:\/\/api.w.org\/{rel}","templated":true}]}}