{"id":220752,"date":"2019-07-02T16:15:57","date_gmt":"2019-07-02T14:15:57","guid":{"rendered":"https:\/\/www.cinevox.be\/?p=220752"},"modified":"2019-07-04T09:21:06","modified_gmt":"2019-07-04T07:21:06","slug":"patrick-tragicomedie-au-marteau","status":"publish","type":"post","link":"https:\/\/welovecinema.be\/fr\/patrick-tragicomedie-au-marteau\/","title":{"rendered":"\u00ab\u00a0Patrick\u00a0\u00bb: tragicom\u00e9die au marteau"},"content":{"rendered":"<p class=\"p1\"><span class=\"s1\"><b>Kevin Janssens est m\u00e9connaissable dans <i>Patrick<\/i>, thriller psychologique absurde et inattendu de Tim Mielants, port\u00e9 par un h\u00e9ros tragiquement d\u00e9nu\u00e9 d\u2019ambition. Le film \u00e9tait montr\u00e9 hier en avant-premi\u00e8re au prestigieux Festival de Karlovy Vary en R\u00e9publique tch\u00e8que.<\/b><\/span><\/p>\n<p class=\"p1\"><span class=\"s1\">Tout le monde conna\u00eet Patrick. Au camping, il est l\u2019homme \u00e0 tout faire, il trouve toujours une solution. Tout le monde conna\u00eet Patrick, mais personne en l\u2019aime vraiment, \u00e0 part ses parents. Il est quelque part entre l\u2019idiot du village et l\u2019imb\u00e9cile heureux, d\u00e9nu\u00e9 de toute ambition, content de son sort et singuli\u00e8rement \u00e9panoui dans une vie d\u00e9licieusement m\u00e9diocre.<\/span><\/p>\n<p><img loading=\"lazy\" decoding=\"async\" class=\"alignnone size-large wp-image-220759\" src=\"https:\/\/www.cinevox.be\/wp-content\/uploads\/sites\/2\/2019\/07\/patrick.20190614013215-800x533.jpg\" alt=\"Patrick-Tim-Mielants\" width=\"618\" height=\"412\" srcset=\"https:\/\/welovecinema.be\/wp-content\/uploads\/sites\/2\/2019\/07\/patrick.20190614013215-800x533.jpg 800w, https:\/\/welovecinema.be\/wp-content\/uploads\/sites\/2\/2019\/07\/patrick.20190614013215-405x270.jpg 405w, https:\/\/welovecinema.be\/wp-content\/uploads\/sites\/2\/2019\/07\/patrick.20190614013215-768x512.jpg 768w, https:\/\/welovecinema.be\/wp-content\/uploads\/sites\/2\/2019\/07\/patrick.20190614013215.jpg 900w\" sizes=\"auto, (max-width: 618px) 100vw, 618px\" \/><\/p>\n<p class=\"p1\"><span class=\"s1\">Mais quand le p\u00e8re de Patrick meurt, il perd pied. Pour la premi\u00e8re fois de sa vie, il va devoir faire des choix. La communaut\u00e9 l\u2019intronise malgr\u00e9 lui directeur du camping, et il va soudain devoir faire preuve d\u2019autorit\u00e9. Un petit cataclysme, pour lui. D\u2019autant que dans le m\u00eame temps disparait l\u2019un de ses marteaux\u2026 Et l\u00e0, c\u2019est le drame. Autant la mort de son p\u00e8re, Patrick pouvait encore s\u2019y faire, mais la disparition du marteau, c\u2019en est trop. Patrick entre en \u00e9tat de choc. Il op\u00e8re un v\u00e9ritable transfert, et le marteau disparu se substitue au corps du p\u00e8re. L\u2019inqui\u00e9tude vire \u00e0 l\u2019obsession. Et avec elle, l\u2019atmosph\u00e8re se fait de plus en plus pesante au sein du camping\u2026<\/span><\/p>\n<p><iframe loading=\"lazy\" src=\"https:\/\/www.youtube.com\/embed\/iaRdo05OoXg\" width=\"560\" height=\"315\" frameborder=\"0\" allowfullscreen=\"allowfullscreen\"><\/iframe><\/p>\n<p class=\"p1\"><span class=\"s1\">Tim Mielants, r\u00e9alisateur renomm\u00e9 de s\u00e9ries t\u00e9l\u00e9vis\u00e9es (<i>Cordon, Code 37<\/i> en Flandre, mais aussi <i>Peaky Blinders, Legion<\/i> ou <i>The Terror<\/i> aux Etats-Unis), livre avec <i>Patrick<\/i>, son premier long m\u00e9trage, un film sur le projet paradoxalement tr\u00e8s ambitieux de son personnage principal: ne pas avoir d\u2019ambition. Mais comment est-ce possible dans une soci\u00e9t\u00e9 hyper concurrentielle? Peut-on refuser les responsabilit\u00e9s que l\u2019on nous impose? Patrick, personnage moyen \u00e0 tous les \u00e9gards, est compl\u00e8tement perdu quand son petit monde explose. <\/span><\/p>\n<p class=\"p1\"><span class=\"s1\">Mielants s\u2019amuse alors \u00e0 faire de la qu\u00eate du marteau disparu un thriller psychologique haletant, \u00e0 grand renfort de musique angoissante, de reflets et de faux-semblants. Il s\u2019amuse d\u2019autant plus qu\u2019il a choisi de situer son intrigue dans les ann\u00e9es 80, et surtout dans un camping naturiste. Rarement a-t-on vu des personnages aussi nus avoir autant de choses \u00e0 cacher. Le cin\u00e9aste croque sa galerie de personnages en quelques coups de pinceaux f\u00e9roces, faisant d\u2019eux les repr\u00e9sentants moyens d\u2019une classe r\u00e9solument moyenne en tout (on pense notamment \u00e0 ses \u00ab\u00a0rivaux\u00a0\u00bb, le couple BCGC, appareil g\u00e9nital \u00e0 l\u2019air mais pull sur les \u00e9paules).<\/span><\/p>\n<p><img loading=\"lazy\" decoding=\"async\" class=\"alignnone size-large wp-image-220762\" src=\"https:\/\/www.cinevox.be\/wp-content\/uploads\/sites\/2\/2019\/07\/depatrick_still_cropped_190523-800x289.jpg\" alt=\"Patrick-Tim-Mielants\" width=\"618\" height=\"223\" srcset=\"https:\/\/welovecinema.be\/wp-content\/uploads\/sites\/2\/2019\/07\/depatrick_still_cropped_190523-800x289.jpg 800w, https:\/\/welovecinema.be\/wp-content\/uploads\/sites\/2\/2019\/07\/depatrick_still_cropped_190523-480x174.jpg 480w, https:\/\/welovecinema.be\/wp-content\/uploads\/sites\/2\/2019\/07\/depatrick_still_cropped_190523-768x278.jpg 768w, https:\/\/welovecinema.be\/wp-content\/uploads\/sites\/2\/2019\/07\/depatrick_still_cropped_190523.jpg 1200w\" sizes=\"auto, (max-width: 618px) 100vw, 618px\" \/><\/p>\n<p class=\"p1\"><span class=\"s1\">Mais rien ne peut arr\u00eater Patrick, incarn\u00e9 par Kevin Janssens (<i><a href=\"https:\/\/www.cinevox.be\/fr\/tueurs-polar-100-belge-100-haletant\/\">Tueurs<\/a>, Revenge, <a href=\"https:\/\/www.cinevox.be\/fr\/lukas-deconstructing-jcvd\/\">Lukas<\/a><\/i>), acteur flamand plus connu pour ses r\u00f4les de malfrats ou de beaux gosses, qui a pris pr\u00e8s de 20 kilos pour donner corps \u00e0 Patrick, sorte d\u2019adulescent ravag\u00e9 par un chaos int\u00e9rieur d\u00e9clench\u00e9 par le double deuil de son p\u00e8re et de son marteau.<\/span><\/p>\n<p>Parmi les nombreux seconds r\u00f4les, on \u00e9pinglera l&rsquo;excellentissime Jemaine Clement, moiti\u00e9 du duo n\u00e9o-z\u00e9landais Flight of the Conchords, dans le r\u00f4le d&rsquo;un chanteur a succ\u00e8s, et l&rsquo;incontournable Nouli Lanners, qui joue le r\u00f4le d&rsquo;un policier bienveillant mais un peu directif.<\/p>\n<p>Le film sortira en Belgique le 28 ao\u00fbt prochain.<\/p>\n","protected":false},"excerpt":{"rendered":"<p>Kevin Janssens est m\u00e9connaissable dans Patrick, thriller psychologique absurde et inattendu de Tim Mielants, port\u00e9 par un h\u00e9ros tragiquement d\u00e9nu\u00e9 d\u2019ambition. Le film \u00e9tait montr\u00e9 hier en avant-premi\u00e8re au prestigieux Festival de Karlovy Vary en R\u00e9publique tch\u00e8que. Tout le monde conna\u00eet Patrick. Au camping, il est l\u2019homme \u00e0 tout faire, il trouve toujours une solution. &hellip;<\/p>\n","protected":false},"author":343,"featured_media":220415,"comment_status":"closed","ping_status":"closed","sticky":false,"template":"","format":"standard","meta":{"ngg_post_thumbnail":0,"footnotes":""},"categories":[53],"tags":[4402,4368,4369],"class_list":["post-220752","post","type-post","status-publish","format-standard","has-post-thumbnail","","category-coming-soon","tag-kevin-janssens-2","tag-patrick","tag-tim-mielants-2"],"yoast_head":"<!-- This site is optimized with the Yoast SEO plugin v20.4 - https:\/\/yoast.com\/wordpress\/plugins\/seo\/ -->\n<title>&quot;Patrick&quot;: tragicom\u00e9die au marteau - We Love Cinema<\/title>\n<meta name=\"robots\" content=\"index, follow, max-snippet:-1, max-image-preview:large, max-video-preview:-1\" \/>\n<link rel=\"canonical\" href=\"https:\/\/welovecinema.be\/fr\/patrick-tragicomedie-au-marteau\/\" \/>\n<meta property=\"og:locale\" content=\"fr_FR\" \/>\n<meta property=\"og:type\" content=\"article\" \/>\n<meta property=\"og:title\" content=\"&quot;Patrick&quot;: tragicom\u00e9die au marteau - We Love Cinema\" \/>\n<meta property=\"og:description\" content=\"Kevin Janssens est m\u00e9connaissable dans Patrick, thriller psychologique absurde et inattendu de Tim Mielants, port\u00e9 par un h\u00e9ros tragiquement d\u00e9nu\u00e9 d\u2019ambition. Le film \u00e9tait montr\u00e9 hier en avant-premi\u00e8re au prestigieux Festival de Karlovy Vary en R\u00e9publique tch\u00e8que. Tout le monde conna\u00eet Patrick. Au camping, il est l\u2019homme \u00e0 tout faire, il trouve toujours une solution. &hellip;\" \/>\n<meta property=\"og:url\" content=\"https:\/\/welovecinema.be\/fr\/patrick-tragicomedie-au-marteau\/\" \/>\n<meta property=\"og:site_name\" content=\"We Love Cinema\" \/>\n<meta property=\"article:publisher\" content=\"https:\/\/www.facebook.com\/welovecinema.be\" \/>\n<meta property=\"article:published_time\" content=\"2019-07-02T14:15:57+00:00\" \/>\n<meta property=\"article:modified_time\" content=\"2019-07-04T07:21:06+00:00\" \/>\n<meta property=\"og:image\" content=\"https:\/\/welovecinema.be\/wp-content\/uploads\/sites\/2\/2019\/06\/Patric-Tim-Mielants.jpg\" \/>\n\t<meta property=\"og:image:width\" content=\"720\" \/>\n\t<meta property=\"og:image:height\" content=\"280\" \/>\n\t<meta property=\"og:image:type\" content=\"image\/jpeg\" \/>\n<meta name=\"author\" content=\"Aurore Engelen\" \/>\n<meta name=\"twitter:card\" content=\"summary_large_image\" \/>\n<meta name=\"twitter:label1\" content=\"\u00c9crit par\" \/>\n\t<meta name=\"twitter:data1\" content=\"Aurore Engelen\" \/>\n\t<meta name=\"twitter:label2\" content=\"Dur\u00e9e de lecture estim\u00e9e\" \/>\n\t<meta name=\"twitter:data2\" content=\"3 minutes\" \/>\n<script type=\"application\/ld+json\" class=\"yoast-schema-graph\">{\"@context\":\"https:\/\/schema.org\",\"@graph\":[{\"@type\":\"Article\",\"@id\":\"https:\/\/welovecinema.be\/fr\/patrick-tragicomedie-au-marteau\/#article\",\"isPartOf\":{\"@id\":\"https:\/\/welovecinema.be\/fr\/patrick-tragicomedie-au-marteau\/\"},\"author\":{\"name\":\"Aurore Engelen\",\"@id\":\"https:\/\/welovecinema.be\/nl\/#\/schema\/person\/8084b68c6b176142d073695c654dc7cf\"},\"headline\":\"\u00ab\u00a0Patrick\u00a0\u00bb: tragicom\u00e9die au marteau\",\"datePublished\":\"2019-07-02T14:15:57+00:00\",\"dateModified\":\"2019-07-04T07:21:06+00:00\",\"mainEntityOfPage\":{\"@id\":\"https:\/\/welovecinema.be\/fr\/patrick-tragicomedie-au-marteau\/\"},\"wordCount\":572,\"publisher\":{\"@id\":\"https:\/\/welovecinema.be\/nl\/#organization\"},\"keywords\":[\"Kevin Janssens\",\"Patrick\",\"Tim Mielants\"],\"articleSection\":[\"Coming soon\"],\"inLanguage\":\"fr-FR\"},{\"@type\":\"WebPage\",\"@id\":\"https:\/\/welovecinema.be\/fr\/patrick-tragicomedie-au-marteau\/\",\"url\":\"https:\/\/welovecinema.be\/fr\/patrick-tragicomedie-au-marteau\/\",\"name\":\"\\\"Patrick\\\": tragicom\u00e9die au marteau - We Love Cinema\",\"isPartOf\":{\"@id\":\"https:\/\/welovecinema.be\/nl\/#website\"},\"datePublished\":\"2019-07-02T14:15:57+00:00\",\"dateModified\":\"2019-07-04T07:21:06+00:00\",\"breadcrumb\":{\"@id\":\"https:\/\/welovecinema.be\/fr\/patrick-tragicomedie-au-marteau\/#breadcrumb\"},\"inLanguage\":\"fr-FR\",\"potentialAction\":[{\"@type\":\"ReadAction\",\"target\":[\"https:\/\/welovecinema.be\/fr\/patrick-tragicomedie-au-marteau\/\"]}]},{\"@type\":\"BreadcrumbList\",\"@id\":\"https:\/\/welovecinema.be\/fr\/patrick-tragicomedie-au-marteau\/#breadcrumb\",\"itemListElement\":[{\"@type\":\"ListItem\",\"position\":1,\"name\":\"Accueil\",\"item\":\"https:\/\/welovecinema.be\/fr\/\"},{\"@type\":\"ListItem\",\"position\":2,\"name\":\"\u00ab\u00a0Patrick\u00a0\u00bb: tragicom\u00e9die au marteau\"}]},{\"@type\":\"WebSite\",\"@id\":\"https:\/\/welovecinema.be\/nl\/#website\",\"url\":\"https:\/\/welovecinema.be\/nl\/\",\"name\":\"We Love Cinema\",\"description\":\"Toute l\u2019information du cin\u00e9ma en Belgique\",\"publisher\":{\"@id\":\"https:\/\/welovecinema.be\/nl\/#organization\"},\"potentialAction\":[{\"@type\":\"SearchAction\",\"target\":{\"@type\":\"EntryPoint\",\"urlTemplate\":\"https:\/\/welovecinema.be\/nl\/?s={search_term_string}\"},\"query-input\":\"required name=search_term_string\"}],\"inLanguage\":\"fr-FR\"},{\"@type\":\"Organization\",\"@id\":\"https:\/\/welovecinema.be\/nl\/#organization\",\"name\":\"We Love Cinema\",\"url\":\"https:\/\/welovecinema.be\/nl\/\",\"logo\":{\"@type\":\"ImageObject\",\"inLanguage\":\"fr-FR\",\"@id\":\"https:\/\/welovecinema.be\/nl\/#\/schema\/logo\/image\/\",\"url\":\"https:\/\/welovecinema.be\/wp-content\/uploads\/sites\/2\/2023\/03\/Logo-We-Love-Cinema305x128.jpg\",\"contentUrl\":\"https:\/\/welovecinema.be\/wp-content\/uploads\/sites\/2\/2023\/03\/Logo-We-Love-Cinema305x128.jpg\",\"width\":305,\"height\":128,\"caption\":\"We Love Cinema\"},\"image\":{\"@id\":\"https:\/\/welovecinema.be\/nl\/#\/schema\/logo\/image\/\"},\"sameAs\":[\"https:\/\/www.facebook.com\/welovecinema.be\",\"https:\/\/www.youtube.com\/channel\/UCX5LYGVhnKvYauW4Nta4HJA\",\"https:\/\/www.instagram.com\/welovecinema.be\/\"]},{\"@type\":\"Person\",\"@id\":\"https:\/\/welovecinema.be\/nl\/#\/schema\/person\/8084b68c6b176142d073695c654dc7cf\",\"name\":\"Aurore Engelen\",\"url\":\"https:\/\/welovecinema.be\/fr\/author\/aurore-engelen\/\"}]}<\/script>\n<!-- \/ Yoast SEO plugin. -->","yoast_head_json":{"title":"\"Patrick\": tragicom\u00e9die au marteau - We Love Cinema","robots":{"index":"index","follow":"follow","max-snippet":"max-snippet:-1","max-image-preview":"max-image-preview:large","max-video-preview":"max-video-preview:-1"},"canonical":"https:\/\/welovecinema.be\/fr\/patrick-tragicomedie-au-marteau\/","og_locale":"fr_FR","og_type":"article","og_title":"\"Patrick\": tragicom\u00e9die au marteau - We Love Cinema","og_description":"Kevin Janssens est m\u00e9connaissable dans Patrick, thriller psychologique absurde et inattendu de Tim Mielants, port\u00e9 par un h\u00e9ros tragiquement d\u00e9nu\u00e9 d\u2019ambition. Le film \u00e9tait montr\u00e9 hier en avant-premi\u00e8re au prestigieux Festival de Karlovy Vary en R\u00e9publique tch\u00e8que. Tout le monde conna\u00eet Patrick. Au camping, il est l\u2019homme \u00e0 tout faire, il trouve toujours une solution. &hellip;","og_url":"https:\/\/welovecinema.be\/fr\/patrick-tragicomedie-au-marteau\/","og_site_name":"We Love Cinema","article_publisher":"https:\/\/www.facebook.com\/welovecinema.be","article_published_time":"2019-07-02T14:15:57+00:00","article_modified_time":"2019-07-04T07:21:06+00:00","og_image":[{"width":720,"height":280,"url":"https:\/\/welovecinema.be\/wp-content\/uploads\/sites\/2\/2019\/06\/Patric-Tim-Mielants.jpg","type":"image\/jpeg"}],"author":"Aurore Engelen","twitter_card":"summary_large_image","twitter_misc":{"\u00c9crit par":"Aurore Engelen","Dur\u00e9e de lecture estim\u00e9e":"3 minutes"},"schema":{"@context":"https:\/\/schema.org","@graph":[{"@type":"Article","@id":"https:\/\/welovecinema.be\/fr\/patrick-tragicomedie-au-marteau\/#article","isPartOf":{"@id":"https:\/\/welovecinema.be\/fr\/patrick-tragicomedie-au-marteau\/"},"author":{"name":"Aurore Engelen","@id":"https:\/\/welovecinema.be\/nl\/#\/schema\/person\/8084b68c6b176142d073695c654dc7cf"},"headline":"\u00ab\u00a0Patrick\u00a0\u00bb: tragicom\u00e9die au marteau","datePublished":"2019-07-02T14:15:57+00:00","dateModified":"2019-07-04T07:21:06+00:00","mainEntityOfPage":{"@id":"https:\/\/welovecinema.be\/fr\/patrick-tragicomedie-au-marteau\/"},"wordCount":572,"publisher":{"@id":"https:\/\/welovecinema.be\/nl\/#organization"},"keywords":["Kevin Janssens","Patrick","Tim Mielants"],"articleSection":["Coming soon"],"inLanguage":"fr-FR"},{"@type":"WebPage","@id":"https:\/\/welovecinema.be\/fr\/patrick-tragicomedie-au-marteau\/","url":"https:\/\/welovecinema.be\/fr\/patrick-tragicomedie-au-marteau\/","name":"\"Patrick\": tragicom\u00e9die au marteau - We Love Cinema","isPartOf":{"@id":"https:\/\/welovecinema.be\/nl\/#website"},"datePublished":"2019-07-02T14:15:57+00:00","dateModified":"2019-07-04T07:21:06+00:00","breadcrumb":{"@id":"https:\/\/welovecinema.be\/fr\/patrick-tragicomedie-au-marteau\/#breadcrumb"},"inLanguage":"fr-FR","potentialAction":[{"@type":"ReadAction","target":["https:\/\/welovecinema.be\/fr\/patrick-tragicomedie-au-marteau\/"]}]},{"@type":"BreadcrumbList","@id":"https:\/\/welovecinema.be\/fr\/patrick-tragicomedie-au-marteau\/#breadcrumb","itemListElement":[{"@type":"ListItem","position":1,"name":"Accueil","item":"https:\/\/welovecinema.be\/fr\/"},{"@type":"ListItem","position":2,"name":"\u00ab\u00a0Patrick\u00a0\u00bb: tragicom\u00e9die au marteau"}]},{"@type":"WebSite","@id":"https:\/\/welovecinema.be\/nl\/#website","url":"https:\/\/welovecinema.be\/nl\/","name":"We Love Cinema","description":"Toute l\u2019information du cin\u00e9ma en Belgique","publisher":{"@id":"https:\/\/welovecinema.be\/nl\/#organization"},"potentialAction":[{"@type":"SearchAction","target":{"@type":"EntryPoint","urlTemplate":"https:\/\/welovecinema.be\/nl\/?s={search_term_string}"},"query-input":"required name=search_term_string"}],"inLanguage":"fr-FR"},{"@type":"Organization","@id":"https:\/\/welovecinema.be\/nl\/#organization","name":"We Love Cinema","url":"https:\/\/welovecinema.be\/nl\/","logo":{"@type":"ImageObject","inLanguage":"fr-FR","@id":"https:\/\/welovecinema.be\/nl\/#\/schema\/logo\/image\/","url":"https:\/\/welovecinema.be\/wp-content\/uploads\/sites\/2\/2023\/03\/Logo-We-Love-Cinema305x128.jpg","contentUrl":"https:\/\/welovecinema.be\/wp-content\/uploads\/sites\/2\/2023\/03\/Logo-We-Love-Cinema305x128.jpg","width":305,"height":128,"caption":"We Love Cinema"},"image":{"@id":"https:\/\/welovecinema.be\/nl\/#\/schema\/logo\/image\/"},"sameAs":["https:\/\/www.facebook.com\/welovecinema.be","https:\/\/www.youtube.com\/channel\/UCX5LYGVhnKvYauW4Nta4HJA","https:\/\/www.instagram.com\/welovecinema.be\/"]},{"@type":"Person","@id":"https:\/\/welovecinema.be\/nl\/#\/schema\/person\/8084b68c6b176142d073695c654dc7cf","name":"Aurore Engelen","url":"https:\/\/welovecinema.be\/fr\/author\/aurore-engelen\/"}]}},"_links":{"self":[{"href":"https:\/\/welovecinema.be\/fr\/wp-json\/wp\/v2\/posts\/220752","targetHints":{"allow":["GET"]}}],"collection":[{"href":"https:\/\/welovecinema.be\/fr\/wp-json\/wp\/v2\/posts"}],"about":[{"href":"https:\/\/welovecinema.be\/fr\/wp-json\/wp\/v2\/types\/post"}],"author":[{"embeddable":true,"href":"https:\/\/welovecinema.be\/fr\/wp-json\/wp\/v2\/users\/343"}],"replies":[{"embeddable":true,"href":"https:\/\/welovecinema.be\/fr\/wp-json\/wp\/v2\/comments?post=220752"}],"version-history":[{"count":0,"href":"https:\/\/welovecinema.be\/fr\/wp-json\/wp\/v2\/posts\/220752\/revisions"}],"wp:featuredmedia":[{"embeddable":true,"href":"https:\/\/welovecinema.be\/fr\/wp-json\/wp\/v2\/media\/220415"}],"wp:attachment":[{"href":"https:\/\/welovecinema.be\/fr\/wp-json\/wp\/v2\/media?parent=220752"}],"wp:term":[{"taxonomy":"category","embeddable":true,"href":"https:\/\/welovecinema.be\/fr\/wp-json\/wp\/v2\/categories?post=220752"},{"taxonomy":"post_tag","embeddable":true,"href":"https:\/\/welovecinema.be\/fr\/wp-json\/wp\/v2\/tags?post=220752"}],"curies":[{"name":"wp","href":"https:\/\/api.w.org\/{rel}","templated":true}]}}