{"id":220748,"date":"2019-07-02T10:05:17","date_gmt":"2019-07-02T08:05:17","guid":{"rendered":"https:\/\/www.cinevox.be\/?p=220748"},"modified":"2019-07-02T16:16:13","modified_gmt":"2019-07-02T14:16:13","slug":"benoit-poelvoorde-retrouve-jean-pierre-ameris","status":"publish","type":"post","link":"https:\/\/welovecinema.be\/fr\/benoit-poelvoorde-retrouve-jean-pierre-ameris\/","title":{"rendered":"Benoit Poelvoorde retrouve Jean-Pierre Am\u00e9ris"},"content":{"rendered":"<p><strong>Le com\u00e9dien belge tourne actuellement son troisi\u00e8me film avec le cin\u00e9aste fran\u00e7ais, qui lui a d\u00e9j\u00e0 offert deux r\u00f4les sur mesure dans <em>Les Emotifs Anonymes<\/em> et <em>Une famille \u00e0 louer<\/em>, des com\u00e9dies plus profondes qu&rsquo;il n&rsquo;y parait.<\/strong><\/p>\n<p><em>Profession du p\u00e8re<\/em> est une adaptation du roman \u00e9ponyme de Sojr Chalandon, l&rsquo;histoire d&rsquo;un p\u00e8re extraordinaire. Peut-\u00eatre trop. Le r\u00e9cit des aventures toujours plus folles finit par mettre la puce \u00e0 l&rsquo;oreille de ses proches: et s&rsquo;il \u00e9tait en train d&rsquo;inventer sa vie, et de leur mentir? L&rsquo;histoire, vue par Emile, 12 ans, se passe dans les ann\u00e9es 60, \u00e0 Lyon. Dans le r\u00f4le de la m\u00e8re, on retrouve Audrey Dana, et dans celui d&rsquo;Emile, le jeune Jules Lefebvre, d\u00e9couvert dans <em>Duelles<\/em>.<\/p>\n<p>On retrouvera le com\u00e9dien belge \u00e0 la rentr\u00e9e dans <em>Adoration<\/em>, de Fabrice du Welz, o\u00f9 il fait face aux jeunes Thomas Gioria et Fantine Harduin. Il s&rsquo;appr\u00eate par ailleurs \u00e0 tourner aux c\u00f4t\u00e9s de G\u00e9rard Depardieu et Christian Clavier dans <em>Do you do you Saint Tropez<\/em> de Nicolas Benamou, le r\u00e9alisateur notamment de <em>Babysitting<\/em>, et on le verra \u00e9galement dans <em>Comment je suis devenu un super h\u00e9ros<\/em> de Douglas Attal, avec Pio Marma\u00ef et Le\u00efla Bekhti.<\/p>\n","protected":false},"excerpt":{"rendered":"<p>Le com\u00e9dien belge tourne actuellement son troisi\u00e8me film avec le cin\u00e9aste fran\u00e7ais, qui lui a d\u00e9j\u00e0 offert deux r\u00f4les sur mesure dans Les Emotifs Anonymes et Une famille \u00e0 louer, des com\u00e9dies plus profondes qu&rsquo;il n&rsquo;y parait. Profession du p\u00e8re est une adaptation du roman \u00e9ponyme de Sojr Chalandon, l&rsquo;histoire d&rsquo;un p\u00e8re extraordinaire. Peut-\u00eatre trop. &hellip;<\/p>\n","protected":false},"author":343,"featured_media":201562,"comment_status":"closed","ping_status":"closed","sticky":false,"template":"","format":"standard","meta":{"ngg_post_thumbnail":0,"footnotes":""},"categories":[53],"tags":[4014],"class_list":["post-220748","post","type-post","status-publish","format-standard","has-post-thumbnail","","category-coming-soon","tag-benoit-poelvoorde-2"],"yoast_head":"<!-- This site is optimized with the Yoast SEO plugin v20.4 - https:\/\/yoast.com\/wordpress\/plugins\/seo\/ -->\n<title>Benoit Poelvoorde retrouve Jean-Pierre Am\u00e9ris - We Love Cinema<\/title>\n<meta name=\"robots\" content=\"index, follow, max-snippet:-1, max-image-preview:large, max-video-preview:-1\" \/>\n<link rel=\"canonical\" href=\"https:\/\/welovecinema.be\/fr\/benoit-poelvoorde-retrouve-jean-pierre-ameris\/\" \/>\n<meta property=\"og:locale\" content=\"fr_FR\" \/>\n<meta property=\"og:type\" content=\"article\" \/>\n<meta property=\"og:title\" content=\"Benoit Poelvoorde retrouve Jean-Pierre Am\u00e9ris - We Love Cinema\" \/>\n<meta property=\"og:description\" content=\"Le com\u00e9dien belge tourne actuellement son troisi\u00e8me film avec le cin\u00e9aste fran\u00e7ais, qui lui a d\u00e9j\u00e0 offert deux r\u00f4les sur mesure dans Les Emotifs Anonymes et Une famille \u00e0 louer, des com\u00e9dies plus profondes qu&rsquo;il n&rsquo;y parait. Profession du p\u00e8re est une adaptation du roman \u00e9ponyme de Sojr Chalandon, l&rsquo;histoire d&rsquo;un p\u00e8re extraordinaire. Peut-\u00eatre trop. &hellip;\" \/>\n<meta property=\"og:url\" content=\"https:\/\/welovecinema.be\/fr\/benoit-poelvoorde-retrouve-jean-pierre-ameris\/\" \/>\n<meta property=\"og:site_name\" content=\"We Love Cinema\" \/>\n<meta property=\"article:publisher\" content=\"https:\/\/www.facebook.com\/welovecinema.be\" \/>\n<meta property=\"article:published_time\" content=\"2019-07-02T08:05:17+00:00\" \/>\n<meta property=\"article:modified_time\" content=\"2019-07-02T14:16:13+00:00\" \/>\n<meta property=\"og:image\" content=\"https:\/\/welovecinema.be\/wp-content\/uploads\/sites\/2\/2017\/07\/Benoit-Poelvoorde-trois-coeurs.jpg\" \/>\n\t<meta property=\"og:image:width\" content=\"1200\" \/>\n\t<meta property=\"og:image:height\" content=\"628\" \/>\n\t<meta property=\"og:image:type\" content=\"image\/jpeg\" \/>\n<meta name=\"author\" content=\"Aurore Engelen\" \/>\n<meta name=\"twitter:card\" content=\"summary_large_image\" \/>\n<meta name=\"twitter:label1\" content=\"\u00c9crit par\" \/>\n\t<meta name=\"twitter:data1\" content=\"Aurore Engelen\" \/>\n\t<meta name=\"twitter:label2\" content=\"Dur\u00e9e de lecture estim\u00e9e\" \/>\n\t<meta name=\"twitter:data2\" content=\"1 minute\" \/>\n<script type=\"application\/ld+json\" class=\"yoast-schema-graph\">{\"@context\":\"https:\/\/schema.org\",\"@graph\":[{\"@type\":\"Article\",\"@id\":\"https:\/\/welovecinema.be\/fr\/benoit-poelvoorde-retrouve-jean-pierre-ameris\/#article\",\"isPartOf\":{\"@id\":\"https:\/\/welovecinema.be\/fr\/benoit-poelvoorde-retrouve-jean-pierre-ameris\/\"},\"author\":{\"name\":\"Aurore Engelen\",\"@id\":\"https:\/\/welovecinema.be\/nl\/#\/schema\/person\/8084b68c6b176142d073695c654dc7cf\"},\"headline\":\"Benoit Poelvoorde retrouve Jean-Pierre Am\u00e9ris\",\"datePublished\":\"2019-07-02T08:05:17+00:00\",\"dateModified\":\"2019-07-02T14:16:13+00:00\",\"mainEntityOfPage\":{\"@id\":\"https:\/\/welovecinema.be\/fr\/benoit-poelvoorde-retrouve-jean-pierre-ameris\/\"},\"wordCount\":228,\"publisher\":{\"@id\":\"https:\/\/welovecinema.be\/nl\/#organization\"},\"keywords\":[\"Benoit Poelvoorde\"],\"articleSection\":[\"Coming soon\"],\"inLanguage\":\"fr-FR\"},{\"@type\":\"WebPage\",\"@id\":\"https:\/\/welovecinema.be\/fr\/benoit-poelvoorde-retrouve-jean-pierre-ameris\/\",\"url\":\"https:\/\/welovecinema.be\/fr\/benoit-poelvoorde-retrouve-jean-pierre-ameris\/\",\"name\":\"Benoit Poelvoorde retrouve Jean-Pierre Am\u00e9ris - We Love Cinema\",\"isPartOf\":{\"@id\":\"https:\/\/welovecinema.be\/nl\/#website\"},\"datePublished\":\"2019-07-02T08:05:17+00:00\",\"dateModified\":\"2019-07-02T14:16:13+00:00\",\"breadcrumb\":{\"@id\":\"https:\/\/welovecinema.be\/fr\/benoit-poelvoorde-retrouve-jean-pierre-ameris\/#breadcrumb\"},\"inLanguage\":\"fr-FR\",\"potentialAction\":[{\"@type\":\"ReadAction\",\"target\":[\"https:\/\/welovecinema.be\/fr\/benoit-poelvoorde-retrouve-jean-pierre-ameris\/\"]}]},{\"@type\":\"BreadcrumbList\",\"@id\":\"https:\/\/welovecinema.be\/fr\/benoit-poelvoorde-retrouve-jean-pierre-ameris\/#breadcrumb\",\"itemListElement\":[{\"@type\":\"ListItem\",\"position\":1,\"name\":\"Accueil\",\"item\":\"https:\/\/welovecinema.be\/fr\/\"},{\"@type\":\"ListItem\",\"position\":2,\"name\":\"Benoit Poelvoorde retrouve Jean-Pierre Am\u00e9ris\"}]},{\"@type\":\"WebSite\",\"@id\":\"https:\/\/welovecinema.be\/nl\/#website\",\"url\":\"https:\/\/welovecinema.be\/nl\/\",\"name\":\"We Love Cinema\",\"description\":\"Toute l\u2019information du cin\u00e9ma en Belgique\",\"publisher\":{\"@id\":\"https:\/\/welovecinema.be\/nl\/#organization\"},\"potentialAction\":[{\"@type\":\"SearchAction\",\"target\":{\"@type\":\"EntryPoint\",\"urlTemplate\":\"https:\/\/welovecinema.be\/nl\/?s={search_term_string}\"},\"query-input\":\"required name=search_term_string\"}],\"inLanguage\":\"fr-FR\"},{\"@type\":\"Organization\",\"@id\":\"https:\/\/welovecinema.be\/nl\/#organization\",\"name\":\"We Love Cinema\",\"url\":\"https:\/\/welovecinema.be\/nl\/\",\"logo\":{\"@type\":\"ImageObject\",\"inLanguage\":\"fr-FR\",\"@id\":\"https:\/\/welovecinema.be\/nl\/#\/schema\/logo\/image\/\",\"url\":\"https:\/\/welovecinema.be\/wp-content\/uploads\/sites\/2\/2023\/03\/Logo-We-Love-Cinema305x128.jpg\",\"contentUrl\":\"https:\/\/welovecinema.be\/wp-content\/uploads\/sites\/2\/2023\/03\/Logo-We-Love-Cinema305x128.jpg\",\"width\":305,\"height\":128,\"caption\":\"We Love Cinema\"},\"image\":{\"@id\":\"https:\/\/welovecinema.be\/nl\/#\/schema\/logo\/image\/\"},\"sameAs\":[\"https:\/\/www.facebook.com\/welovecinema.be\",\"https:\/\/www.youtube.com\/channel\/UCX5LYGVhnKvYauW4Nta4HJA\",\"https:\/\/www.instagram.com\/welovecinema.be\/\"]},{\"@type\":\"Person\",\"@id\":\"https:\/\/welovecinema.be\/nl\/#\/schema\/person\/8084b68c6b176142d073695c654dc7cf\",\"name\":\"Aurore Engelen\",\"url\":\"https:\/\/welovecinema.be\/fr\/author\/aurore-engelen\/\"}]}<\/script>\n<!-- \/ Yoast SEO plugin. -->","yoast_head_json":{"title":"Benoit Poelvoorde retrouve Jean-Pierre Am\u00e9ris - We Love Cinema","robots":{"index":"index","follow":"follow","max-snippet":"max-snippet:-1","max-image-preview":"max-image-preview:large","max-video-preview":"max-video-preview:-1"},"canonical":"https:\/\/welovecinema.be\/fr\/benoit-poelvoorde-retrouve-jean-pierre-ameris\/","og_locale":"fr_FR","og_type":"article","og_title":"Benoit Poelvoorde retrouve Jean-Pierre Am\u00e9ris - We Love Cinema","og_description":"Le com\u00e9dien belge tourne actuellement son troisi\u00e8me film avec le cin\u00e9aste fran\u00e7ais, qui lui a d\u00e9j\u00e0 offert deux r\u00f4les sur mesure dans Les Emotifs Anonymes et Une famille \u00e0 louer, des com\u00e9dies plus profondes qu&rsquo;il n&rsquo;y parait. Profession du p\u00e8re est une adaptation du roman \u00e9ponyme de Sojr Chalandon, l&rsquo;histoire d&rsquo;un p\u00e8re extraordinaire. Peut-\u00eatre trop. &hellip;","og_url":"https:\/\/welovecinema.be\/fr\/benoit-poelvoorde-retrouve-jean-pierre-ameris\/","og_site_name":"We Love Cinema","article_publisher":"https:\/\/www.facebook.com\/welovecinema.be","article_published_time":"2019-07-02T08:05:17+00:00","article_modified_time":"2019-07-02T14:16:13+00:00","og_image":[{"width":1200,"height":628,"url":"https:\/\/welovecinema.be\/wp-content\/uploads\/sites\/2\/2017\/07\/Benoit-Poelvoorde-trois-coeurs.jpg","type":"image\/jpeg"}],"author":"Aurore Engelen","twitter_card":"summary_large_image","twitter_misc":{"\u00c9crit par":"Aurore Engelen","Dur\u00e9e de lecture estim\u00e9e":"1 minute"},"schema":{"@context":"https:\/\/schema.org","@graph":[{"@type":"Article","@id":"https:\/\/welovecinema.be\/fr\/benoit-poelvoorde-retrouve-jean-pierre-ameris\/#article","isPartOf":{"@id":"https:\/\/welovecinema.be\/fr\/benoit-poelvoorde-retrouve-jean-pierre-ameris\/"},"author":{"name":"Aurore Engelen","@id":"https:\/\/welovecinema.be\/nl\/#\/schema\/person\/8084b68c6b176142d073695c654dc7cf"},"headline":"Benoit Poelvoorde retrouve Jean-Pierre Am\u00e9ris","datePublished":"2019-07-02T08:05:17+00:00","dateModified":"2019-07-02T14:16:13+00:00","mainEntityOfPage":{"@id":"https:\/\/welovecinema.be\/fr\/benoit-poelvoorde-retrouve-jean-pierre-ameris\/"},"wordCount":228,"publisher":{"@id":"https:\/\/welovecinema.be\/nl\/#organization"},"keywords":["Benoit Poelvoorde"],"articleSection":["Coming soon"],"inLanguage":"fr-FR"},{"@type":"WebPage","@id":"https:\/\/welovecinema.be\/fr\/benoit-poelvoorde-retrouve-jean-pierre-ameris\/","url":"https:\/\/welovecinema.be\/fr\/benoit-poelvoorde-retrouve-jean-pierre-ameris\/","name":"Benoit Poelvoorde retrouve Jean-Pierre Am\u00e9ris - We Love Cinema","isPartOf":{"@id":"https:\/\/welovecinema.be\/nl\/#website"},"datePublished":"2019-07-02T08:05:17+00:00","dateModified":"2019-07-02T14:16:13+00:00","breadcrumb":{"@id":"https:\/\/welovecinema.be\/fr\/benoit-poelvoorde-retrouve-jean-pierre-ameris\/#breadcrumb"},"inLanguage":"fr-FR","potentialAction":[{"@type":"ReadAction","target":["https:\/\/welovecinema.be\/fr\/benoit-poelvoorde-retrouve-jean-pierre-ameris\/"]}]},{"@type":"BreadcrumbList","@id":"https:\/\/welovecinema.be\/fr\/benoit-poelvoorde-retrouve-jean-pierre-ameris\/#breadcrumb","itemListElement":[{"@type":"ListItem","position":1,"name":"Accueil","item":"https:\/\/welovecinema.be\/fr\/"},{"@type":"ListItem","position":2,"name":"Benoit Poelvoorde retrouve Jean-Pierre Am\u00e9ris"}]},{"@type":"WebSite","@id":"https:\/\/welovecinema.be\/nl\/#website","url":"https:\/\/welovecinema.be\/nl\/","name":"We Love Cinema","description":"Toute l\u2019information du cin\u00e9ma en Belgique","publisher":{"@id":"https:\/\/welovecinema.be\/nl\/#organization"},"potentialAction":[{"@type":"SearchAction","target":{"@type":"EntryPoint","urlTemplate":"https:\/\/welovecinema.be\/nl\/?s={search_term_string}"},"query-input":"required name=search_term_string"}],"inLanguage":"fr-FR"},{"@type":"Organization","@id":"https:\/\/welovecinema.be\/nl\/#organization","name":"We Love Cinema","url":"https:\/\/welovecinema.be\/nl\/","logo":{"@type":"ImageObject","inLanguage":"fr-FR","@id":"https:\/\/welovecinema.be\/nl\/#\/schema\/logo\/image\/","url":"https:\/\/welovecinema.be\/wp-content\/uploads\/sites\/2\/2023\/03\/Logo-We-Love-Cinema305x128.jpg","contentUrl":"https:\/\/welovecinema.be\/wp-content\/uploads\/sites\/2\/2023\/03\/Logo-We-Love-Cinema305x128.jpg","width":305,"height":128,"caption":"We Love Cinema"},"image":{"@id":"https:\/\/welovecinema.be\/nl\/#\/schema\/logo\/image\/"},"sameAs":["https:\/\/www.facebook.com\/welovecinema.be","https:\/\/www.youtube.com\/channel\/UCX5LYGVhnKvYauW4Nta4HJA","https:\/\/www.instagram.com\/welovecinema.be\/"]},{"@type":"Person","@id":"https:\/\/welovecinema.be\/nl\/#\/schema\/person\/8084b68c6b176142d073695c654dc7cf","name":"Aurore Engelen","url":"https:\/\/welovecinema.be\/fr\/author\/aurore-engelen\/"}]}},"_links":{"self":[{"href":"https:\/\/welovecinema.be\/fr\/wp-json\/wp\/v2\/posts\/220748","targetHints":{"allow":["GET"]}}],"collection":[{"href":"https:\/\/welovecinema.be\/fr\/wp-json\/wp\/v2\/posts"}],"about":[{"href":"https:\/\/welovecinema.be\/fr\/wp-json\/wp\/v2\/types\/post"}],"author":[{"embeddable":true,"href":"https:\/\/welovecinema.be\/fr\/wp-json\/wp\/v2\/users\/343"}],"replies":[{"embeddable":true,"href":"https:\/\/welovecinema.be\/fr\/wp-json\/wp\/v2\/comments?post=220748"}],"version-history":[{"count":0,"href":"https:\/\/welovecinema.be\/fr\/wp-json\/wp\/v2\/posts\/220748\/revisions"}],"wp:featuredmedia":[{"embeddable":true,"href":"https:\/\/welovecinema.be\/fr\/wp-json\/wp\/v2\/media\/201562"}],"wp:attachment":[{"href":"https:\/\/welovecinema.be\/fr\/wp-json\/wp\/v2\/media?parent=220748"}],"wp:term":[{"taxonomy":"category","embeddable":true,"href":"https:\/\/welovecinema.be\/fr\/wp-json\/wp\/v2\/categories?post=220748"},{"taxonomy":"post_tag","embeddable":true,"href":"https:\/\/welovecinema.be\/fr\/wp-json\/wp\/v2\/tags?post=220748"}],"curies":[{"name":"wp","href":"https:\/\/api.w.org\/{rel}","templated":true}]}}