{"id":220525,"date":"2019-06-18T09:34:47","date_gmt":"2019-06-18T07:34:47","guid":{"rendered":"https:\/\/www.cinevox.be\/?p=220525"},"modified":"2019-06-18T09:34:47","modified_gmt":"2019-06-18T07:34:47","slug":"table-ronde-les-femmes-sont-la-au-briff","status":"publish","type":"post","link":"https:\/\/welovecinema.be\/fr\/table-ronde-les-femmes-sont-la-au-briff\/","title":{"rendered":"Table ronde \u00ab\u00a0Les femmes sont l\u00e0\u00a0\u00bb au BRIFF"},"content":{"rendered":"<p><strong>R\u00e9alisatrices, actrices, monteuses, cheffes op\u00e9ratrices, productrices, les femmes sont l\u00e0 dans le cin\u00e9ma, mais qui les voit? 5 d\u2019entre elles t\u00e9moignent \u00e0 l\u2019occasion de la rencontre organis\u00e9e par le Collectif <em>Elles font des films<\/em> qui aura lieu ce vendredi dans le cadre du BRIFF. Venez rencontrer Virginie Gourmel (r\u00e9alisatrice), Salom\u00e9 Richard (r\u00e9alisatrice et com\u00e9dienne), G\u00e9raldine Sprimont (productrice), Sophie Vercruysse (cheffe monteuse image) et Marie Paulus (ing\u00e9nieure du son).<\/strong><\/p>\n<p class=\"p1\"><span class=\"s1\">Le collectif <i>Elles font des films <\/i>cr\u00e9\u00e9 il y a deux ans vous invite \u00e0 sa premi\u00e8re table ronde \u00ab\u00a0Les femmes sont l\u00e0\u00a0\u00bb qui aura lieu le vendredi 21 juin \u00e0 16h au chapiteau du BRIFF.<\/span><\/p>\n<p class=\"p1\">Vous pourrez \u00e9changer de la place des femmes au quotidien dans le cin\u00e9ma belge avec:<\/p>\n<p class=\"p7\"><span class=\"s1\"><strong>Virginie Gourmel &#8211; R\u00e9alisatrice<\/strong> <\/span><\/p>\n<p class=\"p8\"><span class=\"s1\">Chef-op\u00e9ratrice de profession, elle est aussi pass\u00e9e \u00e0 la r\u00e9alisation. <a href=\"https:\/\/www.cinevox.be\/fr\/cavale-fugue-adolescente-au-feminin-pluriel\/\"><i>Cavale<\/i><\/a>, son premier long m\u00e9trage en comp\u00e9tition nationale au BRIFF, sort en salles le 26 juin.<\/span><\/p>\n<p class=\"p10\"><strong><span class=\"s1\">Marie Paulus &#8211; Ing\u00e9nieure du son<\/span><\/strong><\/p>\n<p class=\"p8\"><span class=\"s1\">Alternant d\u2019abord prise de son et montage, elle se consacre \u00e0 pr\u00e9sent essentiellement au plateau, en documentaire comme en fiction. En salle actuellement, <a href=\"https:\/\/www.cinevox.be\/fr\/la-grand-messe-lart-de-lattente\/\"><i>La Grand-Messe<\/i> <\/a>de M\u00e9ryl Fortunat-Rossi et Val\u00e9ry Rosier.<\/span><\/p>\n<p><strong><span class=\"s1\">Salom\u00e9 Richard &#8211; Com\u00e9dienne &amp; R\u00e9alisatrice<\/span><\/strong><\/p>\n<p class=\"p12\"><span class=\"s1\">Magritte de l\u2019Espoir f\u00e9minin en 2017 pour <a href=\"https:\/\/www.cinevox.be\/fr\/baden-baden-ana-se-jette-a-leau\/\"><em>Baden Baden<\/em><\/a>. Elle \u00e9tait \u00e0 l\u2019ACID \u00e0 Cannes cette ann\u00e9e pour pr\u00e9senter <i>R\u00eaves de jeunesse<\/i> d\u2019Alain Raoust. Elle a \u00e9galement<span class=\"Apple-converted-space\">\u00a0 <\/span>r\u00e9alis\u00e9 2 courts-m\u00e9trages. (cf <a href=\"https:\/\/www.cinevox.be\/fr\/instacannes-salome-richard\/\">2mn avec&#8230; Salom\u00e9 Richard<\/a>)<\/span><\/p>\n<p class=\"p10\"><strong><span class=\"s1\">G\u00e9raldine Sprimont &#8211; Productrice (Need productions)<\/span><\/strong><\/p>\n<p class=\"p12\"><span class=\"s1\">Elle d\u00e9veloppe des projets ambitieux comme le r\u00e9cent <a href=\"https:\/\/www.cinevox.be\/fr\/nuestras-madres-la-resilience-des-meres\/\"><i>Nuestras Madres <\/i><\/a>qui a re\u00e7u trois prix dont la Cam\u00e9ra d\u2019or au dernier festival de Cannes.<\/span><\/p>\n<p class=\"p10\"><strong><span class=\"s1\">Sophie Vercruysse &#8211; Cheffe monteuse image<\/span><\/strong><\/p>\n<p class=\"p12\"><span class=\"s1\">Magritte 2013 pour <i>A perdre la raison<\/i>, elle a mont\u00e9 r\u00e9cemment <i>Ceux qui travaillent <\/i>d\u2019Antoine Russbach et <i>Fortuna <\/i>de Germinal Roaux.<\/span><\/p>\n<p>&nbsp;<\/p>\n<p class=\"p10\"><span class=\"s1\">La rencontre sera anim\u00e9e par la journaliste Florence Hainaut. Rendez-vous au BRIFF!<\/span><\/p>\n","protected":false},"excerpt":{"rendered":"<p>R\u00e9alisatrices, actrices, monteuses, cheffes op\u00e9ratrices, productrices, les femmes sont l\u00e0 dans le cin\u00e9ma, mais qui les voit? 5 d\u2019entre elles t\u00e9moignent \u00e0 l\u2019occasion de la rencontre organis\u00e9e par le Collectif Elles font des films qui aura lieu ce vendredi dans le cadre du BRIFF. Venez rencontrer Virginie Gourmel (r\u00e9alisatrice), Salom\u00e9 Richard (r\u00e9alisatrice et com\u00e9dienne), G\u00e9raldine &hellip;<\/p>\n","protected":false},"author":343,"featured_media":220526,"comment_status":"closed","ping_status":"closed","sticky":false,"template":"","format":"standard","meta":{"ngg_post_thumbnail":0,"footnotes":""},"categories":[12],"tags":[],"class_list":["post-220525","post","type-post","status-publish","format-standard","has-post-thumbnail","","category-awards"],"yoast_head":"<!-- This site is optimized with the Yoast SEO plugin v20.4 - https:\/\/yoast.com\/wordpress\/plugins\/seo\/ -->\n<title>Table ronde &quot;Les femmes sont l\u00e0&quot; au BRIFF - We Love Cinema<\/title>\n<meta name=\"robots\" content=\"index, follow, max-snippet:-1, max-image-preview:large, max-video-preview:-1\" \/>\n<link rel=\"canonical\" href=\"https:\/\/welovecinema.be\/fr\/table-ronde-les-femmes-sont-la-au-briff\/\" \/>\n<meta property=\"og:locale\" content=\"fr_FR\" \/>\n<meta property=\"og:type\" content=\"article\" \/>\n<meta property=\"og:title\" content=\"Table ronde &quot;Les femmes sont l\u00e0&quot; au BRIFF - We Love Cinema\" \/>\n<meta property=\"og:description\" content=\"R\u00e9alisatrices, actrices, monteuses, cheffes op\u00e9ratrices, productrices, les femmes sont l\u00e0 dans le cin\u00e9ma, mais qui les voit? 5 d\u2019entre elles t\u00e9moignent \u00e0 l\u2019occasion de la rencontre organis\u00e9e par le Collectif Elles font des films qui aura lieu ce vendredi dans le cadre du BRIFF. Venez rencontrer Virginie Gourmel (r\u00e9alisatrice), Salom\u00e9 Richard (r\u00e9alisatrice et com\u00e9dienne), G\u00e9raldine &hellip;\" \/>\n<meta property=\"og:url\" content=\"https:\/\/welovecinema.be\/fr\/table-ronde-les-femmes-sont-la-au-briff\/\" \/>\n<meta property=\"og:site_name\" content=\"We Love Cinema\" \/>\n<meta property=\"article:publisher\" content=\"https:\/\/www.facebook.com\/welovecinema.be\" \/>\n<meta property=\"article:published_time\" content=\"2019-06-18T07:34:47+00:00\" \/>\n<meta property=\"og:image\" content=\"https:\/\/welovecinema.be\/wp-content\/uploads\/sites\/2\/2019\/06\/64397700_10157254987250902_6509195358550097920_n.jpg\" \/>\n\t<meta property=\"og:image:width\" content=\"674\" \/>\n\t<meta property=\"og:image:height\" content=\"300\" \/>\n\t<meta property=\"og:image:type\" content=\"image\/jpeg\" \/>\n<meta name=\"author\" content=\"Aurore Engelen\" \/>\n<meta name=\"twitter:card\" content=\"summary_large_image\" \/>\n<meta name=\"twitter:label1\" content=\"\u00c9crit par\" \/>\n\t<meta name=\"twitter:data1\" content=\"Aurore Engelen\" \/>\n\t<meta name=\"twitter:label2\" content=\"Dur\u00e9e de lecture estim\u00e9e\" \/>\n\t<meta name=\"twitter:data2\" content=\"2 minutes\" \/>\n<script type=\"application\/ld+json\" class=\"yoast-schema-graph\">{\"@context\":\"https:\/\/schema.org\",\"@graph\":[{\"@type\":\"Article\",\"@id\":\"https:\/\/welovecinema.be\/fr\/table-ronde-les-femmes-sont-la-au-briff\/#article\",\"isPartOf\":{\"@id\":\"https:\/\/welovecinema.be\/fr\/table-ronde-les-femmes-sont-la-au-briff\/\"},\"author\":{\"name\":\"Aurore Engelen\",\"@id\":\"https:\/\/welovecinema.be\/nl\/#\/schema\/person\/8084b68c6b176142d073695c654dc7cf\"},\"headline\":\"Table ronde \u00ab\u00a0Les femmes sont l\u00e0\u00a0\u00bb au BRIFF\",\"datePublished\":\"2019-06-18T07:34:47+00:00\",\"dateModified\":\"2019-06-18T07:34:47+00:00\",\"mainEntityOfPage\":{\"@id\":\"https:\/\/welovecinema.be\/fr\/table-ronde-les-femmes-sont-la-au-briff\/\"},\"wordCount\":337,\"publisher\":{\"@id\":\"https:\/\/welovecinema.be\/nl\/#organization\"},\"articleSection\":[\"Evenements\"],\"inLanguage\":\"fr-FR\"},{\"@type\":\"WebPage\",\"@id\":\"https:\/\/welovecinema.be\/fr\/table-ronde-les-femmes-sont-la-au-briff\/\",\"url\":\"https:\/\/welovecinema.be\/fr\/table-ronde-les-femmes-sont-la-au-briff\/\",\"name\":\"Table ronde \\\"Les femmes sont l\u00e0\\\" au BRIFF - We Love Cinema\",\"isPartOf\":{\"@id\":\"https:\/\/welovecinema.be\/nl\/#website\"},\"datePublished\":\"2019-06-18T07:34:47+00:00\",\"dateModified\":\"2019-06-18T07:34:47+00:00\",\"breadcrumb\":{\"@id\":\"https:\/\/welovecinema.be\/fr\/table-ronde-les-femmes-sont-la-au-briff\/#breadcrumb\"},\"inLanguage\":\"fr-FR\",\"potentialAction\":[{\"@type\":\"ReadAction\",\"target\":[\"https:\/\/welovecinema.be\/fr\/table-ronde-les-femmes-sont-la-au-briff\/\"]}]},{\"@type\":\"BreadcrumbList\",\"@id\":\"https:\/\/welovecinema.be\/fr\/table-ronde-les-femmes-sont-la-au-briff\/#breadcrumb\",\"itemListElement\":[{\"@type\":\"ListItem\",\"position\":1,\"name\":\"Accueil\",\"item\":\"https:\/\/welovecinema.be\/fr\/\"},{\"@type\":\"ListItem\",\"position\":2,\"name\":\"Table ronde \u00ab\u00a0Les femmes sont l\u00e0\u00a0\u00bb au BRIFF\"}]},{\"@type\":\"WebSite\",\"@id\":\"https:\/\/welovecinema.be\/nl\/#website\",\"url\":\"https:\/\/welovecinema.be\/nl\/\",\"name\":\"We Love Cinema\",\"description\":\"Toute l\u2019information du cin\u00e9ma en Belgique\",\"publisher\":{\"@id\":\"https:\/\/welovecinema.be\/nl\/#organization\"},\"potentialAction\":[{\"@type\":\"SearchAction\",\"target\":{\"@type\":\"EntryPoint\",\"urlTemplate\":\"https:\/\/welovecinema.be\/nl\/?s={search_term_string}\"},\"query-input\":\"required name=search_term_string\"}],\"inLanguage\":\"fr-FR\"},{\"@type\":\"Organization\",\"@id\":\"https:\/\/welovecinema.be\/nl\/#organization\",\"name\":\"We Love Cinema\",\"url\":\"https:\/\/welovecinema.be\/nl\/\",\"logo\":{\"@type\":\"ImageObject\",\"inLanguage\":\"fr-FR\",\"@id\":\"https:\/\/welovecinema.be\/nl\/#\/schema\/logo\/image\/\",\"url\":\"https:\/\/welovecinema.be\/wp-content\/uploads\/sites\/2\/2023\/03\/Logo-We-Love-Cinema305x128.jpg\",\"contentUrl\":\"https:\/\/welovecinema.be\/wp-content\/uploads\/sites\/2\/2023\/03\/Logo-We-Love-Cinema305x128.jpg\",\"width\":305,\"height\":128,\"caption\":\"We Love Cinema\"},\"image\":{\"@id\":\"https:\/\/welovecinema.be\/nl\/#\/schema\/logo\/image\/\"},\"sameAs\":[\"https:\/\/www.facebook.com\/welovecinema.be\",\"https:\/\/www.youtube.com\/channel\/UCX5LYGVhnKvYauW4Nta4HJA\",\"https:\/\/www.instagram.com\/welovecinema.be\/\"]},{\"@type\":\"Person\",\"@id\":\"https:\/\/welovecinema.be\/nl\/#\/schema\/person\/8084b68c6b176142d073695c654dc7cf\",\"name\":\"Aurore Engelen\",\"url\":\"https:\/\/welovecinema.be\/fr\/author\/aurore-engelen\/\"}]}<\/script>\n<!-- \/ Yoast SEO plugin. -->","yoast_head_json":{"title":"Table ronde \"Les femmes sont l\u00e0\" au BRIFF - We Love Cinema","robots":{"index":"index","follow":"follow","max-snippet":"max-snippet:-1","max-image-preview":"max-image-preview:large","max-video-preview":"max-video-preview:-1"},"canonical":"https:\/\/welovecinema.be\/fr\/table-ronde-les-femmes-sont-la-au-briff\/","og_locale":"fr_FR","og_type":"article","og_title":"Table ronde \"Les femmes sont l\u00e0\" au BRIFF - We Love Cinema","og_description":"R\u00e9alisatrices, actrices, monteuses, cheffes op\u00e9ratrices, productrices, les femmes sont l\u00e0 dans le cin\u00e9ma, mais qui les voit? 5 d\u2019entre elles t\u00e9moignent \u00e0 l\u2019occasion de la rencontre organis\u00e9e par le Collectif Elles font des films qui aura lieu ce vendredi dans le cadre du BRIFF. Venez rencontrer Virginie Gourmel (r\u00e9alisatrice), Salom\u00e9 Richard (r\u00e9alisatrice et com\u00e9dienne), G\u00e9raldine &hellip;","og_url":"https:\/\/welovecinema.be\/fr\/table-ronde-les-femmes-sont-la-au-briff\/","og_site_name":"We Love Cinema","article_publisher":"https:\/\/www.facebook.com\/welovecinema.be","article_published_time":"2019-06-18T07:34:47+00:00","og_image":[{"width":674,"height":300,"url":"https:\/\/welovecinema.be\/wp-content\/uploads\/sites\/2\/2019\/06\/64397700_10157254987250902_6509195358550097920_n.jpg","type":"image\/jpeg"}],"author":"Aurore Engelen","twitter_card":"summary_large_image","twitter_misc":{"\u00c9crit par":"Aurore Engelen","Dur\u00e9e de lecture estim\u00e9e":"2 minutes"},"schema":{"@context":"https:\/\/schema.org","@graph":[{"@type":"Article","@id":"https:\/\/welovecinema.be\/fr\/table-ronde-les-femmes-sont-la-au-briff\/#article","isPartOf":{"@id":"https:\/\/welovecinema.be\/fr\/table-ronde-les-femmes-sont-la-au-briff\/"},"author":{"name":"Aurore Engelen","@id":"https:\/\/welovecinema.be\/nl\/#\/schema\/person\/8084b68c6b176142d073695c654dc7cf"},"headline":"Table ronde \u00ab\u00a0Les femmes sont l\u00e0\u00a0\u00bb au BRIFF","datePublished":"2019-06-18T07:34:47+00:00","dateModified":"2019-06-18T07:34:47+00:00","mainEntityOfPage":{"@id":"https:\/\/welovecinema.be\/fr\/table-ronde-les-femmes-sont-la-au-briff\/"},"wordCount":337,"publisher":{"@id":"https:\/\/welovecinema.be\/nl\/#organization"},"articleSection":["Evenements"],"inLanguage":"fr-FR"},{"@type":"WebPage","@id":"https:\/\/welovecinema.be\/fr\/table-ronde-les-femmes-sont-la-au-briff\/","url":"https:\/\/welovecinema.be\/fr\/table-ronde-les-femmes-sont-la-au-briff\/","name":"Table ronde \"Les femmes sont l\u00e0\" au BRIFF - We Love Cinema","isPartOf":{"@id":"https:\/\/welovecinema.be\/nl\/#website"},"datePublished":"2019-06-18T07:34:47+00:00","dateModified":"2019-06-18T07:34:47+00:00","breadcrumb":{"@id":"https:\/\/welovecinema.be\/fr\/table-ronde-les-femmes-sont-la-au-briff\/#breadcrumb"},"inLanguage":"fr-FR","potentialAction":[{"@type":"ReadAction","target":["https:\/\/welovecinema.be\/fr\/table-ronde-les-femmes-sont-la-au-briff\/"]}]},{"@type":"BreadcrumbList","@id":"https:\/\/welovecinema.be\/fr\/table-ronde-les-femmes-sont-la-au-briff\/#breadcrumb","itemListElement":[{"@type":"ListItem","position":1,"name":"Accueil","item":"https:\/\/welovecinema.be\/fr\/"},{"@type":"ListItem","position":2,"name":"Table ronde \u00ab\u00a0Les femmes sont l\u00e0\u00a0\u00bb au BRIFF"}]},{"@type":"WebSite","@id":"https:\/\/welovecinema.be\/nl\/#website","url":"https:\/\/welovecinema.be\/nl\/","name":"We Love Cinema","description":"Toute l\u2019information du cin\u00e9ma en Belgique","publisher":{"@id":"https:\/\/welovecinema.be\/nl\/#organization"},"potentialAction":[{"@type":"SearchAction","target":{"@type":"EntryPoint","urlTemplate":"https:\/\/welovecinema.be\/nl\/?s={search_term_string}"},"query-input":"required name=search_term_string"}],"inLanguage":"fr-FR"},{"@type":"Organization","@id":"https:\/\/welovecinema.be\/nl\/#organization","name":"We Love Cinema","url":"https:\/\/welovecinema.be\/nl\/","logo":{"@type":"ImageObject","inLanguage":"fr-FR","@id":"https:\/\/welovecinema.be\/nl\/#\/schema\/logo\/image\/","url":"https:\/\/welovecinema.be\/wp-content\/uploads\/sites\/2\/2023\/03\/Logo-We-Love-Cinema305x128.jpg","contentUrl":"https:\/\/welovecinema.be\/wp-content\/uploads\/sites\/2\/2023\/03\/Logo-We-Love-Cinema305x128.jpg","width":305,"height":128,"caption":"We Love Cinema"},"image":{"@id":"https:\/\/welovecinema.be\/nl\/#\/schema\/logo\/image\/"},"sameAs":["https:\/\/www.facebook.com\/welovecinema.be","https:\/\/www.youtube.com\/channel\/UCX5LYGVhnKvYauW4Nta4HJA","https:\/\/www.instagram.com\/welovecinema.be\/"]},{"@type":"Person","@id":"https:\/\/welovecinema.be\/nl\/#\/schema\/person\/8084b68c6b176142d073695c654dc7cf","name":"Aurore Engelen","url":"https:\/\/welovecinema.be\/fr\/author\/aurore-engelen\/"}]}},"_links":{"self":[{"href":"https:\/\/welovecinema.be\/fr\/wp-json\/wp\/v2\/posts\/220525","targetHints":{"allow":["GET"]}}],"collection":[{"href":"https:\/\/welovecinema.be\/fr\/wp-json\/wp\/v2\/posts"}],"about":[{"href":"https:\/\/welovecinema.be\/fr\/wp-json\/wp\/v2\/types\/post"}],"author":[{"embeddable":true,"href":"https:\/\/welovecinema.be\/fr\/wp-json\/wp\/v2\/users\/343"}],"replies":[{"embeddable":true,"href":"https:\/\/welovecinema.be\/fr\/wp-json\/wp\/v2\/comments?post=220525"}],"version-history":[{"count":0,"href":"https:\/\/welovecinema.be\/fr\/wp-json\/wp\/v2\/posts\/220525\/revisions"}],"wp:featuredmedia":[{"embeddable":true,"href":"https:\/\/welovecinema.be\/fr\/wp-json\/wp\/v2\/media\/220526"}],"wp:attachment":[{"href":"https:\/\/welovecinema.be\/fr\/wp-json\/wp\/v2\/media?parent=220525"}],"wp:term":[{"taxonomy":"category","embeddable":true,"href":"https:\/\/welovecinema.be\/fr\/wp-json\/wp\/v2\/categories?post=220525"},{"taxonomy":"post_tag","embeddable":true,"href":"https:\/\/welovecinema.be\/fr\/wp-json\/wp\/v2\/tags?post=220525"}],"curies":[{"name":"wp","href":"https:\/\/api.w.org\/{rel}","templated":true}]}}