{"id":220172,"date":"2019-05-30T10:44:52","date_gmt":"2019-05-30T08:44:52","guid":{"rendered":"https:\/\/www.cinevox.be\/?p=220172"},"modified":"2019-06-03T10:31:57","modified_gmt":"2019-06-03T08:31:57","slug":"emilie-dequenne-fete-ses-20-ans-de-carriere-au-briff","status":"publish","type":"post","link":"https:\/\/welovecinema.be\/fr\/emilie-dequenne-fete-ses-20-ans-de-carriere-au-briff\/","title":{"rendered":"Emilie Dequenne f\u00eate ses 20 ans&#8230; de carri\u00e8re au BRIFF!"},"content":{"rendered":"<p><strong>A la voir on n&rsquo;y croirait pas, et pourtant&#8230; Emilie Dequenne f\u00eate cette ann\u00e9e ses 20 ans de carri\u00e8re. Un double, voire un triple anniversaire, puisqu&rsquo;elle f\u00eate \u00e9galement les 20 ans de son Prix d&rsquo;interpr\u00e9tation cannois, et de la Palme d&rsquo;or de <em>Rosetta<\/em> des fr\u00e8res Dardenne.\u00a0<\/strong><\/p>\n<p>En effet il y a 20 ans, presque jour pour jour, Emilie Dequenne recevait le Prix d\u2019interpr\u00e9tation f\u00e9minine pour son r\u00f4le dans <i>Rosetta\u00a0<\/i>de Luc et Jean-Pierre Dardenne. Quelques minutes plus tard, les fr\u00e8res Dardenne recevaient la Palme d\u2019Or. Leur premi\u00e8re \u2026<\/p>\n<p>20 ans plus tard donc, le BRIFF a l\u2019immense honneur d\u2019accueillir Emilie Dequenne. L\u2019occasion d\u2019une rencontre exceptionnelle et de revenir sur les films les plus marquants de sa carri\u00e8re, qui commence \u00e0 17 ans par un prix d\u2019interpr\u00e9tation \u00e0 Cannes\u2026<\/p>\n<p>Le 24 juin,\u00a0<i>Rosetta\u00a0<\/i>sera projet\u00e9 au BRIFF dans le cadre du focus qui est consacr\u00e9 \u00e0 la com\u00e9dienne.<\/p>\n<p>Pour le reste du programme, rendez-vous la semaine prochaine, puisque le BRIFF d\u00e9voilera sa programmation le 6 juin!<\/p>\n<h4>A LIRE AUSSI<\/h4>\n<p><a href=\"https:\/\/www.cinevox.be\/fr\/retour-rosetta-memoires-dune-jeune-fille-determinee\/\">Retour sur&#8230; <em>Rosetta<\/em>, m\u00e9moires d&rsquo;une jeune fille d\u00e9termin\u00e9e<\/a><\/p>\n","protected":false},"excerpt":{"rendered":"<p>A la voir on n&rsquo;y croirait pas, et pourtant&#8230; Emilie Dequenne f\u00eate cette ann\u00e9e ses 20 ans de carri\u00e8re. Un double, voire un triple anniversaire, puisqu&rsquo;elle f\u00eate \u00e9galement les 20 ans de son Prix d&rsquo;interpr\u00e9tation cannois, et de la Palme d&rsquo;or de Rosetta des fr\u00e8res Dardenne.\u00a0 En effet il y a 20 ans, presque jour &hellip;<\/p>\n","protected":false},"author":343,"featured_media":220173,"comment_status":"closed","ping_status":"closed","sticky":false,"template":"","format":"standard","meta":{"ngg_post_thumbnail":0,"footnotes":""},"categories":[53],"tags":[4332,4187],"class_list":["post-220172","post","type-post","status-publish","format-standard","has-post-thumbnail","","category-coming-soon","tag-emilie-dequenne-2","tag-newsletter-fr"],"yoast_head":"<!-- This site is optimized with the Yoast SEO plugin v20.4 - https:\/\/yoast.com\/wordpress\/plugins\/seo\/ -->\n<title>Emilie Dequenne f\u00eate ses 20 ans... de carri\u00e8re au BRIFF! - We Love Cinema<\/title>\n<meta name=\"robots\" content=\"index, follow, max-snippet:-1, max-image-preview:large, max-video-preview:-1\" \/>\n<link rel=\"canonical\" href=\"https:\/\/welovecinema.be\/fr\/emilie-dequenne-fete-ses-20-ans-de-carriere-au-briff\/\" \/>\n<meta property=\"og:locale\" content=\"fr_FR\" \/>\n<meta property=\"og:type\" content=\"article\" \/>\n<meta property=\"og:title\" content=\"Emilie Dequenne f\u00eate ses 20 ans... de carri\u00e8re au BRIFF! - We Love Cinema\" \/>\n<meta property=\"og:description\" content=\"A la voir on n&rsquo;y croirait pas, et pourtant&#8230; Emilie Dequenne f\u00eate cette ann\u00e9e ses 20 ans de carri\u00e8re. Un double, voire un triple anniversaire, puisqu&rsquo;elle f\u00eate \u00e9galement les 20 ans de son Prix d&rsquo;interpr\u00e9tation cannois, et de la Palme d&rsquo;or de Rosetta des fr\u00e8res Dardenne.\u00a0 En effet il y a 20 ans, presque jour &hellip;\" \/>\n<meta property=\"og:url\" content=\"https:\/\/welovecinema.be\/fr\/emilie-dequenne-fete-ses-20-ans-de-carriere-au-briff\/\" \/>\n<meta property=\"og:site_name\" content=\"We Love Cinema\" \/>\n<meta property=\"article:publisher\" content=\"https:\/\/www.facebook.com\/welovecinema.be\" \/>\n<meta property=\"article:published_time\" content=\"2019-05-30T08:44:52+00:00\" \/>\n<meta property=\"article:modified_time\" content=\"2019-06-03T08:31:57+00:00\" \/>\n<meta property=\"og:image\" content=\"https:\/\/welovecinema.be\/wp-content\/uploads\/sites\/2\/2019\/05\/Emilie-Dequenne-BRIFF.jpg\" \/>\n\t<meta property=\"og:image:width\" content=\"550\" \/>\n\t<meta property=\"og:image:height\" content=\"282\" \/>\n\t<meta property=\"og:image:type\" content=\"image\/jpeg\" \/>\n<meta name=\"author\" content=\"Aurore Engelen\" \/>\n<meta name=\"twitter:card\" content=\"summary_large_image\" \/>\n<meta name=\"twitter:label1\" content=\"\u00c9crit par\" \/>\n\t<meta name=\"twitter:data1\" content=\"Aurore Engelen\" \/>\n\t<meta name=\"twitter:label2\" content=\"Dur\u00e9e de lecture estim\u00e9e\" \/>\n\t<meta name=\"twitter:data2\" content=\"1 minute\" \/>\n<script type=\"application\/ld+json\" class=\"yoast-schema-graph\">{\"@context\":\"https:\/\/schema.org\",\"@graph\":[{\"@type\":\"Article\",\"@id\":\"https:\/\/welovecinema.be\/fr\/emilie-dequenne-fete-ses-20-ans-de-carriere-au-briff\/#article\",\"isPartOf\":{\"@id\":\"https:\/\/welovecinema.be\/fr\/emilie-dequenne-fete-ses-20-ans-de-carriere-au-briff\/\"},\"author\":{\"name\":\"Aurore Engelen\",\"@id\":\"https:\/\/welovecinema.be\/nl\/#\/schema\/person\/8084b68c6b176142d073695c654dc7cf\"},\"headline\":\"Emilie Dequenne f\u00eate ses 20 ans&#8230; de carri\u00e8re au BRIFF!\",\"datePublished\":\"2019-05-30T08:44:52+00:00\",\"dateModified\":\"2019-06-03T08:31:57+00:00\",\"mainEntityOfPage\":{\"@id\":\"https:\/\/welovecinema.be\/fr\/emilie-dequenne-fete-ses-20-ans-de-carriere-au-briff\/\"},\"wordCount\":206,\"publisher\":{\"@id\":\"https:\/\/welovecinema.be\/nl\/#organization\"},\"keywords\":[\"Emilie Dequenne\",\"newsletter\"],\"articleSection\":[\"Coming soon\"],\"inLanguage\":\"fr-FR\"},{\"@type\":\"WebPage\",\"@id\":\"https:\/\/welovecinema.be\/fr\/emilie-dequenne-fete-ses-20-ans-de-carriere-au-briff\/\",\"url\":\"https:\/\/welovecinema.be\/fr\/emilie-dequenne-fete-ses-20-ans-de-carriere-au-briff\/\",\"name\":\"Emilie Dequenne f\u00eate ses 20 ans... de carri\u00e8re au BRIFF! - We Love Cinema\",\"isPartOf\":{\"@id\":\"https:\/\/welovecinema.be\/nl\/#website\"},\"datePublished\":\"2019-05-30T08:44:52+00:00\",\"dateModified\":\"2019-06-03T08:31:57+00:00\",\"breadcrumb\":{\"@id\":\"https:\/\/welovecinema.be\/fr\/emilie-dequenne-fete-ses-20-ans-de-carriere-au-briff\/#breadcrumb\"},\"inLanguage\":\"fr-FR\",\"potentialAction\":[{\"@type\":\"ReadAction\",\"target\":[\"https:\/\/welovecinema.be\/fr\/emilie-dequenne-fete-ses-20-ans-de-carriere-au-briff\/\"]}]},{\"@type\":\"BreadcrumbList\",\"@id\":\"https:\/\/welovecinema.be\/fr\/emilie-dequenne-fete-ses-20-ans-de-carriere-au-briff\/#breadcrumb\",\"itemListElement\":[{\"@type\":\"ListItem\",\"position\":1,\"name\":\"Accueil\",\"item\":\"https:\/\/welovecinema.be\/fr\/\"},{\"@type\":\"ListItem\",\"position\":2,\"name\":\"Emilie Dequenne f\u00eate ses 20 ans&#8230; de carri\u00e8re au BRIFF!\"}]},{\"@type\":\"WebSite\",\"@id\":\"https:\/\/welovecinema.be\/nl\/#website\",\"url\":\"https:\/\/welovecinema.be\/nl\/\",\"name\":\"We Love Cinema\",\"description\":\"Toute l\u2019information du cin\u00e9ma en Belgique\",\"publisher\":{\"@id\":\"https:\/\/welovecinema.be\/nl\/#organization\"},\"potentialAction\":[{\"@type\":\"SearchAction\",\"target\":{\"@type\":\"EntryPoint\",\"urlTemplate\":\"https:\/\/welovecinema.be\/nl\/?s={search_term_string}\"},\"query-input\":\"required name=search_term_string\"}],\"inLanguage\":\"fr-FR\"},{\"@type\":\"Organization\",\"@id\":\"https:\/\/welovecinema.be\/nl\/#organization\",\"name\":\"We Love Cinema\",\"url\":\"https:\/\/welovecinema.be\/nl\/\",\"logo\":{\"@type\":\"ImageObject\",\"inLanguage\":\"fr-FR\",\"@id\":\"https:\/\/welovecinema.be\/nl\/#\/schema\/logo\/image\/\",\"url\":\"https:\/\/welovecinema.be\/wp-content\/uploads\/sites\/2\/2023\/03\/Logo-We-Love-Cinema305x128.jpg\",\"contentUrl\":\"https:\/\/welovecinema.be\/wp-content\/uploads\/sites\/2\/2023\/03\/Logo-We-Love-Cinema305x128.jpg\",\"width\":305,\"height\":128,\"caption\":\"We Love Cinema\"},\"image\":{\"@id\":\"https:\/\/welovecinema.be\/nl\/#\/schema\/logo\/image\/\"},\"sameAs\":[\"https:\/\/www.facebook.com\/welovecinema.be\",\"https:\/\/www.youtube.com\/channel\/UCX5LYGVhnKvYauW4Nta4HJA\",\"https:\/\/www.instagram.com\/welovecinema.be\/\"]},{\"@type\":\"Person\",\"@id\":\"https:\/\/welovecinema.be\/nl\/#\/schema\/person\/8084b68c6b176142d073695c654dc7cf\",\"name\":\"Aurore Engelen\",\"url\":\"https:\/\/welovecinema.be\/fr\/author\/aurore-engelen\/\"}]}<\/script>\n<!-- \/ Yoast SEO plugin. -->","yoast_head_json":{"title":"Emilie Dequenne f\u00eate ses 20 ans... de carri\u00e8re au BRIFF! - We Love Cinema","robots":{"index":"index","follow":"follow","max-snippet":"max-snippet:-1","max-image-preview":"max-image-preview:large","max-video-preview":"max-video-preview:-1"},"canonical":"https:\/\/welovecinema.be\/fr\/emilie-dequenne-fete-ses-20-ans-de-carriere-au-briff\/","og_locale":"fr_FR","og_type":"article","og_title":"Emilie Dequenne f\u00eate ses 20 ans... de carri\u00e8re au BRIFF! - We Love Cinema","og_description":"A la voir on n&rsquo;y croirait pas, et pourtant&#8230; Emilie Dequenne f\u00eate cette ann\u00e9e ses 20 ans de carri\u00e8re. Un double, voire un triple anniversaire, puisqu&rsquo;elle f\u00eate \u00e9galement les 20 ans de son Prix d&rsquo;interpr\u00e9tation cannois, et de la Palme d&rsquo;or de Rosetta des fr\u00e8res Dardenne.\u00a0 En effet il y a 20 ans, presque jour &hellip;","og_url":"https:\/\/welovecinema.be\/fr\/emilie-dequenne-fete-ses-20-ans-de-carriere-au-briff\/","og_site_name":"We Love Cinema","article_publisher":"https:\/\/www.facebook.com\/welovecinema.be","article_published_time":"2019-05-30T08:44:52+00:00","article_modified_time":"2019-06-03T08:31:57+00:00","og_image":[{"width":550,"height":282,"url":"https:\/\/welovecinema.be\/wp-content\/uploads\/sites\/2\/2019\/05\/Emilie-Dequenne-BRIFF.jpg","type":"image\/jpeg"}],"author":"Aurore Engelen","twitter_card":"summary_large_image","twitter_misc":{"\u00c9crit par":"Aurore Engelen","Dur\u00e9e de lecture estim\u00e9e":"1 minute"},"schema":{"@context":"https:\/\/schema.org","@graph":[{"@type":"Article","@id":"https:\/\/welovecinema.be\/fr\/emilie-dequenne-fete-ses-20-ans-de-carriere-au-briff\/#article","isPartOf":{"@id":"https:\/\/welovecinema.be\/fr\/emilie-dequenne-fete-ses-20-ans-de-carriere-au-briff\/"},"author":{"name":"Aurore Engelen","@id":"https:\/\/welovecinema.be\/nl\/#\/schema\/person\/8084b68c6b176142d073695c654dc7cf"},"headline":"Emilie Dequenne f\u00eate ses 20 ans&#8230; de carri\u00e8re au BRIFF!","datePublished":"2019-05-30T08:44:52+00:00","dateModified":"2019-06-03T08:31:57+00:00","mainEntityOfPage":{"@id":"https:\/\/welovecinema.be\/fr\/emilie-dequenne-fete-ses-20-ans-de-carriere-au-briff\/"},"wordCount":206,"publisher":{"@id":"https:\/\/welovecinema.be\/nl\/#organization"},"keywords":["Emilie Dequenne","newsletter"],"articleSection":["Coming soon"],"inLanguage":"fr-FR"},{"@type":"WebPage","@id":"https:\/\/welovecinema.be\/fr\/emilie-dequenne-fete-ses-20-ans-de-carriere-au-briff\/","url":"https:\/\/welovecinema.be\/fr\/emilie-dequenne-fete-ses-20-ans-de-carriere-au-briff\/","name":"Emilie Dequenne f\u00eate ses 20 ans... de carri\u00e8re au BRIFF! - We Love Cinema","isPartOf":{"@id":"https:\/\/welovecinema.be\/nl\/#website"},"datePublished":"2019-05-30T08:44:52+00:00","dateModified":"2019-06-03T08:31:57+00:00","breadcrumb":{"@id":"https:\/\/welovecinema.be\/fr\/emilie-dequenne-fete-ses-20-ans-de-carriere-au-briff\/#breadcrumb"},"inLanguage":"fr-FR","potentialAction":[{"@type":"ReadAction","target":["https:\/\/welovecinema.be\/fr\/emilie-dequenne-fete-ses-20-ans-de-carriere-au-briff\/"]}]},{"@type":"BreadcrumbList","@id":"https:\/\/welovecinema.be\/fr\/emilie-dequenne-fete-ses-20-ans-de-carriere-au-briff\/#breadcrumb","itemListElement":[{"@type":"ListItem","position":1,"name":"Accueil","item":"https:\/\/welovecinema.be\/fr\/"},{"@type":"ListItem","position":2,"name":"Emilie Dequenne f\u00eate ses 20 ans&#8230; de carri\u00e8re au BRIFF!"}]},{"@type":"WebSite","@id":"https:\/\/welovecinema.be\/nl\/#website","url":"https:\/\/welovecinema.be\/nl\/","name":"We Love Cinema","description":"Toute l\u2019information du cin\u00e9ma en Belgique","publisher":{"@id":"https:\/\/welovecinema.be\/nl\/#organization"},"potentialAction":[{"@type":"SearchAction","target":{"@type":"EntryPoint","urlTemplate":"https:\/\/welovecinema.be\/nl\/?s={search_term_string}"},"query-input":"required name=search_term_string"}],"inLanguage":"fr-FR"},{"@type":"Organization","@id":"https:\/\/welovecinema.be\/nl\/#organization","name":"We Love Cinema","url":"https:\/\/welovecinema.be\/nl\/","logo":{"@type":"ImageObject","inLanguage":"fr-FR","@id":"https:\/\/welovecinema.be\/nl\/#\/schema\/logo\/image\/","url":"https:\/\/welovecinema.be\/wp-content\/uploads\/sites\/2\/2023\/03\/Logo-We-Love-Cinema305x128.jpg","contentUrl":"https:\/\/welovecinema.be\/wp-content\/uploads\/sites\/2\/2023\/03\/Logo-We-Love-Cinema305x128.jpg","width":305,"height":128,"caption":"We Love Cinema"},"image":{"@id":"https:\/\/welovecinema.be\/nl\/#\/schema\/logo\/image\/"},"sameAs":["https:\/\/www.facebook.com\/welovecinema.be","https:\/\/www.youtube.com\/channel\/UCX5LYGVhnKvYauW4Nta4HJA","https:\/\/www.instagram.com\/welovecinema.be\/"]},{"@type":"Person","@id":"https:\/\/welovecinema.be\/nl\/#\/schema\/person\/8084b68c6b176142d073695c654dc7cf","name":"Aurore Engelen","url":"https:\/\/welovecinema.be\/fr\/author\/aurore-engelen\/"}]}},"_links":{"self":[{"href":"https:\/\/welovecinema.be\/fr\/wp-json\/wp\/v2\/posts\/220172","targetHints":{"allow":["GET"]}}],"collection":[{"href":"https:\/\/welovecinema.be\/fr\/wp-json\/wp\/v2\/posts"}],"about":[{"href":"https:\/\/welovecinema.be\/fr\/wp-json\/wp\/v2\/types\/post"}],"author":[{"embeddable":true,"href":"https:\/\/welovecinema.be\/fr\/wp-json\/wp\/v2\/users\/343"}],"replies":[{"embeddable":true,"href":"https:\/\/welovecinema.be\/fr\/wp-json\/wp\/v2\/comments?post=220172"}],"version-history":[{"count":0,"href":"https:\/\/welovecinema.be\/fr\/wp-json\/wp\/v2\/posts\/220172\/revisions"}],"wp:featuredmedia":[{"embeddable":true,"href":"https:\/\/welovecinema.be\/fr\/wp-json\/wp\/v2\/media\/220173"}],"wp:attachment":[{"href":"https:\/\/welovecinema.be\/fr\/wp-json\/wp\/v2\/media?parent=220172"}],"wp:term":[{"taxonomy":"category","embeddable":true,"href":"https:\/\/welovecinema.be\/fr\/wp-json\/wp\/v2\/categories?post=220172"},{"taxonomy":"post_tag","embeddable":true,"href":"https:\/\/welovecinema.be\/fr\/wp-json\/wp\/v2\/tags?post=220172"}],"curies":[{"name":"wp","href":"https:\/\/api.w.org\/{rel}","templated":true}]}}