{"id":219843,"date":"2019-05-17T09:08:43","date_gmt":"2019-05-17T07:08:43","guid":{"rendered":"https:\/\/www.cinevox.be\/?p=219843"},"modified":"2019-05-17T09:08:43","modified_gmt":"2019-05-17T07:08:43","slug":"appel-a-projets-prix-regards-sur-les-docs-2019","status":"publish","type":"post","link":"https:\/\/welovecinema.be\/fr\/appel-a-projets-prix-regards-sur-les-docs-2019\/","title":{"rendered":"Appel \u00e0 projets &#8211; Prix Regards sur les docs 2019"},"content":{"rendered":"<p><strong>Le P&rsquo;tit Cin\u00e9 &#8211; Regards sur les Docs lance une bourse d&rsquo;aide \u00e0 l&rsquo;\u00e9criture \/ d\u00e9veloppement d&rsquo;un documentaire proposant une r\u00e9flexion sur la ville, en partenariat avec la COCOF, la SCAM et le CBA.<span class=\"fsl\" data-testid=\"event-permalink-details\"> Le prix est une aide \u00e0 l\u2019\u00e9criture dot\u00e9e d\u2019un apport financier de 2000\u20ac par la SCAM. Le CBA propose en compl\u00e9ment un pr\u00eat en mat\u00e9riel au projet laur\u00e9at. Le prix sera remis \u00e0 l&rsquo;issue d&rsquo;une pr\u00e9sentation publique des projets organis\u00e9s dans le cadre du festival de cin\u00e9ma <em>En ville !<\/em> le 7 octobre 2019.<\/span><\/strong><\/p>\n<p><span class=\"fsl\" data-testid=\"event-permalink-details\"><strong>ACCOMPAGNEMENT AUX AUTEURS<\/strong><\/span><\/p>\n<p><span class=\"fsl\" data-testid=\"event-permalink-details\">5 projets soumis \u00e0 l&rsquo;appel \u00e0 propositions seront s\u00e9lectionn\u00e9s et b\u00e9n\u00e9ficieront d&rsquo;un accompagnement aux auteur.e.s en septembre. Ces 5 projets seront en plus pr\u00e9sent\u00e9s par leurs auteur.e.s lors d&rsquo;une audition publique devant un jury ind\u00e9pendant compos\u00e9 de professionnels de l&rsquo;image le 7 octobre. Le ou la laur\u00e9at.e de la bourse sera annonc\u00e9.e le jour m\u00eame lors de la soir\u00e9e de cl\u00f4ture du festival de cin\u00e9ma <strong><em>En ville !<\/em><\/strong><\/span><\/p>\n<p><span class=\"fsl\" data-testid=\"event-permalink-details\"><strong>CALENDRIER<\/strong><\/span><\/p>\n<p><span class=\"fsl\" data-testid=\"event-permalink-details\">Date limite d&rsquo;envoi des candidatures : <strong>14 aout 2019<\/strong><br \/>\nAnnonce des projets s\u00e9lectionn\u00e9s : <strong>3 septembre 2019<\/strong><br \/>\nJourn\u00e9e d&rsquo;accompagnement pour les 5 projets s\u00e9lectionn\u00e9s : <strong>19 septembre 2019<\/strong><br \/>\nRemise du prix : <strong>7 octobre 2019<\/strong><\/span><\/p>\n<p><span class=\"fsl\" data-testid=\"event-permalink-details\"><b>Infos et modalit\u00e9s de d\u00e9p\u00f4ts des dossiers<\/b> : <a class=\"moz-txt-link-freetext\" href=\"http:\/\/www.leptitcine.be\/Prix-REGARDS-SUR-LES-DOCS-2019-2135\">http:\/\/www.leptitcine.be\/Prix-REGARDS-SUR-LES-DOCS-2019-2135<\/a><\/span><\/p>\n","protected":false},"excerpt":{"rendered":"<p>Le P&rsquo;tit Cin\u00e9 &#8211; Regards sur les Docs lance une bourse d&rsquo;aide \u00e0 l&rsquo;\u00e9criture \/ d\u00e9veloppement d&rsquo;un documentaire proposant une r\u00e9flexion sur la ville, en partenariat avec la COCOF, la SCAM et le CBA. Le prix est une aide \u00e0 l\u2019\u00e9criture dot\u00e9e d\u2019un apport financier de 2000\u20ac par la SCAM. Le CBA propose en compl\u00e9ment &hellip;<\/p>\n","protected":false},"author":343,"featured_media":219844,"comment_status":"closed","ping_status":"closed","sticky":false,"template":"","format":"standard","meta":{"ngg_post_thumbnail":0,"footnotes":""},"categories":[1923],"tags":[],"class_list":["post-219843","post","type-post","status-publish","format-standard","has-post-thumbnail","","category-en-bref"],"yoast_head":"<!-- This site is optimized with the Yoast SEO plugin v20.4 - https:\/\/yoast.com\/wordpress\/plugins\/seo\/ -->\n<title>Appel \u00e0 projets - Prix Regards sur les docs 2019 - We Love Cinema<\/title>\n<meta name=\"robots\" content=\"index, follow, max-snippet:-1, max-image-preview:large, max-video-preview:-1\" \/>\n<link rel=\"canonical\" href=\"https:\/\/welovecinema.be\/fr\/appel-a-projets-prix-regards-sur-les-docs-2019\/\" \/>\n<meta property=\"og:locale\" content=\"fr_FR\" \/>\n<meta property=\"og:type\" content=\"article\" \/>\n<meta property=\"og:title\" content=\"Appel \u00e0 projets - Prix Regards sur les docs 2019 - We Love Cinema\" \/>\n<meta property=\"og:description\" content=\"Le P&rsquo;tit Cin\u00e9 &#8211; Regards sur les Docs lance une bourse d&rsquo;aide \u00e0 l&rsquo;\u00e9criture \/ d\u00e9veloppement d&rsquo;un documentaire proposant une r\u00e9flexion sur la ville, en partenariat avec la COCOF, la SCAM et le CBA. Le prix est une aide \u00e0 l\u2019\u00e9criture dot\u00e9e d\u2019un apport financier de 2000\u20ac par la SCAM. Le CBA propose en compl\u00e9ment &hellip;\" \/>\n<meta property=\"og:url\" content=\"https:\/\/welovecinema.be\/fr\/appel-a-projets-prix-regards-sur-les-docs-2019\/\" \/>\n<meta property=\"og:site_name\" content=\"We Love Cinema\" \/>\n<meta property=\"article:publisher\" content=\"https:\/\/www.facebook.com\/welovecinema.be\" \/>\n<meta property=\"article:published_time\" content=\"2019-05-17T07:08:43+00:00\" \/>\n<meta property=\"og:image\" content=\"https:\/\/welovecinema.be\/wp-content\/uploads\/sites\/2\/2019\/05\/Capture-d\u2019e\u0301cran-2019-05-17-a\u0300-09.07.07.jpg\" \/>\n\t<meta property=\"og:image:width\" content=\"1200\" \/>\n\t<meta property=\"og:image:height\" content=\"638\" \/>\n\t<meta property=\"og:image:type\" content=\"image\/jpeg\" \/>\n<meta name=\"author\" content=\"Aurore Engelen\" \/>\n<meta name=\"twitter:card\" content=\"summary_large_image\" \/>\n<meta name=\"twitter:label1\" content=\"\u00c9crit par\" \/>\n\t<meta name=\"twitter:data1\" content=\"Aurore Engelen\" \/>\n\t<meta name=\"twitter:label2\" content=\"Dur\u00e9e de lecture estim\u00e9e\" \/>\n\t<meta name=\"twitter:data2\" content=\"1 minute\" \/>\n<script type=\"application\/ld+json\" class=\"yoast-schema-graph\">{\"@context\":\"https:\/\/schema.org\",\"@graph\":[{\"@type\":\"Article\",\"@id\":\"https:\/\/welovecinema.be\/fr\/appel-a-projets-prix-regards-sur-les-docs-2019\/#article\",\"isPartOf\":{\"@id\":\"https:\/\/welovecinema.be\/fr\/appel-a-projets-prix-regards-sur-les-docs-2019\/\"},\"author\":{\"name\":\"Aurore Engelen\",\"@id\":\"https:\/\/welovecinema.be\/nl\/#\/schema\/person\/8084b68c6b176142d073695c654dc7cf\"},\"headline\":\"Appel \u00e0 projets &#8211; Prix Regards sur les docs 2019\",\"datePublished\":\"2019-05-17T07:08:43+00:00\",\"dateModified\":\"2019-05-17T07:08:43+00:00\",\"mainEntityOfPage\":{\"@id\":\"https:\/\/welovecinema.be\/fr\/appel-a-projets-prix-regards-sur-les-docs-2019\/\"},\"wordCount\":239,\"publisher\":{\"@id\":\"https:\/\/welovecinema.be\/nl\/#organization\"},\"articleSection\":[\"En bref\"],\"inLanguage\":\"fr-FR\"},{\"@type\":\"WebPage\",\"@id\":\"https:\/\/welovecinema.be\/fr\/appel-a-projets-prix-regards-sur-les-docs-2019\/\",\"url\":\"https:\/\/welovecinema.be\/fr\/appel-a-projets-prix-regards-sur-les-docs-2019\/\",\"name\":\"Appel \u00e0 projets - Prix Regards sur les docs 2019 - We Love Cinema\",\"isPartOf\":{\"@id\":\"https:\/\/welovecinema.be\/nl\/#website\"},\"datePublished\":\"2019-05-17T07:08:43+00:00\",\"dateModified\":\"2019-05-17T07:08:43+00:00\",\"breadcrumb\":{\"@id\":\"https:\/\/welovecinema.be\/fr\/appel-a-projets-prix-regards-sur-les-docs-2019\/#breadcrumb\"},\"inLanguage\":\"fr-FR\",\"potentialAction\":[{\"@type\":\"ReadAction\",\"target\":[\"https:\/\/welovecinema.be\/fr\/appel-a-projets-prix-regards-sur-les-docs-2019\/\"]}]},{\"@type\":\"BreadcrumbList\",\"@id\":\"https:\/\/welovecinema.be\/fr\/appel-a-projets-prix-regards-sur-les-docs-2019\/#breadcrumb\",\"itemListElement\":[{\"@type\":\"ListItem\",\"position\":1,\"name\":\"Accueil\",\"item\":\"https:\/\/welovecinema.be\/fr\/\"},{\"@type\":\"ListItem\",\"position\":2,\"name\":\"Appel \u00e0 projets &#8211; Prix Regards sur les docs 2019\"}]},{\"@type\":\"WebSite\",\"@id\":\"https:\/\/welovecinema.be\/nl\/#website\",\"url\":\"https:\/\/welovecinema.be\/nl\/\",\"name\":\"We Love Cinema\",\"description\":\"Toute l\u2019information du cin\u00e9ma en Belgique\",\"publisher\":{\"@id\":\"https:\/\/welovecinema.be\/nl\/#organization\"},\"potentialAction\":[{\"@type\":\"SearchAction\",\"target\":{\"@type\":\"EntryPoint\",\"urlTemplate\":\"https:\/\/welovecinema.be\/nl\/?s={search_term_string}\"},\"query-input\":\"required name=search_term_string\"}],\"inLanguage\":\"fr-FR\"},{\"@type\":\"Organization\",\"@id\":\"https:\/\/welovecinema.be\/nl\/#organization\",\"name\":\"We Love Cinema\",\"url\":\"https:\/\/welovecinema.be\/nl\/\",\"logo\":{\"@type\":\"ImageObject\",\"inLanguage\":\"fr-FR\",\"@id\":\"https:\/\/welovecinema.be\/nl\/#\/schema\/logo\/image\/\",\"url\":\"https:\/\/welovecinema.be\/wp-content\/uploads\/sites\/2\/2023\/03\/Logo-We-Love-Cinema305x128.jpg\",\"contentUrl\":\"https:\/\/welovecinema.be\/wp-content\/uploads\/sites\/2\/2023\/03\/Logo-We-Love-Cinema305x128.jpg\",\"width\":305,\"height\":128,\"caption\":\"We Love Cinema\"},\"image\":{\"@id\":\"https:\/\/welovecinema.be\/nl\/#\/schema\/logo\/image\/\"},\"sameAs\":[\"https:\/\/www.facebook.com\/welovecinema.be\",\"https:\/\/www.youtube.com\/channel\/UCX5LYGVhnKvYauW4Nta4HJA\",\"https:\/\/www.instagram.com\/welovecinema.be\/\"]},{\"@type\":\"Person\",\"@id\":\"https:\/\/welovecinema.be\/nl\/#\/schema\/person\/8084b68c6b176142d073695c654dc7cf\",\"name\":\"Aurore Engelen\",\"url\":\"https:\/\/welovecinema.be\/fr\/author\/aurore-engelen\/\"}]}<\/script>\n<!-- \/ Yoast SEO plugin. -->","yoast_head_json":{"title":"Appel \u00e0 projets - Prix Regards sur les docs 2019 - We Love Cinema","robots":{"index":"index","follow":"follow","max-snippet":"max-snippet:-1","max-image-preview":"max-image-preview:large","max-video-preview":"max-video-preview:-1"},"canonical":"https:\/\/welovecinema.be\/fr\/appel-a-projets-prix-regards-sur-les-docs-2019\/","og_locale":"fr_FR","og_type":"article","og_title":"Appel \u00e0 projets - Prix Regards sur les docs 2019 - We Love Cinema","og_description":"Le P&rsquo;tit Cin\u00e9 &#8211; Regards sur les Docs lance une bourse d&rsquo;aide \u00e0 l&rsquo;\u00e9criture \/ d\u00e9veloppement d&rsquo;un documentaire proposant une r\u00e9flexion sur la ville, en partenariat avec la COCOF, la SCAM et le CBA. Le prix est une aide \u00e0 l\u2019\u00e9criture dot\u00e9e d\u2019un apport financier de 2000\u20ac par la SCAM. Le CBA propose en compl\u00e9ment &hellip;","og_url":"https:\/\/welovecinema.be\/fr\/appel-a-projets-prix-regards-sur-les-docs-2019\/","og_site_name":"We Love Cinema","article_publisher":"https:\/\/www.facebook.com\/welovecinema.be","article_published_time":"2019-05-17T07:08:43+00:00","og_image":[{"width":1200,"height":638,"url":"https:\/\/welovecinema.be\/wp-content\/uploads\/sites\/2\/2019\/05\/Capture-d\u2019e\u0301cran-2019-05-17-a\u0300-09.07.07.jpg","type":"image\/jpeg"}],"author":"Aurore Engelen","twitter_card":"summary_large_image","twitter_misc":{"\u00c9crit par":"Aurore Engelen","Dur\u00e9e de lecture estim\u00e9e":"1 minute"},"schema":{"@context":"https:\/\/schema.org","@graph":[{"@type":"Article","@id":"https:\/\/welovecinema.be\/fr\/appel-a-projets-prix-regards-sur-les-docs-2019\/#article","isPartOf":{"@id":"https:\/\/welovecinema.be\/fr\/appel-a-projets-prix-regards-sur-les-docs-2019\/"},"author":{"name":"Aurore Engelen","@id":"https:\/\/welovecinema.be\/nl\/#\/schema\/person\/8084b68c6b176142d073695c654dc7cf"},"headline":"Appel \u00e0 projets &#8211; Prix Regards sur les docs 2019","datePublished":"2019-05-17T07:08:43+00:00","dateModified":"2019-05-17T07:08:43+00:00","mainEntityOfPage":{"@id":"https:\/\/welovecinema.be\/fr\/appel-a-projets-prix-regards-sur-les-docs-2019\/"},"wordCount":239,"publisher":{"@id":"https:\/\/welovecinema.be\/nl\/#organization"},"articleSection":["En bref"],"inLanguage":"fr-FR"},{"@type":"WebPage","@id":"https:\/\/welovecinema.be\/fr\/appel-a-projets-prix-regards-sur-les-docs-2019\/","url":"https:\/\/welovecinema.be\/fr\/appel-a-projets-prix-regards-sur-les-docs-2019\/","name":"Appel \u00e0 projets - Prix Regards sur les docs 2019 - We Love Cinema","isPartOf":{"@id":"https:\/\/welovecinema.be\/nl\/#website"},"datePublished":"2019-05-17T07:08:43+00:00","dateModified":"2019-05-17T07:08:43+00:00","breadcrumb":{"@id":"https:\/\/welovecinema.be\/fr\/appel-a-projets-prix-regards-sur-les-docs-2019\/#breadcrumb"},"inLanguage":"fr-FR","potentialAction":[{"@type":"ReadAction","target":["https:\/\/welovecinema.be\/fr\/appel-a-projets-prix-regards-sur-les-docs-2019\/"]}]},{"@type":"BreadcrumbList","@id":"https:\/\/welovecinema.be\/fr\/appel-a-projets-prix-regards-sur-les-docs-2019\/#breadcrumb","itemListElement":[{"@type":"ListItem","position":1,"name":"Accueil","item":"https:\/\/welovecinema.be\/fr\/"},{"@type":"ListItem","position":2,"name":"Appel \u00e0 projets &#8211; Prix Regards sur les docs 2019"}]},{"@type":"WebSite","@id":"https:\/\/welovecinema.be\/nl\/#website","url":"https:\/\/welovecinema.be\/nl\/","name":"We Love Cinema","description":"Toute l\u2019information du cin\u00e9ma en Belgique","publisher":{"@id":"https:\/\/welovecinema.be\/nl\/#organization"},"potentialAction":[{"@type":"SearchAction","target":{"@type":"EntryPoint","urlTemplate":"https:\/\/welovecinema.be\/nl\/?s={search_term_string}"},"query-input":"required name=search_term_string"}],"inLanguage":"fr-FR"},{"@type":"Organization","@id":"https:\/\/welovecinema.be\/nl\/#organization","name":"We Love Cinema","url":"https:\/\/welovecinema.be\/nl\/","logo":{"@type":"ImageObject","inLanguage":"fr-FR","@id":"https:\/\/welovecinema.be\/nl\/#\/schema\/logo\/image\/","url":"https:\/\/welovecinema.be\/wp-content\/uploads\/sites\/2\/2023\/03\/Logo-We-Love-Cinema305x128.jpg","contentUrl":"https:\/\/welovecinema.be\/wp-content\/uploads\/sites\/2\/2023\/03\/Logo-We-Love-Cinema305x128.jpg","width":305,"height":128,"caption":"We Love Cinema"},"image":{"@id":"https:\/\/welovecinema.be\/nl\/#\/schema\/logo\/image\/"},"sameAs":["https:\/\/www.facebook.com\/welovecinema.be","https:\/\/www.youtube.com\/channel\/UCX5LYGVhnKvYauW4Nta4HJA","https:\/\/www.instagram.com\/welovecinema.be\/"]},{"@type":"Person","@id":"https:\/\/welovecinema.be\/nl\/#\/schema\/person\/8084b68c6b176142d073695c654dc7cf","name":"Aurore Engelen","url":"https:\/\/welovecinema.be\/fr\/author\/aurore-engelen\/"}]}},"_links":{"self":[{"href":"https:\/\/welovecinema.be\/fr\/wp-json\/wp\/v2\/posts\/219843","targetHints":{"allow":["GET"]}}],"collection":[{"href":"https:\/\/welovecinema.be\/fr\/wp-json\/wp\/v2\/posts"}],"about":[{"href":"https:\/\/welovecinema.be\/fr\/wp-json\/wp\/v2\/types\/post"}],"author":[{"embeddable":true,"href":"https:\/\/welovecinema.be\/fr\/wp-json\/wp\/v2\/users\/343"}],"replies":[{"embeddable":true,"href":"https:\/\/welovecinema.be\/fr\/wp-json\/wp\/v2\/comments?post=219843"}],"version-history":[{"count":0,"href":"https:\/\/welovecinema.be\/fr\/wp-json\/wp\/v2\/posts\/219843\/revisions"}],"wp:featuredmedia":[{"embeddable":true,"href":"https:\/\/welovecinema.be\/fr\/wp-json\/wp\/v2\/media\/219844"}],"wp:attachment":[{"href":"https:\/\/welovecinema.be\/fr\/wp-json\/wp\/v2\/media?parent=219843"}],"wp:term":[{"taxonomy":"category","embeddable":true,"href":"https:\/\/welovecinema.be\/fr\/wp-json\/wp\/v2\/categories?post=219843"},{"taxonomy":"post_tag","embeddable":true,"href":"https:\/\/welovecinema.be\/fr\/wp-json\/wp\/v2\/tags?post=219843"}],"curies":[{"name":"wp","href":"https:\/\/api.w.org\/{rel}","templated":true}]}}