{"id":219811,"date":"2019-05-15T10:01:36","date_gmt":"2019-05-15T08:01:36","guid":{"rendered":"https:\/\/www.cinevox.be\/?p=219811"},"modified":"2019-05-15T10:01:36","modified_gmt":"2019-05-15T08:01:36","slug":"adil-el-arbi-et-bilall-fallah-preparent-la-suite-de-patser","status":"publish","type":"post","link":"https:\/\/welovecinema.be\/fr\/adil-el-arbi-et-bilall-fallah-preparent-la-suite-de-patser\/","title":{"rendered":"Adil El Arbi et Bilall Fallah pr\u00e9parent la suite de \u00ab\u00a0Patser\u00a0\u00bb!"},"content":{"rendered":"<p><strong>Avec le Festival de Cannes et son March\u00e9 du Film d\u00e9barquent leur lot de scoops sur les projets qui se trament sur la plan\u00e8te cin\u00e9ma. Et on vient justement d&rsquo;apprendre que l&rsquo;explosif duo form\u00e9 par Adil El Arbi et Bilall Fallah pr\u00e9paraient actuellement la suite de leur gros succ\u00e8s au box-office, <em>Patser<\/em>!<\/strong><\/p>\n<p>Alors qu&rsquo;ils terminent actuellement aux Etats-Unis <em>Bad Boys for Life<\/em>, le 3e opus de la s\u00e9rie de films incarn\u00e9 par le duo Will Smith\/ Martin Lawrence, grosse annonce sur le March\u00e9, via leur producteur Hendrik Verth\u00e9, pr\u00e9sent cette ann\u00e9e \u00e0 Cannes dans le cadre de l&rsquo;op\u00e9ration \u00ab\u00a0Producers on the move\u00a0\u00bb (voir <a href=\"https:\/\/www.cinevox.be\/fr\/hendrik-verthe-patser-black-producer-on-the-move-a-cannes\/\">notre article<\/a>): \u00ab\u00a0<em>Gangstas<\/em> (<em>NDLR: la suite de <\/em>Patser<em> donc)<\/em> se passe dans le m\u00eame univers, on retrouve les m\u00eames personnages, mais ils ont 5 ans de plus, on passe aux choses s\u00e9rieuses.\u00a0\u00bb<\/p>\n<p>Pour mieux comprendre le titre, il faut savoir que <em>Patser<\/em> s&rsquo;appelle \u00e0 l&rsquo;\u00e9tranger <em>Gangsta<\/em>. Le S du nouveau titre, <em>Gangstas<\/em>, semble promettre la m\u00eame chose, mais en plus, et en mieux!<\/p>\n<p>Pour rappel, <em>Patser<\/em> suivait les errances enfum\u00e9es\u00a0 de 4 jeunes glandeurs du quartier de t&rsquo;Kiel \u00e0 Anvers, embarqu\u00e9s presque malgr\u00e9 eux dans un trafic qui les d\u00e9passe. Un film dop\u00e9 \u00e0 l&rsquo;esth\u00e9tique video games, mettant en sc\u00e8ne avec d\u00e9lectation les exc\u00e8s d&rsquo;Adamo et sa crew, faisant du port d\u2019Anvers le plateau d\u2019un jeu vid\u00e9o grandeur nature, o\u00f9 l\u2019on a toujours une deuxi\u00e8me chance, et o\u00f9 les vies se r\u00e9g\u00e9n\u00e8rent.<\/p>\n<p><em>Gangstas<\/em> sera donc produit par A-Team, et coproduit par son fid\u00e8le partenaire 10.80 Films, la soci\u00e9t\u00e9 de Nabil Ben Yadir et Beno\u00eet Roland, qui vient d&rsquo;achever le tournage du nouveau film du cin\u00e9aste, <em>Animals<\/em>.<\/p>\n<h4>A LIRE AUSSI<\/h4>\n<p><a href=\"https:\/\/www.cinevox.be\/fr\/patser-gangs-of-antwerpen\/\"><em>Patser<\/em>, gangs of Antwerpen<\/a><\/p>\n<p><a href=\"https:\/\/www.cinevox.be\/fr\/tournage-de-patser\/\">Sur le tournage de&#8230; <em>Patser<\/em><\/a><\/p>\n<p><a href=\"https:\/\/www.cinevox.be\/fr\/clap-de-fin-pour-animals-le-nouveau-nabil-ben-yadir\/\">Clap de Fin pour <em>Animals<\/em><\/a><\/p>\n<p><a href=\"https:\/\/www.cinevox.be\/fr\/hendrik-verthe-patser-black-producer-on-the-move-a-cannes\/\">Hendrik Verth\u00e9, Producer on the Move<\/a><\/p>\n","protected":false},"excerpt":{"rendered":"<p>Avec le Festival de Cannes et son March\u00e9 du Film d\u00e9barquent leur lot de scoops sur les projets qui se trament sur la plan\u00e8te cin\u00e9ma. Et on vient justement d&rsquo;apprendre que l&rsquo;explosif duo form\u00e9 par Adil El Arbi et Bilall Fallah pr\u00e9paraient actuellement la suite de leur gros succ\u00e8s au box-office, Patser! Alors qu&rsquo;ils terminent &hellip;<\/p>\n","protected":false},"author":343,"featured_media":200176,"comment_status":"closed","ping_status":"closed","sticky":false,"template":"","format":"standard","meta":{"ngg_post_thumbnail":0,"footnotes":""},"categories":[1923],"tags":[4298,4299,3139],"class_list":["post-219811","post","type-post","status-publish","format-standard","has-post-thumbnail","","category-en-bref","tag-adil-el-arbi-2","tag-bilall-fallah-2","tag-paster"],"yoast_head":"<!-- This site is optimized with the Yoast SEO plugin v20.4 - https:\/\/yoast.com\/wordpress\/plugins\/seo\/ -->\n<title>Adil El Arbi et Bilall Fallah pr\u00e9parent la suite de &quot;Patser&quot;! - We Love Cinema<\/title>\n<meta name=\"robots\" content=\"index, follow, max-snippet:-1, max-image-preview:large, max-video-preview:-1\" \/>\n<link rel=\"canonical\" href=\"https:\/\/welovecinema.be\/fr\/adil-el-arbi-et-bilall-fallah-preparent-la-suite-de-patser\/\" \/>\n<meta property=\"og:locale\" content=\"fr_FR\" \/>\n<meta property=\"og:type\" content=\"article\" \/>\n<meta property=\"og:title\" content=\"Adil El Arbi et Bilall Fallah pr\u00e9parent la suite de &quot;Patser&quot;! - We Love Cinema\" \/>\n<meta property=\"og:description\" content=\"Avec le Festival de Cannes et son March\u00e9 du Film d\u00e9barquent leur lot de scoops sur les projets qui se trament sur la plan\u00e8te cin\u00e9ma. Et on vient justement d&rsquo;apprendre que l&rsquo;explosif duo form\u00e9 par Adil El Arbi et Bilall Fallah pr\u00e9paraient actuellement la suite de leur gros succ\u00e8s au box-office, Patser! Alors qu&rsquo;ils terminent &hellip;\" \/>\n<meta property=\"og:url\" content=\"https:\/\/welovecinema.be\/fr\/adil-el-arbi-et-bilall-fallah-preparent-la-suite-de-patser\/\" \/>\n<meta property=\"og:site_name\" content=\"We Love Cinema\" \/>\n<meta property=\"article:publisher\" content=\"https:\/\/www.facebook.com\/welovecinema.be\" \/>\n<meta property=\"article:published_time\" content=\"2019-05-15T08:01:36+00:00\" \/>\n<meta property=\"og:image\" content=\"https:\/\/welovecinema.be\/wp-content\/uploads\/sites\/2\/2017\/05\/Foto_A_B_pers_PATSER.jpg\" \/>\n\t<meta property=\"og:image:width\" content=\"1108\" \/>\n\t<meta property=\"og:image:height\" content=\"658\" \/>\n\t<meta property=\"og:image:type\" content=\"image\/jpeg\" \/>\n<meta name=\"author\" content=\"Aurore Engelen\" \/>\n<meta name=\"twitter:card\" content=\"summary_large_image\" \/>\n<meta name=\"twitter:label1\" content=\"\u00c9crit par\" \/>\n\t<meta name=\"twitter:data1\" content=\"Aurore Engelen\" \/>\n\t<meta name=\"twitter:label2\" content=\"Dur\u00e9e de lecture estim\u00e9e\" \/>\n\t<meta name=\"twitter:data2\" content=\"2 minutes\" \/>\n<script type=\"application\/ld+json\" class=\"yoast-schema-graph\">{\"@context\":\"https:\/\/schema.org\",\"@graph\":[{\"@type\":\"Article\",\"@id\":\"https:\/\/welovecinema.be\/fr\/adil-el-arbi-et-bilall-fallah-preparent-la-suite-de-patser\/#article\",\"isPartOf\":{\"@id\":\"https:\/\/welovecinema.be\/fr\/adil-el-arbi-et-bilall-fallah-preparent-la-suite-de-patser\/\"},\"author\":{\"name\":\"Aurore Engelen\",\"@id\":\"https:\/\/welovecinema.be\/nl\/#\/schema\/person\/8084b68c6b176142d073695c654dc7cf\"},\"headline\":\"Adil El Arbi et Bilall Fallah pr\u00e9parent la suite de \u00ab\u00a0Patser\u00a0\u00bb!\",\"datePublished\":\"2019-05-15T08:01:36+00:00\",\"dateModified\":\"2019-05-15T08:01:36+00:00\",\"mainEntityOfPage\":{\"@id\":\"https:\/\/welovecinema.be\/fr\/adil-el-arbi-et-bilall-fallah-preparent-la-suite-de-patser\/\"},\"wordCount\":339,\"publisher\":{\"@id\":\"https:\/\/welovecinema.be\/nl\/#organization\"},\"keywords\":[\"Adil El Arbi\",\"Bilall Fallah\",\"Paster\"],\"articleSection\":[\"En bref\"],\"inLanguage\":\"fr-FR\"},{\"@type\":\"WebPage\",\"@id\":\"https:\/\/welovecinema.be\/fr\/adil-el-arbi-et-bilall-fallah-preparent-la-suite-de-patser\/\",\"url\":\"https:\/\/welovecinema.be\/fr\/adil-el-arbi-et-bilall-fallah-preparent-la-suite-de-patser\/\",\"name\":\"Adil El Arbi et Bilall Fallah pr\u00e9parent la suite de \\\"Patser\\\"! - We Love Cinema\",\"isPartOf\":{\"@id\":\"https:\/\/welovecinema.be\/nl\/#website\"},\"datePublished\":\"2019-05-15T08:01:36+00:00\",\"dateModified\":\"2019-05-15T08:01:36+00:00\",\"breadcrumb\":{\"@id\":\"https:\/\/welovecinema.be\/fr\/adil-el-arbi-et-bilall-fallah-preparent-la-suite-de-patser\/#breadcrumb\"},\"inLanguage\":\"fr-FR\",\"potentialAction\":[{\"@type\":\"ReadAction\",\"target\":[\"https:\/\/welovecinema.be\/fr\/adil-el-arbi-et-bilall-fallah-preparent-la-suite-de-patser\/\"]}]},{\"@type\":\"BreadcrumbList\",\"@id\":\"https:\/\/welovecinema.be\/fr\/adil-el-arbi-et-bilall-fallah-preparent-la-suite-de-patser\/#breadcrumb\",\"itemListElement\":[{\"@type\":\"ListItem\",\"position\":1,\"name\":\"Accueil\",\"item\":\"https:\/\/welovecinema.be\/fr\/\"},{\"@type\":\"ListItem\",\"position\":2,\"name\":\"Adil El Arbi et Bilall Fallah pr\u00e9parent la suite de \u00ab\u00a0Patser\u00a0\u00bb!\"}]},{\"@type\":\"WebSite\",\"@id\":\"https:\/\/welovecinema.be\/nl\/#website\",\"url\":\"https:\/\/welovecinema.be\/nl\/\",\"name\":\"We Love Cinema\",\"description\":\"Toute l\u2019information du cin\u00e9ma en Belgique\",\"publisher\":{\"@id\":\"https:\/\/welovecinema.be\/nl\/#organization\"},\"potentialAction\":[{\"@type\":\"SearchAction\",\"target\":{\"@type\":\"EntryPoint\",\"urlTemplate\":\"https:\/\/welovecinema.be\/nl\/?s={search_term_string}\"},\"query-input\":\"required name=search_term_string\"}],\"inLanguage\":\"fr-FR\"},{\"@type\":\"Organization\",\"@id\":\"https:\/\/welovecinema.be\/nl\/#organization\",\"name\":\"We Love Cinema\",\"url\":\"https:\/\/welovecinema.be\/nl\/\",\"logo\":{\"@type\":\"ImageObject\",\"inLanguage\":\"fr-FR\",\"@id\":\"https:\/\/welovecinema.be\/nl\/#\/schema\/logo\/image\/\",\"url\":\"https:\/\/welovecinema.be\/wp-content\/uploads\/sites\/2\/2023\/03\/Logo-We-Love-Cinema305x128.jpg\",\"contentUrl\":\"https:\/\/welovecinema.be\/wp-content\/uploads\/sites\/2\/2023\/03\/Logo-We-Love-Cinema305x128.jpg\",\"width\":305,\"height\":128,\"caption\":\"We Love Cinema\"},\"image\":{\"@id\":\"https:\/\/welovecinema.be\/nl\/#\/schema\/logo\/image\/\"},\"sameAs\":[\"https:\/\/www.facebook.com\/welovecinema.be\",\"https:\/\/www.youtube.com\/channel\/UCX5LYGVhnKvYauW4Nta4HJA\",\"https:\/\/www.instagram.com\/welovecinema.be\/\"]},{\"@type\":\"Person\",\"@id\":\"https:\/\/welovecinema.be\/nl\/#\/schema\/person\/8084b68c6b176142d073695c654dc7cf\",\"name\":\"Aurore Engelen\",\"url\":\"https:\/\/welovecinema.be\/fr\/author\/aurore-engelen\/\"}]}<\/script>\n<!-- \/ Yoast SEO plugin. -->","yoast_head_json":{"title":"Adil El Arbi et Bilall Fallah pr\u00e9parent la suite de \"Patser\"! - We Love Cinema","robots":{"index":"index","follow":"follow","max-snippet":"max-snippet:-1","max-image-preview":"max-image-preview:large","max-video-preview":"max-video-preview:-1"},"canonical":"https:\/\/welovecinema.be\/fr\/adil-el-arbi-et-bilall-fallah-preparent-la-suite-de-patser\/","og_locale":"fr_FR","og_type":"article","og_title":"Adil El Arbi et Bilall Fallah pr\u00e9parent la suite de \"Patser\"! - We Love Cinema","og_description":"Avec le Festival de Cannes et son March\u00e9 du Film d\u00e9barquent leur lot de scoops sur les projets qui se trament sur la plan\u00e8te cin\u00e9ma. Et on vient justement d&rsquo;apprendre que l&rsquo;explosif duo form\u00e9 par Adil El Arbi et Bilall Fallah pr\u00e9paraient actuellement la suite de leur gros succ\u00e8s au box-office, Patser! Alors qu&rsquo;ils terminent &hellip;","og_url":"https:\/\/welovecinema.be\/fr\/adil-el-arbi-et-bilall-fallah-preparent-la-suite-de-patser\/","og_site_name":"We Love Cinema","article_publisher":"https:\/\/www.facebook.com\/welovecinema.be","article_published_time":"2019-05-15T08:01:36+00:00","og_image":[{"width":1108,"height":658,"url":"https:\/\/welovecinema.be\/wp-content\/uploads\/sites\/2\/2017\/05\/Foto_A_B_pers_PATSER.jpg","type":"image\/jpeg"}],"author":"Aurore Engelen","twitter_card":"summary_large_image","twitter_misc":{"\u00c9crit par":"Aurore Engelen","Dur\u00e9e de lecture estim\u00e9e":"2 minutes"},"schema":{"@context":"https:\/\/schema.org","@graph":[{"@type":"Article","@id":"https:\/\/welovecinema.be\/fr\/adil-el-arbi-et-bilall-fallah-preparent-la-suite-de-patser\/#article","isPartOf":{"@id":"https:\/\/welovecinema.be\/fr\/adil-el-arbi-et-bilall-fallah-preparent-la-suite-de-patser\/"},"author":{"name":"Aurore Engelen","@id":"https:\/\/welovecinema.be\/nl\/#\/schema\/person\/8084b68c6b176142d073695c654dc7cf"},"headline":"Adil El Arbi et Bilall Fallah pr\u00e9parent la suite de \u00ab\u00a0Patser\u00a0\u00bb!","datePublished":"2019-05-15T08:01:36+00:00","dateModified":"2019-05-15T08:01:36+00:00","mainEntityOfPage":{"@id":"https:\/\/welovecinema.be\/fr\/adil-el-arbi-et-bilall-fallah-preparent-la-suite-de-patser\/"},"wordCount":339,"publisher":{"@id":"https:\/\/welovecinema.be\/nl\/#organization"},"keywords":["Adil El Arbi","Bilall Fallah","Paster"],"articleSection":["En bref"],"inLanguage":"fr-FR"},{"@type":"WebPage","@id":"https:\/\/welovecinema.be\/fr\/adil-el-arbi-et-bilall-fallah-preparent-la-suite-de-patser\/","url":"https:\/\/welovecinema.be\/fr\/adil-el-arbi-et-bilall-fallah-preparent-la-suite-de-patser\/","name":"Adil El Arbi et Bilall Fallah pr\u00e9parent la suite de \"Patser\"! - We Love Cinema","isPartOf":{"@id":"https:\/\/welovecinema.be\/nl\/#website"},"datePublished":"2019-05-15T08:01:36+00:00","dateModified":"2019-05-15T08:01:36+00:00","breadcrumb":{"@id":"https:\/\/welovecinema.be\/fr\/adil-el-arbi-et-bilall-fallah-preparent-la-suite-de-patser\/#breadcrumb"},"inLanguage":"fr-FR","potentialAction":[{"@type":"ReadAction","target":["https:\/\/welovecinema.be\/fr\/adil-el-arbi-et-bilall-fallah-preparent-la-suite-de-patser\/"]}]},{"@type":"BreadcrumbList","@id":"https:\/\/welovecinema.be\/fr\/adil-el-arbi-et-bilall-fallah-preparent-la-suite-de-patser\/#breadcrumb","itemListElement":[{"@type":"ListItem","position":1,"name":"Accueil","item":"https:\/\/welovecinema.be\/fr\/"},{"@type":"ListItem","position":2,"name":"Adil El Arbi et Bilall Fallah pr\u00e9parent la suite de \u00ab\u00a0Patser\u00a0\u00bb!"}]},{"@type":"WebSite","@id":"https:\/\/welovecinema.be\/nl\/#website","url":"https:\/\/welovecinema.be\/nl\/","name":"We Love Cinema","description":"Toute l\u2019information du cin\u00e9ma en Belgique","publisher":{"@id":"https:\/\/welovecinema.be\/nl\/#organization"},"potentialAction":[{"@type":"SearchAction","target":{"@type":"EntryPoint","urlTemplate":"https:\/\/welovecinema.be\/nl\/?s={search_term_string}"},"query-input":"required name=search_term_string"}],"inLanguage":"fr-FR"},{"@type":"Organization","@id":"https:\/\/welovecinema.be\/nl\/#organization","name":"We Love Cinema","url":"https:\/\/welovecinema.be\/nl\/","logo":{"@type":"ImageObject","inLanguage":"fr-FR","@id":"https:\/\/welovecinema.be\/nl\/#\/schema\/logo\/image\/","url":"https:\/\/welovecinema.be\/wp-content\/uploads\/sites\/2\/2023\/03\/Logo-We-Love-Cinema305x128.jpg","contentUrl":"https:\/\/welovecinema.be\/wp-content\/uploads\/sites\/2\/2023\/03\/Logo-We-Love-Cinema305x128.jpg","width":305,"height":128,"caption":"We Love Cinema"},"image":{"@id":"https:\/\/welovecinema.be\/nl\/#\/schema\/logo\/image\/"},"sameAs":["https:\/\/www.facebook.com\/welovecinema.be","https:\/\/www.youtube.com\/channel\/UCX5LYGVhnKvYauW4Nta4HJA","https:\/\/www.instagram.com\/welovecinema.be\/"]},{"@type":"Person","@id":"https:\/\/welovecinema.be\/nl\/#\/schema\/person\/8084b68c6b176142d073695c654dc7cf","name":"Aurore Engelen","url":"https:\/\/welovecinema.be\/fr\/author\/aurore-engelen\/"}]}},"_links":{"self":[{"href":"https:\/\/welovecinema.be\/fr\/wp-json\/wp\/v2\/posts\/219811","targetHints":{"allow":["GET"]}}],"collection":[{"href":"https:\/\/welovecinema.be\/fr\/wp-json\/wp\/v2\/posts"}],"about":[{"href":"https:\/\/welovecinema.be\/fr\/wp-json\/wp\/v2\/types\/post"}],"author":[{"embeddable":true,"href":"https:\/\/welovecinema.be\/fr\/wp-json\/wp\/v2\/users\/343"}],"replies":[{"embeddable":true,"href":"https:\/\/welovecinema.be\/fr\/wp-json\/wp\/v2\/comments?post=219811"}],"version-history":[{"count":0,"href":"https:\/\/welovecinema.be\/fr\/wp-json\/wp\/v2\/posts\/219811\/revisions"}],"wp:featuredmedia":[{"embeddable":true,"href":"https:\/\/welovecinema.be\/fr\/wp-json\/wp\/v2\/media\/200176"}],"wp:attachment":[{"href":"https:\/\/welovecinema.be\/fr\/wp-json\/wp\/v2\/media?parent=219811"}],"wp:term":[{"taxonomy":"category","embeddable":true,"href":"https:\/\/welovecinema.be\/fr\/wp-json\/wp\/v2\/categories?post=219811"},{"taxonomy":"post_tag","embeddable":true,"href":"https:\/\/welovecinema.be\/fr\/wp-json\/wp\/v2\/tags?post=219811"}],"curies":[{"name":"wp","href":"https:\/\/api.w.org\/{rel}","templated":true}]}}