{"id":219803,"date":"2019-05-16T14:42:42","date_gmt":"2019-05-16T12:42:42","guid":{"rendered":"https:\/\/www.cinevox.be\/?p=219803"},"modified":"2019-05-16T14:42:42","modified_gmt":"2019-05-16T12:42:42","slug":"appel-a-projets-films-documentaires-derives","status":"publish","type":"post","link":"https:\/\/welovecinema.be\/fr\/appel-a-projets-films-documentaires-derives\/","title":{"rendered":"Appel \u00e0 projets, films documentaires: D\u00e9rives"},"content":{"rendered":"<div><strong>L\u2019Atelier de production De\u0301rives lance un nouvel appel a\u0300 projets de courts me\u0301trages documentaires sur la \u00ab salle de consommation a\u0300 moindre risque \u00bb qui a ouvert en septembre 2018 \u00e0 Lie\u0300ge. Il est ouvert a\u0300 tous, amateurs ou professionnels, et privil\u00e9gie les regards cre\u0301atifs et singuliers.<\/strong><\/div>\n<div>Les candidats sont invit\u00e9s \u00e0 \u00e9crire une courte description (3 pages maximum) du film qu\u2019ils imaginent tourner dans ce lieu. La dur\u00e9e des films devra \u00eatre de 30 minutes maximum et leur format documentaire ou exp\u00e9rimental.Les propositions, accompagn\u00e9es du\u00a0cv de l\u2019auteur-r\u00e9alisateur, sont a\u0300 envoyer pour le 15 juin 2019 au plus tard a\u0300\u00a0<u>info@derives.be<\/u>.<\/p>\n<p>Le projet laure\u0301at sera produit par l\u2019Atelier De\u0301rives et dot\u00e9 d&rsquo;un soutien de 40.000\u20ac. Il fera l&rsquo;objet de plusieurs s\u00e9ances de cin\u00e9ma, notamment au Festival Millenium (Bruxelles) et aux Grignoux (Li\u00e8ge et Namur) d\u00e9but 2020. Il sera diffus\u00e9 en t\u00e9l\u00e9vision (RTC-Li\u00e8ge) et sortira\u00a0en VOD en 2021.<\/p>\n<\/div>\n<div><\/div>\n<div>Le projet laur\u00e9at sera dot\u00e9 d\u2019une somme de 40.000\u20ac permettant \u00e0 l\u2019atelier de le produire et de le distribuer :<\/div>\n<ul>\n<li>10.000\u20ac pour l\u2019engagement du r\u00e9alisateur et d\u2019une \u00e9quipe de tournage<\/li>\n<li>10.000\u20ac pour l\u2019engagement des techniciens de postproduction<\/li>\n<li>10.000\u20ac de mise \u00e0 disposition de mat\u00e9riel de tournage et de postproduction<\/li>\n<li>5.000\u20ac d\u2019aide en services pour l\u2019encadrement logistique et technique<\/li>\n<li>5.000\u20ac d\u2019aide en services pour la promotion du film (inscription en festivals, organisation de s\u00e9ances sp\u00e9ciales, diffusions TV, exploitation VOD, circulation dans le secteur associatif et \u00e9ducatif)<\/li>\n<\/ul>\n<p>Toutes les infos <a href=\"https:\/\/www.derives.be\/wp-content\/uploads\/sites\/2\/2019\/05\/De%CC%81rives-appel-a%CC%80-projets-2019.pdf\">ici<\/a>.<\/p>\n<div><\/div>\n","protected":false},"excerpt":{"rendered":"<p>L\u2019Atelier de production De\u0301rives lance un nouvel appel a\u0300 projets de courts me\u0301trages documentaires sur la \u00ab salle de consommation a\u0300 moindre risque \u00bb qui a ouvert en septembre 2018 \u00e0 Lie\u0300ge. Il est ouvert a\u0300 tous, amateurs ou professionnels, et privil\u00e9gie les regards cre\u0301atifs et singuliers. Les candidats sont invit\u00e9s \u00e0 \u00e9crire une courte &hellip;<\/p>\n","protected":false},"author":343,"featured_media":219804,"comment_status":"closed","ping_status":"closed","sticky":false,"template":"","format":"standard","meta":{"ngg_post_thumbnail":0,"footnotes":""},"categories":[1923],"tags":[],"class_list":["post-219803","post","type-post","status-publish","format-standard","has-post-thumbnail","","category-en-bref"],"yoast_head":"<!-- This site is optimized with the Yoast SEO plugin v20.4 - https:\/\/yoast.com\/wordpress\/plugins\/seo\/ -->\n<title>Appel \u00e0 projets, films documentaires: D\u00e9rives - We Love Cinema<\/title>\n<meta name=\"robots\" content=\"index, follow, max-snippet:-1, max-image-preview:large, max-video-preview:-1\" \/>\n<link rel=\"canonical\" href=\"https:\/\/welovecinema.be\/fr\/appel-a-projets-films-documentaires-derives\/\" \/>\n<meta property=\"og:locale\" content=\"fr_FR\" \/>\n<meta property=\"og:type\" content=\"article\" \/>\n<meta property=\"og:title\" content=\"Appel \u00e0 projets, films documentaires: D\u00e9rives - We Love Cinema\" \/>\n<meta property=\"og:description\" content=\"L\u2019Atelier de production De\u0301rives lance un nouvel appel a\u0300 projets de courts me\u0301trages documentaires sur la \u00ab salle de consommation a\u0300 moindre risque \u00bb qui a ouvert en septembre 2018 \u00e0 Lie\u0300ge. Il est ouvert a\u0300 tous, amateurs ou professionnels, et privil\u00e9gie les regards cre\u0301atifs et singuliers. Les candidats sont invit\u00e9s \u00e0 \u00e9crire une courte &hellip;\" \/>\n<meta property=\"og:url\" content=\"https:\/\/welovecinema.be\/fr\/appel-a-projets-films-documentaires-derives\/\" \/>\n<meta property=\"og:site_name\" content=\"We Love Cinema\" \/>\n<meta property=\"article:publisher\" content=\"https:\/\/www.facebook.com\/welovecinema.be\" \/>\n<meta property=\"article:published_time\" content=\"2019-05-16T12:42:42+00:00\" \/>\n<meta property=\"og:image\" content=\"https:\/\/welovecinema.be\/wp-content\/uploads\/sites\/2\/2019\/05\/DerivesAppelAProjets.jpg\" \/>\n\t<meta property=\"og:image:width\" content=\"3320\" \/>\n\t<meta property=\"og:image:height\" content=\"1263\" \/>\n\t<meta property=\"og:image:type\" content=\"image\/jpeg\" \/>\n<meta name=\"author\" content=\"Aurore Engelen\" \/>\n<meta name=\"twitter:card\" content=\"summary_large_image\" \/>\n<meta name=\"twitter:label1\" content=\"\u00c9crit par\" \/>\n\t<meta name=\"twitter:data1\" content=\"Aurore Engelen\" \/>\n\t<meta name=\"twitter:label2\" content=\"Dur\u00e9e de lecture estim\u00e9e\" \/>\n\t<meta name=\"twitter:data2\" content=\"1 minute\" \/>\n<script type=\"application\/ld+json\" class=\"yoast-schema-graph\">{\"@context\":\"https:\/\/schema.org\",\"@graph\":[{\"@type\":\"Article\",\"@id\":\"https:\/\/welovecinema.be\/fr\/appel-a-projets-films-documentaires-derives\/#article\",\"isPartOf\":{\"@id\":\"https:\/\/welovecinema.be\/fr\/appel-a-projets-films-documentaires-derives\/\"},\"author\":{\"name\":\"Aurore Engelen\",\"@id\":\"https:\/\/welovecinema.be\/nl\/#\/schema\/person\/8084b68c6b176142d073695c654dc7cf\"},\"headline\":\"Appel \u00e0 projets, films documentaires: D\u00e9rives\",\"datePublished\":\"2019-05-16T12:42:42+00:00\",\"dateModified\":\"2019-05-16T12:42:42+00:00\",\"mainEntityOfPage\":{\"@id\":\"https:\/\/welovecinema.be\/fr\/appel-a-projets-films-documentaires-derives\/\"},\"wordCount\":264,\"publisher\":{\"@id\":\"https:\/\/welovecinema.be\/nl\/#organization\"},\"articleSection\":[\"En bref\"],\"inLanguage\":\"fr-FR\"},{\"@type\":\"WebPage\",\"@id\":\"https:\/\/welovecinema.be\/fr\/appel-a-projets-films-documentaires-derives\/\",\"url\":\"https:\/\/welovecinema.be\/fr\/appel-a-projets-films-documentaires-derives\/\",\"name\":\"Appel \u00e0 projets, films documentaires: D\u00e9rives - We Love Cinema\",\"isPartOf\":{\"@id\":\"https:\/\/welovecinema.be\/nl\/#website\"},\"datePublished\":\"2019-05-16T12:42:42+00:00\",\"dateModified\":\"2019-05-16T12:42:42+00:00\",\"breadcrumb\":{\"@id\":\"https:\/\/welovecinema.be\/fr\/appel-a-projets-films-documentaires-derives\/#breadcrumb\"},\"inLanguage\":\"fr-FR\",\"potentialAction\":[{\"@type\":\"ReadAction\",\"target\":[\"https:\/\/welovecinema.be\/fr\/appel-a-projets-films-documentaires-derives\/\"]}]},{\"@type\":\"BreadcrumbList\",\"@id\":\"https:\/\/welovecinema.be\/fr\/appel-a-projets-films-documentaires-derives\/#breadcrumb\",\"itemListElement\":[{\"@type\":\"ListItem\",\"position\":1,\"name\":\"Accueil\",\"item\":\"https:\/\/welovecinema.be\/fr\/\"},{\"@type\":\"ListItem\",\"position\":2,\"name\":\"Appel \u00e0 projets, films documentaires: D\u00e9rives\"}]},{\"@type\":\"WebSite\",\"@id\":\"https:\/\/welovecinema.be\/nl\/#website\",\"url\":\"https:\/\/welovecinema.be\/nl\/\",\"name\":\"We Love Cinema\",\"description\":\"Toute l\u2019information du cin\u00e9ma en Belgique\",\"publisher\":{\"@id\":\"https:\/\/welovecinema.be\/nl\/#organization\"},\"potentialAction\":[{\"@type\":\"SearchAction\",\"target\":{\"@type\":\"EntryPoint\",\"urlTemplate\":\"https:\/\/welovecinema.be\/nl\/?s={search_term_string}\"},\"query-input\":\"required name=search_term_string\"}],\"inLanguage\":\"fr-FR\"},{\"@type\":\"Organization\",\"@id\":\"https:\/\/welovecinema.be\/nl\/#organization\",\"name\":\"We Love Cinema\",\"url\":\"https:\/\/welovecinema.be\/nl\/\",\"logo\":{\"@type\":\"ImageObject\",\"inLanguage\":\"fr-FR\",\"@id\":\"https:\/\/welovecinema.be\/nl\/#\/schema\/logo\/image\/\",\"url\":\"https:\/\/welovecinema.be\/wp-content\/uploads\/sites\/2\/2023\/03\/Logo-We-Love-Cinema305x128.jpg\",\"contentUrl\":\"https:\/\/welovecinema.be\/wp-content\/uploads\/sites\/2\/2023\/03\/Logo-We-Love-Cinema305x128.jpg\",\"width\":305,\"height\":128,\"caption\":\"We Love Cinema\"},\"image\":{\"@id\":\"https:\/\/welovecinema.be\/nl\/#\/schema\/logo\/image\/\"},\"sameAs\":[\"https:\/\/www.facebook.com\/welovecinema.be\",\"https:\/\/www.youtube.com\/channel\/UCX5LYGVhnKvYauW4Nta4HJA\",\"https:\/\/www.instagram.com\/welovecinema.be\/\"]},{\"@type\":\"Person\",\"@id\":\"https:\/\/welovecinema.be\/nl\/#\/schema\/person\/8084b68c6b176142d073695c654dc7cf\",\"name\":\"Aurore Engelen\",\"url\":\"https:\/\/welovecinema.be\/fr\/author\/aurore-engelen\/\"}]}<\/script>\n<!-- \/ Yoast SEO plugin. -->","yoast_head_json":{"title":"Appel \u00e0 projets, films documentaires: D\u00e9rives - We Love Cinema","robots":{"index":"index","follow":"follow","max-snippet":"max-snippet:-1","max-image-preview":"max-image-preview:large","max-video-preview":"max-video-preview:-1"},"canonical":"https:\/\/welovecinema.be\/fr\/appel-a-projets-films-documentaires-derives\/","og_locale":"fr_FR","og_type":"article","og_title":"Appel \u00e0 projets, films documentaires: D\u00e9rives - We Love Cinema","og_description":"L\u2019Atelier de production De\u0301rives lance un nouvel appel a\u0300 projets de courts me\u0301trages documentaires sur la \u00ab salle de consommation a\u0300 moindre risque \u00bb qui a ouvert en septembre 2018 \u00e0 Lie\u0300ge. Il est ouvert a\u0300 tous, amateurs ou professionnels, et privil\u00e9gie les regards cre\u0301atifs et singuliers. Les candidats sont invit\u00e9s \u00e0 \u00e9crire une courte &hellip;","og_url":"https:\/\/welovecinema.be\/fr\/appel-a-projets-films-documentaires-derives\/","og_site_name":"We Love Cinema","article_publisher":"https:\/\/www.facebook.com\/welovecinema.be","article_published_time":"2019-05-16T12:42:42+00:00","og_image":[{"width":3320,"height":1263,"url":"https:\/\/welovecinema.be\/wp-content\/uploads\/sites\/2\/2019\/05\/DerivesAppelAProjets.jpg","type":"image\/jpeg"}],"author":"Aurore Engelen","twitter_card":"summary_large_image","twitter_misc":{"\u00c9crit par":"Aurore Engelen","Dur\u00e9e de lecture estim\u00e9e":"1 minute"},"schema":{"@context":"https:\/\/schema.org","@graph":[{"@type":"Article","@id":"https:\/\/welovecinema.be\/fr\/appel-a-projets-films-documentaires-derives\/#article","isPartOf":{"@id":"https:\/\/welovecinema.be\/fr\/appel-a-projets-films-documentaires-derives\/"},"author":{"name":"Aurore Engelen","@id":"https:\/\/welovecinema.be\/nl\/#\/schema\/person\/8084b68c6b176142d073695c654dc7cf"},"headline":"Appel \u00e0 projets, films documentaires: D\u00e9rives","datePublished":"2019-05-16T12:42:42+00:00","dateModified":"2019-05-16T12:42:42+00:00","mainEntityOfPage":{"@id":"https:\/\/welovecinema.be\/fr\/appel-a-projets-films-documentaires-derives\/"},"wordCount":264,"publisher":{"@id":"https:\/\/welovecinema.be\/nl\/#organization"},"articleSection":["En bref"],"inLanguage":"fr-FR"},{"@type":"WebPage","@id":"https:\/\/welovecinema.be\/fr\/appel-a-projets-films-documentaires-derives\/","url":"https:\/\/welovecinema.be\/fr\/appel-a-projets-films-documentaires-derives\/","name":"Appel \u00e0 projets, films documentaires: D\u00e9rives - We Love Cinema","isPartOf":{"@id":"https:\/\/welovecinema.be\/nl\/#website"},"datePublished":"2019-05-16T12:42:42+00:00","dateModified":"2019-05-16T12:42:42+00:00","breadcrumb":{"@id":"https:\/\/welovecinema.be\/fr\/appel-a-projets-films-documentaires-derives\/#breadcrumb"},"inLanguage":"fr-FR","potentialAction":[{"@type":"ReadAction","target":["https:\/\/welovecinema.be\/fr\/appel-a-projets-films-documentaires-derives\/"]}]},{"@type":"BreadcrumbList","@id":"https:\/\/welovecinema.be\/fr\/appel-a-projets-films-documentaires-derives\/#breadcrumb","itemListElement":[{"@type":"ListItem","position":1,"name":"Accueil","item":"https:\/\/welovecinema.be\/fr\/"},{"@type":"ListItem","position":2,"name":"Appel \u00e0 projets, films documentaires: D\u00e9rives"}]},{"@type":"WebSite","@id":"https:\/\/welovecinema.be\/nl\/#website","url":"https:\/\/welovecinema.be\/nl\/","name":"We Love Cinema","description":"Toute l\u2019information du cin\u00e9ma en Belgique","publisher":{"@id":"https:\/\/welovecinema.be\/nl\/#organization"},"potentialAction":[{"@type":"SearchAction","target":{"@type":"EntryPoint","urlTemplate":"https:\/\/welovecinema.be\/nl\/?s={search_term_string}"},"query-input":"required name=search_term_string"}],"inLanguage":"fr-FR"},{"@type":"Organization","@id":"https:\/\/welovecinema.be\/nl\/#organization","name":"We Love Cinema","url":"https:\/\/welovecinema.be\/nl\/","logo":{"@type":"ImageObject","inLanguage":"fr-FR","@id":"https:\/\/welovecinema.be\/nl\/#\/schema\/logo\/image\/","url":"https:\/\/welovecinema.be\/wp-content\/uploads\/sites\/2\/2023\/03\/Logo-We-Love-Cinema305x128.jpg","contentUrl":"https:\/\/welovecinema.be\/wp-content\/uploads\/sites\/2\/2023\/03\/Logo-We-Love-Cinema305x128.jpg","width":305,"height":128,"caption":"We Love Cinema"},"image":{"@id":"https:\/\/welovecinema.be\/nl\/#\/schema\/logo\/image\/"},"sameAs":["https:\/\/www.facebook.com\/welovecinema.be","https:\/\/www.youtube.com\/channel\/UCX5LYGVhnKvYauW4Nta4HJA","https:\/\/www.instagram.com\/welovecinema.be\/"]},{"@type":"Person","@id":"https:\/\/welovecinema.be\/nl\/#\/schema\/person\/8084b68c6b176142d073695c654dc7cf","name":"Aurore Engelen","url":"https:\/\/welovecinema.be\/fr\/author\/aurore-engelen\/"}]}},"_links":{"self":[{"href":"https:\/\/welovecinema.be\/fr\/wp-json\/wp\/v2\/posts\/219803","targetHints":{"allow":["GET"]}}],"collection":[{"href":"https:\/\/welovecinema.be\/fr\/wp-json\/wp\/v2\/posts"}],"about":[{"href":"https:\/\/welovecinema.be\/fr\/wp-json\/wp\/v2\/types\/post"}],"author":[{"embeddable":true,"href":"https:\/\/welovecinema.be\/fr\/wp-json\/wp\/v2\/users\/343"}],"replies":[{"embeddable":true,"href":"https:\/\/welovecinema.be\/fr\/wp-json\/wp\/v2\/comments?post=219803"}],"version-history":[{"count":0,"href":"https:\/\/welovecinema.be\/fr\/wp-json\/wp\/v2\/posts\/219803\/revisions"}],"wp:featuredmedia":[{"embeddable":true,"href":"https:\/\/welovecinema.be\/fr\/wp-json\/wp\/v2\/media\/219804"}],"wp:attachment":[{"href":"https:\/\/welovecinema.be\/fr\/wp-json\/wp\/v2\/media?parent=219803"}],"wp:term":[{"taxonomy":"category","embeddable":true,"href":"https:\/\/welovecinema.be\/fr\/wp-json\/wp\/v2\/categories?post=219803"},{"taxonomy":"post_tag","embeddable":true,"href":"https:\/\/welovecinema.be\/fr\/wp-json\/wp\/v2\/tags?post=219803"}],"curies":[{"name":"wp","href":"https:\/\/api.w.org\/{rel}","templated":true}]}}