{"id":219475,"date":"2019-05-02T10:52:54","date_gmt":"2019-05-02T08:52:54","guid":{"rendered":"https:\/\/www.cinevox.be\/?p=219475"},"modified":"2019-05-07T12:55:27","modified_gmt":"2019-05-07T10:55:27","slug":"2mn-avec-cesar-diaz","status":"publish","type":"post","link":"https:\/\/welovecinema.be\/fr\/2mn-avec-cesar-diaz\/","title":{"rendered":"2mn avec&#8230; C\u00e9sar Diaz"},"content":{"rendered":"<p><strong>Nous avons rencontr\u00e9 C\u00e9sar Diaz au lendemain de l&rsquo;annonce de la s\u00e9lection de <em>Nuestras Madres<\/em>, son premier long m\u00e9trage, en comp\u00e9tition \u00e0 la Semaine de la Critique de Cannes. Le r\u00e9alisateur, originaire du Guatemala, nous parle de ce projet tr\u00e8s personnel, et de sa r\u00e9action suite \u00e0 l&rsquo;annonce.\u00a0<\/strong><\/p>\n","protected":false},"excerpt":{"rendered":"<p>Nous avons rencontr\u00e9 C\u00e9sar Diaz au lendemain de l&rsquo;annonce de la s\u00e9lection de Nuestras Madres, son premier long m\u00e9trage, en comp\u00e9tition \u00e0 la Semaine de la Critique de Cannes. Le r\u00e9alisateur, originaire du Guatemala, nous parle de ce projet tr\u00e8s personnel, et de sa r\u00e9action suite \u00e0 l&rsquo;annonce.\u00a0<\/p>\n","protected":false},"author":343,"featured_media":219476,"comment_status":"closed","ping_status":"closed","sticky":false,"template":"","format":"standard","meta":{"ngg_post_thumbnail":0,"footnotes":""},"categories":[1978],"tags":[3506,4187,4213],"class_list":["post-219475","post","type-post","status-publish","format-standard","has-post-thumbnail","","category-interviews","tag-cesar-diaz","tag-newsletter-fr","tag-nuestras-madres"],"yoast_head":"<!-- This site is optimized with the Yoast SEO plugin v20.4 - https:\/\/yoast.com\/wordpress\/plugins\/seo\/ -->\n<title>2mn avec... C\u00e9sar Diaz - We Love Cinema<\/title>\n<meta name=\"robots\" content=\"index, follow, max-snippet:-1, max-image-preview:large, max-video-preview:-1\" \/>\n<link rel=\"canonical\" href=\"https:\/\/welovecinema.be\/fr\/2mn-avec-cesar-diaz\/\" \/>\n<meta property=\"og:locale\" content=\"fr_FR\" \/>\n<meta property=\"og:type\" content=\"article\" \/>\n<meta property=\"og:title\" content=\"2mn avec... C\u00e9sar Diaz - We Love Cinema\" \/>\n<meta property=\"og:description\" content=\"Nous avons rencontr\u00e9 C\u00e9sar Diaz au lendemain de l&rsquo;annonce de la s\u00e9lection de Nuestras Madres, son premier long m\u00e9trage, en comp\u00e9tition \u00e0 la Semaine de la Critique de Cannes. Le r\u00e9alisateur, originaire du Guatemala, nous parle de ce projet tr\u00e8s personnel, et de sa r\u00e9action suite \u00e0 l&rsquo;annonce.\u00a0\" \/>\n<meta property=\"og:url\" content=\"https:\/\/welovecinema.be\/fr\/2mn-avec-cesar-diaz\/\" \/>\n<meta property=\"og:site_name\" content=\"We Love Cinema\" \/>\n<meta property=\"article:publisher\" content=\"https:\/\/www.facebook.com\/welovecinema.be\" \/>\n<meta property=\"article:published_time\" content=\"2019-05-02T08:52:54+00:00\" \/>\n<meta property=\"article:modified_time\" content=\"2019-05-07T10:55:27+00:00\" \/>\n<meta property=\"og:image\" content=\"https:\/\/welovecinema.be\/wp-content\/uploads\/sites\/2\/2019\/05\/Ce\u0301sarDiazCInevox-800x438.jpg\" \/>\n\t<meta property=\"og:image:width\" content=\"800\" \/>\n\t<meta property=\"og:image:height\" content=\"438\" \/>\n\t<meta property=\"og:image:type\" content=\"image\/jpeg\" \/>\n<meta name=\"author\" content=\"Aurore Engelen\" \/>\n<meta name=\"twitter:card\" content=\"summary_large_image\" \/>\n<meta name=\"twitter:label1\" content=\"\u00c9crit par\" \/>\n\t<meta name=\"twitter:data1\" content=\"Aurore Engelen\" \/>\n<script type=\"application\/ld+json\" class=\"yoast-schema-graph\">{\"@context\":\"https:\/\/schema.org\",\"@graph\":[{\"@type\":\"Article\",\"@id\":\"https:\/\/welovecinema.be\/fr\/2mn-avec-cesar-diaz\/#article\",\"isPartOf\":{\"@id\":\"https:\/\/welovecinema.be\/fr\/2mn-avec-cesar-diaz\/\"},\"author\":{\"name\":\"Aurore Engelen\",\"@id\":\"https:\/\/welovecinema.be\/nl\/#\/schema\/person\/8084b68c6b176142d073695c654dc7cf\"},\"headline\":\"2mn avec&#8230; C\u00e9sar Diaz\",\"datePublished\":\"2019-05-02T08:52:54+00:00\",\"dateModified\":\"2019-05-07T10:55:27+00:00\",\"mainEntityOfPage\":{\"@id\":\"https:\/\/welovecinema.be\/fr\/2mn-avec-cesar-diaz\/\"},\"wordCount\":60,\"publisher\":{\"@id\":\"https:\/\/welovecinema.be\/nl\/#organization\"},\"keywords\":[\"Cesar Diaz\",\"newsletter\",\"Nuestras Madres\"],\"articleSection\":[\"Rencontres\"],\"inLanguage\":\"fr-FR\"},{\"@type\":\"WebPage\",\"@id\":\"https:\/\/welovecinema.be\/fr\/2mn-avec-cesar-diaz\/\",\"url\":\"https:\/\/welovecinema.be\/fr\/2mn-avec-cesar-diaz\/\",\"name\":\"2mn avec... C\u00e9sar Diaz - We Love Cinema\",\"isPartOf\":{\"@id\":\"https:\/\/welovecinema.be\/nl\/#website\"},\"datePublished\":\"2019-05-02T08:52:54+00:00\",\"dateModified\":\"2019-05-07T10:55:27+00:00\",\"breadcrumb\":{\"@id\":\"https:\/\/welovecinema.be\/fr\/2mn-avec-cesar-diaz\/#breadcrumb\"},\"inLanguage\":\"fr-FR\",\"potentialAction\":[{\"@type\":\"ReadAction\",\"target\":[\"https:\/\/welovecinema.be\/fr\/2mn-avec-cesar-diaz\/\"]}]},{\"@type\":\"BreadcrumbList\",\"@id\":\"https:\/\/welovecinema.be\/fr\/2mn-avec-cesar-diaz\/#breadcrumb\",\"itemListElement\":[{\"@type\":\"ListItem\",\"position\":1,\"name\":\"Accueil\",\"item\":\"https:\/\/welovecinema.be\/fr\/\"},{\"@type\":\"ListItem\",\"position\":2,\"name\":\"2mn avec&#8230; C\u00e9sar Diaz\"}]},{\"@type\":\"WebSite\",\"@id\":\"https:\/\/welovecinema.be\/nl\/#website\",\"url\":\"https:\/\/welovecinema.be\/nl\/\",\"name\":\"We Love Cinema\",\"description\":\"Toute l\u2019information du cin\u00e9ma en Belgique\",\"publisher\":{\"@id\":\"https:\/\/welovecinema.be\/nl\/#organization\"},\"potentialAction\":[{\"@type\":\"SearchAction\",\"target\":{\"@type\":\"EntryPoint\",\"urlTemplate\":\"https:\/\/welovecinema.be\/nl\/?s={search_term_string}\"},\"query-input\":\"required name=search_term_string\"}],\"inLanguage\":\"fr-FR\"},{\"@type\":\"Organization\",\"@id\":\"https:\/\/welovecinema.be\/nl\/#organization\",\"name\":\"We Love Cinema\",\"url\":\"https:\/\/welovecinema.be\/nl\/\",\"logo\":{\"@type\":\"ImageObject\",\"inLanguage\":\"fr-FR\",\"@id\":\"https:\/\/welovecinema.be\/nl\/#\/schema\/logo\/image\/\",\"url\":\"https:\/\/welovecinema.be\/wp-content\/uploads\/sites\/2\/2023\/03\/Logo-We-Love-Cinema305x128.jpg\",\"contentUrl\":\"https:\/\/welovecinema.be\/wp-content\/uploads\/sites\/2\/2023\/03\/Logo-We-Love-Cinema305x128.jpg\",\"width\":305,\"height\":128,\"caption\":\"We Love Cinema\"},\"image\":{\"@id\":\"https:\/\/welovecinema.be\/nl\/#\/schema\/logo\/image\/\"},\"sameAs\":[\"https:\/\/www.facebook.com\/welovecinema.be\",\"https:\/\/www.youtube.com\/channel\/UCX5LYGVhnKvYauW4Nta4HJA\",\"https:\/\/www.instagram.com\/welovecinema.be\/\"]},{\"@type\":\"Person\",\"@id\":\"https:\/\/welovecinema.be\/nl\/#\/schema\/person\/8084b68c6b176142d073695c654dc7cf\",\"name\":\"Aurore Engelen\",\"url\":\"https:\/\/welovecinema.be\/fr\/author\/aurore-engelen\/\"}]}<\/script>\n<!-- \/ Yoast SEO plugin. -->","yoast_head_json":{"title":"2mn avec... C\u00e9sar Diaz - We Love Cinema","robots":{"index":"index","follow":"follow","max-snippet":"max-snippet:-1","max-image-preview":"max-image-preview:large","max-video-preview":"max-video-preview:-1"},"canonical":"https:\/\/welovecinema.be\/fr\/2mn-avec-cesar-diaz\/","og_locale":"fr_FR","og_type":"article","og_title":"2mn avec... C\u00e9sar Diaz - We Love Cinema","og_description":"Nous avons rencontr\u00e9 C\u00e9sar Diaz au lendemain de l&rsquo;annonce de la s\u00e9lection de Nuestras Madres, son premier long m\u00e9trage, en comp\u00e9tition \u00e0 la Semaine de la Critique de Cannes. Le r\u00e9alisateur, originaire du Guatemala, nous parle de ce projet tr\u00e8s personnel, et de sa r\u00e9action suite \u00e0 l&rsquo;annonce.\u00a0","og_url":"https:\/\/welovecinema.be\/fr\/2mn-avec-cesar-diaz\/","og_site_name":"We Love Cinema","article_publisher":"https:\/\/www.facebook.com\/welovecinema.be","article_published_time":"2019-05-02T08:52:54+00:00","article_modified_time":"2019-05-07T10:55:27+00:00","og_image":[{"width":800,"height":438,"url":"https:\/\/welovecinema.be\/wp-content\/uploads\/sites\/2\/2019\/05\/Ce\u0301sarDiazCInevox-800x438.jpg","type":"image\/jpeg"}],"author":"Aurore Engelen","twitter_card":"summary_large_image","twitter_misc":{"\u00c9crit par":"Aurore Engelen"},"schema":{"@context":"https:\/\/schema.org","@graph":[{"@type":"Article","@id":"https:\/\/welovecinema.be\/fr\/2mn-avec-cesar-diaz\/#article","isPartOf":{"@id":"https:\/\/welovecinema.be\/fr\/2mn-avec-cesar-diaz\/"},"author":{"name":"Aurore Engelen","@id":"https:\/\/welovecinema.be\/nl\/#\/schema\/person\/8084b68c6b176142d073695c654dc7cf"},"headline":"2mn avec&#8230; C\u00e9sar Diaz","datePublished":"2019-05-02T08:52:54+00:00","dateModified":"2019-05-07T10:55:27+00:00","mainEntityOfPage":{"@id":"https:\/\/welovecinema.be\/fr\/2mn-avec-cesar-diaz\/"},"wordCount":60,"publisher":{"@id":"https:\/\/welovecinema.be\/nl\/#organization"},"keywords":["Cesar Diaz","newsletter","Nuestras Madres"],"articleSection":["Rencontres"],"inLanguage":"fr-FR"},{"@type":"WebPage","@id":"https:\/\/welovecinema.be\/fr\/2mn-avec-cesar-diaz\/","url":"https:\/\/welovecinema.be\/fr\/2mn-avec-cesar-diaz\/","name":"2mn avec... C\u00e9sar Diaz - We Love Cinema","isPartOf":{"@id":"https:\/\/welovecinema.be\/nl\/#website"},"datePublished":"2019-05-02T08:52:54+00:00","dateModified":"2019-05-07T10:55:27+00:00","breadcrumb":{"@id":"https:\/\/welovecinema.be\/fr\/2mn-avec-cesar-diaz\/#breadcrumb"},"inLanguage":"fr-FR","potentialAction":[{"@type":"ReadAction","target":["https:\/\/welovecinema.be\/fr\/2mn-avec-cesar-diaz\/"]}]},{"@type":"BreadcrumbList","@id":"https:\/\/welovecinema.be\/fr\/2mn-avec-cesar-diaz\/#breadcrumb","itemListElement":[{"@type":"ListItem","position":1,"name":"Accueil","item":"https:\/\/welovecinema.be\/fr\/"},{"@type":"ListItem","position":2,"name":"2mn avec&#8230; C\u00e9sar Diaz"}]},{"@type":"WebSite","@id":"https:\/\/welovecinema.be\/nl\/#website","url":"https:\/\/welovecinema.be\/nl\/","name":"We Love Cinema","description":"Toute l\u2019information du cin\u00e9ma en Belgique","publisher":{"@id":"https:\/\/welovecinema.be\/nl\/#organization"},"potentialAction":[{"@type":"SearchAction","target":{"@type":"EntryPoint","urlTemplate":"https:\/\/welovecinema.be\/nl\/?s={search_term_string}"},"query-input":"required name=search_term_string"}],"inLanguage":"fr-FR"},{"@type":"Organization","@id":"https:\/\/welovecinema.be\/nl\/#organization","name":"We Love Cinema","url":"https:\/\/welovecinema.be\/nl\/","logo":{"@type":"ImageObject","inLanguage":"fr-FR","@id":"https:\/\/welovecinema.be\/nl\/#\/schema\/logo\/image\/","url":"https:\/\/welovecinema.be\/wp-content\/uploads\/sites\/2\/2023\/03\/Logo-We-Love-Cinema305x128.jpg","contentUrl":"https:\/\/welovecinema.be\/wp-content\/uploads\/sites\/2\/2023\/03\/Logo-We-Love-Cinema305x128.jpg","width":305,"height":128,"caption":"We Love Cinema"},"image":{"@id":"https:\/\/welovecinema.be\/nl\/#\/schema\/logo\/image\/"},"sameAs":["https:\/\/www.facebook.com\/welovecinema.be","https:\/\/www.youtube.com\/channel\/UCX5LYGVhnKvYauW4Nta4HJA","https:\/\/www.instagram.com\/welovecinema.be\/"]},{"@type":"Person","@id":"https:\/\/welovecinema.be\/nl\/#\/schema\/person\/8084b68c6b176142d073695c654dc7cf","name":"Aurore Engelen","url":"https:\/\/welovecinema.be\/fr\/author\/aurore-engelen\/"}]}},"_links":{"self":[{"href":"https:\/\/welovecinema.be\/fr\/wp-json\/wp\/v2\/posts\/219475","targetHints":{"allow":["GET"]}}],"collection":[{"href":"https:\/\/welovecinema.be\/fr\/wp-json\/wp\/v2\/posts"}],"about":[{"href":"https:\/\/welovecinema.be\/fr\/wp-json\/wp\/v2\/types\/post"}],"author":[{"embeddable":true,"href":"https:\/\/welovecinema.be\/fr\/wp-json\/wp\/v2\/users\/343"}],"replies":[{"embeddable":true,"href":"https:\/\/welovecinema.be\/fr\/wp-json\/wp\/v2\/comments?post=219475"}],"version-history":[{"count":0,"href":"https:\/\/welovecinema.be\/fr\/wp-json\/wp\/v2\/posts\/219475\/revisions"}],"wp:featuredmedia":[{"embeddable":true,"href":"https:\/\/welovecinema.be\/fr\/wp-json\/wp\/v2\/media\/219476"}],"wp:attachment":[{"href":"https:\/\/welovecinema.be\/fr\/wp-json\/wp\/v2\/media?parent=219475"}],"wp:term":[{"taxonomy":"category","embeddable":true,"href":"https:\/\/welovecinema.be\/fr\/wp-json\/wp\/v2\/categories?post=219475"},{"taxonomy":"post_tag","embeddable":true,"href":"https:\/\/welovecinema.be\/fr\/wp-json\/wp\/v2\/tags?post=219475"}],"curies":[{"name":"wp","href":"https:\/\/api.w.org\/{rel}","templated":true}]}}