{"id":219416,"date":"2019-04-30T16:36:09","date_gmt":"2019-04-30T14:36:09","guid":{"rendered":"https:\/\/www.cinevox.be\/?p=219416"},"modified":"2019-04-30T16:36:09","modified_gmt":"2019-04-30T14:36:09","slug":"stage-en-production-chez-daylight","status":"publish","type":"post","link":"https:\/\/welovecinema.be\/fr\/stage-en-production-chez-daylight\/","title":{"rendered":"Stage en production chez Daylight"},"content":{"rendered":"<p class=\"p1\"><span class=\"s1\"><b>Dans le cadre du prochain tournage du film\u00a0<i>Enfant Terrible<\/i> de Stephan Streker, Daylight Films recherche un.e stagiaire pour assister l\u2019\u00e9quipe de production pour les mois de mai, juin et juillet. <\/b><\/span><\/p>\n<p class=\"p3\"><span class=\"s1\">Profil recherch\u00e9 :<\/span><\/p>\n<ul class=\"ul1\">\n<li class=\"li4\"><span class=\"s3\">\u00c9tudiant(e) couvert(e) par une convention de stage d\u2019\u00e9cole<\/span><\/li>\n<li class=\"li4\"><span class=\"s3\">Permis B souhaitable<\/span><\/li>\n<li class=\"li4\"><span class=\"s3\">Motiv\u00e9(e), volontaire et d\u00e9brouillard(e)<\/span><\/li>\n<li class=\"li4\"><span class=\"s3\">Sachant travailler en \u00e9quipe mais pouvant \u00e9galement faire preuve d\u2019initiative\u00a0et d\u2019autonomie<\/span><\/li>\n<li class=\"li4\"><span class=\"s3\">Organis\u00e9(e), rigoureux(se) et polyvalent(e)<\/span><\/li>\n<li class=\"li4\"><span class=\"s3\">Bonnes capacit\u00e9s de communication<\/span><\/li>\n<\/ul>\n<p class=\"p3\"><span class=\"s1\">Les candidatures pourront \u00eatre envoy\u00e9es \u00e0 l\u2019adresse\u00a0assistantprod@daylight-films.be<\/span><\/p>\n","protected":false},"excerpt":{"rendered":"<p>Dans le cadre du prochain tournage du film\u00a0Enfant Terrible de Stephan Streker, Daylight Films recherche un.e stagiaire pour assister l\u2019\u00e9quipe de production pour les mois de mai, juin et juillet. Profil recherch\u00e9 : \u00c9tudiant(e) couvert(e) par une convention de stage d\u2019\u00e9cole Permis B souhaitable Motiv\u00e9(e), volontaire et d\u00e9brouillard(e) Sachant travailler en \u00e9quipe mais pouvant \u00e9galement &hellip;<\/p>\n","protected":false},"author":343,"featured_media":201005,"comment_status":"closed","ping_status":"closed","sticky":false,"template":"","format":"standard","meta":{"ngg_post_thumbnail":0,"footnotes":""},"categories":[20],"tags":[],"class_list":["post-219416","post","type-post","status-publish","format-standard","has-post-thumbnail","","category-cinejobs"],"yoast_head":"<!-- This site is optimized with the Yoast SEO plugin v20.4 - https:\/\/yoast.com\/wordpress\/plugins\/seo\/ -->\n<title>Stage en production chez Daylight - We Love Cinema<\/title>\n<meta name=\"robots\" content=\"index, follow, max-snippet:-1, max-image-preview:large, max-video-preview:-1\" \/>\n<link rel=\"canonical\" href=\"https:\/\/welovecinema.be\/fr\/stage-en-production-chez-daylight\/\" \/>\n<meta property=\"og:locale\" content=\"fr_FR\" \/>\n<meta property=\"og:type\" content=\"article\" \/>\n<meta property=\"og:title\" content=\"Stage en production chez Daylight - We Love Cinema\" \/>\n<meta property=\"og:description\" content=\"Dans le cadre du prochain tournage du film\u00a0Enfant Terrible de Stephan Streker, Daylight Films recherche un.e stagiaire pour assister l\u2019\u00e9quipe de production pour les mois de mai, juin et juillet. Profil recherch\u00e9 : \u00c9tudiant(e) couvert(e) par une convention de stage d\u2019\u00e9cole Permis B souhaitable Motiv\u00e9(e), volontaire et d\u00e9brouillard(e) Sachant travailler en \u00e9quipe mais pouvant \u00e9galement &hellip;\" \/>\n<meta property=\"og:url\" content=\"https:\/\/welovecinema.be\/fr\/stage-en-production-chez-daylight\/\" \/>\n<meta property=\"og:site_name\" content=\"We Love Cinema\" \/>\n<meta property=\"article:publisher\" content=\"https:\/\/www.facebook.com\/welovecinema.be\" \/>\n<meta property=\"article:published_time\" content=\"2019-04-30T14:36:09+00:00\" \/>\n<meta property=\"og:image\" content=\"https:\/\/welovecinema.be\/wp-content\/uploads\/sites\/2\/2017\/06\/Logo-Daylight-bleu.jpg\" \/>\n\t<meta property=\"og:image:width\" content=\"2434\" \/>\n\t<meta property=\"og:image:height\" content=\"1027\" \/>\n\t<meta property=\"og:image:type\" content=\"image\/jpeg\" \/>\n<meta name=\"author\" content=\"Aurore Engelen\" \/>\n<meta name=\"twitter:card\" content=\"summary_large_image\" \/>\n<meta name=\"twitter:label1\" content=\"\u00c9crit par\" \/>\n\t<meta name=\"twitter:data1\" content=\"Aurore Engelen\" \/>\n<script type=\"application\/ld+json\" class=\"yoast-schema-graph\">{\"@context\":\"https:\/\/schema.org\",\"@graph\":[{\"@type\":\"Article\",\"@id\":\"https:\/\/welovecinema.be\/fr\/stage-en-production-chez-daylight\/#article\",\"isPartOf\":{\"@id\":\"https:\/\/welovecinema.be\/fr\/stage-en-production-chez-daylight\/\"},\"author\":{\"name\":\"Aurore Engelen\",\"@id\":\"https:\/\/welovecinema.be\/nl\/#\/schema\/person\/8084b68c6b176142d073695c654dc7cf\"},\"headline\":\"Stage en production chez Daylight\",\"datePublished\":\"2019-04-30T14:36:09+00:00\",\"dateModified\":\"2019-04-30T14:36:09+00:00\",\"mainEntityOfPage\":{\"@id\":\"https:\/\/welovecinema.be\/fr\/stage-en-production-chez-daylight\/\"},\"wordCount\":98,\"publisher\":{\"@id\":\"https:\/\/welovecinema.be\/nl\/#organization\"},\"articleSection\":[\"Cinejobs\"],\"inLanguage\":\"fr-FR\"},{\"@type\":\"WebPage\",\"@id\":\"https:\/\/welovecinema.be\/fr\/stage-en-production-chez-daylight\/\",\"url\":\"https:\/\/welovecinema.be\/fr\/stage-en-production-chez-daylight\/\",\"name\":\"Stage en production chez Daylight - We Love Cinema\",\"isPartOf\":{\"@id\":\"https:\/\/welovecinema.be\/nl\/#website\"},\"datePublished\":\"2019-04-30T14:36:09+00:00\",\"dateModified\":\"2019-04-30T14:36:09+00:00\",\"breadcrumb\":{\"@id\":\"https:\/\/welovecinema.be\/fr\/stage-en-production-chez-daylight\/#breadcrumb\"},\"inLanguage\":\"fr-FR\",\"potentialAction\":[{\"@type\":\"ReadAction\",\"target\":[\"https:\/\/welovecinema.be\/fr\/stage-en-production-chez-daylight\/\"]}]},{\"@type\":\"BreadcrumbList\",\"@id\":\"https:\/\/welovecinema.be\/fr\/stage-en-production-chez-daylight\/#breadcrumb\",\"itemListElement\":[{\"@type\":\"ListItem\",\"position\":1,\"name\":\"Accueil\",\"item\":\"https:\/\/welovecinema.be\/fr\/\"},{\"@type\":\"ListItem\",\"position\":2,\"name\":\"Stage en production chez Daylight\"}]},{\"@type\":\"WebSite\",\"@id\":\"https:\/\/welovecinema.be\/nl\/#website\",\"url\":\"https:\/\/welovecinema.be\/nl\/\",\"name\":\"We Love Cinema\",\"description\":\"Toute l\u2019information du cin\u00e9ma en Belgique\",\"publisher\":{\"@id\":\"https:\/\/welovecinema.be\/nl\/#organization\"},\"potentialAction\":[{\"@type\":\"SearchAction\",\"target\":{\"@type\":\"EntryPoint\",\"urlTemplate\":\"https:\/\/welovecinema.be\/nl\/?s={search_term_string}\"},\"query-input\":\"required name=search_term_string\"}],\"inLanguage\":\"fr-FR\"},{\"@type\":\"Organization\",\"@id\":\"https:\/\/welovecinema.be\/nl\/#organization\",\"name\":\"We Love Cinema\",\"url\":\"https:\/\/welovecinema.be\/nl\/\",\"logo\":{\"@type\":\"ImageObject\",\"inLanguage\":\"fr-FR\",\"@id\":\"https:\/\/welovecinema.be\/nl\/#\/schema\/logo\/image\/\",\"url\":\"https:\/\/welovecinema.be\/wp-content\/uploads\/sites\/2\/2023\/03\/Logo-We-Love-Cinema305x128.jpg\",\"contentUrl\":\"https:\/\/welovecinema.be\/wp-content\/uploads\/sites\/2\/2023\/03\/Logo-We-Love-Cinema305x128.jpg\",\"width\":305,\"height\":128,\"caption\":\"We Love Cinema\"},\"image\":{\"@id\":\"https:\/\/welovecinema.be\/nl\/#\/schema\/logo\/image\/\"},\"sameAs\":[\"https:\/\/www.facebook.com\/welovecinema.be\",\"https:\/\/www.youtube.com\/channel\/UCX5LYGVhnKvYauW4Nta4HJA\",\"https:\/\/www.instagram.com\/welovecinema.be\/\"]},{\"@type\":\"Person\",\"@id\":\"https:\/\/welovecinema.be\/nl\/#\/schema\/person\/8084b68c6b176142d073695c654dc7cf\",\"name\":\"Aurore Engelen\",\"url\":\"https:\/\/welovecinema.be\/fr\/author\/aurore-engelen\/\"}]}<\/script>\n<!-- \/ Yoast SEO plugin. -->","yoast_head_json":{"title":"Stage en production chez Daylight - We Love Cinema","robots":{"index":"index","follow":"follow","max-snippet":"max-snippet:-1","max-image-preview":"max-image-preview:large","max-video-preview":"max-video-preview:-1"},"canonical":"https:\/\/welovecinema.be\/fr\/stage-en-production-chez-daylight\/","og_locale":"fr_FR","og_type":"article","og_title":"Stage en production chez Daylight - We Love Cinema","og_description":"Dans le cadre du prochain tournage du film\u00a0Enfant Terrible de Stephan Streker, Daylight Films recherche un.e stagiaire pour assister l\u2019\u00e9quipe de production pour les mois de mai, juin et juillet. Profil recherch\u00e9 : \u00c9tudiant(e) couvert(e) par une convention de stage d\u2019\u00e9cole Permis B souhaitable Motiv\u00e9(e), volontaire et d\u00e9brouillard(e) Sachant travailler en \u00e9quipe mais pouvant \u00e9galement &hellip;","og_url":"https:\/\/welovecinema.be\/fr\/stage-en-production-chez-daylight\/","og_site_name":"We Love Cinema","article_publisher":"https:\/\/www.facebook.com\/welovecinema.be","article_published_time":"2019-04-30T14:36:09+00:00","og_image":[{"width":2434,"height":1027,"url":"https:\/\/welovecinema.be\/wp-content\/uploads\/sites\/2\/2017\/06\/Logo-Daylight-bleu.jpg","type":"image\/jpeg"}],"author":"Aurore Engelen","twitter_card":"summary_large_image","twitter_misc":{"\u00c9crit par":"Aurore Engelen"},"schema":{"@context":"https:\/\/schema.org","@graph":[{"@type":"Article","@id":"https:\/\/welovecinema.be\/fr\/stage-en-production-chez-daylight\/#article","isPartOf":{"@id":"https:\/\/welovecinema.be\/fr\/stage-en-production-chez-daylight\/"},"author":{"name":"Aurore Engelen","@id":"https:\/\/welovecinema.be\/nl\/#\/schema\/person\/8084b68c6b176142d073695c654dc7cf"},"headline":"Stage en production chez Daylight","datePublished":"2019-04-30T14:36:09+00:00","dateModified":"2019-04-30T14:36:09+00:00","mainEntityOfPage":{"@id":"https:\/\/welovecinema.be\/fr\/stage-en-production-chez-daylight\/"},"wordCount":98,"publisher":{"@id":"https:\/\/welovecinema.be\/nl\/#organization"},"articleSection":["Cinejobs"],"inLanguage":"fr-FR"},{"@type":"WebPage","@id":"https:\/\/welovecinema.be\/fr\/stage-en-production-chez-daylight\/","url":"https:\/\/welovecinema.be\/fr\/stage-en-production-chez-daylight\/","name":"Stage en production chez Daylight - We Love Cinema","isPartOf":{"@id":"https:\/\/welovecinema.be\/nl\/#website"},"datePublished":"2019-04-30T14:36:09+00:00","dateModified":"2019-04-30T14:36:09+00:00","breadcrumb":{"@id":"https:\/\/welovecinema.be\/fr\/stage-en-production-chez-daylight\/#breadcrumb"},"inLanguage":"fr-FR","potentialAction":[{"@type":"ReadAction","target":["https:\/\/welovecinema.be\/fr\/stage-en-production-chez-daylight\/"]}]},{"@type":"BreadcrumbList","@id":"https:\/\/welovecinema.be\/fr\/stage-en-production-chez-daylight\/#breadcrumb","itemListElement":[{"@type":"ListItem","position":1,"name":"Accueil","item":"https:\/\/welovecinema.be\/fr\/"},{"@type":"ListItem","position":2,"name":"Stage en production chez Daylight"}]},{"@type":"WebSite","@id":"https:\/\/welovecinema.be\/nl\/#website","url":"https:\/\/welovecinema.be\/nl\/","name":"We Love Cinema","description":"Toute l\u2019information du cin\u00e9ma en Belgique","publisher":{"@id":"https:\/\/welovecinema.be\/nl\/#organization"},"potentialAction":[{"@type":"SearchAction","target":{"@type":"EntryPoint","urlTemplate":"https:\/\/welovecinema.be\/nl\/?s={search_term_string}"},"query-input":"required name=search_term_string"}],"inLanguage":"fr-FR"},{"@type":"Organization","@id":"https:\/\/welovecinema.be\/nl\/#organization","name":"We Love Cinema","url":"https:\/\/welovecinema.be\/nl\/","logo":{"@type":"ImageObject","inLanguage":"fr-FR","@id":"https:\/\/welovecinema.be\/nl\/#\/schema\/logo\/image\/","url":"https:\/\/welovecinema.be\/wp-content\/uploads\/sites\/2\/2023\/03\/Logo-We-Love-Cinema305x128.jpg","contentUrl":"https:\/\/welovecinema.be\/wp-content\/uploads\/sites\/2\/2023\/03\/Logo-We-Love-Cinema305x128.jpg","width":305,"height":128,"caption":"We Love Cinema"},"image":{"@id":"https:\/\/welovecinema.be\/nl\/#\/schema\/logo\/image\/"},"sameAs":["https:\/\/www.facebook.com\/welovecinema.be","https:\/\/www.youtube.com\/channel\/UCX5LYGVhnKvYauW4Nta4HJA","https:\/\/www.instagram.com\/welovecinema.be\/"]},{"@type":"Person","@id":"https:\/\/welovecinema.be\/nl\/#\/schema\/person\/8084b68c6b176142d073695c654dc7cf","name":"Aurore Engelen","url":"https:\/\/welovecinema.be\/fr\/author\/aurore-engelen\/"}]}},"_links":{"self":[{"href":"https:\/\/welovecinema.be\/fr\/wp-json\/wp\/v2\/posts\/219416","targetHints":{"allow":["GET"]}}],"collection":[{"href":"https:\/\/welovecinema.be\/fr\/wp-json\/wp\/v2\/posts"}],"about":[{"href":"https:\/\/welovecinema.be\/fr\/wp-json\/wp\/v2\/types\/post"}],"author":[{"embeddable":true,"href":"https:\/\/welovecinema.be\/fr\/wp-json\/wp\/v2\/users\/343"}],"replies":[{"embeddable":true,"href":"https:\/\/welovecinema.be\/fr\/wp-json\/wp\/v2\/comments?post=219416"}],"version-history":[{"count":0,"href":"https:\/\/welovecinema.be\/fr\/wp-json\/wp\/v2\/posts\/219416\/revisions"}],"wp:featuredmedia":[{"embeddable":true,"href":"https:\/\/welovecinema.be\/fr\/wp-json\/wp\/v2\/media\/201005"}],"wp:attachment":[{"href":"https:\/\/welovecinema.be\/fr\/wp-json\/wp\/v2\/media?parent=219416"}],"wp:term":[{"taxonomy":"category","embeddable":true,"href":"https:\/\/welovecinema.be\/fr\/wp-json\/wp\/v2\/categories?post=219416"},{"taxonomy":"post_tag","embeddable":true,"href":"https:\/\/welovecinema.be\/fr\/wp-json\/wp\/v2\/tags?post=219416"}],"curies":[{"name":"wp","href":"https:\/\/api.w.org\/{rel}","templated":true}]}}