{"id":219260,"date":"2019-04-24T11:27:13","date_gmt":"2019-04-24T09:27:13","guid":{"rendered":"https:\/\/www.cinevox.be\/?p=219260"},"modified":"2019-04-24T11:27:13","modified_gmt":"2019-04-24T09:27:13","slug":"hendrik-verthe-patser-black-producer-on-the-move-a-cannes","status":"publish","type":"post","link":"https:\/\/welovecinema.be\/fr\/hendrik-verthe-patser-black-producer-on-the-move-a-cannes\/","title":{"rendered":"Hendrik Verth\u00e9 (Patser, Black), Producer on the Move \u00e0 Cannes"},"content":{"rendered":"<p><strong>Hendrik Verth\u00e9, producteur chez A-Team Productions, a \u00e9t\u00e9 s\u00e9lectionn\u00e9 pour participer \u00e0 Producers on the Move, initiative visant \u00e0 mettre en avant de jeunes producteurs europ\u00e9ens dans le cadre du Festival de Cannes.<\/strong><\/p>\n<p>Car si le Festival de Cannes est certes une magnifique vitrine du cin\u00e9ma mondial, o\u00f9 l&rsquo;on retrouvera cette ann\u00e9e 3 longs m\u00e9trages belges (voir notre article), c&rsquo;est aussi un march\u00e9 o\u00f9 se dessinent les films de demain. La plateforme Producers on the Move, une initiative d\u2019European Film Promotion, attire chaque ann\u00e9e une nouvelle g\u00e9n\u00e9ration de producteurs pendant le Festival de Cannes.<\/p>\n<p>Hendrik Verth\u00e9 (n\u00e9 en 1985) est dipl\u00f4m\u00e9 du RITCS en 2009. Avec Kobe Van Steenberghe, il fonde la maison de production A Team Productions, avec laquelle ils produisent d&rsquo;abord des courts m\u00e9trages. Le premier succ\u00e8s international vient avec <em>Land of the Heroes<\/em> (2011), le court m\u00e9trage de Sahim Omar Kalifa qui a remport\u00e9 plus de trente s\u00e9lections internationales et a re\u00e7u le prix du jury \u00e0 la Berlinale. Deux ans plus tard, suit le nouveau court de Sahim Omar Kalifa, <em>Baghdad Messi<\/em> (2013), qui a remport\u00e9 plus de 50 prix internationaux et a \u00e9t\u00e9 s\u00e9lectionn\u00e9 pour les Oscars.<\/p>\n<p>Verth\u00e9 et Van Steenberghe se lancent ensuite dans le long m\u00e9trage en produisant l&rsquo;\u00e9nergique et hyper-actif duo form\u00e9 par Adil El Arbi et Bilall Fallah. En 2014 sort <em>Image<\/em>, puis viennent <a href=\"https:\/\/www.cinevox.be\/fr\/black-noir-violent-intense-et-indispensable\/\"><em>Black<\/em><\/a> en 2015 et <a href=\"https:\/\/www.cinevox.be\/fr\/patser-gangs-of-antwerpen\/\"><em>Patser<\/em><\/a> en 2018. Ce dernier \u00e9tait, avec plus de 360 \u200b\u200b000 visiteurs, le film flamand le plus vu dans les cin\u00e9mas belges en 2018.<\/p>\n<figure id=\"attachment_87001\" aria-describedby=\"caption-attachment-87001\" style=\"width: 800px\" class=\"wp-caption alignnone\"><img loading=\"lazy\" decoding=\"async\" class=\"size-full wp-image-87001\" src=\"https:\/\/www.cinevox.be\/wp-content\/uploads\/sites\/2\/2016\/04\/black-11.jpg\" alt=\"\" width=\"800\" height=\"446\" srcset=\"https:\/\/welovecinema.be\/wp-content\/uploads\/sites\/2\/2016\/04\/black-11.jpg 800w, https:\/\/welovecinema.be\/wp-content\/uploads\/sites\/2\/2016\/04\/black-11-200x113.jpg 200w, https:\/\/welovecinema.be\/wp-content\/uploads\/sites\/2\/2016\/04\/black-11-480x267.jpg 480w\" sizes=\"auto, (max-width: 800px) 100vw, 800px\" \/><figcaption id=\"caption-attachment-87001\" class=\"wp-caption-text\">\u00ab\u00a0Black\u00a0\u00bb d&rsquo;Adil El Arbi et Bilall Fallah<\/figcaption><\/figure>\n<p>La jeune soci\u00e9t\u00e9 de production termine actuellement deux longs m\u00e9trages: le film d&rsquo;action historique <em>Torpedo<\/em> de Sven Huybrechts, avec Koen De Bouw et Ella-June Henrard dans les r\u00f4les principaux, un ambitieux film&#8230; de sous-marins!, et le film d&rsquo;horreur <a href=\"https:\/\/www.cinevox.be\/fr\/clap-de-debut-pour-yummy-avec-benjamin-ramon-et-eric-godon\/\"><em>Yummy<\/em><\/a> de Lars Damoiseaux, avec Benjamin Ramon et Maiike Neuville. Les deux films sont en post-production et sortiront \u00e0 l&rsquo;automne.<\/p>\n<p>Producers on the Move en est \u00e0 sa 20e \u00e9dition cette ann\u00e9e. Les derniers participants belges \u00e9taient Anton Iffland Stettner (Stenola Films) en 2013 et Tomas Leyers (Minds Meet) en 2006.<\/p>\n<h4>A LIRE AUSSI<\/h4>\n<p><a href=\"https:\/\/www.cinevox.be\/fr\/patser-gangs-of-antwerpen\/\"><em>Patser<\/em>, Gangs of Antwerpen<\/a><\/p>\n<p><a href=\"https:\/\/www.cinevox.be\/fr\/black-noir-violent-intense-et-indispensable\/\">Black, noir, violent,intense et indispensable<\/a><\/p>\n<p><a href=\"https:\/\/www.cinevox.be\/fr\/clap-de-debut-pour-yummy-avec-benjamin-ramon-et-eric-godon\/\">Clap de d\u00e9but pour <em>Yummy<\/em><\/a><\/p>\n<p><a href=\"https:\/\/www.cinevox.be\/fr\/paster-et-niet-schieten-dans-le-top-10-du-box-office-2018-en-belgique\/\"><em>Patser<\/em> en t\u00eate du box-office 2018<\/a><\/p>\n","protected":false},"excerpt":{"rendered":"<p>Hendrik Verth\u00e9, producteur chez A-Team Productions, a \u00e9t\u00e9 s\u00e9lectionn\u00e9 pour participer \u00e0 Producers on the Move, initiative visant \u00e0 mettre en avant de jeunes producteurs europ\u00e9ens dans le cadre du Festival de Cannes. Car si le Festival de Cannes est certes une magnifique vitrine du cin\u00e9ma mondial, o\u00f9 l&rsquo;on retrouvera cette ann\u00e9e 3 longs m\u00e9trages &hellip;<\/p>\n","protected":false},"author":343,"featured_media":219261,"comment_status":"closed","ping_status":"closed","sticky":false,"template":"","format":"standard","meta":{"ngg_post_thumbnail":0,"footnotes":""},"categories":[1923],"tags":[],"class_list":["post-219260","post","type-post","status-publish","format-standard","has-post-thumbnail","","category-en-bref"],"yoast_head":"<!-- This site is optimized with the Yoast SEO plugin v20.4 - https:\/\/yoast.com\/wordpress\/plugins\/seo\/ -->\n<title>Hendrik Verth\u00e9 (Patser, Black), Producer on the Move \u00e0 Cannes - We Love Cinema<\/title>\n<meta name=\"robots\" content=\"index, follow, max-snippet:-1, max-image-preview:large, max-video-preview:-1\" \/>\n<link rel=\"canonical\" href=\"https:\/\/welovecinema.be\/fr\/hendrik-verthe-patser-black-producer-on-the-move-a-cannes\/\" \/>\n<meta property=\"og:locale\" content=\"fr_FR\" \/>\n<meta property=\"og:type\" content=\"article\" \/>\n<meta property=\"og:title\" content=\"Hendrik Verth\u00e9 (Patser, Black), Producer on the Move \u00e0 Cannes - We Love Cinema\" \/>\n<meta property=\"og:description\" content=\"Hendrik Verth\u00e9, producteur chez A-Team Productions, a \u00e9t\u00e9 s\u00e9lectionn\u00e9 pour participer \u00e0 Producers on the Move, initiative visant \u00e0 mettre en avant de jeunes producteurs europ\u00e9ens dans le cadre du Festival de Cannes. Car si le Festival de Cannes est certes une magnifique vitrine du cin\u00e9ma mondial, o\u00f9 l&rsquo;on retrouvera cette ann\u00e9e 3 longs m\u00e9trages &hellip;\" \/>\n<meta property=\"og:url\" content=\"https:\/\/welovecinema.be\/fr\/hendrik-verthe-patser-black-producer-on-the-move-a-cannes\/\" \/>\n<meta property=\"og:site_name\" content=\"We Love Cinema\" \/>\n<meta property=\"article:publisher\" content=\"https:\/\/www.facebook.com\/welovecinema.be\" \/>\n<meta property=\"article:published_time\" content=\"2019-04-24T09:27:13+00:00\" \/>\n<meta property=\"og:image\" content=\"https:\/\/welovecinema.be\/wp-content\/uploads\/sites\/2\/2019\/04\/hendrikVerthe.jpg\" \/>\n\t<meta property=\"og:image:width\" content=\"1113\" \/>\n\t<meta property=\"og:image:height\" content=\"750\" \/>\n\t<meta property=\"og:image:type\" content=\"image\/jpeg\" \/>\n<meta name=\"author\" content=\"Aurore Engelen\" \/>\n<meta name=\"twitter:card\" content=\"summary_large_image\" \/>\n<meta name=\"twitter:label1\" content=\"\u00c9crit par\" \/>\n\t<meta name=\"twitter:data1\" content=\"Aurore Engelen\" \/>\n\t<meta name=\"twitter:label2\" content=\"Dur\u00e9e de lecture estim\u00e9e\" \/>\n\t<meta name=\"twitter:data2\" content=\"2 minutes\" \/>\n<script type=\"application\/ld+json\" class=\"yoast-schema-graph\">{\"@context\":\"https:\/\/schema.org\",\"@graph\":[{\"@type\":\"Article\",\"@id\":\"https:\/\/welovecinema.be\/fr\/hendrik-verthe-patser-black-producer-on-the-move-a-cannes\/#article\",\"isPartOf\":{\"@id\":\"https:\/\/welovecinema.be\/fr\/hendrik-verthe-patser-black-producer-on-the-move-a-cannes\/\"},\"author\":{\"name\":\"Aurore Engelen\",\"@id\":\"https:\/\/welovecinema.be\/nl\/#\/schema\/person\/8084b68c6b176142d073695c654dc7cf\"},\"headline\":\"Hendrik Verth\u00e9 (Patser, Black), Producer on the Move \u00e0 Cannes\",\"datePublished\":\"2019-04-24T09:27:13+00:00\",\"dateModified\":\"2019-04-24T09:27:13+00:00\",\"mainEntityOfPage\":{\"@id\":\"https:\/\/welovecinema.be\/fr\/hendrik-verthe-patser-black-producer-on-the-move-a-cannes\/\"},\"wordCount\":399,\"publisher\":{\"@id\":\"https:\/\/welovecinema.be\/nl\/#organization\"},\"articleSection\":[\"En bref\"],\"inLanguage\":\"fr-FR\"},{\"@type\":\"WebPage\",\"@id\":\"https:\/\/welovecinema.be\/fr\/hendrik-verthe-patser-black-producer-on-the-move-a-cannes\/\",\"url\":\"https:\/\/welovecinema.be\/fr\/hendrik-verthe-patser-black-producer-on-the-move-a-cannes\/\",\"name\":\"Hendrik Verth\u00e9 (Patser, Black), Producer on the Move \u00e0 Cannes - We Love Cinema\",\"isPartOf\":{\"@id\":\"https:\/\/welovecinema.be\/nl\/#website\"},\"datePublished\":\"2019-04-24T09:27:13+00:00\",\"dateModified\":\"2019-04-24T09:27:13+00:00\",\"breadcrumb\":{\"@id\":\"https:\/\/welovecinema.be\/fr\/hendrik-verthe-patser-black-producer-on-the-move-a-cannes\/#breadcrumb\"},\"inLanguage\":\"fr-FR\",\"potentialAction\":[{\"@type\":\"ReadAction\",\"target\":[\"https:\/\/welovecinema.be\/fr\/hendrik-verthe-patser-black-producer-on-the-move-a-cannes\/\"]}]},{\"@type\":\"BreadcrumbList\",\"@id\":\"https:\/\/welovecinema.be\/fr\/hendrik-verthe-patser-black-producer-on-the-move-a-cannes\/#breadcrumb\",\"itemListElement\":[{\"@type\":\"ListItem\",\"position\":1,\"name\":\"Accueil\",\"item\":\"https:\/\/welovecinema.be\/fr\/\"},{\"@type\":\"ListItem\",\"position\":2,\"name\":\"Hendrik Verth\u00e9 (Patser, Black), Producer on the Move \u00e0 Cannes\"}]},{\"@type\":\"WebSite\",\"@id\":\"https:\/\/welovecinema.be\/nl\/#website\",\"url\":\"https:\/\/welovecinema.be\/nl\/\",\"name\":\"We Love Cinema\",\"description\":\"Toute l\u2019information du cin\u00e9ma en Belgique\",\"publisher\":{\"@id\":\"https:\/\/welovecinema.be\/nl\/#organization\"},\"potentialAction\":[{\"@type\":\"SearchAction\",\"target\":{\"@type\":\"EntryPoint\",\"urlTemplate\":\"https:\/\/welovecinema.be\/nl\/?s={search_term_string}\"},\"query-input\":\"required name=search_term_string\"}],\"inLanguage\":\"fr-FR\"},{\"@type\":\"Organization\",\"@id\":\"https:\/\/welovecinema.be\/nl\/#organization\",\"name\":\"We Love Cinema\",\"url\":\"https:\/\/welovecinema.be\/nl\/\",\"logo\":{\"@type\":\"ImageObject\",\"inLanguage\":\"fr-FR\",\"@id\":\"https:\/\/welovecinema.be\/nl\/#\/schema\/logo\/image\/\",\"url\":\"https:\/\/welovecinema.be\/wp-content\/uploads\/sites\/2\/2023\/03\/Logo-We-Love-Cinema305x128.jpg\",\"contentUrl\":\"https:\/\/welovecinema.be\/wp-content\/uploads\/sites\/2\/2023\/03\/Logo-We-Love-Cinema305x128.jpg\",\"width\":305,\"height\":128,\"caption\":\"We Love Cinema\"},\"image\":{\"@id\":\"https:\/\/welovecinema.be\/nl\/#\/schema\/logo\/image\/\"},\"sameAs\":[\"https:\/\/www.facebook.com\/welovecinema.be\",\"https:\/\/www.youtube.com\/channel\/UCX5LYGVhnKvYauW4Nta4HJA\",\"https:\/\/www.instagram.com\/welovecinema.be\/\"]},{\"@type\":\"Person\",\"@id\":\"https:\/\/welovecinema.be\/nl\/#\/schema\/person\/8084b68c6b176142d073695c654dc7cf\",\"name\":\"Aurore Engelen\",\"url\":\"https:\/\/welovecinema.be\/fr\/author\/aurore-engelen\/\"}]}<\/script>\n<!-- \/ Yoast SEO plugin. -->","yoast_head_json":{"title":"Hendrik Verth\u00e9 (Patser, Black), Producer on the Move \u00e0 Cannes - We Love Cinema","robots":{"index":"index","follow":"follow","max-snippet":"max-snippet:-1","max-image-preview":"max-image-preview:large","max-video-preview":"max-video-preview:-1"},"canonical":"https:\/\/welovecinema.be\/fr\/hendrik-verthe-patser-black-producer-on-the-move-a-cannes\/","og_locale":"fr_FR","og_type":"article","og_title":"Hendrik Verth\u00e9 (Patser, Black), Producer on the Move \u00e0 Cannes - We Love Cinema","og_description":"Hendrik Verth\u00e9, producteur chez A-Team Productions, a \u00e9t\u00e9 s\u00e9lectionn\u00e9 pour participer \u00e0 Producers on the Move, initiative visant \u00e0 mettre en avant de jeunes producteurs europ\u00e9ens dans le cadre du Festival de Cannes. Car si le Festival de Cannes est certes une magnifique vitrine du cin\u00e9ma mondial, o\u00f9 l&rsquo;on retrouvera cette ann\u00e9e 3 longs m\u00e9trages &hellip;","og_url":"https:\/\/welovecinema.be\/fr\/hendrik-verthe-patser-black-producer-on-the-move-a-cannes\/","og_site_name":"We Love Cinema","article_publisher":"https:\/\/www.facebook.com\/welovecinema.be","article_published_time":"2019-04-24T09:27:13+00:00","og_image":[{"width":1113,"height":750,"url":"https:\/\/welovecinema.be\/wp-content\/uploads\/sites\/2\/2019\/04\/hendrikVerthe.jpg","type":"image\/jpeg"}],"author":"Aurore Engelen","twitter_card":"summary_large_image","twitter_misc":{"\u00c9crit par":"Aurore Engelen","Dur\u00e9e de lecture estim\u00e9e":"2 minutes"},"schema":{"@context":"https:\/\/schema.org","@graph":[{"@type":"Article","@id":"https:\/\/welovecinema.be\/fr\/hendrik-verthe-patser-black-producer-on-the-move-a-cannes\/#article","isPartOf":{"@id":"https:\/\/welovecinema.be\/fr\/hendrik-verthe-patser-black-producer-on-the-move-a-cannes\/"},"author":{"name":"Aurore Engelen","@id":"https:\/\/welovecinema.be\/nl\/#\/schema\/person\/8084b68c6b176142d073695c654dc7cf"},"headline":"Hendrik Verth\u00e9 (Patser, Black), Producer on the Move \u00e0 Cannes","datePublished":"2019-04-24T09:27:13+00:00","dateModified":"2019-04-24T09:27:13+00:00","mainEntityOfPage":{"@id":"https:\/\/welovecinema.be\/fr\/hendrik-verthe-patser-black-producer-on-the-move-a-cannes\/"},"wordCount":399,"publisher":{"@id":"https:\/\/welovecinema.be\/nl\/#organization"},"articleSection":["En bref"],"inLanguage":"fr-FR"},{"@type":"WebPage","@id":"https:\/\/welovecinema.be\/fr\/hendrik-verthe-patser-black-producer-on-the-move-a-cannes\/","url":"https:\/\/welovecinema.be\/fr\/hendrik-verthe-patser-black-producer-on-the-move-a-cannes\/","name":"Hendrik Verth\u00e9 (Patser, Black), Producer on the Move \u00e0 Cannes - We Love Cinema","isPartOf":{"@id":"https:\/\/welovecinema.be\/nl\/#website"},"datePublished":"2019-04-24T09:27:13+00:00","dateModified":"2019-04-24T09:27:13+00:00","breadcrumb":{"@id":"https:\/\/welovecinema.be\/fr\/hendrik-verthe-patser-black-producer-on-the-move-a-cannes\/#breadcrumb"},"inLanguage":"fr-FR","potentialAction":[{"@type":"ReadAction","target":["https:\/\/welovecinema.be\/fr\/hendrik-verthe-patser-black-producer-on-the-move-a-cannes\/"]}]},{"@type":"BreadcrumbList","@id":"https:\/\/welovecinema.be\/fr\/hendrik-verthe-patser-black-producer-on-the-move-a-cannes\/#breadcrumb","itemListElement":[{"@type":"ListItem","position":1,"name":"Accueil","item":"https:\/\/welovecinema.be\/fr\/"},{"@type":"ListItem","position":2,"name":"Hendrik Verth\u00e9 (Patser, Black), Producer on the Move \u00e0 Cannes"}]},{"@type":"WebSite","@id":"https:\/\/welovecinema.be\/nl\/#website","url":"https:\/\/welovecinema.be\/nl\/","name":"We Love Cinema","description":"Toute l\u2019information du cin\u00e9ma en Belgique","publisher":{"@id":"https:\/\/welovecinema.be\/nl\/#organization"},"potentialAction":[{"@type":"SearchAction","target":{"@type":"EntryPoint","urlTemplate":"https:\/\/welovecinema.be\/nl\/?s={search_term_string}"},"query-input":"required name=search_term_string"}],"inLanguage":"fr-FR"},{"@type":"Organization","@id":"https:\/\/welovecinema.be\/nl\/#organization","name":"We Love Cinema","url":"https:\/\/welovecinema.be\/nl\/","logo":{"@type":"ImageObject","inLanguage":"fr-FR","@id":"https:\/\/welovecinema.be\/nl\/#\/schema\/logo\/image\/","url":"https:\/\/welovecinema.be\/wp-content\/uploads\/sites\/2\/2023\/03\/Logo-We-Love-Cinema305x128.jpg","contentUrl":"https:\/\/welovecinema.be\/wp-content\/uploads\/sites\/2\/2023\/03\/Logo-We-Love-Cinema305x128.jpg","width":305,"height":128,"caption":"We Love Cinema"},"image":{"@id":"https:\/\/welovecinema.be\/nl\/#\/schema\/logo\/image\/"},"sameAs":["https:\/\/www.facebook.com\/welovecinema.be","https:\/\/www.youtube.com\/channel\/UCX5LYGVhnKvYauW4Nta4HJA","https:\/\/www.instagram.com\/welovecinema.be\/"]},{"@type":"Person","@id":"https:\/\/welovecinema.be\/nl\/#\/schema\/person\/8084b68c6b176142d073695c654dc7cf","name":"Aurore Engelen","url":"https:\/\/welovecinema.be\/fr\/author\/aurore-engelen\/"}]}},"_links":{"self":[{"href":"https:\/\/welovecinema.be\/fr\/wp-json\/wp\/v2\/posts\/219260","targetHints":{"allow":["GET"]}}],"collection":[{"href":"https:\/\/welovecinema.be\/fr\/wp-json\/wp\/v2\/posts"}],"about":[{"href":"https:\/\/welovecinema.be\/fr\/wp-json\/wp\/v2\/types\/post"}],"author":[{"embeddable":true,"href":"https:\/\/welovecinema.be\/fr\/wp-json\/wp\/v2\/users\/343"}],"replies":[{"embeddable":true,"href":"https:\/\/welovecinema.be\/fr\/wp-json\/wp\/v2\/comments?post=219260"}],"version-history":[{"count":0,"href":"https:\/\/welovecinema.be\/fr\/wp-json\/wp\/v2\/posts\/219260\/revisions"}],"wp:featuredmedia":[{"embeddable":true,"href":"https:\/\/welovecinema.be\/fr\/wp-json\/wp\/v2\/media\/219261"}],"wp:attachment":[{"href":"https:\/\/welovecinema.be\/fr\/wp-json\/wp\/v2\/media?parent=219260"}],"wp:term":[{"taxonomy":"category","embeddable":true,"href":"https:\/\/welovecinema.be\/fr\/wp-json\/wp\/v2\/categories?post=219260"},{"taxonomy":"post_tag","embeddable":true,"href":"https:\/\/welovecinema.be\/fr\/wp-json\/wp\/v2\/tags?post=219260"}],"curies":[{"name":"wp","href":"https:\/\/api.w.org\/{rel}","templated":true}]}}