{"id":219251,"date":"2019-04-24T10:50:54","date_gmt":"2019-04-24T08:50:54","guid":{"rendered":"https:\/\/www.cinevox.be\/?p=219251"},"modified":"2019-04-24T10:50:54","modified_gmt":"2019-04-24T08:50:54","slug":"tout-court-programme-du-24-avril","status":"publish","type":"post","link":"https:\/\/welovecinema.be\/fr\/tout-court-programme-du-24-avril\/","title":{"rendered":"\u00ab\u00a0Tout court\u00a0\u00bb programme du 24 avril"},"content":{"rendered":"<p><strong>Au programme de \u00ab\u00a0Tout Court\u00a0\u00bb cette semaine, trois belles rediffusions!<\/strong><\/p>\n<hr \/>\n<h4><strong><em>Le Sc\u00e9nariste<\/em><\/strong> de Fran\u00e7ois Paquay<\/h4>\n<p>Pour terminer son film, Jonas, jeune r\u00e9alisateur ambitieux, accepte les conditions que lui impose son producteur : retravailler son sc\u00e9nario avec l\u2019aide d\u2019un sc\u00e9nariste am\u00e9ricain : John Loubric, un type fantastique. Il viendra vivre quelques jours \u00e0 la maison, ce qui n\u2019est pas pour plaire \u00e0 H\u00e9l\u00e8ne, la femme de Jonas. Une nuit, John d\u00e9barque \u00e0 l\u2019improviste\u2026<\/p>\n<p><em>Avec Vincent Lecuyer, Sandrine Blancke et Serge Riaboukine.<\/em><\/p>\n<p><iframe loading=\"lazy\" title=\"LE SCENARISTE - BANDE ANNONCE\" src=\"https:\/\/player.vimeo.com\/video\/225870473?dnt=1&amp;app_id=122963\" width=\"618\" height=\"348\" frameborder=\"0\" allow=\"autoplay; fullscreen; picture-in-picture; clipboard-write; encrypted-media\"><\/iframe><\/p>\n<hr \/>\n<h4><em><strong>Fifo<\/strong><\/em> de Sacha Ferbus et J\u00e9r\u00e9my Puffet<\/h4>\n<p><em>Avec Martin Goosens, Laura van Maaren, Hugo Antoine, Noemi d\u2019Ursel, Arthur Marbaix<\/em><\/p>\n<p>Le first in first out (Fifo) est une technique de rayonnage dans les supermarche\u0301s. Ste\u0301phan doit placer les produits les plus frais derrie\u0300re les plus avance\u0301s. Ceux biento\u0302t pe\u0301rimes doivent e\u0302tre de\u0301truits. En descendant a\u0300 la benne du sous-sol, Ste\u0301phan devra se confronter au regard de ceux qui pourraient encore en profiter, mais que le syste\u0300me exclut. Il devra faire face a\u0300 celui qu\u2019il e\u0301tait avant d\u2019obtenir un emploi.<\/p>\n<p><iframe loading=\"lazy\" title=\"FIFO de Sacha Ferbus et J\u00e9r\u00e9my Puffet\" width=\"618\" height=\"348\" src=\"https:\/\/www.youtube.com\/embed\/XHyb6qSf9_U?feature=oembed\" frameborder=\"0\" allow=\"accelerometer; autoplay; clipboard-write; encrypted-media; gyroscope; picture-in-picture; web-share\" referrerpolicy=\"strict-origin-when-cross-origin\" allowfullscreen><\/iframe><\/p>\n<hr \/>\n<h4><em><strong>Pass\u00e9e l&rsquo;aube<\/strong><\/em> de Nicolas Graux<\/h4>\n<p><em>Avec\u00a0Piotr Biedron, Tijmen Govaerts, Izabella Gwizdak, Lydia Indjova, Kuba Kesy<\/em><\/p>\n<p>Pologne. Avec l\u2019absence et la distance, Pawel croyait s\u2019\u00eatre endurci. Croyait\u2026 Jusqu\u2019\u00e0 cet apr\u00e8s-midi pluvieux. Et ce visiteur qu\u2019il n\u2019attendait pas.<\/p>\n<p><img loading=\"lazy\" decoding=\"async\" class=\"alignnone size-full wp-image-203553\" src=\"https:\/\/www.cinevox.be\/wp-content\/uploads\/sites\/2\/2017\/10\/Passeelaube.jpg\" alt=\"Passeelaube\" width=\"500\" height=\"378\" srcset=\"https:\/\/welovecinema.be\/wp-content\/uploads\/sites\/2\/2017\/10\/Passeelaube.jpg 500w, https:\/\/welovecinema.be\/wp-content\/uploads\/sites\/2\/2017\/10\/Passeelaube-357x270.jpg 357w\" sizes=\"auto, (max-width: 500px) 100vw, 500px\" \/><\/p>\n<hr \/>\n<h4>On r\u00e9capitule?<\/h4>\n<ul>\n<li><em><strong>Le Sc\u00e9nariste<\/strong> <\/em>de Fran\u00e7ois Paquay \u00e0 23h20<\/li>\n<li><em><strong>Fifo<\/strong><\/em> de Sacha Ferbus et J\u00e9r\u00e9my Puffet \u00e0 23h45<\/li>\n<li><em><strong>Pass\u00e9e l&rsquo;aube<\/strong><\/em> de Nicolas Graux \u00e0 00h00<\/li>\n<\/ul>\n","protected":false},"excerpt":{"rendered":"<p>Au programme de \u00ab\u00a0Tout Court\u00a0\u00bb cette semaine, trois belles rediffusions! Le Sc\u00e9nariste de Fran\u00e7ois Paquay Pour terminer son film, Jonas, jeune r\u00e9alisateur ambitieux, accepte les conditions que lui impose son producteur : retravailler son sc\u00e9nario avec l\u2019aide d\u2019un sc\u00e9nariste am\u00e9ricain : John Loubric, un type fantastique. Il viendra vivre quelques jours \u00e0 la maison, ce &hellip;<\/p>\n","protected":false},"author":343,"featured_media":199610,"comment_status":"closed","ping_status":"closed","sticky":false,"template":"","format":"standard","meta":{"ngg_post_thumbnail":0,"footnotes":""},"categories":[14],"tags":[],"class_list":["post-219251","post","type-post","status-publish","format-standard","has-post-thumbnail","","category-home-cinema"],"yoast_head":"<!-- This site is optimized with the Yoast SEO plugin v20.4 - https:\/\/yoast.com\/wordpress\/plugins\/seo\/ -->\n<title>&quot;Tout court&quot; programme du 24 avril - We Love Cinema<\/title>\n<meta name=\"robots\" content=\"index, follow, max-snippet:-1, max-image-preview:large, max-video-preview:-1\" \/>\n<link rel=\"canonical\" href=\"https:\/\/welovecinema.be\/fr\/tout-court-programme-du-24-avril\/\" \/>\n<meta property=\"og:locale\" content=\"fr_FR\" \/>\n<meta property=\"og:type\" content=\"article\" \/>\n<meta property=\"og:title\" content=\"&quot;Tout court&quot; programme du 24 avril - We Love Cinema\" \/>\n<meta property=\"og:description\" content=\"Au programme de \u00ab\u00a0Tout Court\u00a0\u00bb cette semaine, trois belles rediffusions! Le Sc\u00e9nariste de Fran\u00e7ois Paquay Pour terminer son film, Jonas, jeune r\u00e9alisateur ambitieux, accepte les conditions que lui impose son producteur : retravailler son sc\u00e9nario avec l\u2019aide d\u2019un sc\u00e9nariste am\u00e9ricain : John Loubric, un type fantastique. Il viendra vivre quelques jours \u00e0 la maison, ce &hellip;\" \/>\n<meta property=\"og:url\" content=\"https:\/\/welovecinema.be\/fr\/tout-court-programme-du-24-avril\/\" \/>\n<meta property=\"og:site_name\" content=\"We Love Cinema\" \/>\n<meta property=\"article:publisher\" content=\"https:\/\/www.facebook.com\/welovecinema.be\" \/>\n<meta property=\"article:published_time\" content=\"2019-04-24T08:50:54+00:00\" \/>\n<meta property=\"og:image\" content=\"https:\/\/welovecinema.be\/wp-content\/uploads\/sites\/2\/2017\/05\/LeScenariste.jpg\" \/>\n\t<meta property=\"og:image:width\" content=\"535\" \/>\n\t<meta property=\"og:image:height\" content=\"355\" \/>\n\t<meta property=\"og:image:type\" content=\"image\/jpeg\" \/>\n<meta name=\"author\" content=\"Aurore Engelen\" \/>\n<meta name=\"twitter:card\" content=\"summary_large_image\" \/>\n<meta name=\"twitter:label1\" content=\"\u00c9crit par\" \/>\n\t<meta name=\"twitter:data1\" content=\"Aurore Engelen\" \/>\n\t<meta name=\"twitter:label2\" content=\"Dur\u00e9e de lecture estim\u00e9e\" \/>\n\t<meta name=\"twitter:data2\" content=\"1 minute\" \/>\n<script type=\"application\/ld+json\" class=\"yoast-schema-graph\">{\"@context\":\"https:\/\/schema.org\",\"@graph\":[{\"@type\":\"Article\",\"@id\":\"https:\/\/welovecinema.be\/fr\/tout-court-programme-du-24-avril\/#article\",\"isPartOf\":{\"@id\":\"https:\/\/welovecinema.be\/fr\/tout-court-programme-du-24-avril\/\"},\"author\":{\"name\":\"Aurore Engelen\",\"@id\":\"https:\/\/welovecinema.be\/nl\/#\/schema\/person\/8084b68c6b176142d073695c654dc7cf\"},\"headline\":\"\u00ab\u00a0Tout court\u00a0\u00bb programme du 24 avril\",\"datePublished\":\"2019-04-24T08:50:54+00:00\",\"dateModified\":\"2019-04-24T08:50:54+00:00\",\"mainEntityOfPage\":{\"@id\":\"https:\/\/welovecinema.be\/fr\/tout-court-programme-du-24-avril\/\"},\"wordCount\":279,\"publisher\":{\"@id\":\"https:\/\/welovecinema.be\/nl\/#organization\"},\"articleSection\":[\"Plateau t\u00e9l\u00e9\"],\"inLanguage\":\"fr-FR\"},{\"@type\":\"WebPage\",\"@id\":\"https:\/\/welovecinema.be\/fr\/tout-court-programme-du-24-avril\/\",\"url\":\"https:\/\/welovecinema.be\/fr\/tout-court-programme-du-24-avril\/\",\"name\":\"\\\"Tout court\\\" programme du 24 avril - We Love Cinema\",\"isPartOf\":{\"@id\":\"https:\/\/welovecinema.be\/nl\/#website\"},\"datePublished\":\"2019-04-24T08:50:54+00:00\",\"dateModified\":\"2019-04-24T08:50:54+00:00\",\"breadcrumb\":{\"@id\":\"https:\/\/welovecinema.be\/fr\/tout-court-programme-du-24-avril\/#breadcrumb\"},\"inLanguage\":\"fr-FR\",\"potentialAction\":[{\"@type\":\"ReadAction\",\"target\":[\"https:\/\/welovecinema.be\/fr\/tout-court-programme-du-24-avril\/\"]}]},{\"@type\":\"BreadcrumbList\",\"@id\":\"https:\/\/welovecinema.be\/fr\/tout-court-programme-du-24-avril\/#breadcrumb\",\"itemListElement\":[{\"@type\":\"ListItem\",\"position\":1,\"name\":\"Accueil\",\"item\":\"https:\/\/welovecinema.be\/fr\/\"},{\"@type\":\"ListItem\",\"position\":2,\"name\":\"\u00ab\u00a0Tout court\u00a0\u00bb programme du 24 avril\"}]},{\"@type\":\"WebSite\",\"@id\":\"https:\/\/welovecinema.be\/nl\/#website\",\"url\":\"https:\/\/welovecinema.be\/nl\/\",\"name\":\"We Love Cinema\",\"description\":\"Toute l\u2019information du cin\u00e9ma en Belgique\",\"publisher\":{\"@id\":\"https:\/\/welovecinema.be\/nl\/#organization\"},\"potentialAction\":[{\"@type\":\"SearchAction\",\"target\":{\"@type\":\"EntryPoint\",\"urlTemplate\":\"https:\/\/welovecinema.be\/nl\/?s={search_term_string}\"},\"query-input\":\"required name=search_term_string\"}],\"inLanguage\":\"fr-FR\"},{\"@type\":\"Organization\",\"@id\":\"https:\/\/welovecinema.be\/nl\/#organization\",\"name\":\"We Love Cinema\",\"url\":\"https:\/\/welovecinema.be\/nl\/\",\"logo\":{\"@type\":\"ImageObject\",\"inLanguage\":\"fr-FR\",\"@id\":\"https:\/\/welovecinema.be\/nl\/#\/schema\/logo\/image\/\",\"url\":\"https:\/\/welovecinema.be\/wp-content\/uploads\/sites\/2\/2023\/03\/Logo-We-Love-Cinema305x128.jpg\",\"contentUrl\":\"https:\/\/welovecinema.be\/wp-content\/uploads\/sites\/2\/2023\/03\/Logo-We-Love-Cinema305x128.jpg\",\"width\":305,\"height\":128,\"caption\":\"We Love Cinema\"},\"image\":{\"@id\":\"https:\/\/welovecinema.be\/nl\/#\/schema\/logo\/image\/\"},\"sameAs\":[\"https:\/\/www.facebook.com\/welovecinema.be\",\"https:\/\/www.youtube.com\/channel\/UCX5LYGVhnKvYauW4Nta4HJA\",\"https:\/\/www.instagram.com\/welovecinema.be\/\"]},{\"@type\":\"Person\",\"@id\":\"https:\/\/welovecinema.be\/nl\/#\/schema\/person\/8084b68c6b176142d073695c654dc7cf\",\"name\":\"Aurore Engelen\",\"url\":\"https:\/\/welovecinema.be\/fr\/author\/aurore-engelen\/\"}]}<\/script>\n<!-- \/ Yoast SEO plugin. -->","yoast_head_json":{"title":"\"Tout court\" programme du 24 avril - We Love Cinema","robots":{"index":"index","follow":"follow","max-snippet":"max-snippet:-1","max-image-preview":"max-image-preview:large","max-video-preview":"max-video-preview:-1"},"canonical":"https:\/\/welovecinema.be\/fr\/tout-court-programme-du-24-avril\/","og_locale":"fr_FR","og_type":"article","og_title":"\"Tout court\" programme du 24 avril - We Love Cinema","og_description":"Au programme de \u00ab\u00a0Tout Court\u00a0\u00bb cette semaine, trois belles rediffusions! Le Sc\u00e9nariste de Fran\u00e7ois Paquay Pour terminer son film, Jonas, jeune r\u00e9alisateur ambitieux, accepte les conditions que lui impose son producteur : retravailler son sc\u00e9nario avec l\u2019aide d\u2019un sc\u00e9nariste am\u00e9ricain : John Loubric, un type fantastique. Il viendra vivre quelques jours \u00e0 la maison, ce &hellip;","og_url":"https:\/\/welovecinema.be\/fr\/tout-court-programme-du-24-avril\/","og_site_name":"We Love Cinema","article_publisher":"https:\/\/www.facebook.com\/welovecinema.be","article_published_time":"2019-04-24T08:50:54+00:00","og_image":[{"width":535,"height":355,"url":"https:\/\/welovecinema.be\/wp-content\/uploads\/sites\/2\/2017\/05\/LeScenariste.jpg","type":"image\/jpeg"}],"author":"Aurore Engelen","twitter_card":"summary_large_image","twitter_misc":{"\u00c9crit par":"Aurore Engelen","Dur\u00e9e de lecture estim\u00e9e":"1 minute"},"schema":{"@context":"https:\/\/schema.org","@graph":[{"@type":"Article","@id":"https:\/\/welovecinema.be\/fr\/tout-court-programme-du-24-avril\/#article","isPartOf":{"@id":"https:\/\/welovecinema.be\/fr\/tout-court-programme-du-24-avril\/"},"author":{"name":"Aurore Engelen","@id":"https:\/\/welovecinema.be\/nl\/#\/schema\/person\/8084b68c6b176142d073695c654dc7cf"},"headline":"\u00ab\u00a0Tout court\u00a0\u00bb programme du 24 avril","datePublished":"2019-04-24T08:50:54+00:00","dateModified":"2019-04-24T08:50:54+00:00","mainEntityOfPage":{"@id":"https:\/\/welovecinema.be\/fr\/tout-court-programme-du-24-avril\/"},"wordCount":279,"publisher":{"@id":"https:\/\/welovecinema.be\/nl\/#organization"},"articleSection":["Plateau t\u00e9l\u00e9"],"inLanguage":"fr-FR"},{"@type":"WebPage","@id":"https:\/\/welovecinema.be\/fr\/tout-court-programme-du-24-avril\/","url":"https:\/\/welovecinema.be\/fr\/tout-court-programme-du-24-avril\/","name":"\"Tout court\" programme du 24 avril - We Love Cinema","isPartOf":{"@id":"https:\/\/welovecinema.be\/nl\/#website"},"datePublished":"2019-04-24T08:50:54+00:00","dateModified":"2019-04-24T08:50:54+00:00","breadcrumb":{"@id":"https:\/\/welovecinema.be\/fr\/tout-court-programme-du-24-avril\/#breadcrumb"},"inLanguage":"fr-FR","potentialAction":[{"@type":"ReadAction","target":["https:\/\/welovecinema.be\/fr\/tout-court-programme-du-24-avril\/"]}]},{"@type":"BreadcrumbList","@id":"https:\/\/welovecinema.be\/fr\/tout-court-programme-du-24-avril\/#breadcrumb","itemListElement":[{"@type":"ListItem","position":1,"name":"Accueil","item":"https:\/\/welovecinema.be\/fr\/"},{"@type":"ListItem","position":2,"name":"\u00ab\u00a0Tout court\u00a0\u00bb programme du 24 avril"}]},{"@type":"WebSite","@id":"https:\/\/welovecinema.be\/nl\/#website","url":"https:\/\/welovecinema.be\/nl\/","name":"We Love Cinema","description":"Toute l\u2019information du cin\u00e9ma en Belgique","publisher":{"@id":"https:\/\/welovecinema.be\/nl\/#organization"},"potentialAction":[{"@type":"SearchAction","target":{"@type":"EntryPoint","urlTemplate":"https:\/\/welovecinema.be\/nl\/?s={search_term_string}"},"query-input":"required name=search_term_string"}],"inLanguage":"fr-FR"},{"@type":"Organization","@id":"https:\/\/welovecinema.be\/nl\/#organization","name":"We Love Cinema","url":"https:\/\/welovecinema.be\/nl\/","logo":{"@type":"ImageObject","inLanguage":"fr-FR","@id":"https:\/\/welovecinema.be\/nl\/#\/schema\/logo\/image\/","url":"https:\/\/welovecinema.be\/wp-content\/uploads\/sites\/2\/2023\/03\/Logo-We-Love-Cinema305x128.jpg","contentUrl":"https:\/\/welovecinema.be\/wp-content\/uploads\/sites\/2\/2023\/03\/Logo-We-Love-Cinema305x128.jpg","width":305,"height":128,"caption":"We Love Cinema"},"image":{"@id":"https:\/\/welovecinema.be\/nl\/#\/schema\/logo\/image\/"},"sameAs":["https:\/\/www.facebook.com\/welovecinema.be","https:\/\/www.youtube.com\/channel\/UCX5LYGVhnKvYauW4Nta4HJA","https:\/\/www.instagram.com\/welovecinema.be\/"]},{"@type":"Person","@id":"https:\/\/welovecinema.be\/nl\/#\/schema\/person\/8084b68c6b176142d073695c654dc7cf","name":"Aurore Engelen","url":"https:\/\/welovecinema.be\/fr\/author\/aurore-engelen\/"}]}},"_links":{"self":[{"href":"https:\/\/welovecinema.be\/fr\/wp-json\/wp\/v2\/posts\/219251","targetHints":{"allow":["GET"]}}],"collection":[{"href":"https:\/\/welovecinema.be\/fr\/wp-json\/wp\/v2\/posts"}],"about":[{"href":"https:\/\/welovecinema.be\/fr\/wp-json\/wp\/v2\/types\/post"}],"author":[{"embeddable":true,"href":"https:\/\/welovecinema.be\/fr\/wp-json\/wp\/v2\/users\/343"}],"replies":[{"embeddable":true,"href":"https:\/\/welovecinema.be\/fr\/wp-json\/wp\/v2\/comments?post=219251"}],"version-history":[{"count":0,"href":"https:\/\/welovecinema.be\/fr\/wp-json\/wp\/v2\/posts\/219251\/revisions"}],"wp:featuredmedia":[{"embeddable":true,"href":"https:\/\/welovecinema.be\/fr\/wp-json\/wp\/v2\/media\/199610"}],"wp:attachment":[{"href":"https:\/\/welovecinema.be\/fr\/wp-json\/wp\/v2\/media?parent=219251"}],"wp:term":[{"taxonomy":"category","embeddable":true,"href":"https:\/\/welovecinema.be\/fr\/wp-json\/wp\/v2\/categories?post=219251"},{"taxonomy":"post_tag","embeddable":true,"href":"https:\/\/welovecinema.be\/fr\/wp-json\/wp\/v2\/tags?post=219251"}],"curies":[{"name":"wp","href":"https:\/\/api.w.org\/{rel}","templated":true}]}}