{"id":219030,"date":"2019-04-18T11:47:29","date_gmt":"2019-04-18T09:47:29","guid":{"rendered":"https:\/\/www.cinevox.be\/?p=219030"},"modified":"2019-04-19T11:16:47","modified_gmt":"2019-04-19T09:16:47","slug":"les-dardenne-de-retour-a-cannes","status":"publish","type":"post","link":"https:\/\/welovecinema.be\/fr\/les-dardenne-de-retour-a-cannes\/","title":{"rendered":"Les Dardenne de retour \u00e0 Cannes&#8230; ainsi que Virginie Efira!"},"content":{"rendered":"<p><strong>Comme esp\u00e9r\u00e9, pr\u00e9vu, suppos\u00e9, devin\u00e9, <em>Le Jeune Ahmed<\/em>, le 11e long m\u00e9trage des fr\u00e8res Dardenne participera \u00e0 la Comp\u00e9tition Officielle du 72e Festival de Cannes.\u00a0<\/strong><\/p>\n<p>C&rsquo;est donc la 8e fois que Jean-Pierre et Luc Dardenne seront en lice pour la Palme d&rsquo;Or, r\u00e9compense qu&rsquo;ils ont d\u00e9j\u00e0 remport\u00e9 \u00e0 deux reprises pour <em>Rosetta<\/em> en 1999 et <em>L&rsquo;Enfant<\/em> en 2005. Un palmar\u00e8s d&rsquo;ores-et-d\u00e9j\u00e0 magistral, auquel il convient d&rsquo;ajouter la s\u00e9lection de <em>La Promesse<\/em> \u00e0 La Quinzaine des R\u00e9alisateurs en 1996, le Prix d&rsquo;interpr\u00e9tation masculine pour Olivier Gourmet en 2002 pour <em>Le Fils<\/em>, le Prix du Sc\u00e9nario \u00e0 Cannes pour <em>Le Silence de Lorna<\/em> en 2008, le Grand Prix au festival de Cannes en 2011 pour <em>Le Gamin au v\u00e9lo<\/em>, et bien s\u00fbr le Prix d&rsquo;interpr\u00e9tation f\u00e9minine qui r\u00e9v\u00e9la Emilie Dequenne en 1999 pour <em>Rosetta<\/em>.<\/p>\n<p>Comme \u00e0 leur habitude, on en sait peu sur <strong><em>Le Jeune Ahmed<\/em><\/strong>. Le film sort tr\u00e8s bient\u00f4t en salle, mais une fois de plus, la culture du secret entretenue par les cin\u00e9astes n&rsquo;a laiss\u00e9 que peu d&rsquo;informations arriver jusqu&rsquo;\u00e0 nous&#8230; En voici le synopsis: <span class=\"s1\">En <\/span><span class=\"s2\">Belgique, aujourd\u2019hui, <\/span><span class=\"s1\">le <\/span><span class=\"s2\">destin <\/span><span class=\"s1\">du <\/span><span class=\"s2\">Jeune Ahmed, <\/span><span class=\"s1\">13 <\/span><span class=\"s3\">ans, <\/span><span class=\"s4\">pris entre les id\u00e9aux de puret\u00e9 de son imam et les appels de la<\/span> <span class=\"s4\">vie. Les fr\u00e8res mettent donc \u00e0 nouveau en sc\u00e8ne un tr\u00e8s jeune homme, comme dans <em>La Promesse, Le Fils<\/em>, ou <em>Le Gamin au v\u00e9lo<\/em>. Un retour aux fondamentaux de leur cin\u00e9ma, et surement de leur sens du casting, puisqu&rsquo;Ahmed est interpr\u00e9t\u00e9 par un jeune d\u00e9butant, Idir Ben Addi. A ses c\u00f4t\u00e9s, on retrouvera quelques acteurs confirm\u00e9s, et notamment <\/span><span class=\"s1\">Myriem Akheddiou, visage familier du cin\u00e9ma des fr\u00e8res, d\u00e9j\u00e0 vue dans <em>Le Gamin au v\u00e9lo, Deux jours une nuit<\/em> et <em>La Fille Inconnue<\/em>. Egalement \u00e0 l&rsquo;affiche, Olivier Bonnaud, vu dans L<em>a Fille Inconnue<\/em>, Claire Bodson, vue notamment chez Joachim Lafosse dans <em>El\u00e8ve Libre<\/em> et<em> A perdre la raison<\/em>, ou encore Othmane Moumen, acteur de th\u00e9\u00e2tre.\u00a0<\/span><\/p>\n<figure id=\"attachment_219045\" aria-describedby=\"caption-attachment-219045\" style=\"width: 618px\" class=\"wp-caption alignnone\"><img loading=\"lazy\" decoding=\"async\" class=\"wp-image-219045 size-large\" src=\"https:\/\/www.cinevox.be\/wp-content\/uploads\/sites\/2\/2019\/04\/LE_JEUNE_AHMED_Photo_1\u220fChristine-Plenus-800x532.jpg\" alt=\"\" width=\"618\" height=\"411\" srcset=\"https:\/\/welovecinema.be\/wp-content\/uploads\/sites\/2\/2019\/04\/LE_JEUNE_AHMED_Photo_1\u220fChristine-Plenus-800x532.jpg 800w, https:\/\/welovecinema.be\/wp-content\/uploads\/sites\/2\/2019\/04\/LE_JEUNE_AHMED_Photo_1\u220fChristine-Plenus-406x270.jpg 406w, https:\/\/welovecinema.be\/wp-content\/uploads\/sites\/2\/2019\/04\/LE_JEUNE_AHMED_Photo_1\u220fChristine-Plenus-768x511.jpg 768w, https:\/\/welovecinema.be\/wp-content\/uploads\/sites\/2\/2019\/04\/LE_JEUNE_AHMED_Photo_1\u220fChristine-Plenus-310x205.jpg 310w\" sizes=\"auto, (max-width: 618px) 100vw, 618px\" \/><figcaption id=\"caption-attachment-219045\" class=\"wp-caption-text\">\u00ab\u00a0Le Jeune Ahmed\u00a0\u00bb Photo Christine Pl\u00e9nus<\/figcaption><\/figure>\n<p>Le film est \u00e0 nouveau produit par <strong>Les Films du Fleuve<\/strong>, la soci\u00e9t\u00e9 fond\u00e9e par les cin\u00e9astes, et sortira le 22 mai prochain dans les salles belges. Les Films du Fleuve seront \u00e9galement repr\u00e9sent\u00e9s en comp\u00e9tition officielle via la s\u00e9lection du nouveau film de <strong>Ken Loach, <em>Sorry We Missed You<\/em><\/strong>, que les fr\u00e8res accompagnent depuis plusieurs ann\u00e9es maintenant.\u00a0La pr\u00e9sence belge \u00e0 Cannes, ce sont donc aussi des coproductions internationales, films \u00e9trangers port\u00e9s artistiquement et financi\u00e8rement par des producteurs\u00b7ices belges. C&rsquo;est le cas notamment d&rsquo;<strong><em>Atlantique<\/em><\/strong>, premier long m\u00e9trage de la jeune cin\u00e9aste <strong>Mati Diop<\/strong>, produit en Belgique par <strong>Frakas Production<\/strong>. Le film raconte l\u2019histoire d\u2019Ada, 17 ans, et de ses amies, rest\u00e9es seules entre elles dans Dakar d\u00e9sert\u00e9e par les hommes. Tous ont pris la mer pour un avenir meilleur. Mais leur embarcation de fortune fait naufrage et les femmes du quartier doivent bient\u00f4t faire face au retour des fant\u00f4mes de l\u2019Atlantique.<\/p>\n<p><img loading=\"lazy\" decoding=\"async\" class=\"alignnone size-large wp-image-219063\" src=\"https:\/\/www.cinevox.be\/wp-content\/uploads\/sites\/2\/2019\/04\/Atlantique-624x600.jpg\" alt=\"Atlantique-Mati-Diop\" width=\"618\" height=\"594\" srcset=\"https:\/\/welovecinema.be\/wp-content\/uploads\/sites\/2\/2019\/04\/Atlantique-624x600.jpg 624w, https:\/\/welovecinema.be\/wp-content\/uploads\/sites\/2\/2019\/04\/Atlantique-281x270.jpg 281w, https:\/\/welovecinema.be\/wp-content\/uploads\/sites\/2\/2019\/04\/Atlantique-768x739.jpg 768w, https:\/\/welovecinema.be\/wp-content\/uploads\/sites\/2\/2019\/04\/Atlantique.jpg 900w\" sizes=\"auto, (max-width: 618px) 100vw, 618px\" \/><\/p>\n<p>De son c\u00f4t\u00e9, <strong>Artemis Production<\/strong> coproduit <strong><em>Adam<\/em><\/strong> de Maryam Touzani, pr\u00e9sent\u00e9 \u00e0 Un certain regard, l&rsquo;histoire d&rsquo;Abla, veuve et m\u00e8re d\u2019une fillette de 10 ans, se bat pour survivre et donner le meilleur avenir possible \u00e0 son enfant. Quand Samia, une jeune femme en fin de grossesse frappe \u00e0 sa porte, cherchant de l\u2019abri, elle est loin d\u2019imaginer que cette rencontre la changera \u00e0 jamais.<\/p>\n<div id=\"third_content\" class=\"third_content\">\n<div class=\"region region-third-content\">\n<section id=\"block-views-films-bsorties-block\" class=\"block block-views clearfix\">\n<div class=\"view view-films view-id-films view-display-id-bsorties_block view-dom-id-27f86e1fbb884fcc85c63cb0dfbc2f6e\">\n<div class=\"view-content\">\n<div>On notera \u00e9galement la s\u00e9lection dans la section Un certain regard de <strong><em>Chambre 212<\/em><\/strong> de Christophe Honor\u00e9, avec Chiara Mastroianni, Vincent Lacoste, Camille Cotin, Benjamin Biolay, Carole Bouquet, coproduit en Belgique par Scope Pictures, qui coproduit \u00e9galement <em><strong>Papicha<\/strong><\/em> de Mounia Meddour dans la m\u00eame section, ainsi que <em>Sibyl<\/em> dont on vous parle ci-dessous!<\/div>\n<div><\/div>\n<\/div>\n<\/div>\n<\/section>\n<\/div>\n<\/div>\n<figure id=\"attachment_219047\" aria-describedby=\"caption-attachment-219047\" style=\"width: 618px\" class=\"wp-caption alignnone\"><img loading=\"lazy\" decoding=\"async\" class=\"size-large wp-image-219047\" src=\"https:\/\/www.cinevox.be\/wp-content\/uploads\/sites\/2\/2019\/04\/Sorry-we-missed-you-800x450.jpg\" alt=\"\" width=\"618\" height=\"348\" srcset=\"https:\/\/welovecinema.be\/wp-content\/uploads\/sites\/2\/2019\/04\/Sorry-we-missed-you-800x450.jpg 800w, https:\/\/welovecinema.be\/wp-content\/uploads\/sites\/2\/2019\/04\/Sorry-we-missed-you-200x113.jpg 200w, https:\/\/welovecinema.be\/wp-content\/uploads\/sites\/2\/2019\/04\/Sorry-we-missed-you-480x270.jpg 480w, https:\/\/welovecinema.be\/wp-content\/uploads\/sites\/2\/2019\/04\/Sorry-we-missed-you-768x432.jpg 768w, https:\/\/welovecinema.be\/wp-content\/uploads\/sites\/2\/2019\/04\/Sorry-we-missed-you-599x337.jpg 599w, https:\/\/welovecinema.be\/wp-content\/uploads\/sites\/2\/2019\/04\/Sorry-we-missed-you.jpg 1000w\" sizes=\"auto, (max-width: 618px) 100vw, 618px\" \/><figcaption id=\"caption-attachment-219047\" class=\"wp-caption-text\">\u00ab\u00a0Sorry We Missed You\u00a0\u00bb de Ken Loach<\/figcaption><\/figure>\n<p>Cannes, c&rsquo;est aussi l&rsquo;occasion de voir briller les com\u00e9diens belges. On pense bien s\u00fbr \u00e0 Virginie Efira, qui avait d\u00e9j\u00e0 \u00e9bloui la Croisette il y a deux ans pour son r\u00f4le d\u00e9cisif dans <em>Victoria<\/em> de Justine Triet, qui avait donn\u00e9 une nouvelle et belle impulsion \u00e0 sa carri\u00e8re. Elle revient (d\u00e9j\u00e0) cette ann\u00e9e toujours mise en sc\u00e8ne par Justine Triet dans <em><strong>Sibyl<\/strong><\/em>, aux c\u00f4t\u00e9s d&rsquo;Ad\u00e8le Exarchopoulos et Gaspard Ulliel notamment. Sibyl est une romanci\u00e8re reconvertie en psychanalyste. Rattrap\u00e9e par le d\u00e9sir d&rsquo;\u00e9crire, elle d\u00e9cide de quitter la plupart de ses patients. Alors qu&rsquo;elle cherche l&rsquo;inspiration, Margot, une jeune actrice en d\u00e9tresse, la supplie de la recevoir en plein tournage. Elle est enceinte de l&rsquo;acteur principal&#8230; qui est en couple avec la r\u00e9alisatrice du film. Tandis qu&rsquo;elle lui expose son dilemme passionnel, Sibyl, fascin\u00e9e, l\u2019enregistre secr\u00e8tement. La parole de sa patiente nourrit son roman, et, la replonge dans le tourbillon de son pass\u00e9. Quand Margot implore Sibyl de la rejoindre \u00e0 Stromboli pour la fin du tournage, tout s&rsquo;acc\u00e9l\u00e8re \u00e0 une allure vertigineuse\u2026<\/p>\n<p><img loading=\"lazy\" decoding=\"async\" class=\"alignnone size-large wp-image-219038\" src=\"https:\/\/www.cinevox.be\/wp-content\/uploads\/sites\/2\/2019\/04\/VirginieEfiraSybil-800x533.jpg\" alt=\"VirginieEfiraSybil\" width=\"618\" height=\"412\" srcset=\"https:\/\/welovecinema.be\/wp-content\/uploads\/sites\/2\/2019\/04\/VirginieEfiraSybil-800x533.jpg 800w, https:\/\/welovecinema.be\/wp-content\/uploads\/sites\/2\/2019\/04\/VirginieEfiraSybil-405x270.jpg 405w, https:\/\/welovecinema.be\/wp-content\/uploads\/sites\/2\/2019\/04\/VirginieEfiraSybil-768x512.jpg 768w\" sizes=\"auto, (max-width: 618px) 100vw, 618px\" \/><\/p>\n<p>Autre com\u00e9dien souvent vu \u00e0 Cannes, <strong>J\u00e9r\u00e9mie Renier<\/strong> sera \u00e0 l&rsquo;affiche de <em>Frankie<\/em> du cin\u00e9aste am\u00e9ricain Ira Sachs. Il y joue le fils d&rsquo;Isabelle Huppert, lors d&rsquo;un voyage de famille au Portugal qui tourne au drame. Et le film est par ailleurs coproduit en Belgique par Beluga Tree!<\/p>\n<div class=\"ovw-synopsis-info\">Rendez-vous en d\u00e9but de semaine prochaine pour faire le point sur les autres s\u00e9lections, La Quinzaine des R\u00e9alisateurs, La Semaine de la Critique, et L&rsquo;ACID!<\/div>\n<p>&nbsp;<\/p>\n","protected":false},"excerpt":{"rendered":"<p>Comme esp\u00e9r\u00e9, pr\u00e9vu, suppos\u00e9, devin\u00e9, Le Jeune Ahmed, le 11e long m\u00e9trage des fr\u00e8res Dardenne participera \u00e0 la Comp\u00e9tition Officielle du 72e Festival de Cannes.\u00a0 C&rsquo;est donc la 8e fois que Jean-Pierre et Luc Dardenne seront en lice pour la Palme d&rsquo;Or, r\u00e9compense qu&rsquo;ils ont d\u00e9j\u00e0 remport\u00e9 \u00e0 deux reprises pour Rosetta en 1999 et &hellip;<\/p>\n","protected":false},"author":343,"featured_media":219043,"comment_status":"closed","ping_status":"closed","sticky":false,"template":"","format":"standard","meta":{"ngg_post_thumbnail":0,"footnotes":""},"categories":[12],"tags":[2020,4192,4189,4191,4190,4187],"class_list":["post-219030","post","type-post","status-publish","format-standard","has-post-thumbnail","","category-awards","tag-freres-dardenne","tag-jean-pierre-dardenne-2","tag-le-jeune-ahmed","tag-luc-dardenne-2","tag-myriem-akheddiou","tag-newsletter-fr"],"yoast_head":"<!-- This site is optimized with the Yoast SEO plugin v20.4 - https:\/\/yoast.com\/wordpress\/plugins\/seo\/ -->\n<title>Les Dardenne de retour \u00e0 Cannes... ainsi que Virginie Efira! - We Love Cinema<\/title>\n<meta name=\"robots\" content=\"index, follow, max-snippet:-1, max-image-preview:large, max-video-preview:-1\" \/>\n<link rel=\"canonical\" href=\"https:\/\/welovecinema.be\/fr\/les-dardenne-de-retour-a-cannes\/\" \/>\n<meta property=\"og:locale\" content=\"fr_FR\" \/>\n<meta property=\"og:type\" content=\"article\" \/>\n<meta property=\"og:title\" content=\"Les Dardenne de retour \u00e0 Cannes... ainsi que Virginie Efira! - We Love Cinema\" \/>\n<meta property=\"og:description\" content=\"Comme esp\u00e9r\u00e9, pr\u00e9vu, suppos\u00e9, devin\u00e9, Le Jeune Ahmed, le 11e long m\u00e9trage des fr\u00e8res Dardenne participera \u00e0 la Comp\u00e9tition Officielle du 72e Festival de Cannes.\u00a0 C&rsquo;est donc la 8e fois que Jean-Pierre et Luc Dardenne seront en lice pour la Palme d&rsquo;Or, r\u00e9compense qu&rsquo;ils ont d\u00e9j\u00e0 remport\u00e9 \u00e0 deux reprises pour Rosetta en 1999 et &hellip;\" \/>\n<meta property=\"og:url\" content=\"https:\/\/welovecinema.be\/fr\/les-dardenne-de-retour-a-cannes\/\" \/>\n<meta property=\"og:site_name\" content=\"We Love Cinema\" \/>\n<meta property=\"article:publisher\" content=\"https:\/\/www.facebook.com\/welovecinema.be\" \/>\n<meta property=\"article:published_time\" content=\"2019-04-18T09:47:29+00:00\" \/>\n<meta property=\"article:modified_time\" content=\"2019-04-19T09:16:47+00:00\" \/>\n<meta property=\"og:image\" content=\"https:\/\/welovecinema.be\/wp-content\/uploads\/sites\/2\/2019\/04\/LE_JEUNE_AHMED_Photo_2\u220fChristine-Plenus.jpg\" \/>\n\t<meta property=\"og:image:width\" content=\"4928\" \/>\n\t<meta property=\"og:image:height\" content=\"3280\" \/>\n\t<meta property=\"og:image:type\" content=\"image\/jpeg\" \/>\n<meta name=\"author\" content=\"Aurore Engelen\" \/>\n<meta name=\"twitter:card\" content=\"summary_large_image\" \/>\n<meta name=\"twitter:label1\" content=\"\u00c9crit par\" \/>\n\t<meta name=\"twitter:data1\" content=\"Aurore Engelen\" \/>\n\t<meta name=\"twitter:label2\" content=\"Dur\u00e9e de lecture estim\u00e9e\" \/>\n\t<meta name=\"twitter:data2\" content=\"5 minutes\" \/>\n<script type=\"application\/ld+json\" class=\"yoast-schema-graph\">{\"@context\":\"https:\/\/schema.org\",\"@graph\":[{\"@type\":\"Article\",\"@id\":\"https:\/\/welovecinema.be\/fr\/les-dardenne-de-retour-a-cannes\/#article\",\"isPartOf\":{\"@id\":\"https:\/\/welovecinema.be\/fr\/les-dardenne-de-retour-a-cannes\/\"},\"author\":{\"name\":\"Aurore Engelen\",\"@id\":\"https:\/\/welovecinema.be\/nl\/#\/schema\/person\/8084b68c6b176142d073695c654dc7cf\"},\"headline\":\"Les Dardenne de retour \u00e0 Cannes&#8230; ainsi que Virginie Efira!\",\"datePublished\":\"2019-04-18T09:47:29+00:00\",\"dateModified\":\"2019-04-19T09:16:47+00:00\",\"mainEntityOfPage\":{\"@id\":\"https:\/\/welovecinema.be\/fr\/les-dardenne-de-retour-a-cannes\/\"},\"wordCount\":966,\"publisher\":{\"@id\":\"https:\/\/welovecinema.be\/nl\/#organization\"},\"keywords\":[\"Fr\u00e8res Dardenne\",\"Jean-Pierre Dardenne\",\"Le Jeune Ahmed\",\"Luc Dardenne\",\"Myriem Akheddiou\",\"newsletter\"],\"articleSection\":[\"Evenements\"],\"inLanguage\":\"fr-FR\"},{\"@type\":\"WebPage\",\"@id\":\"https:\/\/welovecinema.be\/fr\/les-dardenne-de-retour-a-cannes\/\",\"url\":\"https:\/\/welovecinema.be\/fr\/les-dardenne-de-retour-a-cannes\/\",\"name\":\"Les Dardenne de retour \u00e0 Cannes... ainsi que Virginie Efira! - We Love Cinema\",\"isPartOf\":{\"@id\":\"https:\/\/welovecinema.be\/nl\/#website\"},\"datePublished\":\"2019-04-18T09:47:29+00:00\",\"dateModified\":\"2019-04-19T09:16:47+00:00\",\"breadcrumb\":{\"@id\":\"https:\/\/welovecinema.be\/fr\/les-dardenne-de-retour-a-cannes\/#breadcrumb\"},\"inLanguage\":\"fr-FR\",\"potentialAction\":[{\"@type\":\"ReadAction\",\"target\":[\"https:\/\/welovecinema.be\/fr\/les-dardenne-de-retour-a-cannes\/\"]}]},{\"@type\":\"BreadcrumbList\",\"@id\":\"https:\/\/welovecinema.be\/fr\/les-dardenne-de-retour-a-cannes\/#breadcrumb\",\"itemListElement\":[{\"@type\":\"ListItem\",\"position\":1,\"name\":\"Accueil\",\"item\":\"https:\/\/welovecinema.be\/fr\/\"},{\"@type\":\"ListItem\",\"position\":2,\"name\":\"Les Dardenne de retour \u00e0 Cannes&#8230; ainsi que Virginie Efira!\"}]},{\"@type\":\"WebSite\",\"@id\":\"https:\/\/welovecinema.be\/nl\/#website\",\"url\":\"https:\/\/welovecinema.be\/nl\/\",\"name\":\"We Love Cinema\",\"description\":\"Toute l\u2019information du cin\u00e9ma en Belgique\",\"publisher\":{\"@id\":\"https:\/\/welovecinema.be\/nl\/#organization\"},\"potentialAction\":[{\"@type\":\"SearchAction\",\"target\":{\"@type\":\"EntryPoint\",\"urlTemplate\":\"https:\/\/welovecinema.be\/nl\/?s={search_term_string}\"},\"query-input\":\"required name=search_term_string\"}],\"inLanguage\":\"fr-FR\"},{\"@type\":\"Organization\",\"@id\":\"https:\/\/welovecinema.be\/nl\/#organization\",\"name\":\"We Love Cinema\",\"url\":\"https:\/\/welovecinema.be\/nl\/\",\"logo\":{\"@type\":\"ImageObject\",\"inLanguage\":\"fr-FR\",\"@id\":\"https:\/\/welovecinema.be\/nl\/#\/schema\/logo\/image\/\",\"url\":\"https:\/\/welovecinema.be\/wp-content\/uploads\/sites\/2\/2023\/03\/Logo-We-Love-Cinema305x128.jpg\",\"contentUrl\":\"https:\/\/welovecinema.be\/wp-content\/uploads\/sites\/2\/2023\/03\/Logo-We-Love-Cinema305x128.jpg\",\"width\":305,\"height\":128,\"caption\":\"We Love Cinema\"},\"image\":{\"@id\":\"https:\/\/welovecinema.be\/nl\/#\/schema\/logo\/image\/\"},\"sameAs\":[\"https:\/\/www.facebook.com\/welovecinema.be\",\"https:\/\/www.youtube.com\/channel\/UCX5LYGVhnKvYauW4Nta4HJA\",\"https:\/\/www.instagram.com\/welovecinema.be\/\"]},{\"@type\":\"Person\",\"@id\":\"https:\/\/welovecinema.be\/nl\/#\/schema\/person\/8084b68c6b176142d073695c654dc7cf\",\"name\":\"Aurore Engelen\",\"url\":\"https:\/\/welovecinema.be\/fr\/author\/aurore-engelen\/\"}]}<\/script>\n<!-- \/ Yoast SEO plugin. -->","yoast_head_json":{"title":"Les Dardenne de retour \u00e0 Cannes... ainsi que Virginie Efira! - We Love Cinema","robots":{"index":"index","follow":"follow","max-snippet":"max-snippet:-1","max-image-preview":"max-image-preview:large","max-video-preview":"max-video-preview:-1"},"canonical":"https:\/\/welovecinema.be\/fr\/les-dardenne-de-retour-a-cannes\/","og_locale":"fr_FR","og_type":"article","og_title":"Les Dardenne de retour \u00e0 Cannes... ainsi que Virginie Efira! - We Love Cinema","og_description":"Comme esp\u00e9r\u00e9, pr\u00e9vu, suppos\u00e9, devin\u00e9, Le Jeune Ahmed, le 11e long m\u00e9trage des fr\u00e8res Dardenne participera \u00e0 la Comp\u00e9tition Officielle du 72e Festival de Cannes.\u00a0 C&rsquo;est donc la 8e fois que Jean-Pierre et Luc Dardenne seront en lice pour la Palme d&rsquo;Or, r\u00e9compense qu&rsquo;ils ont d\u00e9j\u00e0 remport\u00e9 \u00e0 deux reprises pour Rosetta en 1999 et &hellip;","og_url":"https:\/\/welovecinema.be\/fr\/les-dardenne-de-retour-a-cannes\/","og_site_name":"We Love Cinema","article_publisher":"https:\/\/www.facebook.com\/welovecinema.be","article_published_time":"2019-04-18T09:47:29+00:00","article_modified_time":"2019-04-19T09:16:47+00:00","og_image":[{"width":4928,"height":3280,"url":"https:\/\/welovecinema.be\/wp-content\/uploads\/sites\/2\/2019\/04\/LE_JEUNE_AHMED_Photo_2\u220fChristine-Plenus.jpg","type":"image\/jpeg"}],"author":"Aurore Engelen","twitter_card":"summary_large_image","twitter_misc":{"\u00c9crit par":"Aurore Engelen","Dur\u00e9e de lecture estim\u00e9e":"5 minutes"},"schema":{"@context":"https:\/\/schema.org","@graph":[{"@type":"Article","@id":"https:\/\/welovecinema.be\/fr\/les-dardenne-de-retour-a-cannes\/#article","isPartOf":{"@id":"https:\/\/welovecinema.be\/fr\/les-dardenne-de-retour-a-cannes\/"},"author":{"name":"Aurore Engelen","@id":"https:\/\/welovecinema.be\/nl\/#\/schema\/person\/8084b68c6b176142d073695c654dc7cf"},"headline":"Les Dardenne de retour \u00e0 Cannes&#8230; ainsi que Virginie Efira!","datePublished":"2019-04-18T09:47:29+00:00","dateModified":"2019-04-19T09:16:47+00:00","mainEntityOfPage":{"@id":"https:\/\/welovecinema.be\/fr\/les-dardenne-de-retour-a-cannes\/"},"wordCount":966,"publisher":{"@id":"https:\/\/welovecinema.be\/nl\/#organization"},"keywords":["Fr\u00e8res Dardenne","Jean-Pierre Dardenne","Le Jeune Ahmed","Luc Dardenne","Myriem Akheddiou","newsletter"],"articleSection":["Evenements"],"inLanguage":"fr-FR"},{"@type":"WebPage","@id":"https:\/\/welovecinema.be\/fr\/les-dardenne-de-retour-a-cannes\/","url":"https:\/\/welovecinema.be\/fr\/les-dardenne-de-retour-a-cannes\/","name":"Les Dardenne de retour \u00e0 Cannes... ainsi que Virginie Efira! - We Love Cinema","isPartOf":{"@id":"https:\/\/welovecinema.be\/nl\/#website"},"datePublished":"2019-04-18T09:47:29+00:00","dateModified":"2019-04-19T09:16:47+00:00","breadcrumb":{"@id":"https:\/\/welovecinema.be\/fr\/les-dardenne-de-retour-a-cannes\/#breadcrumb"},"inLanguage":"fr-FR","potentialAction":[{"@type":"ReadAction","target":["https:\/\/welovecinema.be\/fr\/les-dardenne-de-retour-a-cannes\/"]}]},{"@type":"BreadcrumbList","@id":"https:\/\/welovecinema.be\/fr\/les-dardenne-de-retour-a-cannes\/#breadcrumb","itemListElement":[{"@type":"ListItem","position":1,"name":"Accueil","item":"https:\/\/welovecinema.be\/fr\/"},{"@type":"ListItem","position":2,"name":"Les Dardenne de retour \u00e0 Cannes&#8230; ainsi que Virginie Efira!"}]},{"@type":"WebSite","@id":"https:\/\/welovecinema.be\/nl\/#website","url":"https:\/\/welovecinema.be\/nl\/","name":"We Love Cinema","description":"Toute l\u2019information du cin\u00e9ma en Belgique","publisher":{"@id":"https:\/\/welovecinema.be\/nl\/#organization"},"potentialAction":[{"@type":"SearchAction","target":{"@type":"EntryPoint","urlTemplate":"https:\/\/welovecinema.be\/nl\/?s={search_term_string}"},"query-input":"required name=search_term_string"}],"inLanguage":"fr-FR"},{"@type":"Organization","@id":"https:\/\/welovecinema.be\/nl\/#organization","name":"We Love Cinema","url":"https:\/\/welovecinema.be\/nl\/","logo":{"@type":"ImageObject","inLanguage":"fr-FR","@id":"https:\/\/welovecinema.be\/nl\/#\/schema\/logo\/image\/","url":"https:\/\/welovecinema.be\/wp-content\/uploads\/sites\/2\/2023\/03\/Logo-We-Love-Cinema305x128.jpg","contentUrl":"https:\/\/welovecinema.be\/wp-content\/uploads\/sites\/2\/2023\/03\/Logo-We-Love-Cinema305x128.jpg","width":305,"height":128,"caption":"We Love Cinema"},"image":{"@id":"https:\/\/welovecinema.be\/nl\/#\/schema\/logo\/image\/"},"sameAs":["https:\/\/www.facebook.com\/welovecinema.be","https:\/\/www.youtube.com\/channel\/UCX5LYGVhnKvYauW4Nta4HJA","https:\/\/www.instagram.com\/welovecinema.be\/"]},{"@type":"Person","@id":"https:\/\/welovecinema.be\/nl\/#\/schema\/person\/8084b68c6b176142d073695c654dc7cf","name":"Aurore Engelen","url":"https:\/\/welovecinema.be\/fr\/author\/aurore-engelen\/"}]}},"_links":{"self":[{"href":"https:\/\/welovecinema.be\/fr\/wp-json\/wp\/v2\/posts\/219030","targetHints":{"allow":["GET"]}}],"collection":[{"href":"https:\/\/welovecinema.be\/fr\/wp-json\/wp\/v2\/posts"}],"about":[{"href":"https:\/\/welovecinema.be\/fr\/wp-json\/wp\/v2\/types\/post"}],"author":[{"embeddable":true,"href":"https:\/\/welovecinema.be\/fr\/wp-json\/wp\/v2\/users\/343"}],"replies":[{"embeddable":true,"href":"https:\/\/welovecinema.be\/fr\/wp-json\/wp\/v2\/comments?post=219030"}],"version-history":[{"count":0,"href":"https:\/\/welovecinema.be\/fr\/wp-json\/wp\/v2\/posts\/219030\/revisions"}],"wp:featuredmedia":[{"embeddable":true,"href":"https:\/\/welovecinema.be\/fr\/wp-json\/wp\/v2\/media\/219043"}],"wp:attachment":[{"href":"https:\/\/welovecinema.be\/fr\/wp-json\/wp\/v2\/media?parent=219030"}],"wp:term":[{"taxonomy":"category","embeddable":true,"href":"https:\/\/welovecinema.be\/fr\/wp-json\/wp\/v2\/categories?post=219030"},{"taxonomy":"post_tag","embeddable":true,"href":"https:\/\/welovecinema.be\/fr\/wp-json\/wp\/v2\/tags?post=219030"}],"curies":[{"name":"wp","href":"https:\/\/api.w.org\/{rel}","templated":true}]}}