{"id":218975,"date":"2019-04-17T13:06:19","date_gmt":"2019-04-17T11:06:19","guid":{"rendered":"https:\/\/www.cinevox.be\/?p=218975"},"modified":"2019-04-17T13:10:02","modified_gmt":"2019-04-17T11:10:02","slug":"cherche-modele-pour-maquillage-tres-special","status":"publish","type":"post","link":"https:\/\/welovecinema.be\/fr\/cherche-modele-pour-maquillage-tres-special\/","title":{"rendered":"Cherche mod\u00e8le pour maquillage tr\u00e8s sp\u00e9cial!"},"content":{"rendered":"<p><strong>Vous souhaitez participer au weekend Wallywood On tour(ne) de l\u2019int\u00e9rieur et \u00eatre mod\u00e8le pour Dinh Van FX pour la cr\u00e9ation de son maquillage d\u2019effets sp\u00e9ciaux\u2026<\/strong><\/p>\n<p>Ce dernier recherche une b\u00e9n\u00e9vole pendant 2-3h au P\u00f4le Image de Li\u00e8ge l\u2019apr\u00e8s-midi du samedi 27\/04 pour r\u00e9aliser un maquillage tr\u00e8s sp\u00e9cial.<\/p>\n<p>&nbsp;<\/p>\n<p>Int\u00e9ress\u00e9e? Envoyer une photo \u00e0 l&rsquo;adresse jeannehebbelinck@gmail.com.<\/p>\n","protected":false},"excerpt":{"rendered":"<p>Vous souhaitez participer au weekend Wallywood On tour(ne) de l\u2019int\u00e9rieur et \u00eatre mod\u00e8le pour Dinh Van FX pour la cr\u00e9ation de son maquillage d\u2019effets sp\u00e9ciaux\u2026 Ce dernier recherche une b\u00e9n\u00e9vole pendant 2-3h au P\u00f4le Image de Li\u00e8ge l\u2019apr\u00e8s-midi du samedi 27\/04 pour r\u00e9aliser un maquillage tr\u00e8s sp\u00e9cial. &nbsp; Int\u00e9ress\u00e9e? Envoyer une photo \u00e0 l&rsquo;adresse jeannehebbelinck@gmail.com.<\/p>\n","protected":false},"author":343,"featured_media":218980,"comment_status":"closed","ping_status":"closed","sticky":false,"template":"","format":"standard","meta":{"ngg_post_thumbnail":0,"footnotes":""},"categories":[20],"tags":[],"class_list":["post-218975","post","type-post","status-publish","format-standard","has-post-thumbnail","","category-cinejobs"],"yoast_head":"<!-- This site is optimized with the Yoast SEO plugin v20.4 - https:\/\/yoast.com\/wordpress\/plugins\/seo\/ -->\n<title>Cherche mod\u00e8le pour maquillage tr\u00e8s sp\u00e9cial! - We Love Cinema<\/title>\n<meta name=\"robots\" content=\"index, follow, max-snippet:-1, max-image-preview:large, max-video-preview:-1\" \/>\n<link rel=\"canonical\" href=\"https:\/\/welovecinema.be\/fr\/cherche-modele-pour-maquillage-tres-special\/\" \/>\n<meta property=\"og:locale\" content=\"fr_FR\" \/>\n<meta property=\"og:type\" content=\"article\" \/>\n<meta property=\"og:title\" content=\"Cherche mod\u00e8le pour maquillage tr\u00e8s sp\u00e9cial! - We Love Cinema\" \/>\n<meta property=\"og:description\" content=\"Vous souhaitez participer au weekend Wallywood On tour(ne) de l\u2019int\u00e9rieur et \u00eatre mod\u00e8le pour Dinh Van FX pour la cr\u00e9ation de son maquillage d\u2019effets sp\u00e9ciaux\u2026 Ce dernier recherche une b\u00e9n\u00e9vole pendant 2-3h au P\u00f4le Image de Li\u00e8ge l\u2019apr\u00e8s-midi du samedi 27\/04 pour r\u00e9aliser un maquillage tr\u00e8s sp\u00e9cial. &nbsp; Int\u00e9ress\u00e9e? Envoyer une photo \u00e0 l&rsquo;adresse jeannehebbelinck@gmail.com.\" \/>\n<meta property=\"og:url\" content=\"https:\/\/welovecinema.be\/fr\/cherche-modele-pour-maquillage-tres-special\/\" \/>\n<meta property=\"og:site_name\" content=\"We Love Cinema\" \/>\n<meta property=\"article:publisher\" content=\"https:\/\/www.facebook.com\/welovecinema.be\" \/>\n<meta property=\"article:published_time\" content=\"2019-04-17T11:06:19+00:00\" \/>\n<meta property=\"article:modified_time\" content=\"2019-04-17T11:10:02+00:00\" \/>\n<meta property=\"og:image\" content=\"https:\/\/welovecinema.be\/wp-content\/uploads\/sites\/2\/2019\/04\/3659771203_8cd2f48b01_o.jpg\" \/>\n\t<meta property=\"og:image:width\" content=\"800\" \/>\n\t<meta property=\"og:image:height\" content=\"534\" \/>\n\t<meta property=\"og:image:type\" content=\"image\/jpeg\" \/>\n<meta name=\"author\" content=\"Aurore Engelen\" \/>\n<meta name=\"twitter:card\" content=\"summary_large_image\" \/>\n<meta name=\"twitter:label1\" content=\"\u00c9crit par\" \/>\n\t<meta name=\"twitter:data1\" content=\"Aurore Engelen\" \/>\n<script type=\"application\/ld+json\" class=\"yoast-schema-graph\">{\"@context\":\"https:\/\/schema.org\",\"@graph\":[{\"@type\":\"Article\",\"@id\":\"https:\/\/welovecinema.be\/fr\/cherche-modele-pour-maquillage-tres-special\/#article\",\"isPartOf\":{\"@id\":\"https:\/\/welovecinema.be\/fr\/cherche-modele-pour-maquillage-tres-special\/\"},\"author\":{\"name\":\"Aurore Engelen\",\"@id\":\"https:\/\/welovecinema.be\/nl\/#\/schema\/person\/8084b68c6b176142d073695c654dc7cf\"},\"headline\":\"Cherche mod\u00e8le pour maquillage tr\u00e8s sp\u00e9cial!\",\"datePublished\":\"2019-04-17T11:06:19+00:00\",\"dateModified\":\"2019-04-17T11:10:02+00:00\",\"mainEntityOfPage\":{\"@id\":\"https:\/\/welovecinema.be\/fr\/cherche-modele-pour-maquillage-tres-special\/\"},\"wordCount\":84,\"publisher\":{\"@id\":\"https:\/\/welovecinema.be\/nl\/#organization\"},\"articleSection\":[\"Cinejobs\"],\"inLanguage\":\"fr-FR\"},{\"@type\":\"WebPage\",\"@id\":\"https:\/\/welovecinema.be\/fr\/cherche-modele-pour-maquillage-tres-special\/\",\"url\":\"https:\/\/welovecinema.be\/fr\/cherche-modele-pour-maquillage-tres-special\/\",\"name\":\"Cherche mod\u00e8le pour maquillage tr\u00e8s sp\u00e9cial! - We Love Cinema\",\"isPartOf\":{\"@id\":\"https:\/\/welovecinema.be\/nl\/#website\"},\"datePublished\":\"2019-04-17T11:06:19+00:00\",\"dateModified\":\"2019-04-17T11:10:02+00:00\",\"breadcrumb\":{\"@id\":\"https:\/\/welovecinema.be\/fr\/cherche-modele-pour-maquillage-tres-special\/#breadcrumb\"},\"inLanguage\":\"fr-FR\",\"potentialAction\":[{\"@type\":\"ReadAction\",\"target\":[\"https:\/\/welovecinema.be\/fr\/cherche-modele-pour-maquillage-tres-special\/\"]}]},{\"@type\":\"BreadcrumbList\",\"@id\":\"https:\/\/welovecinema.be\/fr\/cherche-modele-pour-maquillage-tres-special\/#breadcrumb\",\"itemListElement\":[{\"@type\":\"ListItem\",\"position\":1,\"name\":\"Accueil\",\"item\":\"https:\/\/welovecinema.be\/fr\/\"},{\"@type\":\"ListItem\",\"position\":2,\"name\":\"Cherche mod\u00e8le pour maquillage tr\u00e8s sp\u00e9cial!\"}]},{\"@type\":\"WebSite\",\"@id\":\"https:\/\/welovecinema.be\/nl\/#website\",\"url\":\"https:\/\/welovecinema.be\/nl\/\",\"name\":\"We Love Cinema\",\"description\":\"Toute l\u2019information du cin\u00e9ma en Belgique\",\"publisher\":{\"@id\":\"https:\/\/welovecinema.be\/nl\/#organization\"},\"potentialAction\":[{\"@type\":\"SearchAction\",\"target\":{\"@type\":\"EntryPoint\",\"urlTemplate\":\"https:\/\/welovecinema.be\/nl\/?s={search_term_string}\"},\"query-input\":\"required name=search_term_string\"}],\"inLanguage\":\"fr-FR\"},{\"@type\":\"Organization\",\"@id\":\"https:\/\/welovecinema.be\/nl\/#organization\",\"name\":\"We Love Cinema\",\"url\":\"https:\/\/welovecinema.be\/nl\/\",\"logo\":{\"@type\":\"ImageObject\",\"inLanguage\":\"fr-FR\",\"@id\":\"https:\/\/welovecinema.be\/nl\/#\/schema\/logo\/image\/\",\"url\":\"https:\/\/welovecinema.be\/wp-content\/uploads\/sites\/2\/2023\/03\/Logo-We-Love-Cinema305x128.jpg\",\"contentUrl\":\"https:\/\/welovecinema.be\/wp-content\/uploads\/sites\/2\/2023\/03\/Logo-We-Love-Cinema305x128.jpg\",\"width\":305,\"height\":128,\"caption\":\"We Love Cinema\"},\"image\":{\"@id\":\"https:\/\/welovecinema.be\/nl\/#\/schema\/logo\/image\/\"},\"sameAs\":[\"https:\/\/www.facebook.com\/welovecinema.be\",\"https:\/\/www.youtube.com\/channel\/UCX5LYGVhnKvYauW4Nta4HJA\",\"https:\/\/www.instagram.com\/welovecinema.be\/\"]},{\"@type\":\"Person\",\"@id\":\"https:\/\/welovecinema.be\/nl\/#\/schema\/person\/8084b68c6b176142d073695c654dc7cf\",\"name\":\"Aurore Engelen\",\"url\":\"https:\/\/welovecinema.be\/fr\/author\/aurore-engelen\/\"}]}<\/script>\n<!-- \/ Yoast SEO plugin. -->","yoast_head_json":{"title":"Cherche mod\u00e8le pour maquillage tr\u00e8s sp\u00e9cial! - We Love Cinema","robots":{"index":"index","follow":"follow","max-snippet":"max-snippet:-1","max-image-preview":"max-image-preview:large","max-video-preview":"max-video-preview:-1"},"canonical":"https:\/\/welovecinema.be\/fr\/cherche-modele-pour-maquillage-tres-special\/","og_locale":"fr_FR","og_type":"article","og_title":"Cherche mod\u00e8le pour maquillage tr\u00e8s sp\u00e9cial! - We Love Cinema","og_description":"Vous souhaitez participer au weekend Wallywood On tour(ne) de l\u2019int\u00e9rieur et \u00eatre mod\u00e8le pour Dinh Van FX pour la cr\u00e9ation de son maquillage d\u2019effets sp\u00e9ciaux\u2026 Ce dernier recherche une b\u00e9n\u00e9vole pendant 2-3h au P\u00f4le Image de Li\u00e8ge l\u2019apr\u00e8s-midi du samedi 27\/04 pour r\u00e9aliser un maquillage tr\u00e8s sp\u00e9cial. &nbsp; Int\u00e9ress\u00e9e? Envoyer une photo \u00e0 l&rsquo;adresse jeannehebbelinck@gmail.com.","og_url":"https:\/\/welovecinema.be\/fr\/cherche-modele-pour-maquillage-tres-special\/","og_site_name":"We Love Cinema","article_publisher":"https:\/\/www.facebook.com\/welovecinema.be","article_published_time":"2019-04-17T11:06:19+00:00","article_modified_time":"2019-04-17T11:10:02+00:00","og_image":[{"width":800,"height":534,"url":"https:\/\/welovecinema.be\/wp-content\/uploads\/sites\/2\/2019\/04\/3659771203_8cd2f48b01_o.jpg","type":"image\/jpeg"}],"author":"Aurore Engelen","twitter_card":"summary_large_image","twitter_misc":{"\u00c9crit par":"Aurore Engelen"},"schema":{"@context":"https:\/\/schema.org","@graph":[{"@type":"Article","@id":"https:\/\/welovecinema.be\/fr\/cherche-modele-pour-maquillage-tres-special\/#article","isPartOf":{"@id":"https:\/\/welovecinema.be\/fr\/cherche-modele-pour-maquillage-tres-special\/"},"author":{"name":"Aurore Engelen","@id":"https:\/\/welovecinema.be\/nl\/#\/schema\/person\/8084b68c6b176142d073695c654dc7cf"},"headline":"Cherche mod\u00e8le pour maquillage tr\u00e8s sp\u00e9cial!","datePublished":"2019-04-17T11:06:19+00:00","dateModified":"2019-04-17T11:10:02+00:00","mainEntityOfPage":{"@id":"https:\/\/welovecinema.be\/fr\/cherche-modele-pour-maquillage-tres-special\/"},"wordCount":84,"publisher":{"@id":"https:\/\/welovecinema.be\/nl\/#organization"},"articleSection":["Cinejobs"],"inLanguage":"fr-FR"},{"@type":"WebPage","@id":"https:\/\/welovecinema.be\/fr\/cherche-modele-pour-maquillage-tres-special\/","url":"https:\/\/welovecinema.be\/fr\/cherche-modele-pour-maquillage-tres-special\/","name":"Cherche mod\u00e8le pour maquillage tr\u00e8s sp\u00e9cial! - We Love Cinema","isPartOf":{"@id":"https:\/\/welovecinema.be\/nl\/#website"},"datePublished":"2019-04-17T11:06:19+00:00","dateModified":"2019-04-17T11:10:02+00:00","breadcrumb":{"@id":"https:\/\/welovecinema.be\/fr\/cherche-modele-pour-maquillage-tres-special\/#breadcrumb"},"inLanguage":"fr-FR","potentialAction":[{"@type":"ReadAction","target":["https:\/\/welovecinema.be\/fr\/cherche-modele-pour-maquillage-tres-special\/"]}]},{"@type":"BreadcrumbList","@id":"https:\/\/welovecinema.be\/fr\/cherche-modele-pour-maquillage-tres-special\/#breadcrumb","itemListElement":[{"@type":"ListItem","position":1,"name":"Accueil","item":"https:\/\/welovecinema.be\/fr\/"},{"@type":"ListItem","position":2,"name":"Cherche mod\u00e8le pour maquillage tr\u00e8s sp\u00e9cial!"}]},{"@type":"WebSite","@id":"https:\/\/welovecinema.be\/nl\/#website","url":"https:\/\/welovecinema.be\/nl\/","name":"We Love Cinema","description":"Toute l\u2019information du cin\u00e9ma en Belgique","publisher":{"@id":"https:\/\/welovecinema.be\/nl\/#organization"},"potentialAction":[{"@type":"SearchAction","target":{"@type":"EntryPoint","urlTemplate":"https:\/\/welovecinema.be\/nl\/?s={search_term_string}"},"query-input":"required name=search_term_string"}],"inLanguage":"fr-FR"},{"@type":"Organization","@id":"https:\/\/welovecinema.be\/nl\/#organization","name":"We Love Cinema","url":"https:\/\/welovecinema.be\/nl\/","logo":{"@type":"ImageObject","inLanguage":"fr-FR","@id":"https:\/\/welovecinema.be\/nl\/#\/schema\/logo\/image\/","url":"https:\/\/welovecinema.be\/wp-content\/uploads\/sites\/2\/2023\/03\/Logo-We-Love-Cinema305x128.jpg","contentUrl":"https:\/\/welovecinema.be\/wp-content\/uploads\/sites\/2\/2023\/03\/Logo-We-Love-Cinema305x128.jpg","width":305,"height":128,"caption":"We Love Cinema"},"image":{"@id":"https:\/\/welovecinema.be\/nl\/#\/schema\/logo\/image\/"},"sameAs":["https:\/\/www.facebook.com\/welovecinema.be","https:\/\/www.youtube.com\/channel\/UCX5LYGVhnKvYauW4Nta4HJA","https:\/\/www.instagram.com\/welovecinema.be\/"]},{"@type":"Person","@id":"https:\/\/welovecinema.be\/nl\/#\/schema\/person\/8084b68c6b176142d073695c654dc7cf","name":"Aurore Engelen","url":"https:\/\/welovecinema.be\/fr\/author\/aurore-engelen\/"}]}},"_links":{"self":[{"href":"https:\/\/welovecinema.be\/fr\/wp-json\/wp\/v2\/posts\/218975","targetHints":{"allow":["GET"]}}],"collection":[{"href":"https:\/\/welovecinema.be\/fr\/wp-json\/wp\/v2\/posts"}],"about":[{"href":"https:\/\/welovecinema.be\/fr\/wp-json\/wp\/v2\/types\/post"}],"author":[{"embeddable":true,"href":"https:\/\/welovecinema.be\/fr\/wp-json\/wp\/v2\/users\/343"}],"replies":[{"embeddable":true,"href":"https:\/\/welovecinema.be\/fr\/wp-json\/wp\/v2\/comments?post=218975"}],"version-history":[{"count":0,"href":"https:\/\/welovecinema.be\/fr\/wp-json\/wp\/v2\/posts\/218975\/revisions"}],"wp:featuredmedia":[{"embeddable":true,"href":"https:\/\/welovecinema.be\/fr\/wp-json\/wp\/v2\/media\/218980"}],"wp:attachment":[{"href":"https:\/\/welovecinema.be\/fr\/wp-json\/wp\/v2\/media?parent=218975"}],"wp:term":[{"taxonomy":"category","embeddable":true,"href":"https:\/\/welovecinema.be\/fr\/wp-json\/wp\/v2\/categories?post=218975"},{"taxonomy":"post_tag","embeddable":true,"href":"https:\/\/welovecinema.be\/fr\/wp-json\/wp\/v2\/tags?post=218975"}],"curies":[{"name":"wp","href":"https:\/\/api.w.org\/{rel}","templated":true}]}}