{"id":218934,"date":"2019-04-16T13:35:06","date_gmt":"2019-04-16T11:35:06","guid":{"rendered":"https:\/\/www.cinevox.be\/?p=218934"},"modified":"2019-04-16T13:35:06","modified_gmt":"2019-04-16T11:35:06","slug":"tout-court-programme-du-17-avril","status":"publish","type":"post","link":"https:\/\/welovecinema.be\/fr\/tout-court-programme-du-17-avril\/","title":{"rendered":"Tout court, programme du 17 avril"},"content":{"rendered":"<p><strong>Encore une sp\u00e9ciale BIFF pour Tout court cette semaine, avec un bel in\u00e9dit, <em>Les Naufrag\u00e9s<\/em> de C\u00e9cile Delberghe et Mathieu Mortelmans!<\/strong><\/p>\n<hr \/>\n<h4><em>La Parcelle<\/em> de Michael Guerraz<\/h4>\n<p><em>Avec Virgile Bramly, Maud Wyler et Jean-Michel Vovk.<\/em><\/p>\n<section id=\"synopsis\" class=\"section \" data-poids=\"\" data-open-md=\"true\" data-open-lg=\"true\" data-prepend=\"\" data-bloc-inscription=\"\" data-fullscreen=\"\" data-open-xs=\"true\" data-open-sm=\"true\">\n<div class=\"section-content collapse in\" aria-expanded=\"true\">\n<div class=\"section-content-inner\">\n<div>\n<p>Yves a accept\u00e9 l&rsquo;implantation d&rsquo;une parcelle de ma\u00efs exp\u00e9rimental sur son exploitation. Cette d\u00e9cision permet \u00e0 son couple de retrouver une meilleure sant\u00e9 financi\u00e8re. D&rsquo;autant qu&rsquo;un b\u00e9b\u00e9 s&rsquo;annonce. Tout semble aller pour le mieux. Jusqu&rsquo;au jour o\u00f9 Yves d\u00e9couvre une \u00e9trange s\u00e8ve coulant le long d&rsquo;un \u00e9pi.<\/p>\n<p><iframe loading=\"lazy\" title=\"LA PARCELLE (The Cornfield) de Micha\u00ebl Guerraz (2018) - Bande-annonce\" width=\"618\" height=\"348\" src=\"https:\/\/www.youtube.com\/embed\/gwKRGYHkGzs?feature=oembed\" frameborder=\"0\" allow=\"accelerometer; autoplay; clipboard-write; encrypted-media; gyroscope; picture-in-picture; web-share\" referrerpolicy=\"strict-origin-when-cross-origin\" allowfullscreen><\/iframe><\/p>\n<hr \/>\n<h4><em>Les Naufrag\u00e9s<\/em> de C\u00e9cile Delberghe et Mathieu Mortelmans<\/h4>\n<p><em>Avec Babetida Sadjo et C\u00e9cile Delberghe<\/em><\/p>\n<p>Amane se rend en prison pour interroger Nina, une d\u00e9tenue qui vient d\u2019\u00eatre incarc\u00e9r\u00e9e. Les deux femmes luttent avec leurs consciences et l&rsquo;audition prend alors une tournure inattendue.<\/p>\n<p><iframe loading=\"lazy\" title=\"Official Trailer LES NAUFRAG\u00c9S \/ WRECKED\" width=\"618\" height=\"348\" src=\"https:\/\/www.youtube.com\/embed\/KkDmPvtmbeI?feature=oembed\" frameborder=\"0\" allow=\"accelerometer; autoplay; clipboard-write; encrypted-media; gyroscope; picture-in-picture; web-share\" referrerpolicy=\"strict-origin-when-cross-origin\" allowfullscreen><\/iframe><\/p>\n<hr \/>\n<h4><em><strong>Fugazi<\/strong><\/em> de Laurent Michelet<\/h4>\n<p>2039 : depuis plus de 3 ans, Ad\u00e8le travaille pour Orbit Defence, une station spatiale charg\u00e9e du pilotage de drones sur la plan\u00e8te Terre. Il ne lui reste qu\u2019une mission de routine \u00e0 accomplir avant de rejoindre enfin sa famille.<\/p>\n<p><em>Avec Alexia Depicker, Vincent Londez, Adena De Leener, Adrien Desbons, Laurent Van der Rest<\/em><\/p>\n<p><iframe loading=\"lazy\" title=\"FUGAZI - Trailer\" src=\"https:\/\/player.vimeo.com\/video\/203306566?dnt=1&amp;app_id=122963\" width=\"618\" height=\"348\" frameborder=\"0\" allow=\"autoplay; fullscreen; picture-in-picture; clipboard-write; encrypted-media\"><\/iframe><\/p>\n<hr \/>\n<h4>On r\u00e9capitule?<\/h4>\n<ul>\n<li><strong><em>La Parcelle<\/em><\/strong> de Michael Guerraz \u00e0 23h10<\/li>\n<li><strong><em>Les Naufrag\u00e9s<\/em><\/strong> de C\u00e9cile Delberghe et Mathieu Mortelmans \u00e0 23h30<\/li>\n<li><em><strong>Fugazi<\/strong><\/em> de Laurent Michelet \u00e0 23h45<\/li>\n<\/ul>\n<\/div>\n<\/div>\n<\/div>\n<\/section>\n","protected":false},"excerpt":{"rendered":"<p>Encore une sp\u00e9ciale BIFF pour Tout court cette semaine, avec un bel in\u00e9dit, Les Naufrag\u00e9s de C\u00e9cile Delberghe et Mathieu Mortelmans! La Parcelle de Michael Guerraz Avec Virgile Bramly, Maud Wyler et Jean-Michel Vovk. Yves a accept\u00e9 l&rsquo;implantation d&rsquo;une parcelle de ma\u00efs exp\u00e9rimental sur son exploitation. Cette d\u00e9cision permet \u00e0 son couple de retrouver une &hellip;<\/p>\n","protected":false},"author":343,"featured_media":218936,"comment_status":"closed","ping_status":"closed","sticky":false,"template":"","format":"standard","meta":{"ngg_post_thumbnail":0,"footnotes":""},"categories":[14],"tags":[],"class_list":["post-218934","post","type-post","status-publish","format-standard","has-post-thumbnail","","category-home-cinema"],"yoast_head":"<!-- This site is optimized with the Yoast SEO plugin v20.4 - https:\/\/yoast.com\/wordpress\/plugins\/seo\/ -->\n<title>Tout court, programme du 17 avril - We Love Cinema<\/title>\n<meta name=\"robots\" content=\"index, follow, max-snippet:-1, max-image-preview:large, max-video-preview:-1\" \/>\n<link rel=\"canonical\" href=\"https:\/\/welovecinema.be\/fr\/tout-court-programme-du-17-avril\/\" \/>\n<meta property=\"og:locale\" content=\"fr_FR\" \/>\n<meta property=\"og:type\" content=\"article\" \/>\n<meta property=\"og:title\" content=\"Tout court, programme du 17 avril - We Love Cinema\" \/>\n<meta property=\"og:description\" content=\"Encore une sp\u00e9ciale BIFF pour Tout court cette semaine, avec un bel in\u00e9dit, Les Naufrag\u00e9s de C\u00e9cile Delberghe et Mathieu Mortelmans! La Parcelle de Michael Guerraz Avec Virgile Bramly, Maud Wyler et Jean-Michel Vovk. Yves a accept\u00e9 l&rsquo;implantation d&rsquo;une parcelle de ma\u00efs exp\u00e9rimental sur son exploitation. Cette d\u00e9cision permet \u00e0 son couple de retrouver une &hellip;\" \/>\n<meta property=\"og:url\" content=\"https:\/\/welovecinema.be\/fr\/tout-court-programme-du-17-avril\/\" \/>\n<meta property=\"og:site_name\" content=\"We Love Cinema\" \/>\n<meta property=\"article:publisher\" content=\"https:\/\/www.facebook.com\/welovecinema.be\" \/>\n<meta property=\"article:published_time\" content=\"2019-04-16T11:35:06+00:00\" \/>\n<meta property=\"og:image\" content=\"https:\/\/welovecinema.be\/wp-content\/uploads\/sites\/2\/2019\/04\/LesNaufrages.jpg\" \/>\n\t<meta property=\"og:image:width\" content=\"661\" \/>\n\t<meta property=\"og:image:height\" content=\"279\" \/>\n\t<meta property=\"og:image:type\" content=\"image\/jpeg\" \/>\n<meta name=\"author\" content=\"Aurore Engelen\" \/>\n<meta name=\"twitter:card\" content=\"summary_large_image\" \/>\n<meta name=\"twitter:label1\" content=\"\u00c9crit par\" \/>\n\t<meta name=\"twitter:data1\" content=\"Aurore Engelen\" \/>\n\t<meta name=\"twitter:label2\" content=\"Dur\u00e9e de lecture estim\u00e9e\" \/>\n\t<meta name=\"twitter:data2\" content=\"1 minute\" \/>\n<script type=\"application\/ld+json\" class=\"yoast-schema-graph\">{\"@context\":\"https:\/\/schema.org\",\"@graph\":[{\"@type\":\"Article\",\"@id\":\"https:\/\/welovecinema.be\/fr\/tout-court-programme-du-17-avril\/#article\",\"isPartOf\":{\"@id\":\"https:\/\/welovecinema.be\/fr\/tout-court-programme-du-17-avril\/\"},\"author\":{\"name\":\"Aurore Engelen\",\"@id\":\"https:\/\/welovecinema.be\/nl\/#\/schema\/person\/8084b68c6b176142d073695c654dc7cf\"},\"headline\":\"Tout court, programme du 17 avril\",\"datePublished\":\"2019-04-16T11:35:06+00:00\",\"dateModified\":\"2019-04-16T11:35:06+00:00\",\"mainEntityOfPage\":{\"@id\":\"https:\/\/welovecinema.be\/fr\/tout-court-programme-du-17-avril\/\"},\"wordCount\":247,\"publisher\":{\"@id\":\"https:\/\/welovecinema.be\/nl\/#organization\"},\"articleSection\":[\"Plateau t\u00e9l\u00e9\"],\"inLanguage\":\"fr-FR\"},{\"@type\":\"WebPage\",\"@id\":\"https:\/\/welovecinema.be\/fr\/tout-court-programme-du-17-avril\/\",\"url\":\"https:\/\/welovecinema.be\/fr\/tout-court-programme-du-17-avril\/\",\"name\":\"Tout court, programme du 17 avril - We Love Cinema\",\"isPartOf\":{\"@id\":\"https:\/\/welovecinema.be\/nl\/#website\"},\"datePublished\":\"2019-04-16T11:35:06+00:00\",\"dateModified\":\"2019-04-16T11:35:06+00:00\",\"breadcrumb\":{\"@id\":\"https:\/\/welovecinema.be\/fr\/tout-court-programme-du-17-avril\/#breadcrumb\"},\"inLanguage\":\"fr-FR\",\"potentialAction\":[{\"@type\":\"ReadAction\",\"target\":[\"https:\/\/welovecinema.be\/fr\/tout-court-programme-du-17-avril\/\"]}]},{\"@type\":\"BreadcrumbList\",\"@id\":\"https:\/\/welovecinema.be\/fr\/tout-court-programme-du-17-avril\/#breadcrumb\",\"itemListElement\":[{\"@type\":\"ListItem\",\"position\":1,\"name\":\"Accueil\",\"item\":\"https:\/\/welovecinema.be\/fr\/\"},{\"@type\":\"ListItem\",\"position\":2,\"name\":\"Tout court, programme du 17 avril\"}]},{\"@type\":\"WebSite\",\"@id\":\"https:\/\/welovecinema.be\/nl\/#website\",\"url\":\"https:\/\/welovecinema.be\/nl\/\",\"name\":\"We Love Cinema\",\"description\":\"Toute l\u2019information du cin\u00e9ma en Belgique\",\"publisher\":{\"@id\":\"https:\/\/welovecinema.be\/nl\/#organization\"},\"potentialAction\":[{\"@type\":\"SearchAction\",\"target\":{\"@type\":\"EntryPoint\",\"urlTemplate\":\"https:\/\/welovecinema.be\/nl\/?s={search_term_string}\"},\"query-input\":\"required name=search_term_string\"}],\"inLanguage\":\"fr-FR\"},{\"@type\":\"Organization\",\"@id\":\"https:\/\/welovecinema.be\/nl\/#organization\",\"name\":\"We Love Cinema\",\"url\":\"https:\/\/welovecinema.be\/nl\/\",\"logo\":{\"@type\":\"ImageObject\",\"inLanguage\":\"fr-FR\",\"@id\":\"https:\/\/welovecinema.be\/nl\/#\/schema\/logo\/image\/\",\"url\":\"https:\/\/welovecinema.be\/wp-content\/uploads\/sites\/2\/2023\/03\/Logo-We-Love-Cinema305x128.jpg\",\"contentUrl\":\"https:\/\/welovecinema.be\/wp-content\/uploads\/sites\/2\/2023\/03\/Logo-We-Love-Cinema305x128.jpg\",\"width\":305,\"height\":128,\"caption\":\"We Love Cinema\"},\"image\":{\"@id\":\"https:\/\/welovecinema.be\/nl\/#\/schema\/logo\/image\/\"},\"sameAs\":[\"https:\/\/www.facebook.com\/welovecinema.be\",\"https:\/\/www.youtube.com\/channel\/UCX5LYGVhnKvYauW4Nta4HJA\",\"https:\/\/www.instagram.com\/welovecinema.be\/\"]},{\"@type\":\"Person\",\"@id\":\"https:\/\/welovecinema.be\/nl\/#\/schema\/person\/8084b68c6b176142d073695c654dc7cf\",\"name\":\"Aurore Engelen\",\"url\":\"https:\/\/welovecinema.be\/fr\/author\/aurore-engelen\/\"}]}<\/script>\n<!-- \/ Yoast SEO plugin. -->","yoast_head_json":{"title":"Tout court, programme du 17 avril - We Love Cinema","robots":{"index":"index","follow":"follow","max-snippet":"max-snippet:-1","max-image-preview":"max-image-preview:large","max-video-preview":"max-video-preview:-1"},"canonical":"https:\/\/welovecinema.be\/fr\/tout-court-programme-du-17-avril\/","og_locale":"fr_FR","og_type":"article","og_title":"Tout court, programme du 17 avril - We Love Cinema","og_description":"Encore une sp\u00e9ciale BIFF pour Tout court cette semaine, avec un bel in\u00e9dit, Les Naufrag\u00e9s de C\u00e9cile Delberghe et Mathieu Mortelmans! La Parcelle de Michael Guerraz Avec Virgile Bramly, Maud Wyler et Jean-Michel Vovk. Yves a accept\u00e9 l&rsquo;implantation d&rsquo;une parcelle de ma\u00efs exp\u00e9rimental sur son exploitation. Cette d\u00e9cision permet \u00e0 son couple de retrouver une &hellip;","og_url":"https:\/\/welovecinema.be\/fr\/tout-court-programme-du-17-avril\/","og_site_name":"We Love Cinema","article_publisher":"https:\/\/www.facebook.com\/welovecinema.be","article_published_time":"2019-04-16T11:35:06+00:00","og_image":[{"width":661,"height":279,"url":"https:\/\/welovecinema.be\/wp-content\/uploads\/sites\/2\/2019\/04\/LesNaufrages.jpg","type":"image\/jpeg"}],"author":"Aurore Engelen","twitter_card":"summary_large_image","twitter_misc":{"\u00c9crit par":"Aurore Engelen","Dur\u00e9e de lecture estim\u00e9e":"1 minute"},"schema":{"@context":"https:\/\/schema.org","@graph":[{"@type":"Article","@id":"https:\/\/welovecinema.be\/fr\/tout-court-programme-du-17-avril\/#article","isPartOf":{"@id":"https:\/\/welovecinema.be\/fr\/tout-court-programme-du-17-avril\/"},"author":{"name":"Aurore Engelen","@id":"https:\/\/welovecinema.be\/nl\/#\/schema\/person\/8084b68c6b176142d073695c654dc7cf"},"headline":"Tout court, programme du 17 avril","datePublished":"2019-04-16T11:35:06+00:00","dateModified":"2019-04-16T11:35:06+00:00","mainEntityOfPage":{"@id":"https:\/\/welovecinema.be\/fr\/tout-court-programme-du-17-avril\/"},"wordCount":247,"publisher":{"@id":"https:\/\/welovecinema.be\/nl\/#organization"},"articleSection":["Plateau t\u00e9l\u00e9"],"inLanguage":"fr-FR"},{"@type":"WebPage","@id":"https:\/\/welovecinema.be\/fr\/tout-court-programme-du-17-avril\/","url":"https:\/\/welovecinema.be\/fr\/tout-court-programme-du-17-avril\/","name":"Tout court, programme du 17 avril - We Love Cinema","isPartOf":{"@id":"https:\/\/welovecinema.be\/nl\/#website"},"datePublished":"2019-04-16T11:35:06+00:00","dateModified":"2019-04-16T11:35:06+00:00","breadcrumb":{"@id":"https:\/\/welovecinema.be\/fr\/tout-court-programme-du-17-avril\/#breadcrumb"},"inLanguage":"fr-FR","potentialAction":[{"@type":"ReadAction","target":["https:\/\/welovecinema.be\/fr\/tout-court-programme-du-17-avril\/"]}]},{"@type":"BreadcrumbList","@id":"https:\/\/welovecinema.be\/fr\/tout-court-programme-du-17-avril\/#breadcrumb","itemListElement":[{"@type":"ListItem","position":1,"name":"Accueil","item":"https:\/\/welovecinema.be\/fr\/"},{"@type":"ListItem","position":2,"name":"Tout court, programme du 17 avril"}]},{"@type":"WebSite","@id":"https:\/\/welovecinema.be\/nl\/#website","url":"https:\/\/welovecinema.be\/nl\/","name":"We Love Cinema","description":"Toute l\u2019information du cin\u00e9ma en Belgique","publisher":{"@id":"https:\/\/welovecinema.be\/nl\/#organization"},"potentialAction":[{"@type":"SearchAction","target":{"@type":"EntryPoint","urlTemplate":"https:\/\/welovecinema.be\/nl\/?s={search_term_string}"},"query-input":"required name=search_term_string"}],"inLanguage":"fr-FR"},{"@type":"Organization","@id":"https:\/\/welovecinema.be\/nl\/#organization","name":"We Love Cinema","url":"https:\/\/welovecinema.be\/nl\/","logo":{"@type":"ImageObject","inLanguage":"fr-FR","@id":"https:\/\/welovecinema.be\/nl\/#\/schema\/logo\/image\/","url":"https:\/\/welovecinema.be\/wp-content\/uploads\/sites\/2\/2023\/03\/Logo-We-Love-Cinema305x128.jpg","contentUrl":"https:\/\/welovecinema.be\/wp-content\/uploads\/sites\/2\/2023\/03\/Logo-We-Love-Cinema305x128.jpg","width":305,"height":128,"caption":"We Love Cinema"},"image":{"@id":"https:\/\/welovecinema.be\/nl\/#\/schema\/logo\/image\/"},"sameAs":["https:\/\/www.facebook.com\/welovecinema.be","https:\/\/www.youtube.com\/channel\/UCX5LYGVhnKvYauW4Nta4HJA","https:\/\/www.instagram.com\/welovecinema.be\/"]},{"@type":"Person","@id":"https:\/\/welovecinema.be\/nl\/#\/schema\/person\/8084b68c6b176142d073695c654dc7cf","name":"Aurore Engelen","url":"https:\/\/welovecinema.be\/fr\/author\/aurore-engelen\/"}]}},"_links":{"self":[{"href":"https:\/\/welovecinema.be\/fr\/wp-json\/wp\/v2\/posts\/218934","targetHints":{"allow":["GET"]}}],"collection":[{"href":"https:\/\/welovecinema.be\/fr\/wp-json\/wp\/v2\/posts"}],"about":[{"href":"https:\/\/welovecinema.be\/fr\/wp-json\/wp\/v2\/types\/post"}],"author":[{"embeddable":true,"href":"https:\/\/welovecinema.be\/fr\/wp-json\/wp\/v2\/users\/343"}],"replies":[{"embeddable":true,"href":"https:\/\/welovecinema.be\/fr\/wp-json\/wp\/v2\/comments?post=218934"}],"version-history":[{"count":0,"href":"https:\/\/welovecinema.be\/fr\/wp-json\/wp\/v2\/posts\/218934\/revisions"}],"wp:featuredmedia":[{"embeddable":true,"href":"https:\/\/welovecinema.be\/fr\/wp-json\/wp\/v2\/media\/218936"}],"wp:attachment":[{"href":"https:\/\/welovecinema.be\/fr\/wp-json\/wp\/v2\/media?parent=218934"}],"wp:term":[{"taxonomy":"category","embeddable":true,"href":"https:\/\/welovecinema.be\/fr\/wp-json\/wp\/v2\/categories?post=218934"},{"taxonomy":"post_tag","embeddable":true,"href":"https:\/\/welovecinema.be\/fr\/wp-json\/wp\/v2\/tags?post=218934"}],"curies":[{"name":"wp","href":"https:\/\/api.w.org\/{rel}","templated":true}]}}