{"id":218873,"date":"2019-04-12T15:14:56","date_gmt":"2019-04-12T13:14:56","guid":{"rendered":"https:\/\/www.cinevox.be\/?p=218873"},"modified":"2019-04-12T15:15:15","modified_gmt":"2019-04-12T13:15:15","slug":"218873","status":"publish","type":"post","link":"https:\/\/welovecinema.be\/fr\/218873\/","title":{"rendered":"Le CVB recherche un\u00b7e charg\u00e9\u00b7e de communication"},"content":{"rendered":"<p><strong>Le Centre Vid\u00e9o de Bruxelles engage un\u00b7e charg\u00e9\u00b7e de communication bilingue FR-EN en Contrat de remplacement<\/strong><\/p>\n<h4>Mission<\/h4>\n<p>Sous la responsabilit\u00e9 du directeur de<span class=\"text_exposed_show\">\u00a0l&rsquo;association et en collaboration avec l\u2019\u00e9quipe de promotion-diffusion, vous \u00eates charg\u00e9.e de la conception et de la mise en \u0153uvre des outils de promotion du CVB et des films produits ainsi que de la recherche d\u2019espaces de diffusion.<\/span><\/p>\n<div class=\"text_exposed_show\">\n<h4>Description des t\u00e2ches<\/h4>\n<ul>\n<li>mise \u00e0 jour site internet (corrections, agenda, mise \u00e0 jour catalogue, \u2026)<\/li>\n<li>cr\u00e9ation et envoi de newsletters mensuelles \/ invitations aux \u00e9v\u00e9nements<\/li>\n<li>conception et r\u00e9alisation des supports papier (affiches, jaquettes, cartes postales, plaquette de pr\u00e9sentation, rapports d\u2019activit\u00e9, &#8230;)<\/li>\n<li>organisation des avant-premi\u00e8res<\/li>\n<li>recherche de lieux de diffusion dans les circuits cin\u00e9ma et non-marchand<\/li>\n<li>promotion et diffusion sur les sites VOD\/SVOD, &#8230;<\/li>\n<li>suivi et mise \u00e0 jour bases de donn\u00e9es<\/li>\n<\/ul>\n<h4>Comp\u00e9tences sollicit\u00e9es<\/h4>\n<ul>\n<li>ma\u00eetrise concr\u00e8te des techniques d\u2019information et de communication<\/li>\n<li>connaissance approfondie des outils de communication (r\u00e9seaux sociaux, web)<\/li>\n<li>\u00a0capacit\u00e9 \u00e0 saisir rapidement les enjeux et \u00e0 prioriser les actions<\/li>\n<li>tr\u00e8s bonne capacit\u00e9 de r\u00e9daction<\/li>\n<li>tr\u00e8s bonne connaissance du milieu culturel<\/li>\n<li>\u00eatre m\u00e9thodique et rigoureux<\/li>\n<li>\u00eatre autonome et avoir le sens des responsabilit\u00e9s<\/li>\n<li>savoir appr\u00e9cier et anticiper la charge de travail<\/li>\n<li>comp\u00e9tences relationnelles affirm\u00e9es<\/li>\n<li>bilingue FR-EN.<\/li>\n<\/ul>\n<h4>Conditions requises<\/h4>\n<ul>\n<li>Formation sp\u00e9cialis\u00e9e dans le domaine de la communication ou exp\u00e9rience \u00e9quivalente.<\/li>\n<li>Justifier d&rsquo;une exp\u00e9rience pertinente d&rsquo;au minimum 3 ans comme charg\u00e9.e de communication dans le secteur culturel.<\/li>\n<\/ul>\n<h4>R\u00e9gime de travail<\/h4>\n<ul>\n<li>Employ\u00e9, contrat de remplacement \/ Salaire selon bar\u00e8mes CP 329.02, \u00e9chelon 4.1 ou 4.2<\/li>\n<\/ul>\n<p>&nbsp;<\/p>\n<p>Entr\u00e9e en fonction : imm\u00e9diate<\/p>\n<p>Les candidatures (CV et lettre de motivation) doivent parvenir \u00e0 Michel Steyaert, directeur du CVB \u00e0 l&rsquo;adresse : info@cvb.be<\/p>\n<p>Date de fin 23\/04\/2019<\/p>\n<p>T\u00e9l\u00e9phone 022211050 &#8211; Email info@cvb.be<\/p>\n<\/div>\n","protected":false},"excerpt":{"rendered":"<p>Le Centre Vid\u00e9o de Bruxelles engage un\u00b7e charg\u00e9\u00b7e de communication bilingue FR-EN en Contrat de remplacement Mission Sous la responsabilit\u00e9 du directeur de\u00a0l&rsquo;association et en collaboration avec l\u2019\u00e9quipe de promotion-diffusion, vous \u00eates charg\u00e9.e de la conception et de la mise en \u0153uvre des outils de promotion du CVB et des films produits ainsi que de &hellip;<\/p>\n","protected":false},"author":343,"featured_media":218874,"comment_status":"closed","ping_status":"closed","sticky":false,"template":"","format":"standard","meta":{"ngg_post_thumbnail":0,"footnotes":""},"categories":[20],"tags":[],"class_list":["post-218873","post","type-post","status-publish","format-standard","has-post-thumbnail","","category-cinejobs"],"yoast_head":"<!-- This site is optimized with the Yoast SEO plugin v20.4 - https:\/\/yoast.com\/wordpress\/plugins\/seo\/ -->\n<title>Le CVB recherche un\u00b7e charg\u00e9\u00b7e de communication - We Love Cinema<\/title>\n<meta name=\"robots\" content=\"index, follow, max-snippet:-1, max-image-preview:large, max-video-preview:-1\" \/>\n<link rel=\"canonical\" href=\"https:\/\/welovecinema.be\/fr\/218873\/\" \/>\n<meta property=\"og:locale\" content=\"fr_FR\" \/>\n<meta property=\"og:type\" content=\"article\" \/>\n<meta property=\"og:title\" content=\"Le CVB recherche un\u00b7e charg\u00e9\u00b7e de communication - We Love Cinema\" \/>\n<meta property=\"og:description\" content=\"Le Centre Vid\u00e9o de Bruxelles engage un\u00b7e charg\u00e9\u00b7e de communication bilingue FR-EN en Contrat de remplacement Mission Sous la responsabilit\u00e9 du directeur de\u00a0l&rsquo;association et en collaboration avec l\u2019\u00e9quipe de promotion-diffusion, vous \u00eates charg\u00e9.e de la conception et de la mise en \u0153uvre des outils de promotion du CVB et des films produits ainsi que de &hellip;\" \/>\n<meta property=\"og:url\" content=\"https:\/\/welovecinema.be\/fr\/218873\/\" \/>\n<meta property=\"og:site_name\" content=\"We Love Cinema\" \/>\n<meta property=\"article:publisher\" content=\"https:\/\/www.facebook.com\/welovecinema.be\" \/>\n<meta property=\"article:published_time\" content=\"2019-04-12T13:14:56+00:00\" \/>\n<meta property=\"article:modified_time\" content=\"2019-04-12T13:15:15+00:00\" \/>\n<meta property=\"og:image\" content=\"https:\/\/welovecinema.be\/wp-content\/uploads\/sites\/2\/2019\/04\/CVB.jpg\" \/>\n\t<meta property=\"og:image:width\" content=\"600\" \/>\n\t<meta property=\"og:image:height\" content=\"315\" \/>\n\t<meta property=\"og:image:type\" content=\"image\/jpeg\" \/>\n<meta name=\"author\" content=\"Aurore Engelen\" \/>\n<meta name=\"twitter:card\" content=\"summary_large_image\" \/>\n<meta name=\"twitter:label1\" content=\"\u00c9crit par\" \/>\n\t<meta name=\"twitter:data1\" content=\"Aurore Engelen\" \/>\n\t<meta name=\"twitter:label2\" content=\"Dur\u00e9e de lecture estim\u00e9e\" \/>\n\t<meta name=\"twitter:data2\" content=\"2 minutes\" \/>\n<script type=\"application\/ld+json\" class=\"yoast-schema-graph\">{\"@context\":\"https:\/\/schema.org\",\"@graph\":[{\"@type\":\"Article\",\"@id\":\"https:\/\/welovecinema.be\/fr\/218873\/#article\",\"isPartOf\":{\"@id\":\"https:\/\/welovecinema.be\/fr\/218873\/\"},\"author\":{\"name\":\"Aurore Engelen\",\"@id\":\"https:\/\/welovecinema.be\/nl\/#\/schema\/person\/8084b68c6b176142d073695c654dc7cf\"},\"headline\":\"Le CVB recherche un\u00b7e charg\u00e9\u00b7e de communication\",\"datePublished\":\"2019-04-12T13:14:56+00:00\",\"dateModified\":\"2019-04-12T13:15:15+00:00\",\"mainEntityOfPage\":{\"@id\":\"https:\/\/welovecinema.be\/fr\/218873\/\"},\"wordCount\":316,\"publisher\":{\"@id\":\"https:\/\/welovecinema.be\/nl\/#organization\"},\"articleSection\":[\"Cinejobs\"],\"inLanguage\":\"fr-FR\"},{\"@type\":\"WebPage\",\"@id\":\"https:\/\/welovecinema.be\/fr\/218873\/\",\"url\":\"https:\/\/welovecinema.be\/fr\/218873\/\",\"name\":\"Le CVB recherche un\u00b7e charg\u00e9\u00b7e de communication - We Love Cinema\",\"isPartOf\":{\"@id\":\"https:\/\/welovecinema.be\/nl\/#website\"},\"datePublished\":\"2019-04-12T13:14:56+00:00\",\"dateModified\":\"2019-04-12T13:15:15+00:00\",\"breadcrumb\":{\"@id\":\"https:\/\/welovecinema.be\/fr\/218873\/#breadcrumb\"},\"inLanguage\":\"fr-FR\",\"potentialAction\":[{\"@type\":\"ReadAction\",\"target\":[\"https:\/\/welovecinema.be\/fr\/218873\/\"]}]},{\"@type\":\"BreadcrumbList\",\"@id\":\"https:\/\/welovecinema.be\/fr\/218873\/#breadcrumb\",\"itemListElement\":[{\"@type\":\"ListItem\",\"position\":1,\"name\":\"Accueil\",\"item\":\"https:\/\/welovecinema.be\/fr\/\"},{\"@type\":\"ListItem\",\"position\":2,\"name\":\"Le CVB recherche un\u00b7e charg\u00e9\u00b7e de communication\"}]},{\"@type\":\"WebSite\",\"@id\":\"https:\/\/welovecinema.be\/nl\/#website\",\"url\":\"https:\/\/welovecinema.be\/nl\/\",\"name\":\"We Love Cinema\",\"description\":\"Toute l\u2019information du cin\u00e9ma en Belgique\",\"publisher\":{\"@id\":\"https:\/\/welovecinema.be\/nl\/#organization\"},\"potentialAction\":[{\"@type\":\"SearchAction\",\"target\":{\"@type\":\"EntryPoint\",\"urlTemplate\":\"https:\/\/welovecinema.be\/nl\/?s={search_term_string}\"},\"query-input\":\"required name=search_term_string\"}],\"inLanguage\":\"fr-FR\"},{\"@type\":\"Organization\",\"@id\":\"https:\/\/welovecinema.be\/nl\/#organization\",\"name\":\"We Love Cinema\",\"url\":\"https:\/\/welovecinema.be\/nl\/\",\"logo\":{\"@type\":\"ImageObject\",\"inLanguage\":\"fr-FR\",\"@id\":\"https:\/\/welovecinema.be\/nl\/#\/schema\/logo\/image\/\",\"url\":\"https:\/\/welovecinema.be\/wp-content\/uploads\/sites\/2\/2023\/03\/Logo-We-Love-Cinema305x128.jpg\",\"contentUrl\":\"https:\/\/welovecinema.be\/wp-content\/uploads\/sites\/2\/2023\/03\/Logo-We-Love-Cinema305x128.jpg\",\"width\":305,\"height\":128,\"caption\":\"We Love Cinema\"},\"image\":{\"@id\":\"https:\/\/welovecinema.be\/nl\/#\/schema\/logo\/image\/\"},\"sameAs\":[\"https:\/\/www.facebook.com\/welovecinema.be\",\"https:\/\/www.youtube.com\/channel\/UCX5LYGVhnKvYauW4Nta4HJA\",\"https:\/\/www.instagram.com\/welovecinema.be\/\"]},{\"@type\":\"Person\",\"@id\":\"https:\/\/welovecinema.be\/nl\/#\/schema\/person\/8084b68c6b176142d073695c654dc7cf\",\"name\":\"Aurore Engelen\",\"url\":\"https:\/\/welovecinema.be\/fr\/author\/aurore-engelen\/\"}]}<\/script>\n<!-- \/ Yoast SEO plugin. -->","yoast_head_json":{"title":"Le CVB recherche un\u00b7e charg\u00e9\u00b7e de communication - We Love Cinema","robots":{"index":"index","follow":"follow","max-snippet":"max-snippet:-1","max-image-preview":"max-image-preview:large","max-video-preview":"max-video-preview:-1"},"canonical":"https:\/\/welovecinema.be\/fr\/218873\/","og_locale":"fr_FR","og_type":"article","og_title":"Le CVB recherche un\u00b7e charg\u00e9\u00b7e de communication - We Love Cinema","og_description":"Le Centre Vid\u00e9o de Bruxelles engage un\u00b7e charg\u00e9\u00b7e de communication bilingue FR-EN en Contrat de remplacement Mission Sous la responsabilit\u00e9 du directeur de\u00a0l&rsquo;association et en collaboration avec l\u2019\u00e9quipe de promotion-diffusion, vous \u00eates charg\u00e9.e de la conception et de la mise en \u0153uvre des outils de promotion du CVB et des films produits ainsi que de &hellip;","og_url":"https:\/\/welovecinema.be\/fr\/218873\/","og_site_name":"We Love Cinema","article_publisher":"https:\/\/www.facebook.com\/welovecinema.be","article_published_time":"2019-04-12T13:14:56+00:00","article_modified_time":"2019-04-12T13:15:15+00:00","og_image":[{"width":600,"height":315,"url":"https:\/\/welovecinema.be\/wp-content\/uploads\/sites\/2\/2019\/04\/CVB.jpg","type":"image\/jpeg"}],"author":"Aurore Engelen","twitter_card":"summary_large_image","twitter_misc":{"\u00c9crit par":"Aurore Engelen","Dur\u00e9e de lecture estim\u00e9e":"2 minutes"},"schema":{"@context":"https:\/\/schema.org","@graph":[{"@type":"Article","@id":"https:\/\/welovecinema.be\/fr\/218873\/#article","isPartOf":{"@id":"https:\/\/welovecinema.be\/fr\/218873\/"},"author":{"name":"Aurore Engelen","@id":"https:\/\/welovecinema.be\/nl\/#\/schema\/person\/8084b68c6b176142d073695c654dc7cf"},"headline":"Le CVB recherche un\u00b7e charg\u00e9\u00b7e de communication","datePublished":"2019-04-12T13:14:56+00:00","dateModified":"2019-04-12T13:15:15+00:00","mainEntityOfPage":{"@id":"https:\/\/welovecinema.be\/fr\/218873\/"},"wordCount":316,"publisher":{"@id":"https:\/\/welovecinema.be\/nl\/#organization"},"articleSection":["Cinejobs"],"inLanguage":"fr-FR"},{"@type":"WebPage","@id":"https:\/\/welovecinema.be\/fr\/218873\/","url":"https:\/\/welovecinema.be\/fr\/218873\/","name":"Le CVB recherche un\u00b7e charg\u00e9\u00b7e de communication - We Love Cinema","isPartOf":{"@id":"https:\/\/welovecinema.be\/nl\/#website"},"datePublished":"2019-04-12T13:14:56+00:00","dateModified":"2019-04-12T13:15:15+00:00","breadcrumb":{"@id":"https:\/\/welovecinema.be\/fr\/218873\/#breadcrumb"},"inLanguage":"fr-FR","potentialAction":[{"@type":"ReadAction","target":["https:\/\/welovecinema.be\/fr\/218873\/"]}]},{"@type":"BreadcrumbList","@id":"https:\/\/welovecinema.be\/fr\/218873\/#breadcrumb","itemListElement":[{"@type":"ListItem","position":1,"name":"Accueil","item":"https:\/\/welovecinema.be\/fr\/"},{"@type":"ListItem","position":2,"name":"Le CVB recherche un\u00b7e charg\u00e9\u00b7e de communication"}]},{"@type":"WebSite","@id":"https:\/\/welovecinema.be\/nl\/#website","url":"https:\/\/welovecinema.be\/nl\/","name":"We Love Cinema","description":"Toute l\u2019information du cin\u00e9ma en Belgique","publisher":{"@id":"https:\/\/welovecinema.be\/nl\/#organization"},"potentialAction":[{"@type":"SearchAction","target":{"@type":"EntryPoint","urlTemplate":"https:\/\/welovecinema.be\/nl\/?s={search_term_string}"},"query-input":"required name=search_term_string"}],"inLanguage":"fr-FR"},{"@type":"Organization","@id":"https:\/\/welovecinema.be\/nl\/#organization","name":"We Love Cinema","url":"https:\/\/welovecinema.be\/nl\/","logo":{"@type":"ImageObject","inLanguage":"fr-FR","@id":"https:\/\/welovecinema.be\/nl\/#\/schema\/logo\/image\/","url":"https:\/\/welovecinema.be\/wp-content\/uploads\/sites\/2\/2023\/03\/Logo-We-Love-Cinema305x128.jpg","contentUrl":"https:\/\/welovecinema.be\/wp-content\/uploads\/sites\/2\/2023\/03\/Logo-We-Love-Cinema305x128.jpg","width":305,"height":128,"caption":"We Love Cinema"},"image":{"@id":"https:\/\/welovecinema.be\/nl\/#\/schema\/logo\/image\/"},"sameAs":["https:\/\/www.facebook.com\/welovecinema.be","https:\/\/www.youtube.com\/channel\/UCX5LYGVhnKvYauW4Nta4HJA","https:\/\/www.instagram.com\/welovecinema.be\/"]},{"@type":"Person","@id":"https:\/\/welovecinema.be\/nl\/#\/schema\/person\/8084b68c6b176142d073695c654dc7cf","name":"Aurore Engelen","url":"https:\/\/welovecinema.be\/fr\/author\/aurore-engelen\/"}]}},"_links":{"self":[{"href":"https:\/\/welovecinema.be\/fr\/wp-json\/wp\/v2\/posts\/218873","targetHints":{"allow":["GET"]}}],"collection":[{"href":"https:\/\/welovecinema.be\/fr\/wp-json\/wp\/v2\/posts"}],"about":[{"href":"https:\/\/welovecinema.be\/fr\/wp-json\/wp\/v2\/types\/post"}],"author":[{"embeddable":true,"href":"https:\/\/welovecinema.be\/fr\/wp-json\/wp\/v2\/users\/343"}],"replies":[{"embeddable":true,"href":"https:\/\/welovecinema.be\/fr\/wp-json\/wp\/v2\/comments?post=218873"}],"version-history":[{"count":0,"href":"https:\/\/welovecinema.be\/fr\/wp-json\/wp\/v2\/posts\/218873\/revisions"}],"wp:featuredmedia":[{"embeddable":true,"href":"https:\/\/welovecinema.be\/fr\/wp-json\/wp\/v2\/media\/218874"}],"wp:attachment":[{"href":"https:\/\/welovecinema.be\/fr\/wp-json\/wp\/v2\/media?parent=218873"}],"wp:term":[{"taxonomy":"category","embeddable":true,"href":"https:\/\/welovecinema.be\/fr\/wp-json\/wp\/v2\/categories?post=218873"},{"taxonomy":"post_tag","embeddable":true,"href":"https:\/\/welovecinema.be\/fr\/wp-json\/wp\/v2\/tags?post=218873"}],"curies":[{"name":"wp","href":"https:\/\/api.w.org\/{rel}","templated":true}]}}