{"id":218151,"date":"2019-03-15T16:25:56","date_gmt":"2019-03-15T15:25:56","guid":{"rendered":"https:\/\/www.cinevox.be\/?p=218151"},"modified":"2019-03-19T13:53:04","modified_gmt":"2019-03-19T12:53:04","slug":"ennemi-public-dans-le-fond-cest-un-western-rencontre-avec-les-auteurs-de-la-serie","status":"publish","type":"post","link":"https:\/\/welovecinema.be\/fr\/ennemi-public-dans-le-fond-cest-un-western-rencontre-avec-les-auteurs-de-la-serie\/","title":{"rendered":"\u00ab\u00a0Ennemi Public, dans le fond, c\u2019est un western\u00a0\u00bb: rencontre avec les auteurs de la s\u00e9rie"},"content":{"rendered":"<p class=\"p1\"><strong><span class=\"s1\">A l&rsquo;occasion de la diffusion de la saison 2 d&rsquo;<em>Ennemi Public<\/em>, nous avons rencontr\u00e9 trois de ses auteurs, Matthieu Frances, Gilles de Voghel et Christopher Yates, qui reviennent longuement pour nous sur les origines du projet, son \u00e9volution, et ce que le d\u00e9veloppement du format s\u00e9rie en Belgique francophone a chang\u00e9 pour la profession&#8230;<\/span><\/strong><\/p>\n<h4 class=\"p1\"><span class=\"s1\">Quel est l\u2019ADN d\u2019<em>Ennemi Public<\/em>?<\/span><\/h4>\n<p class=\"p1\"><strong><span class=\"s1\">Matthieu Frances &#8211; <\/span><\/strong><span class=\"s1\">C\u2019est une s\u00e9rie qui pose de grandes questions de soci\u00e9t\u00e9 en Belgique, des questions qui ont grandi avec nous depuis qu\u2019on est ados, et qui ont ressurgi il y a 5 ans. La r\u00e9insertion des grands criminels, la libert\u00e9 conditionnelle, les peines de prison, le pardon. C\u2019est surtout une s\u00e9rie de drame familial, c\u2019est l\u2019essence m\u00eame de la s\u00e9rie. C<\/span>\u2019est une s\u00e9rie polici\u00e8re, o\u00f9 l&rsquo;enqu\u00eate est une excuse pour parler du drame familial.<\/p>\n<p class=\"p1\"><strong><span class=\"s1\">Gilles de Voghel &#8211; <\/span><\/strong><span class=\"s1\">Ce qui est int\u00e9ressant, c\u2019est qu&rsquo;une s\u00e9rie, c\u2019est comme un film choral, on peut avoir plusieurs points de vue sur une m\u00eame th\u00e9matique. C\u2019est ce qu\u2019on a voulu faire ici \u00e0 propos de la r\u00e9insertion de ce grand criminel, l\u2019ennemi public num\u00e9ro 1. Chacun a sa propre vision de ce qu&rsquo;il faudrait en faire.<\/span><\/p>\n<p><img loading=\"lazy\" decoding=\"async\" class=\"alignnone size-large wp-image-218156\" src=\"https:\/\/www.cinevox.be\/wp-content\/uploads\/sites\/2\/2019\/03\/B9718587754Z.1_20190214191044_000G30CVTTS4.1-0-800x449.jpg\" alt=\"\" width=\"618\" height=\"347\" srcset=\"https:\/\/welovecinema.be\/wp-content\/uploads\/sites\/2\/2019\/03\/B9718587754Z.1_20190214191044_000G30CVTTS4.1-0-800x449.jpg 800w, https:\/\/welovecinema.be\/wp-content\/uploads\/sites\/2\/2019\/03\/B9718587754Z.1_20190214191044_000G30CVTTS4.1-0-200x113.jpg 200w, https:\/\/welovecinema.be\/wp-content\/uploads\/sites\/2\/2019\/03\/B9718587754Z.1_20190214191044_000G30CVTTS4.1-0-480x270.jpg 480w, https:\/\/welovecinema.be\/wp-content\/uploads\/sites\/2\/2019\/03\/B9718587754Z.1_20190214191044_000G30CVTTS4.1-0-768x431.jpg 768w, https:\/\/welovecinema.be\/wp-content\/uploads\/sites\/2\/2019\/03\/B9718587754Z.1_20190214191044_000G30CVTTS4.1-0-599x337.jpg 599w, https:\/\/welovecinema.be\/wp-content\/uploads\/sites\/2\/2019\/03\/B9718587754Z.1_20190214191044_000G30CVTTS4.1-0.jpg 1351w\" sizes=\"auto, (max-width: 618px) 100vw, 618px\" \/><\/p>\n<h4 class=\"p1\"><span class=\"s1\">Le format policier, c\u2019\u00e9tait une \u00e9vidence?<\/span><\/h4>\n<p class=\"p1\"><strong><span class=\"s1\">Christopher Yates &#8211; <\/span><\/strong><span class=\"s1\">Le genre policier permet de traiter de th\u00e9matiques forte sous forme de divertissement. Le c\u00f4t\u00e9 fun de la r\u00e9solution de l\u2019\u00e9nigme nous permettait de traiter un sujet fort, celui de la r\u00e9insertion, et de la fa\u00e7on dont on traite nos monstres. <\/span><\/p>\n<p class=\"p1\"><strong><span class=\"s1\">Matthieu Frances &#8211; <\/span><\/strong><span class=\"s1\">Ca permet aussi de structurer l\u2019\u00e9criture de fa\u00e7on tr\u00e8s claire. Et comme on a pas mal th\u00e9oris\u00e9 notre canevas, cela nous permet d&rsquo;\u00e9crire rapidement. Le spectateur lui est accroch\u00e9 par un format qu\u2019il connait. <\/span><\/p>\n<p class=\"p1\"><strong><span class=\"s1\">Gilles de Voghel &#8211; <\/span><\/strong><span class=\"s1\">Et puis on voulait aussi que le lundi matin, les gens parlent de la s\u00e9rie \u00e0 la machine \u00e0 caf\u00e9! De l\u2019intrigue, mais aussi de leur point de vue sur les th\u00e9matiques d\u00e9velopp\u00e9es.<\/span><\/p>\n<blockquote><p><span class=\"s1\">La s\u00e9rie pose de grandes questions de soci\u00e9t\u00e9 en Belgique, des questions qui ont grandi avec nous depuis qu\u2019on est ados. Le genre policier permet de traiter de th\u00e9matiques forte sous forme de divertissement.<\/span><\/p><\/blockquote>\n<h4 class=\"p1\"><span class=\"s1\">Qu\u2019est-ce qui vous a le plus surpris dans les retours du public?<\/span><\/h4>\n<p class=\"p1\"><strong><span class=\"s1\">Matthieu Frances &#8211; <\/span><\/strong><span class=\"s1\">Les gens ont jou\u00e9 le jeu du \u00ab Qui est-ce?\/ Whodunnit? \u00bb ce qui \u00e9tait une vraie satisfaction pour nous. Ils ne s\u2019attendaient pas non plus \u00e0 \u00eatre aussi proche du personnage de B\u00e9ranger, voire \u00e0 le trouver touchant. Ils \u00e9prouvaient une sorte de d\u00e9go\u00fbt \u00e0 le trouver touchant. C\u2019est quelque chose que l\u2019on esp\u00e9rait.<\/span><\/p>\n<p class=\"p1\"><strong><span class=\"s1\">Christopher Yates &#8211; <\/span><\/strong><span class=\"s1\">On a aussi d\u00e9couvert que le spectateur a accept\u00e9 ce sujet un peu br\u00fblant, ils ont trouv\u00e9 de l\u2019int\u00e9r\u00eat \u00e0 se rem\u00e9morer ce qu\u2019\u00e9tait la Belgique des ann\u00e9es 90 et de l\u2019affaire Dutroux via le prisme du divertissement. <\/span><\/p>\n<h4 class=\"p1\"><span class=\"s1\">Quel \u00e9tait le plus grand enjeu de cette saison 2?<\/span><\/h4>\n<p class=\"p1\"><strong><span class=\"s1\">Matthieu Frances &#8211; <\/span><\/strong><span class=\"s1\">Que le spectateur retrouve tous les marqueurs de la saison 1, tout en lui proposant quelque chose de nouveau. C\u2019est vraiment le plus grand dilemme. Cr\u00e9er une nouvelle \u00e9nergie, sans refaire deux fois la m\u00eame histoire. Deux crimes dans le village de Vielsart, ce n\u2019aurait pas \u00e9t\u00e9 cr\u00e9dible, les spectateurs ne nous l\u2019auraient pas pardonn\u00e9. Il fallait sortir l\u2019histoire du village, tout en gardant le village au coeur du r\u00e9cit.<\/span><\/p>\n<blockquote><p><span class=\"s1\">Que le spectateur retrouve tous les marqueurs de la saison 1, tout en lui proposant quelque chose de nouveau.<\/span><\/p><\/blockquote>\n<p class=\"p1\"><strong><span class=\"s1\">Christopher Yates &#8211; <\/span><\/strong><span class=\"s1\">En termes d\u2019\u00e9criture, en saison 1, on \u00e9tait dans le myst\u00e8re autour de l\u2019identit\u00e9 d\u2019un meurtrier. Un whodunnit. On a d\u00e9cid\u00e9 en saison 2 qu\u2019on ne voulait plus faire \u00e7a. On voulait travailler sur un autre myst\u00e8re: pourquoi le criminel tue-t-il, et accessoirement, o\u00f9 se trouve-t-il? C\u2019est un grand enjeu, parce que le murder mystery de type whodunnit est g\u00e9n\u00e9rateur d\u2019audience imm\u00e9diate. C\u2019est le type de fiction qui marche le mieux. Du coup, on a fait un pari risqu\u00e9 avec un type de fiction un peu plus moderne, ce qu\u2019on appelle du \u00ab <em>crime<\/em> \u00bb, o\u00f9 l\u2019on voit le meurtrier et ce qu&rsquo;il fait.<\/span><\/p>\n<p class=\"p1\"><strong><span class=\"s1\">Matthieu Frances &#8211; <\/span><\/strong><span class=\"s1\">Avec Philippe Therrasse, le chef op\u00e9rateur, on a fait notre auto-critique. On avait toujours \u00e9t\u00e9 attentifs aux lumi\u00e8res, aux d\u00e9coupages, mais ce qui nous est revenu comme un boomerang, c\u2019est que la s\u00e9rie \u00e9tait peut-\u00eatre un peu trop lisse par rapport \u00e0 nos intentions de d\u00e9part. On s\u2019est dit qu\u2019on allait mettre de la boue, rendre notre image plus sale, la contraster beaucoup plus. On a \u00e9t\u00e9 chercher des vieilles optiques des ann\u00e9es 70 pour casser le c\u00f4t\u00e9 trop digital. A tous les \u00e9chelons, on a essay\u00e9 de ramener du r\u00e9alisme, notamment en travaillant cam\u00e9ra \u00e0 l\u2019\u00e9paule. Pour la secte par exemple, c\u2019est difficile d\u2019\u00e9chapper au ridicule, parce que c\u2019est d\u00e9j\u00e0 ridicule en soi. On a donc voulu filmer de fa\u00e7on un peu plus documentaire pour la rendre plus plausible.<\/span><\/p>\n<p><img loading=\"lazy\" decoding=\"async\" class=\"alignnone size-full wp-image-218158\" src=\"https:\/\/www.cinevox.be\/wp-content\/uploads\/sites\/2\/2019\/03\/ee80464254b199dd86790df023833642-1551710484.jpeg\" alt=\"\" width=\"570\" height=\"321\" srcset=\"https:\/\/welovecinema.be\/wp-content\/uploads\/sites\/2\/2019\/03\/ee80464254b199dd86790df023833642-1551710484.jpeg 570w, https:\/\/welovecinema.be\/wp-content\/uploads\/sites\/2\/2019\/03\/ee80464254b199dd86790df023833642-1551710484-200x113.jpeg 200w, https:\/\/welovecinema.be\/wp-content\/uploads\/sites\/2\/2019\/03\/ee80464254b199dd86790df023833642-1551710484-480x270.jpeg 480w\" sizes=\"auto, (max-width: 570px) 100vw, 570px\" \/><\/p>\n<p class=\"p1\"><strong><span class=\"s1\">Gilles de Voghel &#8211; <\/span><\/strong><span class=\"s1\">En saison 1, on n\u2019a pas pu jouer sur la rencontre entre B\u00e9ranger et les habitants du village. On voulait cette fois-ci les confronter au vrai sujet, c\u2019est-\u00e0-dire qu\u2019est-ce que vous feriez VOUS si un B\u00e9ranger se promenait dans les rues de votre village?<\/span><\/p>\n<p class=\"p1\"><strong><span class=\"s1\">Christopher Yates &#8211; <\/span><\/strong><span class=\"s1\">B\u00e9ranger devient de plus en plus un \u00eatre humain. C\u2019est un personnage de fiction, avec une destin\u00e9e \u00e9crite par des auteurs, mais en saison 2, il se lib\u00e8re en quelque sorte des mains des auteurs, pour commencer \u00e0 exister par lui-m\u00eame. Il d\u00e9veloppe notamment une certaine forme d\u2019humour, qui g\u00e9n\u00e8re d\u2019ailleurs une vraie g\u00e8ne pour le spectateur. Un personnage dr\u00f4le g\u00e9n\u00e8re de l\u2019empathie, ce qui est un paradoxe pour un assassin comme B\u00e9ranger. Il y a une nouvelle complexit\u00e9 dans son personnage. En sortant de l\u2019Abbaye, il part \u00e0 la rencontre des habitants du village, ce qui augmente \u00e0 la fois l\u2019empathie, et la peur qu\u2019il suscite. C&rsquo;est sur cette ambigu\u00eft\u00e9 que nous jouons.<\/span><\/p>\n<h4 class=\"p1\"><span class=\"s1\">Le personnage de Chlo\u00e9 est quant \u00e0 lui rattrap\u00e9 par son pass\u00e9. Quel est son itin\u00e9raire?<\/span><\/h4>\n<p class=\"p1\"><strong><span class=\"s1\">Matthieu Frances &#8211; <\/span><\/strong><span class=\"s1\">Il est intimement li\u00e9 \u00e0 celui de Jessica, sa soeur. Chlo\u00e9, sa vie s\u2019est arr\u00eat\u00e9e \u00e0 l\u2019\u00e2ge de 12 ans quand sa soeur a disparu, ses parents ne se sont jamais reconstruits suite \u00e0 ce drame, elle a \u00e9t\u00e9 \u00e9lev\u00e9e par son p\u00e8re militaire qui lui a appris \u00e0 cacher ses \u00e9motions. On a termin\u00e9 la saison 1 en sugg\u00e9rant que la soeur de Chlo\u00e9 \u00e9tait en vie, dans une communaut\u00e9 religieuse compl\u00e8tement sectaire. On savait qu\u2019on ne voulait pas d\u00e9cevoir le spectateur, et lui donner \u00e7a d\u00e8s le d\u00e9but de la saison 2. Du coup on d\u00e9marre avec la soeur, un nouveau personnage. Le moteur de la s\u00e9rie, c\u2019est que les deux soeurs se retrouvent.<\/span><\/p>\n<p><img loading=\"lazy\" decoding=\"async\" class=\"alignnone size-full wp-image-218160\" src=\"https:\/\/www.cinevox.be\/wp-content\/uploads\/sites\/2\/2019\/03\/d4cb9abf722ef78bc995b74d8bab28ce-1551178191.jpeg\" alt=\"EnnemiPublic\" width=\"570\" height=\"321\" srcset=\"https:\/\/welovecinema.be\/wp-content\/uploads\/sites\/2\/2019\/03\/d4cb9abf722ef78bc995b74d8bab28ce-1551178191.jpeg 570w, https:\/\/welovecinema.be\/wp-content\/uploads\/sites\/2\/2019\/03\/d4cb9abf722ef78bc995b74d8bab28ce-1551178191-200x113.jpeg 200w, https:\/\/welovecinema.be\/wp-content\/uploads\/sites\/2\/2019\/03\/d4cb9abf722ef78bc995b74d8bab28ce-1551178191-480x270.jpeg 480w\" sizes=\"auto, (max-width: 570px) 100vw, 570px\" \/><\/p>\n<h4 class=\"p1\"><span class=\"s1\">Quel est le plus grand enjeu quand on fait une s\u00e9rie aujourd\u2019hui en Belgique francophone?<\/span><\/h4>\n<p class=\"p1\"><strong><span class=\"s1\">Matthieu Frances &#8211; <\/span><\/strong><span class=\"s1\">C\u2019est l\u2019exp\u00e9rience. Toute la profession a un retard d\u2019exp\u00e9rience, notamment\u00a0 par rapport aux Flamands qui ont 20 ans d\u2019avance. \u00c7a se voit quand regarde <em>De Dag<\/em> qui vient de sortir par exemple. Moi je le dis avec beaucoup d\u2019enthousiasme et d\u2019excitation, parce que \u00e7a nous donne envie d\u2019arriver \u00e0 \u00e7a. Ils nous poussent \u00e0 les rejoindre. Mais on a un manque de technicit\u00e9 et de savoir-faire. En Flandre, il y a 5 cha\u00eenes de t\u00e9l\u00e9, donc de la concurrence, et de l\u2019\u00e9mulation. Du coup, l\u2019offre est plus grande pour les auteurs, et il y a plus de genres \u00e0 la t\u00e9l\u00e9vision flamande. <\/span><\/p>\n<p class=\"p1\"><span class=\"s1\">Il faut aussi \u00e9tudier d\u2019un peu plus pr\u00e8s ce qui fait la sp\u00e9cificit\u00e9 des s\u00e9ries scandinaves et anglo-saxonnes qu\u2019on adore. C\u2019est le temps. C&rsquo;est le temps qu\u2019on accorde aux choses. Notre g\u00e9n\u00e9ration, qui a grandi avec les s\u00e9ries HBO, veut le pr\u00eat-\u00e0-porter, pas l\u2019industrialisation. <\/span><\/p>\n<h4 class=\"p1\"><span class=\"s1\">Parall\u00e8lement, cet appel \u00e0 projet du Fonds s\u00e9rie a cr\u00e9\u00e9 un appel d\u2019air, quelles sont les plus grandes opportunit\u00e9s aujourd\u2019hui? <\/span><\/h4>\n<p class=\"p1\"><strong><span class=\"s1\">Christopher Yates &#8211; <\/span><\/strong><span class=\"s1\">J\u2019ai l\u2019impression qu\u2019avant, il y avait un m\u00e9tier qui n\u2019existait pas ou presque en Belgique, celui de sc\u00e9nariste. Avec les s\u00e9ries, on peut sortir de ce paradigme de l\u2019auteur-r\u00e9alisateur, qui est majoritaire en Belgique. Ce n\u2019est pas mauvais en soi, mais les mauvais films p\u00eachent souvent par un mauvais sc\u00e9nario, sur base de cette croyance qu\u2019on pourra rattraper les choses au tournage. Or, un mauvais sc\u00e9nario n\u2019a jamais donn\u00e9 un bon film &#8211; m\u00eame si un bon sc\u00e9nario ne donne pas forc\u00e9ment un bon film! Je pense que la s\u00e9rie t\u00e9l\u00e9, qui est le domaine du sc\u00e9nariste, peut permettre de changer les mentalit\u00e9s \u00e0 ce niveau. Redonner foi dans ce m\u00e9tier qui est un artisanat sp\u00e9cifique. <\/span><\/p>\n<p class=\"p1\"><strong><span class=\"s1\">Matthieu Frances &#8211; <\/span><\/strong><span class=\"s1\">C&rsquo;est tr\u00e8s pragmatique en fait: il y a aujourd\u2019hui des sc\u00e9naristes pay\u00e9s pour \u00e9crire!<\/span><\/p>\n<p class=\"p1\"><strong><span class=\"s1\">Gilles de Voghel &#8211; <\/span><\/strong><span class=\"s1\">La s\u00e9rie nous a permis de nous professionnaliser dans le domaine du sc\u00e9nario. Cette profession est en train de se cr\u00e9er, c\u2019est encourageant. Et les producteurs s\u2019aper\u00e7oivent que le m\u00e9tier de sc\u00e9nariste est un atout pour leur projet. Et ils encouragent de plus en plus leurs auteurs \u00e0 travailler avec des sc\u00e9naristes.<\/span><\/p>\n<blockquote><p><span class=\"s1\">Avant, le m\u00e9tier de sc\u00e9nariste n&rsquo;\u00e9tais pas reconnu ou presque pas en Belgique francophone.<\/span><\/p><\/blockquote>\n<p class=\"p1\"><strong><span class=\"s1\">Matthieu Frances &#8211; <\/span><\/strong><span class=\"s1\">Quand on s\u2019est retrouv\u00e9s \u00e0 comprendre qu\u2019on allait \u00eatre pay\u00e9s pour \u00e9crire une s\u00e9rie polici\u00e8re, on a vu que c\u2019\u00e9tait possible. Et plein de jeunes auteurs se disent, mais tiens, peut-\u00eatre que mon projet de science-fiction a un avenir en fait. Et soudain, on voit aussi \u00e9merger des projets de sc\u00e9naristes, et plus seulement de r\u00e9alisateurs. C\u2019est int\u00e9ressant.<\/span><\/p>\n<p class=\"p1\"><span class=\"s1\">Il y a aussi un vivier d\u2019acteurs incroyables. Il leur manque parfois l\u2019exp\u00e9rience du travail face cam\u00e9ra, mais ils sont magnifiques. Par n\u00e9cessit\u00e9 \u00e9conomique, dans les films, on va souvent chercher des acteurs fran\u00e7ais. Mais ici, comme nos s\u00e9ries sont belgo-belges, on fait vivre \u00e9norm\u00e9ment d\u2019acteurs belges, qui am\u00e8nent une diversit\u00e9 g\u00e9niale. Par ailleurs, \u00e7a fait exister des sujets belge et un terroir belge, qui n\u2019est pas forc\u00e9ment celui que l\u2019on voyait dans les longs m\u00e9trages. Avant que <em>La Tr\u00eave<\/em> et nous ne fassions un personnage des Ardennes, elles n\u2019\u00e9taient pas tr\u00e8s pr\u00e9sentes \u00e0 l\u2019\u00e9cran.<\/span><\/p>\n<p class=\"p1\"><strong><span class=\"s1\">Gilles de Voghel &#8211; <\/span><\/strong><span class=\"s1\">Les techniciens sont aussi tr\u00e8s excit\u00e9s par ces projets. Ils peuvent montrer de quoi ils sont capables, et le genre permet d\u2019explorer des domaines peu pr\u00e9sents dans les longs m\u00e9trages. L\u2019action, le polar\u2026 On a des techniciens form\u00e9s, qui travaillent souvent sur des projets \u00e9trangers. Ils veulent amener leur univers dans ce genre de projets.<\/span><\/p>\n<p><img loading=\"lazy\" decoding=\"async\" class=\"alignnone size-full wp-image-218162\" src=\"https:\/\/www.cinevox.be\/wp-content\/uploads\/sites\/2\/2019\/03\/5170fd5875be1bf82f0f8a715871affe-1551082896.jpeg\" alt=\"\" width=\"570\" height=\"321\" srcset=\"https:\/\/welovecinema.be\/wp-content\/uploads\/sites\/2\/2019\/03\/5170fd5875be1bf82f0f8a715871affe-1551082896.jpeg 570w, https:\/\/welovecinema.be\/wp-content\/uploads\/sites\/2\/2019\/03\/5170fd5875be1bf82f0f8a715871affe-1551082896-200x113.jpeg 200w, https:\/\/welovecinema.be\/wp-content\/uploads\/sites\/2\/2019\/03\/5170fd5875be1bf82f0f8a715871affe-1551082896-480x270.jpeg 480w\" sizes=\"auto, (max-width: 570px) 100vw, 570px\" \/><\/p>\n<h4 class=\"p1\"><span class=\"s1\">Quelles sont vos r\u00e9f\u00e9rences en mati\u00e8re de s\u00e9ries?<\/span><\/h4>\n<p class=\"p1\"><strong><span class=\"s1\">Matthieu Frances &#8211; <\/span><\/strong><span class=\"s1\">Les r\u00e9f\u00e9rences de base, ce sont les s\u00e9ries HBO, au d\u00e9but des ann\u00e9es 90, les <em>Sopranos, Six Feet Under, The Wire<\/em>, plus le renouveau des s\u00e9ries mainstream, comme <em>Lost, 24 heures<\/em>, des s\u00e9ries tr\u00e8s orient\u00e9es sur les personnages, dans lesquelles on cassaient les codes. <em>True Detective<\/em> aussi \u00e9videmment, \u00e9tait une r\u00e9f\u00e9rence. On s\u2019est dit: \u00ab Tiens, on peut faire du polar sans parler de polar, sans passer par les sempiternelles sc\u00e8nes d\u2019interrogatoire, <em>etc<\/em>. \u00bb En fait, <em>True Detective<\/em>, c\u2019\u00e9tait malin, \u00e7a faisait semblant d\u2019\u00eatre un polar pour parler d\u2019autre chose.<\/span><\/p>\n<blockquote><p><span class=\"s1\">Nos personnages sont un peu des cowboys, en fait.<\/span><\/p><\/blockquote>\n<p class=\"p1\"><strong><span class=\"s1\">Christopher Yates &#8211; <\/span><\/strong><span class=\"s1\">Mais on est des cin\u00e9philes de la vieille \u00e9poque. John Ford, <em>La Prisonni\u00e8re du d\u00e9sert, Le Train sifflera trois fois<\/em>, ces westerns qui traitent vraiment des m\u00eame th\u00e9matiques que nous. On a \u00e9norm\u00e9ment de r\u00e9f\u00e9rence, mais la principale r\u00e9f\u00e9rence, elle est de l\u2019ordre du western. <em>Ennemi Public<\/em>, dans le fond, c\u2019est un western. Nos personnages sont un peu des cowboys, en fait.<\/span><\/p>\n<h4 class=\"p1\"><span class=\"s1\">De quoi \u00eates-vous le plus fier par rapport \u00e0 la s\u00e9rie?<\/span><\/h4>\n<p class=\"p1\"><strong><span class=\"s1\">Matthieu Frances &#8211; <\/span><\/strong><span class=\"s1\">D\u2019avoir l\u2019air moins con dans les d\u00eeners de famille <em>(rires)<\/em>. Franchement, les gens savent ce qu\u2019on fait, mais l\u00e0 on a donner un sens \u00e0 notre m\u00e9tier. En plus moi j\u2019ai fait de la production pendant dix ans, alors que je voulais \u00e9crire et r\u00e9aliser. La saison 1 a touch\u00e9 plein de gens. On a fait la boucle tellement rare, qui consiste \u00e0 toucher un public qui en plus vient t\u2019en parler. On a \u00e9crit l\u2019histoire pour nous, mais surtout pour le public. Et souvent, ce m\u00e9tier n\u2019a pas de sens parce que les films ne sont pas vus par le public. L\u00e0, il y a un sens imm\u00e9diat. On a le retour du public, et c\u2019est un kif monumental.\u00a0<\/span><\/p>\n<p class=\"p1\"><strong><span class=\"s1\">Christopher Yates &#8211; <\/span><\/strong><span class=\"s1\">On se dit qu\u2019en faisant du cin\u00e9ma, on ne conna\u00eetra jamais l\u2019intensit\u00e9 du rapport direct entre l\u2019oeuvre et son public. Et l\u00e0 on l\u2019a, m\u00eame si c\u2019est en d\u00e9cal\u00e9. Le public re\u00e7oit parfois exactement ce qu\u2019on a voulu dire, les gens nous parlent vraiment du fond, et \u00e7a c\u2019est un vrai cadeau.<\/span><\/p>\n<blockquote><p>La s\u00e9rie contribue \u00e0 mettre certaines th\u00e9matiques sur le devant de la sc\u00e8ne, \u00e7a lui donne une utilit\u00e9 sociale.<\/p><\/blockquote>\n<p class=\"p1\"><strong><span class=\"s1\">Gilles de Voghel &#8211; <\/span><\/strong><span class=\"s1\">Et puis les gens mettent une image derri\u00e8re un m\u00e9tier qui leur semblait \u00eatre juste un hobby. Ils s\u2019aper\u00e7oivent qu\u2019on peut avoir une place dans la soci\u00e9t\u00e9, contribuer \u00e0 y discuter des th\u00e9matiques. <\/span><\/p>\n<p class=\"p1\"><strong><span class=\"s1\">Matthieu Frances &#8211; <\/span><\/strong><span class=\"s1\">Et puis la fiert\u00e9 collective, c\u2019est qu\u2019on est vendu dans 15 pays. On est au Royaume-Uni en VO sur une grande cha\u00eene priv\u00e9e. On vient de trouver une version pirat\u00e9e sur un site russe, et \u00e7a\u2026<\/span><\/p>\n<h4 class=\"p1\"><strong><span class=\"s1\">Avez-vous eu un coup de coeur r\u00e9cemment pour des talents belges?<\/span><\/strong><\/h4>\n<p class=\"p1\"><strong><span class=\"s1\">Matthieu Frances &#8211; <\/span><\/strong><span class=\"s1\">Moi j\u2019ai toujours du retard, mais j\u2019ai d\u00e9couvert seulement r\u00e9cemment <em>Keeper<\/em> de Guillaume Senez. \u00c7a m\u2019a \u00e9norm\u00e9ment touch\u00e9, sa direction d\u2019acteur me fascine. Et puis Girl, les acteurs, notamment la performance d\u2019Ariel Worthalter.\u00a0<\/span><\/p>\n<p class=\"p1\"><strong><span class=\"s1\">Christopher Yates &#8211; <\/span><\/strong><span class=\"s1\">Moi j\u2019admire le travail d\u2019H\u00e9l\u00e8ne Cattet et Bruno Forzani, ils proposent quelque chose qu\u2019on ne voit nulle part ailleurs. Et \u00e7a m\u2019\u00e9pate qu\u2019ils arrivent \u00e0 faire des films avec de telles propositions esth\u00e9tiques, et qu\u2019ils deviennent de plus en plus radical en plus.<\/span><\/p>\n<figure id=\"attachment_218166\" aria-describedby=\"caption-attachment-218166\" style=\"width: 368px\" class=\"wp-caption alignnone\"><img loading=\"lazy\" decoding=\"async\" class=\"wp-image-218166 size-large\" src=\"https:\/\/www.cinevox.be\/wp-content\/uploads\/sites\/2\/2019\/03\/Capture-d\u2019e\u0301cran-2019-03-15-a\u0300-16.22.08-1-368x600.png\" alt=\"\" width=\"368\" height=\"600\" srcset=\"https:\/\/welovecinema.be\/wp-content\/uploads\/sites\/2\/2019\/03\/Capture-d\u2019e\u0301cran-2019-03-15-a\u0300-16.22.08-1-368x600.png 368w, https:\/\/welovecinema.be\/wp-content\/uploads\/sites\/2\/2019\/03\/Capture-d\u2019e\u0301cran-2019-03-15-a\u0300-16.22.08-1-166x270.png 166w, https:\/\/welovecinema.be\/wp-content\/uploads\/sites\/2\/2019\/03\/Capture-d\u2019e\u0301cran-2019-03-15-a\u0300-16.22.08-1-768x1250.png 768w, https:\/\/welovecinema.be\/wp-content\/uploads\/sites\/2\/2019\/03\/Capture-d\u2019e\u0301cran-2019-03-15-a\u0300-16.22.08-1.png 885w\" sizes=\"auto, (max-width: 368px) 100vw, 368px\" \/><figcaption id=\"caption-attachment-218166\" class=\"wp-caption-text\">Judith Williquet<\/figcaption><\/figure>\n<p class=\"p1\"><strong><span class=\"s1\">Gilles de Voghel &#8211; <\/span><\/strong><span class=\"s1\">Moi je voudrais souligner le travail des jeunes acteurs belges qui sont dans notre s\u00e9rie. Quentin Minon qui joue le r\u00f4le de Martin notamment. Il est impressionnant par sa simplicit\u00e9 et sa volont\u00e9. Judith Williquet qui joue le r\u00f4le de Nelly, Mara Taquin aussi. On a un terreau de jeunes acteurs qui m\u00e9ritent plus de visibilit\u00e9. J\u2019invite vraiment touts les auteurs belges \u00e0 regarder la s\u00e9rie pour les acteurs aussi. <\/span><\/p>\n<h4 class=\"p1\"><span class=\"s1\">Derni\u00e8re question: peut-on avoir un scoop sur cette deuxi\u00e8me saison?<\/span><\/h4>\n<p class=\"p1\"><strong><span class=\"s1\">Gilles de Voghel &#8211; <\/span><\/strong><span class=\"s1\">Mieux encore: on peut vous dire qu&rsquo;il y aura une saison 3!<\/span><\/p>\n<p>&nbsp;<\/p>\n<h4>A LIRE AUSSI<\/h4>\n<p><a href=\"https:\/\/www.cinevox.be\/fr\/ennemi-public-saison-2-le-compte-a-rebours-a-commence\/\"><em>Ennemi Public<\/em>, saison 2<\/a><\/p>\n<p><a href=\"https:\/\/www.cinevox.be\/fr\/2mn-avec-stephanie-blanchoud\/\">2mn avec&#8230; St\u00e9phanie Blanchoud<\/a><\/p>\n<p><a href=\"https:\/\/www.cinevox.be\/fr\/2mn-avec-angelo-bison\/\">2mn avec&#8230; Angelo Bison<\/a><\/p>\n<p><a href=\"https:\/\/www.cinevox.be\/fr\/2mn-avec-jean-jacques-rausin\/\">2mn avec&#8230; Jean-Jacques Rausin<\/a><\/p>\n<p><a href=\"https:\/\/www.cinevox.be\/fr\/2mn-avec-clement-manuel\/\">2mn avec&#8230; Cl\u00e9ment Manuel<\/a><\/p>\n<p><a href=\"https:\/\/www.cinevox.be\/fr\/2mn-avec-pauline-etienne\/\">2mn avec&#8230; Pauline Etienne<\/a><\/p>\n","protected":false},"excerpt":{"rendered":"<p>A l&rsquo;occasion de la diffusion de la saison 2 d&rsquo;Ennemi Public, nous avons rencontr\u00e9 trois de ses auteurs, Matthieu Frances, Gilles de Voghel et Christopher Yates, qui reviennent longuement pour nous sur les origines du projet, son \u00e9volution, et ce que le d\u00e9veloppement du format s\u00e9rie en Belgique francophone a chang\u00e9 pour la profession&#8230; Quel &hellip;<\/p>\n","protected":false},"author":343,"featured_media":218154,"comment_status":"closed","ping_status":"closed","sticky":false,"template":"","format":"standard","meta":{"ngg_post_thumbnail":0,"footnotes":""},"categories":[1978],"tags":[4133,1897,4131,4132],"class_list":["post-218151","post","type-post","status-publish","format-standard","has-post-thumbnail","","category-interviews","tag-christopher-yates","tag-ennemi-public","tag-gilles-de-voghel","tag-matthieu-frances"],"yoast_head":"<!-- This site is optimized with the Yoast SEO plugin v20.4 - https:\/\/yoast.com\/wordpress\/plugins\/seo\/ -->\n<title>&quot;Ennemi Public, dans le fond, c\u2019est un western&quot;: rencontre avec les auteurs de la s\u00e9rie - We Love Cinema<\/title>\n<meta name=\"robots\" content=\"index, follow, max-snippet:-1, max-image-preview:large, max-video-preview:-1\" \/>\n<link rel=\"canonical\" href=\"https:\/\/welovecinema.be\/fr\/ennemi-public-dans-le-fond-cest-un-western-rencontre-avec-les-auteurs-de-la-serie\/\" \/>\n<meta property=\"og:locale\" content=\"fr_FR\" \/>\n<meta property=\"og:type\" content=\"article\" \/>\n<meta property=\"og:title\" content=\"&quot;Ennemi Public, dans le fond, c\u2019est un western&quot;: rencontre avec les auteurs de la s\u00e9rie - We Love Cinema\" \/>\n<meta property=\"og:description\" content=\"A l&rsquo;occasion de la diffusion de la saison 2 d&rsquo;Ennemi Public, nous avons rencontr\u00e9 trois de ses auteurs, Matthieu Frances, Gilles de Voghel et Christopher Yates, qui reviennent longuement pour nous sur les origines du projet, son \u00e9volution, et ce que le d\u00e9veloppement du format s\u00e9rie en Belgique francophone a chang\u00e9 pour la profession&#8230; Quel &hellip;\" \/>\n<meta property=\"og:url\" content=\"https:\/\/welovecinema.be\/fr\/ennemi-public-dans-le-fond-cest-un-western-rencontre-avec-les-auteurs-de-la-serie\/\" \/>\n<meta property=\"og:site_name\" content=\"We Love Cinema\" \/>\n<meta property=\"article:publisher\" content=\"https:\/\/www.facebook.com\/welovecinema.be\" \/>\n<meta property=\"article:published_time\" content=\"2019-03-15T15:25:56+00:00\" \/>\n<meta property=\"article:modified_time\" content=\"2019-03-19T12:53:04+00:00\" \/>\n<meta property=\"og:image\" content=\"https:\/\/welovecinema.be\/wp-content\/uploads\/sites\/2\/2019\/03\/AuteursEnnemiPublic.jpg\" \/>\n\t<meta property=\"og:image:width\" content=\"4032\" \/>\n\t<meta property=\"og:image:height\" content=\"2192\" \/>\n\t<meta property=\"og:image:type\" content=\"image\/jpeg\" \/>\n<meta name=\"author\" content=\"Aurore Engelen\" \/>\n<meta name=\"twitter:card\" content=\"summary_large_image\" \/>\n<meta name=\"twitter:label1\" content=\"\u00c9crit par\" \/>\n\t<meta name=\"twitter:data1\" content=\"Aurore Engelen\" \/>\n\t<meta name=\"twitter:label2\" content=\"Dur\u00e9e de lecture estim\u00e9e\" \/>\n\t<meta name=\"twitter:data2\" content=\"14 minutes\" \/>\n<script type=\"application\/ld+json\" class=\"yoast-schema-graph\">{\"@context\":\"https:\/\/schema.org\",\"@graph\":[{\"@type\":\"Article\",\"@id\":\"https:\/\/welovecinema.be\/fr\/ennemi-public-dans-le-fond-cest-un-western-rencontre-avec-les-auteurs-de-la-serie\/#article\",\"isPartOf\":{\"@id\":\"https:\/\/welovecinema.be\/fr\/ennemi-public-dans-le-fond-cest-un-western-rencontre-avec-les-auteurs-de-la-serie\/\"},\"author\":{\"name\":\"Aurore Engelen\",\"@id\":\"https:\/\/welovecinema.be\/nl\/#\/schema\/person\/8084b68c6b176142d073695c654dc7cf\"},\"headline\":\"\u00ab\u00a0Ennemi Public, dans le fond, c\u2019est un western\u00a0\u00bb: rencontre avec les auteurs de la s\u00e9rie\",\"datePublished\":\"2019-03-15T15:25:56+00:00\",\"dateModified\":\"2019-03-19T12:53:04+00:00\",\"mainEntityOfPage\":{\"@id\":\"https:\/\/welovecinema.be\/fr\/ennemi-public-dans-le-fond-cest-un-western-rencontre-avec-les-auteurs-de-la-serie\/\"},\"wordCount\":2733,\"publisher\":{\"@id\":\"https:\/\/welovecinema.be\/nl\/#organization\"},\"keywords\":[\"Christopher Yates\",\"Ennemi Public\",\"Gilles de Voghel\",\"Matthieu Frances\"],\"articleSection\":[\"Rencontres\"],\"inLanguage\":\"fr-FR\"},{\"@type\":\"WebPage\",\"@id\":\"https:\/\/welovecinema.be\/fr\/ennemi-public-dans-le-fond-cest-un-western-rencontre-avec-les-auteurs-de-la-serie\/\",\"url\":\"https:\/\/welovecinema.be\/fr\/ennemi-public-dans-le-fond-cest-un-western-rencontre-avec-les-auteurs-de-la-serie\/\",\"name\":\"\\\"Ennemi Public, dans le fond, c\u2019est un western\\\": rencontre avec les auteurs de la s\u00e9rie - We Love Cinema\",\"isPartOf\":{\"@id\":\"https:\/\/welovecinema.be\/nl\/#website\"},\"datePublished\":\"2019-03-15T15:25:56+00:00\",\"dateModified\":\"2019-03-19T12:53:04+00:00\",\"breadcrumb\":{\"@id\":\"https:\/\/welovecinema.be\/fr\/ennemi-public-dans-le-fond-cest-un-western-rencontre-avec-les-auteurs-de-la-serie\/#breadcrumb\"},\"inLanguage\":\"fr-FR\",\"potentialAction\":[{\"@type\":\"ReadAction\",\"target\":[\"https:\/\/welovecinema.be\/fr\/ennemi-public-dans-le-fond-cest-un-western-rencontre-avec-les-auteurs-de-la-serie\/\"]}]},{\"@type\":\"BreadcrumbList\",\"@id\":\"https:\/\/welovecinema.be\/fr\/ennemi-public-dans-le-fond-cest-un-western-rencontre-avec-les-auteurs-de-la-serie\/#breadcrumb\",\"itemListElement\":[{\"@type\":\"ListItem\",\"position\":1,\"name\":\"Accueil\",\"item\":\"https:\/\/welovecinema.be\/fr\/\"},{\"@type\":\"ListItem\",\"position\":2,\"name\":\"\u00ab\u00a0Ennemi Public, dans le fond, c\u2019est un western\u00a0\u00bb: rencontre avec les auteurs de la s\u00e9rie\"}]},{\"@type\":\"WebSite\",\"@id\":\"https:\/\/welovecinema.be\/nl\/#website\",\"url\":\"https:\/\/welovecinema.be\/nl\/\",\"name\":\"We Love Cinema\",\"description\":\"Toute l\u2019information du cin\u00e9ma en Belgique\",\"publisher\":{\"@id\":\"https:\/\/welovecinema.be\/nl\/#organization\"},\"potentialAction\":[{\"@type\":\"SearchAction\",\"target\":{\"@type\":\"EntryPoint\",\"urlTemplate\":\"https:\/\/welovecinema.be\/nl\/?s={search_term_string}\"},\"query-input\":\"required name=search_term_string\"}],\"inLanguage\":\"fr-FR\"},{\"@type\":\"Organization\",\"@id\":\"https:\/\/welovecinema.be\/nl\/#organization\",\"name\":\"We Love Cinema\",\"url\":\"https:\/\/welovecinema.be\/nl\/\",\"logo\":{\"@type\":\"ImageObject\",\"inLanguage\":\"fr-FR\",\"@id\":\"https:\/\/welovecinema.be\/nl\/#\/schema\/logo\/image\/\",\"url\":\"https:\/\/welovecinema.be\/wp-content\/uploads\/sites\/2\/2023\/03\/Logo-We-Love-Cinema305x128.jpg\",\"contentUrl\":\"https:\/\/welovecinema.be\/wp-content\/uploads\/sites\/2\/2023\/03\/Logo-We-Love-Cinema305x128.jpg\",\"width\":305,\"height\":128,\"caption\":\"We Love Cinema\"},\"image\":{\"@id\":\"https:\/\/welovecinema.be\/nl\/#\/schema\/logo\/image\/\"},\"sameAs\":[\"https:\/\/www.facebook.com\/welovecinema.be\",\"https:\/\/www.youtube.com\/channel\/UCX5LYGVhnKvYauW4Nta4HJA\",\"https:\/\/www.instagram.com\/welovecinema.be\/\"]},{\"@type\":\"Person\",\"@id\":\"https:\/\/welovecinema.be\/nl\/#\/schema\/person\/8084b68c6b176142d073695c654dc7cf\",\"name\":\"Aurore Engelen\",\"url\":\"https:\/\/welovecinema.be\/fr\/author\/aurore-engelen\/\"}]}<\/script>\n<!-- \/ Yoast SEO plugin. -->","yoast_head_json":{"title":"\"Ennemi Public, dans le fond, c\u2019est un western\": rencontre avec les auteurs de la s\u00e9rie - We Love Cinema","robots":{"index":"index","follow":"follow","max-snippet":"max-snippet:-1","max-image-preview":"max-image-preview:large","max-video-preview":"max-video-preview:-1"},"canonical":"https:\/\/welovecinema.be\/fr\/ennemi-public-dans-le-fond-cest-un-western-rencontre-avec-les-auteurs-de-la-serie\/","og_locale":"fr_FR","og_type":"article","og_title":"\"Ennemi Public, dans le fond, c\u2019est un western\": rencontre avec les auteurs de la s\u00e9rie - We Love Cinema","og_description":"A l&rsquo;occasion de la diffusion de la saison 2 d&rsquo;Ennemi Public, nous avons rencontr\u00e9 trois de ses auteurs, Matthieu Frances, Gilles de Voghel et Christopher Yates, qui reviennent longuement pour nous sur les origines du projet, son \u00e9volution, et ce que le d\u00e9veloppement du format s\u00e9rie en Belgique francophone a chang\u00e9 pour la profession&#8230; Quel &hellip;","og_url":"https:\/\/welovecinema.be\/fr\/ennemi-public-dans-le-fond-cest-un-western-rencontre-avec-les-auteurs-de-la-serie\/","og_site_name":"We Love Cinema","article_publisher":"https:\/\/www.facebook.com\/welovecinema.be","article_published_time":"2019-03-15T15:25:56+00:00","article_modified_time":"2019-03-19T12:53:04+00:00","og_image":[{"width":4032,"height":2192,"url":"https:\/\/welovecinema.be\/wp-content\/uploads\/sites\/2\/2019\/03\/AuteursEnnemiPublic.jpg","type":"image\/jpeg"}],"author":"Aurore Engelen","twitter_card":"summary_large_image","twitter_misc":{"\u00c9crit par":"Aurore Engelen","Dur\u00e9e de lecture estim\u00e9e":"14 minutes"},"schema":{"@context":"https:\/\/schema.org","@graph":[{"@type":"Article","@id":"https:\/\/welovecinema.be\/fr\/ennemi-public-dans-le-fond-cest-un-western-rencontre-avec-les-auteurs-de-la-serie\/#article","isPartOf":{"@id":"https:\/\/welovecinema.be\/fr\/ennemi-public-dans-le-fond-cest-un-western-rencontre-avec-les-auteurs-de-la-serie\/"},"author":{"name":"Aurore Engelen","@id":"https:\/\/welovecinema.be\/nl\/#\/schema\/person\/8084b68c6b176142d073695c654dc7cf"},"headline":"\u00ab\u00a0Ennemi Public, dans le fond, c\u2019est un western\u00a0\u00bb: rencontre avec les auteurs de la s\u00e9rie","datePublished":"2019-03-15T15:25:56+00:00","dateModified":"2019-03-19T12:53:04+00:00","mainEntityOfPage":{"@id":"https:\/\/welovecinema.be\/fr\/ennemi-public-dans-le-fond-cest-un-western-rencontre-avec-les-auteurs-de-la-serie\/"},"wordCount":2733,"publisher":{"@id":"https:\/\/welovecinema.be\/nl\/#organization"},"keywords":["Christopher Yates","Ennemi Public","Gilles de Voghel","Matthieu Frances"],"articleSection":["Rencontres"],"inLanguage":"fr-FR"},{"@type":"WebPage","@id":"https:\/\/welovecinema.be\/fr\/ennemi-public-dans-le-fond-cest-un-western-rencontre-avec-les-auteurs-de-la-serie\/","url":"https:\/\/welovecinema.be\/fr\/ennemi-public-dans-le-fond-cest-un-western-rencontre-avec-les-auteurs-de-la-serie\/","name":"\"Ennemi Public, dans le fond, c\u2019est un western\": rencontre avec les auteurs de la s\u00e9rie - We Love Cinema","isPartOf":{"@id":"https:\/\/welovecinema.be\/nl\/#website"},"datePublished":"2019-03-15T15:25:56+00:00","dateModified":"2019-03-19T12:53:04+00:00","breadcrumb":{"@id":"https:\/\/welovecinema.be\/fr\/ennemi-public-dans-le-fond-cest-un-western-rencontre-avec-les-auteurs-de-la-serie\/#breadcrumb"},"inLanguage":"fr-FR","potentialAction":[{"@type":"ReadAction","target":["https:\/\/welovecinema.be\/fr\/ennemi-public-dans-le-fond-cest-un-western-rencontre-avec-les-auteurs-de-la-serie\/"]}]},{"@type":"BreadcrumbList","@id":"https:\/\/welovecinema.be\/fr\/ennemi-public-dans-le-fond-cest-un-western-rencontre-avec-les-auteurs-de-la-serie\/#breadcrumb","itemListElement":[{"@type":"ListItem","position":1,"name":"Accueil","item":"https:\/\/welovecinema.be\/fr\/"},{"@type":"ListItem","position":2,"name":"\u00ab\u00a0Ennemi Public, dans le fond, c\u2019est un western\u00a0\u00bb: rencontre avec les auteurs de la s\u00e9rie"}]},{"@type":"WebSite","@id":"https:\/\/welovecinema.be\/nl\/#website","url":"https:\/\/welovecinema.be\/nl\/","name":"We Love Cinema","description":"Toute l\u2019information du cin\u00e9ma en Belgique","publisher":{"@id":"https:\/\/welovecinema.be\/nl\/#organization"},"potentialAction":[{"@type":"SearchAction","target":{"@type":"EntryPoint","urlTemplate":"https:\/\/welovecinema.be\/nl\/?s={search_term_string}"},"query-input":"required name=search_term_string"}],"inLanguage":"fr-FR"},{"@type":"Organization","@id":"https:\/\/welovecinema.be\/nl\/#organization","name":"We Love Cinema","url":"https:\/\/welovecinema.be\/nl\/","logo":{"@type":"ImageObject","inLanguage":"fr-FR","@id":"https:\/\/welovecinema.be\/nl\/#\/schema\/logo\/image\/","url":"https:\/\/welovecinema.be\/wp-content\/uploads\/sites\/2\/2023\/03\/Logo-We-Love-Cinema305x128.jpg","contentUrl":"https:\/\/welovecinema.be\/wp-content\/uploads\/sites\/2\/2023\/03\/Logo-We-Love-Cinema305x128.jpg","width":305,"height":128,"caption":"We Love Cinema"},"image":{"@id":"https:\/\/welovecinema.be\/nl\/#\/schema\/logo\/image\/"},"sameAs":["https:\/\/www.facebook.com\/welovecinema.be","https:\/\/www.youtube.com\/channel\/UCX5LYGVhnKvYauW4Nta4HJA","https:\/\/www.instagram.com\/welovecinema.be\/"]},{"@type":"Person","@id":"https:\/\/welovecinema.be\/nl\/#\/schema\/person\/8084b68c6b176142d073695c654dc7cf","name":"Aurore Engelen","url":"https:\/\/welovecinema.be\/fr\/author\/aurore-engelen\/"}]}},"_links":{"self":[{"href":"https:\/\/welovecinema.be\/fr\/wp-json\/wp\/v2\/posts\/218151","targetHints":{"allow":["GET"]}}],"collection":[{"href":"https:\/\/welovecinema.be\/fr\/wp-json\/wp\/v2\/posts"}],"about":[{"href":"https:\/\/welovecinema.be\/fr\/wp-json\/wp\/v2\/types\/post"}],"author":[{"embeddable":true,"href":"https:\/\/welovecinema.be\/fr\/wp-json\/wp\/v2\/users\/343"}],"replies":[{"embeddable":true,"href":"https:\/\/welovecinema.be\/fr\/wp-json\/wp\/v2\/comments?post=218151"}],"version-history":[{"count":0,"href":"https:\/\/welovecinema.be\/fr\/wp-json\/wp\/v2\/posts\/218151\/revisions"}],"wp:featuredmedia":[{"embeddable":true,"href":"https:\/\/welovecinema.be\/fr\/wp-json\/wp\/v2\/media\/218154"}],"wp:attachment":[{"href":"https:\/\/welovecinema.be\/fr\/wp-json\/wp\/v2\/media?parent=218151"}],"wp:term":[{"taxonomy":"category","embeddable":true,"href":"https:\/\/welovecinema.be\/fr\/wp-json\/wp\/v2\/categories?post=218151"},{"taxonomy":"post_tag","embeddable":true,"href":"https:\/\/welovecinema.be\/fr\/wp-json\/wp\/v2\/tags?post=218151"}],"curies":[{"name":"wp","href":"https:\/\/api.w.org\/{rel}","templated":true}]}}