{"id":218047,"date":"2019-03-13T08:56:23","date_gmt":"2019-03-13T07:56:23","guid":{"rendered":"https:\/\/www.cinevox.be\/?p=218047"},"modified":"2019-03-13T08:56:23","modified_gmt":"2019-03-13T07:56:23","slug":"coureur-la-course-dans-le-sang","status":"publish","type":"post","link":"https:\/\/welovecinema.be\/fr\/coureur-la-course-dans-le-sang\/","title":{"rendered":"\u00ab\u00a0Coureur\u00a0\u00bb, la course dans le sang"},"content":{"rendered":"<p><strong>C&rsquo;est aujourd&rsquo;hui que sort dans les salles belges <em>Coureur<\/em>, premier long m\u00e9trage de l&rsquo;ancien coureur cycliste Kenneth Mercken. Quelques mois apr\u00e8s <a href=\"https:\/\/www.cinevox.be\/fr\/un-ange-mortel-coup-de-foudre\/\"><em>Un ange<\/em><\/a> de Koen Mortier, qui se penchait sur la fin brutale d&rsquo;une star du v\u00e9lo, ce premier long emprunte un chemin de traverse pour examiner \u00e0 la loupe l&rsquo;itin\u00e9raire tragique et souvent sordide d&rsquo;un jeune champion d\u00e9pass\u00e9 par la r\u00e9sistance de son corps, les attentes disproportionn\u00e9es de son p\u00e8re et la masculinit\u00e9 toxique qui r\u00e8gne dans le milieu impitoyable du cyclisme professionnel.\u00a0<\/strong><\/p>\n<p>Un p\u00e8re et son fils font du v\u00e9lo en for\u00eat. La route est hostile et le chemin et long. Quand le jeune gar\u00e7on chute, le p\u00e8re s&rsquo;arr\u00eate mais ne se retourne pas&#8230;<\/p>\n<p><em>Coureur<\/em> raconte l\u2019histoire de Felix Vereecke, un jeune coureur cycliste flamand, qui met sa propre vie en danger pour devenir champion. Derri\u00e8re son obstination pour r\u00e9ussir \u00e0 tout prix, se cache son d\u00e9sir de gagner le respect de son p\u00e8re Mathieu, qui esp\u00e8re, par l\u2019entremise de son fils, de r\u00e9aliser ses propres r\u00eaves de gloire envol\u00e9s dans l&rsquo;\u00e9chec et l&rsquo;alcool. Le film est bas\u00e9 en partie sur le pass\u00e9 mouvement\u00e9 du coureur cycliste Kenneth Mercken. En 2000, il devint champion national de cyclisme chez les coureurs \u00c9lite sans contrat. Mais alors qu&rsquo;il est embauch\u00e9 comme professionnel dans une \u00e9quipe italienne, il comprend que son corps ne convient pas \u00e0 ce sport \u00e9reintant. Il tourne alors le dos \u00e0 son r\u00eave d\u2019adolescent et se lance dans des \u00e9tudes de cin\u00e9ma&#8230;<\/p>\n<p><img loading=\"lazy\" decoding=\"async\" class=\"alignnone size-large wp-image-218060\" src=\"https:\/\/www.cinevox.be\/wp-content\/uploads\/sites\/2\/2019\/03\/coureur.20190201000000-1-800x533.jpg\" alt=\"coureur-Kenneth-Mercken\" width=\"618\" height=\"412\" srcset=\"https:\/\/welovecinema.be\/wp-content\/uploads\/sites\/2\/2019\/03\/coureur.20190201000000-1-800x533.jpg 800w, https:\/\/welovecinema.be\/wp-content\/uploads\/sites\/2\/2019\/03\/coureur.20190201000000-1-405x270.jpg 405w, https:\/\/welovecinema.be\/wp-content\/uploads\/sites\/2\/2019\/03\/coureur.20190201000000-1-768x512.jpg 768w, https:\/\/welovecinema.be\/wp-content\/uploads\/sites\/2\/2019\/03\/coureur.20190201000000-1.jpg 900w\" sizes=\"auto, (max-width: 618px) 100vw, 618px\" \/><\/p>\n<p><em>Coureur<\/em> prend par moment l&rsquo;allure d&rsquo;un manuel d&rsquo;anatomie du corps du cycliste, un corps maltrait\u00e9, ab\u00eem\u00e9, tortur\u00e9, violent\u00e9, entre la b\u00eate de somme et le corps m\u00e9canique. On le pique comme un animal (on pense au corps aux hormones de Rundskop). Un corps rebelle dont\u00a0 l&rsquo;athl\u00e8te, second\u00e9 par la chimie, tenterait de prendre le contr\u00f4le, de mater la r\u00e9sistance, pour l&rsquo;amener vers une hybridation id\u00e9ale, en faire une machine. Le corps de Felix se r\u00e9volte. Sa croissance stoppe. Sa sur-sollicitation m\u00e8ne \u00e0 l&rsquo;\u00e9puisement des ressources naturelles. Alors Felix s&rsquo;injecte toute sorte de substances, jusqu&rsquo;au sang du p\u00e8re. Ce sang de cycliste qui croient-ils, l&rsquo;un et l&rsquo;autre, coule inexorablement dans ses veines.<\/p>\n<p>Car au-del\u00e0 du d\u00e9fi physique et sportif, de la r\u00e9alit\u00e9 du cyclisme professionnel, ce qui se joue ici n&rsquo;est parfois rien d&rsquo;autre que la trag\u00e9die \u00e9ternelle d&rsquo;un fils qui ne sera jamais assez bien aux yeux de son p\u00e8re. La relation qui unit les deux, sans cesse distendue puis resserr\u00e9e, est au coeur de la narration. Loin d&rsquo;un film sportif traditionnel, de l&rsquo;hagiographie d&rsquo;une discipline exaltant les capacit\u00e9s d&rsquo;humains qui se d\u00e9passent, <em>Coureur<\/em> dresse en creux le portrait d&rsquo;une masculinit\u00e9 toxique, qui se vit autant dans les vestiaires que dans le foyer familial, qui d\u00e9truit les r\u00eaves et r\u00e9duit au n\u00e9ant les espoirs. Si les sc\u00e8nes de course, ou plut\u00f4t d&rsquo;entrainement sur les routes italiennes magnifient le sport, elles sont n\u00e9anmoins vite assombries par l&rsquo;envers du d\u00e9cor, la r\u00e9alit\u00e9 d&rsquo;un sport qui \u00e0 l&rsquo;aube de l&rsquo;an 2000 brillait par sa corruption g\u00e9n\u00e9ralis\u00e9e et le dopage en s\u00e9rie qui mena \u00e0 tant de drames humains.<\/p>\n<p><img loading=\"lazy\" decoding=\"async\" class=\"alignnone size-large wp-image-218062\" src=\"https:\/\/www.cinevox.be\/wp-content\/uploads\/sites\/2\/2019\/03\/coureur.20190201000000-800x533.jpg\" alt=\"coureur-kenneth-mercken\" width=\"618\" height=\"412\" srcset=\"https:\/\/welovecinema.be\/wp-content\/uploads\/sites\/2\/2019\/03\/coureur.20190201000000-800x533.jpg 800w, https:\/\/welovecinema.be\/wp-content\/uploads\/sites\/2\/2019\/03\/coureur.20190201000000-405x270.jpg 405w, https:\/\/welovecinema.be\/wp-content\/uploads\/sites\/2\/2019\/03\/coureur.20190201000000-768x512.jpg 768w, https:\/\/welovecinema.be\/wp-content\/uploads\/sites\/2\/2019\/03\/coureur.20190201000000.jpg 900w\" sizes=\"auto, (max-width: 618px) 100vw, 618px\" \/><\/p>\n<p>Felix est incarn\u00e9 par le jeune d\u00e9butant Niels Willaert, qui dresse le portrait d&rsquo;un jeune homme terriblement endurci, d\u00e9poss\u00e9d\u00e9 de ses sentiments, et fatalement opini\u00e2tre. Face \u00e0 lui, Koen de Graeve incarne avec la puissance qu&rsquo;on lui conna\u00eet depuis <em>La Merditude des Choses<\/em> un p\u00e8re abusif, d\u00e9vor\u00e9 par sa frustration. Ce premier film, autobiographie assum\u00e9e mais largement romanc\u00e9e, place assur\u00e9ment Kenneth Mercken comme un r\u00e9alisateur \u00e0 suivre. Koen Mortier, r\u00e9alisateur de <em>Un Ange<\/em>, et qui produit le film pour Czar Film, ne s&rsquo;y est pas tromp\u00e9.<\/p>\n<p>Le film sort ce 13 mars dans les salles belges.<\/p>\n","protected":false},"excerpt":{"rendered":"<p>C&rsquo;est aujourd&rsquo;hui que sort dans les salles belges Coureur, premier long m\u00e9trage de l&rsquo;ancien coureur cycliste Kenneth Mercken. Quelques mois apr\u00e8s Un ange de Koen Mortier, qui se penchait sur la fin brutale d&rsquo;une star du v\u00e9lo, ce premier long emprunte un chemin de traverse pour examiner \u00e0 la loupe l&rsquo;itin\u00e9raire tragique et souvent sordide &hellip;<\/p>\n","protected":false},"author":343,"featured_media":218058,"comment_status":"closed","ping_status":"closed","sticky":false,"template":"","format":"standard","meta":{"ngg_post_thumbnail":0,"footnotes":""},"categories":[10],"tags":[4122,4123],"class_list":["post-218047","post","type-post","status-publish","format-standard","has-post-thumbnail","","category-a-l-affiche","tag-coureur-2","tag-kenneth-mercken-2"],"yoast_head":"<!-- This site is optimized with the Yoast SEO plugin v20.4 - https:\/\/yoast.com\/wordpress\/plugins\/seo\/ -->\n<title>&quot;Coureur&quot;, la course dans le sang - We Love Cinema<\/title>\n<meta name=\"robots\" content=\"index, follow, max-snippet:-1, max-image-preview:large, max-video-preview:-1\" \/>\n<link rel=\"canonical\" href=\"https:\/\/welovecinema.be\/fr\/coureur-la-course-dans-le-sang\/\" \/>\n<meta property=\"og:locale\" content=\"fr_FR\" \/>\n<meta property=\"og:type\" content=\"article\" \/>\n<meta property=\"og:title\" content=\"&quot;Coureur&quot;, la course dans le sang - We Love Cinema\" \/>\n<meta property=\"og:description\" content=\"C&rsquo;est aujourd&rsquo;hui que sort dans les salles belges Coureur, premier long m\u00e9trage de l&rsquo;ancien coureur cycliste Kenneth Mercken. Quelques mois apr\u00e8s Un ange de Koen Mortier, qui se penchait sur la fin brutale d&rsquo;une star du v\u00e9lo, ce premier long emprunte un chemin de traverse pour examiner \u00e0 la loupe l&rsquo;itin\u00e9raire tragique et souvent sordide &hellip;\" \/>\n<meta property=\"og:url\" content=\"https:\/\/welovecinema.be\/fr\/coureur-la-course-dans-le-sang\/\" \/>\n<meta property=\"og:site_name\" content=\"We Love Cinema\" \/>\n<meta property=\"article:publisher\" content=\"https:\/\/www.facebook.com\/welovecinema.be\" \/>\n<meta property=\"article:published_time\" content=\"2019-03-13T07:56:23+00:00\" \/>\n<meta property=\"og:image\" content=\"https:\/\/welovecinema.be\/wp-content\/uploads\/sites\/2\/2019\/03\/1548758510465_0620x0435_1549259278030.jpg\" \/>\n\t<meta property=\"og:image:width\" content=\"620\" \/>\n\t<meta property=\"og:image:height\" content=\"435\" \/>\n\t<meta property=\"og:image:type\" content=\"image\/jpeg\" \/>\n<meta name=\"author\" content=\"Aurore Engelen\" \/>\n<meta name=\"twitter:card\" content=\"summary_large_image\" \/>\n<meta name=\"twitter:label1\" content=\"\u00c9crit par\" \/>\n\t<meta name=\"twitter:data1\" content=\"Aurore Engelen\" \/>\n\t<meta name=\"twitter:label2\" content=\"Dur\u00e9e de lecture estim\u00e9e\" \/>\n\t<meta name=\"twitter:data2\" content=\"3 minutes\" \/>\n<script type=\"application\/ld+json\" class=\"yoast-schema-graph\">{\"@context\":\"https:\/\/schema.org\",\"@graph\":[{\"@type\":\"Article\",\"@id\":\"https:\/\/welovecinema.be\/fr\/coureur-la-course-dans-le-sang\/#article\",\"isPartOf\":{\"@id\":\"https:\/\/welovecinema.be\/fr\/coureur-la-course-dans-le-sang\/\"},\"author\":{\"name\":\"Aurore Engelen\",\"@id\":\"https:\/\/welovecinema.be\/nl\/#\/schema\/person\/8084b68c6b176142d073695c654dc7cf\"},\"headline\":\"\u00ab\u00a0Coureur\u00a0\u00bb, la course dans le sang\",\"datePublished\":\"2019-03-13T07:56:23+00:00\",\"dateModified\":\"2019-03-13T07:56:23+00:00\",\"mainEntityOfPage\":{\"@id\":\"https:\/\/welovecinema.be\/fr\/coureur-la-course-dans-le-sang\/\"},\"wordCount\":706,\"publisher\":{\"@id\":\"https:\/\/welovecinema.be\/nl\/#organization\"},\"keywords\":[\"Coureur\",\"Kenneth Mercken\"],\"articleSection\":[\"A l'affiche\"],\"inLanguage\":\"fr-FR\"},{\"@type\":\"WebPage\",\"@id\":\"https:\/\/welovecinema.be\/fr\/coureur-la-course-dans-le-sang\/\",\"url\":\"https:\/\/welovecinema.be\/fr\/coureur-la-course-dans-le-sang\/\",\"name\":\"\\\"Coureur\\\", la course dans le sang - We Love Cinema\",\"isPartOf\":{\"@id\":\"https:\/\/welovecinema.be\/nl\/#website\"},\"datePublished\":\"2019-03-13T07:56:23+00:00\",\"dateModified\":\"2019-03-13T07:56:23+00:00\",\"breadcrumb\":{\"@id\":\"https:\/\/welovecinema.be\/fr\/coureur-la-course-dans-le-sang\/#breadcrumb\"},\"inLanguage\":\"fr-FR\",\"potentialAction\":[{\"@type\":\"ReadAction\",\"target\":[\"https:\/\/welovecinema.be\/fr\/coureur-la-course-dans-le-sang\/\"]}]},{\"@type\":\"BreadcrumbList\",\"@id\":\"https:\/\/welovecinema.be\/fr\/coureur-la-course-dans-le-sang\/#breadcrumb\",\"itemListElement\":[{\"@type\":\"ListItem\",\"position\":1,\"name\":\"Accueil\",\"item\":\"https:\/\/welovecinema.be\/fr\/\"},{\"@type\":\"ListItem\",\"position\":2,\"name\":\"\u00ab\u00a0Coureur\u00a0\u00bb, la course dans le sang\"}]},{\"@type\":\"WebSite\",\"@id\":\"https:\/\/welovecinema.be\/nl\/#website\",\"url\":\"https:\/\/welovecinema.be\/nl\/\",\"name\":\"We Love Cinema\",\"description\":\"Toute l\u2019information du cin\u00e9ma en Belgique\",\"publisher\":{\"@id\":\"https:\/\/welovecinema.be\/nl\/#organization\"},\"potentialAction\":[{\"@type\":\"SearchAction\",\"target\":{\"@type\":\"EntryPoint\",\"urlTemplate\":\"https:\/\/welovecinema.be\/nl\/?s={search_term_string}\"},\"query-input\":\"required name=search_term_string\"}],\"inLanguage\":\"fr-FR\"},{\"@type\":\"Organization\",\"@id\":\"https:\/\/welovecinema.be\/nl\/#organization\",\"name\":\"We Love Cinema\",\"url\":\"https:\/\/welovecinema.be\/nl\/\",\"logo\":{\"@type\":\"ImageObject\",\"inLanguage\":\"fr-FR\",\"@id\":\"https:\/\/welovecinema.be\/nl\/#\/schema\/logo\/image\/\",\"url\":\"https:\/\/welovecinema.be\/wp-content\/uploads\/sites\/2\/2023\/03\/Logo-We-Love-Cinema305x128.jpg\",\"contentUrl\":\"https:\/\/welovecinema.be\/wp-content\/uploads\/sites\/2\/2023\/03\/Logo-We-Love-Cinema305x128.jpg\",\"width\":305,\"height\":128,\"caption\":\"We Love Cinema\"},\"image\":{\"@id\":\"https:\/\/welovecinema.be\/nl\/#\/schema\/logo\/image\/\"},\"sameAs\":[\"https:\/\/www.facebook.com\/welovecinema.be\",\"https:\/\/www.youtube.com\/channel\/UCX5LYGVhnKvYauW4Nta4HJA\",\"https:\/\/www.instagram.com\/welovecinema.be\/\"]},{\"@type\":\"Person\",\"@id\":\"https:\/\/welovecinema.be\/nl\/#\/schema\/person\/8084b68c6b176142d073695c654dc7cf\",\"name\":\"Aurore Engelen\",\"url\":\"https:\/\/welovecinema.be\/fr\/author\/aurore-engelen\/\"}]}<\/script>\n<!-- \/ Yoast SEO plugin. -->","yoast_head_json":{"title":"\"Coureur\", la course dans le sang - We Love Cinema","robots":{"index":"index","follow":"follow","max-snippet":"max-snippet:-1","max-image-preview":"max-image-preview:large","max-video-preview":"max-video-preview:-1"},"canonical":"https:\/\/welovecinema.be\/fr\/coureur-la-course-dans-le-sang\/","og_locale":"fr_FR","og_type":"article","og_title":"\"Coureur\", la course dans le sang - We Love Cinema","og_description":"C&rsquo;est aujourd&rsquo;hui que sort dans les salles belges Coureur, premier long m\u00e9trage de l&rsquo;ancien coureur cycliste Kenneth Mercken. Quelques mois apr\u00e8s Un ange de Koen Mortier, qui se penchait sur la fin brutale d&rsquo;une star du v\u00e9lo, ce premier long emprunte un chemin de traverse pour examiner \u00e0 la loupe l&rsquo;itin\u00e9raire tragique et souvent sordide &hellip;","og_url":"https:\/\/welovecinema.be\/fr\/coureur-la-course-dans-le-sang\/","og_site_name":"We Love Cinema","article_publisher":"https:\/\/www.facebook.com\/welovecinema.be","article_published_time":"2019-03-13T07:56:23+00:00","og_image":[{"width":620,"height":435,"url":"https:\/\/welovecinema.be\/wp-content\/uploads\/sites\/2\/2019\/03\/1548758510465_0620x0435_1549259278030.jpg","type":"image\/jpeg"}],"author":"Aurore Engelen","twitter_card":"summary_large_image","twitter_misc":{"\u00c9crit par":"Aurore Engelen","Dur\u00e9e de lecture estim\u00e9e":"3 minutes"},"schema":{"@context":"https:\/\/schema.org","@graph":[{"@type":"Article","@id":"https:\/\/welovecinema.be\/fr\/coureur-la-course-dans-le-sang\/#article","isPartOf":{"@id":"https:\/\/welovecinema.be\/fr\/coureur-la-course-dans-le-sang\/"},"author":{"name":"Aurore Engelen","@id":"https:\/\/welovecinema.be\/nl\/#\/schema\/person\/8084b68c6b176142d073695c654dc7cf"},"headline":"\u00ab\u00a0Coureur\u00a0\u00bb, la course dans le sang","datePublished":"2019-03-13T07:56:23+00:00","dateModified":"2019-03-13T07:56:23+00:00","mainEntityOfPage":{"@id":"https:\/\/welovecinema.be\/fr\/coureur-la-course-dans-le-sang\/"},"wordCount":706,"publisher":{"@id":"https:\/\/welovecinema.be\/nl\/#organization"},"keywords":["Coureur","Kenneth Mercken"],"articleSection":["A l'affiche"],"inLanguage":"fr-FR"},{"@type":"WebPage","@id":"https:\/\/welovecinema.be\/fr\/coureur-la-course-dans-le-sang\/","url":"https:\/\/welovecinema.be\/fr\/coureur-la-course-dans-le-sang\/","name":"\"Coureur\", la course dans le sang - We Love Cinema","isPartOf":{"@id":"https:\/\/welovecinema.be\/nl\/#website"},"datePublished":"2019-03-13T07:56:23+00:00","dateModified":"2019-03-13T07:56:23+00:00","breadcrumb":{"@id":"https:\/\/welovecinema.be\/fr\/coureur-la-course-dans-le-sang\/#breadcrumb"},"inLanguage":"fr-FR","potentialAction":[{"@type":"ReadAction","target":["https:\/\/welovecinema.be\/fr\/coureur-la-course-dans-le-sang\/"]}]},{"@type":"BreadcrumbList","@id":"https:\/\/welovecinema.be\/fr\/coureur-la-course-dans-le-sang\/#breadcrumb","itemListElement":[{"@type":"ListItem","position":1,"name":"Accueil","item":"https:\/\/welovecinema.be\/fr\/"},{"@type":"ListItem","position":2,"name":"\u00ab\u00a0Coureur\u00a0\u00bb, la course dans le sang"}]},{"@type":"WebSite","@id":"https:\/\/welovecinema.be\/nl\/#website","url":"https:\/\/welovecinema.be\/nl\/","name":"We Love Cinema","description":"Toute l\u2019information du cin\u00e9ma en Belgique","publisher":{"@id":"https:\/\/welovecinema.be\/nl\/#organization"},"potentialAction":[{"@type":"SearchAction","target":{"@type":"EntryPoint","urlTemplate":"https:\/\/welovecinema.be\/nl\/?s={search_term_string}"},"query-input":"required name=search_term_string"}],"inLanguage":"fr-FR"},{"@type":"Organization","@id":"https:\/\/welovecinema.be\/nl\/#organization","name":"We Love Cinema","url":"https:\/\/welovecinema.be\/nl\/","logo":{"@type":"ImageObject","inLanguage":"fr-FR","@id":"https:\/\/welovecinema.be\/nl\/#\/schema\/logo\/image\/","url":"https:\/\/welovecinema.be\/wp-content\/uploads\/sites\/2\/2023\/03\/Logo-We-Love-Cinema305x128.jpg","contentUrl":"https:\/\/welovecinema.be\/wp-content\/uploads\/sites\/2\/2023\/03\/Logo-We-Love-Cinema305x128.jpg","width":305,"height":128,"caption":"We Love Cinema"},"image":{"@id":"https:\/\/welovecinema.be\/nl\/#\/schema\/logo\/image\/"},"sameAs":["https:\/\/www.facebook.com\/welovecinema.be","https:\/\/www.youtube.com\/channel\/UCX5LYGVhnKvYauW4Nta4HJA","https:\/\/www.instagram.com\/welovecinema.be\/"]},{"@type":"Person","@id":"https:\/\/welovecinema.be\/nl\/#\/schema\/person\/8084b68c6b176142d073695c654dc7cf","name":"Aurore Engelen","url":"https:\/\/welovecinema.be\/fr\/author\/aurore-engelen\/"}]}},"_links":{"self":[{"href":"https:\/\/welovecinema.be\/fr\/wp-json\/wp\/v2\/posts\/218047","targetHints":{"allow":["GET"]}}],"collection":[{"href":"https:\/\/welovecinema.be\/fr\/wp-json\/wp\/v2\/posts"}],"about":[{"href":"https:\/\/welovecinema.be\/fr\/wp-json\/wp\/v2\/types\/post"}],"author":[{"embeddable":true,"href":"https:\/\/welovecinema.be\/fr\/wp-json\/wp\/v2\/users\/343"}],"replies":[{"embeddable":true,"href":"https:\/\/welovecinema.be\/fr\/wp-json\/wp\/v2\/comments?post=218047"}],"version-history":[{"count":0,"href":"https:\/\/welovecinema.be\/fr\/wp-json\/wp\/v2\/posts\/218047\/revisions"}],"wp:featuredmedia":[{"embeddable":true,"href":"https:\/\/welovecinema.be\/fr\/wp-json\/wp\/v2\/media\/218058"}],"wp:attachment":[{"href":"https:\/\/welovecinema.be\/fr\/wp-json\/wp\/v2\/media?parent=218047"}],"wp:term":[{"taxonomy":"category","embeddable":true,"href":"https:\/\/welovecinema.be\/fr\/wp-json\/wp\/v2\/categories?post=218047"},{"taxonomy":"post_tag","embeddable":true,"href":"https:\/\/welovecinema.be\/fr\/wp-json\/wp\/v2\/tags?post=218047"}],"curies":[{"name":"wp","href":"https:\/\/api.w.org\/{rel}","templated":true}]}}