{"id":217992,"date":"2019-03-11T10:03:01","date_gmt":"2019-03-11T09:03:01","guid":{"rendered":"https:\/\/www.cinevox.be\/?p=217992"},"modified":"2019-03-11T18:38:51","modified_gmt":"2019-03-11T17:38:51","slug":"nicole-palo-binti-et-des-courts-belges-animes-primes-ce-week-end","status":"publish","type":"post","link":"https:\/\/welovecinema.be\/fr\/nicole-palo-binti-et-des-courts-belges-animes-primes-ce-week-end\/","title":{"rendered":"Nicole Palo, Binti et des courts belges anim\u00e9s prim\u00e9s ce week-end"},"content":{"rendered":"<p><strong>De nombreux films belges se sont distingu\u00e9s ce week-end aussi bien en France qu&rsquo;en Belgique et jusqu&rsquo;au Canada!<\/strong><\/p>\n<p>La semaine derni\u00e8re avait lieu la 16<sup>e<\/sup> \u00e9dition du <strong>Monte-Carlo Film Festival de la Com\u00e9die<\/strong> (MCFF). On retrouvait en comp\u00e9tition le film belge <em><strong>Emma Peeters<\/strong><\/em> de Nicole Palo, com\u00e9die surprenante sur une actrice&#8230; suicidaire! Le film \u00e9tait d\u00e9j\u00e0 s\u00e9lectionn\u00e9 l&rsquo;ann\u00e9e derni\u00e8re en cl\u00f4ture des Giornate degli Autori \u00e0 Venise. La r\u00e9alisatrice belge y a re\u00e7u le Prix du Meilleur r\u00e9alisateur (on pr\u00e9f\u00e8rera dire cin\u00e9aste du coup).<\/p>\n<p>Emma Peeters va avoir 35 ans et, dans sa vie, elle n\u2019a rien fait de remarquable. Apr\u00e8s des ann\u00e9es de gal\u00e8re \u00e0 Paris \u00e0 essayer de devenir actrice, une id\u00e9e l\u2019enchante : elle d\u00e9cide de mettre fin \u00e0 ses jours et fixe la date \u00e0 la semaine suivante, le jour de son anniversaire.\u00a0Au cours de ses pr\u00e9paratifs, Emma rencontre Alex Bodart, un employ\u00e9 de pompes fun\u00e8bres fantasque qui va l\u2019aider dans son entreprise t\u00e9m\u00e9raire. A force de stratag\u00e8mes pour cacher leurs sentiments, ils pourraient bien faire r\u00e9ussir le projet d\u2019Emma.<\/p>\n<p>Souvenez-vous, nous vous en parlions dans notre capsule du mois de janvier&#8230;<\/p>\n<p><iframe loading=\"lazy\" title=\"Capsule #77: Nicole Palo et Fabrice Adde nous parlent de &quot;Emma Peeters&quot;\" width=\"618\" height=\"348\" src=\"https:\/\/www.youtube.com\/embed\/oUruCqmjx7U?feature=oembed\" frameborder=\"0\" allow=\"accelerometer; autoplay; clipboard-write; encrypted-media; gyroscope; picture-in-picture; web-share\" referrerpolicy=\"strict-origin-when-cross-origin\" allowfullscreen><\/iframe><\/p>\n<p>Pendant ce temps-l\u00e0 \u00e0 Montr\u00e9al avait lieu la 22e \u00e9dition du <strong>Festival International du Film pour Enfants de Montr\u00e9al<\/strong>, le FIFEM, o\u00f9 c&rsquo;est un film belge qui reportait le Grand Prix, (et la mention sp\u00e9ciale du jury jeune!) <strong><em>Binti<\/em><\/strong>, premier long m\u00e9trage de Fr\u00e9d\u00e9rike Migom, avec Bebel Tshiani, Mo Bakker, Joke Devynck et Baloji.<\/p>\n<p>Et ce n&rsquo;est pas tout, puisque le film a \u00e9galement re\u00e7u le Prix du Jury Professionnel au JEF festival \u00e0 Anvers!<\/p>\n<figure id=\"attachment_217977\" aria-describedby=\"caption-attachment-217977\" style=\"width: 720px\" class=\"wp-caption alignnone\"><img loading=\"lazy\" decoding=\"async\" class=\"size-full wp-image-217977\" src=\"https:\/\/www.cinevox.be\/wp-content\/uploads\/sites\/2\/2019\/03\/DSC4015.jpg\" alt=\"\" width=\"720\" height=\"481\" srcset=\"https:\/\/welovecinema.be\/wp-content\/uploads\/sites\/2\/2019\/03\/DSC4015.jpg 720w, https:\/\/welovecinema.be\/wp-content\/uploads\/sites\/2\/2019\/03\/DSC4015-404x270.jpg 404w\" sizes=\"auto, (max-width: 720px) 100vw, 720px\" \/><figcaption id=\"caption-attachment-217977\" class=\"wp-caption-text\">Bebel Tshiani Baloji et Mo Bakker &#8211; Photo: Cinevox NL<\/figcaption><\/figure>\n<div data-tabup=\"synopsis\">\n<p class=\"synopsis\">Binti est une jeune fille de 12 ans d&rsquo;origine congolaise qui a v\u00e9cu toute sa vie en Belgique. Elle r\u00eave de devenir une vloggeuse c\u00e9l\u00e8bre gr\u00e2ce \u00e0 son vlog \u00ab\u00a0Binti&rsquo;s Bubble\u00a0\u00bb. Mais quand son p\u00e8re et elle sont menac\u00e9s d&rsquo;expulsion, elle ne voit plus qu&rsquo;une solution au probl\u00e8me: son p\u00e8re doit \u00e9pouser la m\u00e8re de son ami Elias pour pouvoir rester en Belgique. Le film revendique le droit inali\u00e9nable que devraient avoir tous les enfants de r\u00eaver.<\/p>\n<p>Le film sort le 3 avril prochain en Belgique, on vous en reparle tr\u00e8s vite.<\/p>\n<\/div>\n<p>&nbsp;<\/p>\n<p>Enfin, hier soir avait lieu la soir\u00e9e de cl\u00f4ture du <strong>Festival Anima<\/strong> \u00e0 Bruxelles, \u00e0 l&rsquo;occasion de laquelle \u00e9tait projet\u00e9 en avant-premi\u00e8re le nouvel \u00e9pisode des aventures de Cowboy et Indien, <em>La Foire Agricole<\/em>, et o\u00f9 \u00e9tait annonc\u00e9 le Palmar\u00e8s. 5 courts m\u00e9trages belges s&rsquo;y sont distingu\u00e9s.<\/p>\n<p><span class=\"s1\"><strong><i>Nuit Ch\u00e9rie de<\/i> Lia Bertels<\/strong> a re\u00e7u le <\/span><span class=\"s1\">Prix du meilleur court m\u00e9trage belge.<\/span><\/p>\n<p><iframe loading=\"lazy\" title=\"NUIT CH\u00c9RIE \/\/ TRAILER\" src=\"https:\/\/player.vimeo.com\/video\/295779523?dnt=1&amp;app_id=122963\" width=\"618\" height=\"333\" frameborder=\"0\" allow=\"autoplay; fullscreen; picture-in-picture; clipboard-write; encrypted-media\"><\/iframe><\/p>\n<p class=\"p1\"><span class=\"s1\"><strong><i>Sous le cartilage les c\u00f4tes <\/i><\/strong>de Bruno Tondeur a re\u00e7u le Grand Prix du meilleur court m\u00e9trage de la F\u00e9d\u00e9ration Wallonie-Bruxelles, ainsi que le Prix BeTV. Beau-week-end pour son producteur, Take Five, \u00e9galement producteur de <em>Emma Peeters<\/em>!<\/span><\/p>\n<p><iframe loading=\"lazy\" title=\"SOUS LE CARTILAGE DES C\u00d4TES (UNDER THE RIB CAGE) \u2014 Trailer\" src=\"https:\/\/player.vimeo.com\/video\/301832653?dnt=1&amp;app_id=122963\" width=\"618\" height=\"334\" frameborder=\"0\" allow=\"autoplay; fullscreen; picture-in-picture; clipboard-write; encrypted-media\"><\/iframe><\/p>\n<p class=\"p1\"><span class=\"s1\"><i><strong>Robo<\/strong><\/i>de Leo Becker s&rsquo;est vu d\u00e9cern\u00e9 le Prix des Auteurs et le Prix Cinergie, tandis que\u00a0<\/span><span class=\"s1\"><i><strong>From the Snow-Covered Hill<\/strong><\/i>de Matty Jorissen &amp; Wijnand Driessen recevait le Prix de la RTBF-La Trois<\/span><\/p>\n<div data-tabup=\"synopsis\">\n<div class=\"clear\"><\/div>\n<\/div>\n<div data-dfp-mobile=\"rossel-main\"><\/div>\n<div data-tabup=\"videos\"><\/div>\n","protected":false},"excerpt":{"rendered":"<p>De nombreux films belges se sont distingu\u00e9s ce week-end aussi bien en France qu&rsquo;en Belgique et jusqu&rsquo;au Canada! La semaine derni\u00e8re avait lieu la 16e \u00e9dition du Monte-Carlo Film Festival de la Com\u00e9die (MCFF). On retrouvait en comp\u00e9tition le film belge Emma Peeters de Nicole Palo, com\u00e9die surprenante sur une actrice&#8230; suicidaire! Le film \u00e9tait &hellip;<\/p>\n","protected":false},"author":343,"featured_media":217996,"comment_status":"closed","ping_status":"closed","sticky":false,"template":"","format":"standard","meta":{"ngg_post_thumbnail":0,"footnotes":""},"categories":[1923],"tags":[],"class_list":["post-217992","post","type-post","status-publish","format-standard","has-post-thumbnail","","category-en-bref"],"yoast_head":"<!-- This site is optimized with the Yoast SEO plugin v20.4 - https:\/\/yoast.com\/wordpress\/plugins\/seo\/ -->\n<title>Nicole Palo, Binti et des courts belges anim\u00e9s prim\u00e9s ce week-end - We Love Cinema<\/title>\n<meta name=\"robots\" content=\"index, follow, max-snippet:-1, max-image-preview:large, max-video-preview:-1\" \/>\n<link rel=\"canonical\" href=\"https:\/\/welovecinema.be\/fr\/nicole-palo-binti-et-des-courts-belges-animes-primes-ce-week-end\/\" \/>\n<meta property=\"og:locale\" content=\"fr_FR\" \/>\n<meta property=\"og:type\" content=\"article\" \/>\n<meta property=\"og:title\" content=\"Nicole Palo, Binti et des courts belges anim\u00e9s prim\u00e9s ce week-end - We Love Cinema\" \/>\n<meta property=\"og:description\" content=\"De nombreux films belges se sont distingu\u00e9s ce week-end aussi bien en France qu&rsquo;en Belgique et jusqu&rsquo;au Canada! La semaine derni\u00e8re avait lieu la 16e \u00e9dition du Monte-Carlo Film Festival de la Com\u00e9die (MCFF). On retrouvait en comp\u00e9tition le film belge Emma Peeters de Nicole Palo, com\u00e9die surprenante sur une actrice&#8230; suicidaire! Le film \u00e9tait &hellip;\" \/>\n<meta property=\"og:url\" content=\"https:\/\/welovecinema.be\/fr\/nicole-palo-binti-et-des-courts-belges-animes-primes-ce-week-end\/\" \/>\n<meta property=\"og:site_name\" content=\"We Love Cinema\" \/>\n<meta property=\"article:publisher\" content=\"https:\/\/www.facebook.com\/welovecinema.be\" \/>\n<meta property=\"article:published_time\" content=\"2019-03-11T09:03:01+00:00\" \/>\n<meta property=\"article:modified_time\" content=\"2019-03-11T17:38:51+00:00\" \/>\n<meta property=\"og:image\" content=\"https:\/\/welovecinema.be\/wp-content\/uploads\/sites\/2\/2019\/03\/PrixWE.jpg\" \/>\n\t<meta property=\"og:image:width\" content=\"1200\" \/>\n\t<meta property=\"og:image:height\" content=\"658\" \/>\n\t<meta property=\"og:image:type\" content=\"image\/jpeg\" \/>\n<meta name=\"author\" content=\"Aurore Engelen\" \/>\n<meta name=\"twitter:card\" content=\"summary_large_image\" \/>\n<meta name=\"twitter:label1\" content=\"\u00c9crit par\" \/>\n\t<meta name=\"twitter:data1\" content=\"Aurore Engelen\" \/>\n\t<meta name=\"twitter:label2\" content=\"Dur\u00e9e de lecture estim\u00e9e\" \/>\n\t<meta name=\"twitter:data2\" content=\"3 minutes\" \/>\n<script type=\"application\/ld+json\" class=\"yoast-schema-graph\">{\"@context\":\"https:\/\/schema.org\",\"@graph\":[{\"@type\":\"Article\",\"@id\":\"https:\/\/welovecinema.be\/fr\/nicole-palo-binti-et-des-courts-belges-animes-primes-ce-week-end\/#article\",\"isPartOf\":{\"@id\":\"https:\/\/welovecinema.be\/fr\/nicole-palo-binti-et-des-courts-belges-animes-primes-ce-week-end\/\"},\"author\":{\"name\":\"Aurore Engelen\",\"@id\":\"https:\/\/welovecinema.be\/nl\/#\/schema\/person\/8084b68c6b176142d073695c654dc7cf\"},\"headline\":\"Nicole Palo, Binti et des courts belges anim\u00e9s prim\u00e9s ce week-end\",\"datePublished\":\"2019-03-11T09:03:01+00:00\",\"dateModified\":\"2019-03-11T17:38:51+00:00\",\"mainEntityOfPage\":{\"@id\":\"https:\/\/welovecinema.be\/fr\/nicole-palo-binti-et-des-courts-belges-animes-primes-ce-week-end\/\"},\"wordCount\":593,\"publisher\":{\"@id\":\"https:\/\/welovecinema.be\/nl\/#organization\"},\"articleSection\":[\"En bref\"],\"inLanguage\":\"fr-FR\"},{\"@type\":\"WebPage\",\"@id\":\"https:\/\/welovecinema.be\/fr\/nicole-palo-binti-et-des-courts-belges-animes-primes-ce-week-end\/\",\"url\":\"https:\/\/welovecinema.be\/fr\/nicole-palo-binti-et-des-courts-belges-animes-primes-ce-week-end\/\",\"name\":\"Nicole Palo, Binti et des courts belges anim\u00e9s prim\u00e9s ce week-end - We Love Cinema\",\"isPartOf\":{\"@id\":\"https:\/\/welovecinema.be\/nl\/#website\"},\"datePublished\":\"2019-03-11T09:03:01+00:00\",\"dateModified\":\"2019-03-11T17:38:51+00:00\",\"breadcrumb\":{\"@id\":\"https:\/\/welovecinema.be\/fr\/nicole-palo-binti-et-des-courts-belges-animes-primes-ce-week-end\/#breadcrumb\"},\"inLanguage\":\"fr-FR\",\"potentialAction\":[{\"@type\":\"ReadAction\",\"target\":[\"https:\/\/welovecinema.be\/fr\/nicole-palo-binti-et-des-courts-belges-animes-primes-ce-week-end\/\"]}]},{\"@type\":\"BreadcrumbList\",\"@id\":\"https:\/\/welovecinema.be\/fr\/nicole-palo-binti-et-des-courts-belges-animes-primes-ce-week-end\/#breadcrumb\",\"itemListElement\":[{\"@type\":\"ListItem\",\"position\":1,\"name\":\"Accueil\",\"item\":\"https:\/\/welovecinema.be\/fr\/\"},{\"@type\":\"ListItem\",\"position\":2,\"name\":\"Nicole Palo, Binti et des courts belges anim\u00e9s prim\u00e9s ce week-end\"}]},{\"@type\":\"WebSite\",\"@id\":\"https:\/\/welovecinema.be\/nl\/#website\",\"url\":\"https:\/\/welovecinema.be\/nl\/\",\"name\":\"We Love Cinema\",\"description\":\"Toute l\u2019information du cin\u00e9ma en Belgique\",\"publisher\":{\"@id\":\"https:\/\/welovecinema.be\/nl\/#organization\"},\"potentialAction\":[{\"@type\":\"SearchAction\",\"target\":{\"@type\":\"EntryPoint\",\"urlTemplate\":\"https:\/\/welovecinema.be\/nl\/?s={search_term_string}\"},\"query-input\":\"required name=search_term_string\"}],\"inLanguage\":\"fr-FR\"},{\"@type\":\"Organization\",\"@id\":\"https:\/\/welovecinema.be\/nl\/#organization\",\"name\":\"We Love Cinema\",\"url\":\"https:\/\/welovecinema.be\/nl\/\",\"logo\":{\"@type\":\"ImageObject\",\"inLanguage\":\"fr-FR\",\"@id\":\"https:\/\/welovecinema.be\/nl\/#\/schema\/logo\/image\/\",\"url\":\"https:\/\/welovecinema.be\/wp-content\/uploads\/sites\/2\/2023\/03\/Logo-We-Love-Cinema305x128.jpg\",\"contentUrl\":\"https:\/\/welovecinema.be\/wp-content\/uploads\/sites\/2\/2023\/03\/Logo-We-Love-Cinema305x128.jpg\",\"width\":305,\"height\":128,\"caption\":\"We Love Cinema\"},\"image\":{\"@id\":\"https:\/\/welovecinema.be\/nl\/#\/schema\/logo\/image\/\"},\"sameAs\":[\"https:\/\/www.facebook.com\/welovecinema.be\",\"https:\/\/www.youtube.com\/channel\/UCX5LYGVhnKvYauW4Nta4HJA\",\"https:\/\/www.instagram.com\/welovecinema.be\/\"]},{\"@type\":\"Person\",\"@id\":\"https:\/\/welovecinema.be\/nl\/#\/schema\/person\/8084b68c6b176142d073695c654dc7cf\",\"name\":\"Aurore Engelen\",\"url\":\"https:\/\/welovecinema.be\/fr\/author\/aurore-engelen\/\"}]}<\/script>\n<!-- \/ Yoast SEO plugin. -->","yoast_head_json":{"title":"Nicole Palo, Binti et des courts belges anim\u00e9s prim\u00e9s ce week-end - We Love Cinema","robots":{"index":"index","follow":"follow","max-snippet":"max-snippet:-1","max-image-preview":"max-image-preview:large","max-video-preview":"max-video-preview:-1"},"canonical":"https:\/\/welovecinema.be\/fr\/nicole-palo-binti-et-des-courts-belges-animes-primes-ce-week-end\/","og_locale":"fr_FR","og_type":"article","og_title":"Nicole Palo, Binti et des courts belges anim\u00e9s prim\u00e9s ce week-end - We Love Cinema","og_description":"De nombreux films belges se sont distingu\u00e9s ce week-end aussi bien en France qu&rsquo;en Belgique et jusqu&rsquo;au Canada! La semaine derni\u00e8re avait lieu la 16e \u00e9dition du Monte-Carlo Film Festival de la Com\u00e9die (MCFF). On retrouvait en comp\u00e9tition le film belge Emma Peeters de Nicole Palo, com\u00e9die surprenante sur une actrice&#8230; suicidaire! Le film \u00e9tait &hellip;","og_url":"https:\/\/welovecinema.be\/fr\/nicole-palo-binti-et-des-courts-belges-animes-primes-ce-week-end\/","og_site_name":"We Love Cinema","article_publisher":"https:\/\/www.facebook.com\/welovecinema.be","article_published_time":"2019-03-11T09:03:01+00:00","article_modified_time":"2019-03-11T17:38:51+00:00","og_image":[{"width":1200,"height":658,"url":"https:\/\/welovecinema.be\/wp-content\/uploads\/sites\/2\/2019\/03\/PrixWE.jpg","type":"image\/jpeg"}],"author":"Aurore Engelen","twitter_card":"summary_large_image","twitter_misc":{"\u00c9crit par":"Aurore Engelen","Dur\u00e9e de lecture estim\u00e9e":"3 minutes"},"schema":{"@context":"https:\/\/schema.org","@graph":[{"@type":"Article","@id":"https:\/\/welovecinema.be\/fr\/nicole-palo-binti-et-des-courts-belges-animes-primes-ce-week-end\/#article","isPartOf":{"@id":"https:\/\/welovecinema.be\/fr\/nicole-palo-binti-et-des-courts-belges-animes-primes-ce-week-end\/"},"author":{"name":"Aurore Engelen","@id":"https:\/\/welovecinema.be\/nl\/#\/schema\/person\/8084b68c6b176142d073695c654dc7cf"},"headline":"Nicole Palo, Binti et des courts belges anim\u00e9s prim\u00e9s ce week-end","datePublished":"2019-03-11T09:03:01+00:00","dateModified":"2019-03-11T17:38:51+00:00","mainEntityOfPage":{"@id":"https:\/\/welovecinema.be\/fr\/nicole-palo-binti-et-des-courts-belges-animes-primes-ce-week-end\/"},"wordCount":593,"publisher":{"@id":"https:\/\/welovecinema.be\/nl\/#organization"},"articleSection":["En bref"],"inLanguage":"fr-FR"},{"@type":"WebPage","@id":"https:\/\/welovecinema.be\/fr\/nicole-palo-binti-et-des-courts-belges-animes-primes-ce-week-end\/","url":"https:\/\/welovecinema.be\/fr\/nicole-palo-binti-et-des-courts-belges-animes-primes-ce-week-end\/","name":"Nicole Palo, Binti et des courts belges anim\u00e9s prim\u00e9s ce week-end - We Love Cinema","isPartOf":{"@id":"https:\/\/welovecinema.be\/nl\/#website"},"datePublished":"2019-03-11T09:03:01+00:00","dateModified":"2019-03-11T17:38:51+00:00","breadcrumb":{"@id":"https:\/\/welovecinema.be\/fr\/nicole-palo-binti-et-des-courts-belges-animes-primes-ce-week-end\/#breadcrumb"},"inLanguage":"fr-FR","potentialAction":[{"@type":"ReadAction","target":["https:\/\/welovecinema.be\/fr\/nicole-palo-binti-et-des-courts-belges-animes-primes-ce-week-end\/"]}]},{"@type":"BreadcrumbList","@id":"https:\/\/welovecinema.be\/fr\/nicole-palo-binti-et-des-courts-belges-animes-primes-ce-week-end\/#breadcrumb","itemListElement":[{"@type":"ListItem","position":1,"name":"Accueil","item":"https:\/\/welovecinema.be\/fr\/"},{"@type":"ListItem","position":2,"name":"Nicole Palo, Binti et des courts belges anim\u00e9s prim\u00e9s ce week-end"}]},{"@type":"WebSite","@id":"https:\/\/welovecinema.be\/nl\/#website","url":"https:\/\/welovecinema.be\/nl\/","name":"We Love Cinema","description":"Toute l\u2019information du cin\u00e9ma en Belgique","publisher":{"@id":"https:\/\/welovecinema.be\/nl\/#organization"},"potentialAction":[{"@type":"SearchAction","target":{"@type":"EntryPoint","urlTemplate":"https:\/\/welovecinema.be\/nl\/?s={search_term_string}"},"query-input":"required name=search_term_string"}],"inLanguage":"fr-FR"},{"@type":"Organization","@id":"https:\/\/welovecinema.be\/nl\/#organization","name":"We Love Cinema","url":"https:\/\/welovecinema.be\/nl\/","logo":{"@type":"ImageObject","inLanguage":"fr-FR","@id":"https:\/\/welovecinema.be\/nl\/#\/schema\/logo\/image\/","url":"https:\/\/welovecinema.be\/wp-content\/uploads\/sites\/2\/2023\/03\/Logo-We-Love-Cinema305x128.jpg","contentUrl":"https:\/\/welovecinema.be\/wp-content\/uploads\/sites\/2\/2023\/03\/Logo-We-Love-Cinema305x128.jpg","width":305,"height":128,"caption":"We Love Cinema"},"image":{"@id":"https:\/\/welovecinema.be\/nl\/#\/schema\/logo\/image\/"},"sameAs":["https:\/\/www.facebook.com\/welovecinema.be","https:\/\/www.youtube.com\/channel\/UCX5LYGVhnKvYauW4Nta4HJA","https:\/\/www.instagram.com\/welovecinema.be\/"]},{"@type":"Person","@id":"https:\/\/welovecinema.be\/nl\/#\/schema\/person\/8084b68c6b176142d073695c654dc7cf","name":"Aurore Engelen","url":"https:\/\/welovecinema.be\/fr\/author\/aurore-engelen\/"}]}},"_links":{"self":[{"href":"https:\/\/welovecinema.be\/fr\/wp-json\/wp\/v2\/posts\/217992","targetHints":{"allow":["GET"]}}],"collection":[{"href":"https:\/\/welovecinema.be\/fr\/wp-json\/wp\/v2\/posts"}],"about":[{"href":"https:\/\/welovecinema.be\/fr\/wp-json\/wp\/v2\/types\/post"}],"author":[{"embeddable":true,"href":"https:\/\/welovecinema.be\/fr\/wp-json\/wp\/v2\/users\/343"}],"replies":[{"embeddable":true,"href":"https:\/\/welovecinema.be\/fr\/wp-json\/wp\/v2\/comments?post=217992"}],"version-history":[{"count":0,"href":"https:\/\/welovecinema.be\/fr\/wp-json\/wp\/v2\/posts\/217992\/revisions"}],"wp:featuredmedia":[{"embeddable":true,"href":"https:\/\/welovecinema.be\/fr\/wp-json\/wp\/v2\/media\/217996"}],"wp:attachment":[{"href":"https:\/\/welovecinema.be\/fr\/wp-json\/wp\/v2\/media?parent=217992"}],"wp:term":[{"taxonomy":"category","embeddable":true,"href":"https:\/\/welovecinema.be\/fr\/wp-json\/wp\/v2\/categories?post=217992"},{"taxonomy":"post_tag","embeddable":true,"href":"https:\/\/welovecinema.be\/fr\/wp-json\/wp\/v2\/tags?post=217992"}],"curies":[{"name":"wp","href":"https:\/\/api.w.org\/{rel}","templated":true}]}}