{"id":217677,"date":"2019-02-28T13:07:30","date_gmt":"2019-02-28T12:07:30","guid":{"rendered":"https:\/\/www.cinevox.be\/?p=217677"},"modified":"2019-03-04T10:27:26","modified_gmt":"2019-03-04T09:27:26","slug":"olivier-van-hoofstadt-rachel-lang-banu-akseki-et-sirot-balboni-soutenus-par-screen-brussels","status":"publish","type":"post","link":"https:\/\/welovecinema.be\/fr\/olivier-van-hoofstadt-rachel-lang-banu-akseki-et-sirot-balboni-soutenus-par-screen-brussels\/","title":{"rendered":"Olivier Van Hoofstadt, Rachel Lang, Banu Akseki et Sirot &#038; Balboni soutenus par screen.brussels"},"content":{"rendered":"<p><strong>La 9e session du fonds d&rsquo;investissement r\u00e9gional screen.brussels vient d&rsquo;annoncer ses r\u00e9sultats, l&rsquo;occasion de saluer les retours d&rsquo;<span class=\"s1\">Olivier Van Hoofstadt et de Bigfoot, le premier long de Banu Akseki, ou encore la premi\u00e8re production long m\u00e9trage \u00e0 petit budget soutenue par le fonds, le projet du duo form\u00e9 par Ann Sirot et Rapha\u00ebl Balboni, <em>Une vie d\u00e9mente<\/em>.<\/span><\/strong><\/p>\n<h4>Longs m\u00e9trages de fiction<\/h4>\n<p>On l&rsquo;attendait depuis fort longtemps (<em>Go Fast<\/em> en 2008),<strong> Olivier Van Hoofstadt<\/strong>, r\u00e9alisateur culte de <em>Dikkenek<\/em> dont les r\u00e9pliques animent encore les fans du film, revient avec <em><strong>Lucky<\/strong><\/em>. Eprouve\u0301 par la mort de son 3e\u0300me chien, un beagle nomme\u0301 \u00ab Lucky 3 \u00bb, Willy, distributeur de prospectus depuis toujours, avec la complicite\u0301 de son ami d\u2019enfance Tony, endette\u0301 de naissance , \u00ab empruntent \u00bb un beagle dans une voiture qui s\u2019ave\u0300re e\u0302tre celle d\u2019un policier, colle\u0300gue de Caro (Florence Foresti), la terreur du commissariat. \u00ab Lucky 4 \u00bb devient alors le centre d\u2019un imbroglio policier, a\u0300 l\u2019origine, comme dans <em>Dikkenek<\/em>, de rencontres d\u00e9licisieusement improbables. Come\u0301die 100% belge sur le sol franc\u0327ais<span class=\"s1\">, le film rassemble un casting tr\u00e8s populaire avec notamment Alban Ivanov (<i>Le Grand bain, Le sens de la f\u00eate, La marche<\/i>), Micha\u00ebl Youn (<i>Carbone, Vive la France, Iznogoud<\/i>) et Florence Foresti (<i>De plus belle, Ast\u00e9rix et la potion magique, Dikkenek<\/i>), qui croiseront le com\u00e9dien Yoann Blanc (<i>La Tr\u00eave, Une part d\u2019ombre, Un homme \u00e0 la mer<\/i>). Le film sera produit par La Compagnie Cin\u00e9matographique.<\/span><\/p>\n<p>La cin\u00e9aste <strong>Banu Akseki<\/strong> (<em>Songes d&rsquo;une femme de m\u00e9nage, Thermes, Avant-terme<\/em>) s&rsquo;appr\u00eate quant \u00e0 elle \u00e0 lancer le tournage de son premier long m\u00e9trage, <strong><em>Sans soleil<\/em><\/strong>, dont on reparlera bient\u00f4t. A<span class=\"s1\">lors que des \u00e9ruptions solaires affectent la terre, Hugo, un adolescent adopt\u00e9 par un couple ais\u00e9 voit surgir une femme ressemblant \u00e0 sa m\u00e8re biologique disparue dix ans plus t\u00f4t. Figure fantasm\u00e9e, marginale, excessive, elle va bouleverser les fondements de sa personnalit\u00e9. Au casting de ce film m\u00ealant film d\u2019auteur et de genre, on d\u00e9couvrira notamment le jeune com\u00e9dien Louka Minnella (d\u00e9couvert dans <i>La fille inconnue<\/i>, vu r\u00e9cemment dans le court m\u00e9trage <i>Accord Parental <\/i>de Benjamin Belloir) et la com\u00e9dienne Sandrine Blancke (<i>Toto le H\u00e9ros, S\u0153ur Sourire, La Tr\u00eave, No Fun).<\/i> Le film est produit par Frakas.\u00a0<\/span><\/p>\n<p>Le fonds soutient \u00e9galement <strong><em>Mon L\u00e9gionnaire<\/em><\/strong>, le deuxi\u00e8me long m\u00e9trage de <strong>Rachel Lang<\/strong> (<em>Baden Baden<\/em>), laur\u00e9at de la Fondation Gan, dont nous avons d\u00e9j\u00e0 eu l&rsquo;occasion de vous parler \u00e0 cette occasion, produit par Wrong Men, ainsi que <em>Valses de Vienne,<\/em> le nouveau film de Marc Fitoussi <span class=\"s1\">(<i>Copacabana, Dix pour cent saison 3<\/i>), avec Karin Viard et Yvan Attal, une production Scope Pictures.<\/span><\/p>\n<p>Mais revenons sur <em><strong>Une vie d\u00e9mente<\/strong><\/em>, le projet d&rsquo;<strong>Ann Sirot et Rapha\u00ebl Balboni<\/strong>. Celui-ci fait partie des premiers projets s\u00e9lectionn\u00e9s par le Centre du Cin\u00e9ma dans le cadre de sa nouvelle ligne de soutien aux productions l\u00e9g\u00e8res. <span class=\"s1\">Suzanne, soixantenaire \u00e9l\u00e9gante et charismatique, est directrice d\u2019un centre d\u2019art contemporain \u00e0 Bruxelles. Elle commence \u00e0 d\u00e9railler, \u00e0 voler des voitures, couper les cheveux des voisins dans leur sommeil\u2026 et son fils Alex comprend pourquoi : elle a contract\u00e9 une maladie neurod\u00e9g\u00e9n\u00e9rative fatale, la d\u00e9mence s\u00e9mantique, qui atteint gravement son comportement. Les r\u00e9alisateurs <a href=\"https:\/\/www.cinevox.be\/fr\/cinema-belge-moi-ep-22-ann-sirot-raphael-balboni\/\">nous parlaient justement de ce projet<\/a> il y a quelques mois, qui sera produit par H\u00e9licotronc.\u00a0<\/span><\/p>\n<h4>Animation<\/h4>\n<p>Le fonds soutient \u00e9galement deux longs m\u00e9trages d&rsquo;animation, dont <em><strong>Bigfoot Superstar<\/strong><\/em> de <strong>Ben Stassen et J\u00e9r\u00e9mie Degruson<\/strong>. <span class=\"s1\">Suite du premier opus <em>Bigfoot Junior,<\/em> ce long m\u00e9trage d\u2019animation nous replonge dans les aventures d\u2019Adam, de sa m\u00e8re Shelly, de son p\u00e8re Bigfoot\u2026 et de leur ribambelle d\u2019animaux domestiques. Suite \u00e0 une myst\u00e9rieuse disparition, c\u2019est toute la clique qui s\u2019emballe dans une \u00e9pop\u00e9e hilarante et haute en couleur. Comme le pr\u00e9c\u00e9dent, le film est produit par nWave.<\/span><\/p>\n<h4>Documentaires<\/h4>\n<p>Enfin, screen.brussels apporte son soutien \u00e0 trois documentaires, dont deux belges. <strong><em>Le Prix de la d\u00e9raison<\/em><\/strong> est un film de la journaliste et r\u00e9alisatrice <strong>Safia Kessas<\/strong> (<em>Section professionnelle<\/em>), produite par AT-prod. <span class=\"s1\">Sujet br\u00fblant d\u2019actualit\u00e9, le documentaire suit le quotidien de Ga\u00eblle, 29 ans. Elle fait partie de ceux que l\u2019on appelle les \u2018revenants\u2019. De retour au pays apr\u00e8s avoir rejoint l\u2019\u00c9tat Islamique en 2015, elle perdu la garde de sa fille qu\u2019elle avait emmen\u00e9e dans son p\u00e9riple fou \u00e0 Raqqa. Mais retisser des lien avec son enfant, apr\u00e8s son p\u00e9riple et son passage en prison est un parcours qui est loin d\u2019\u00eatre ais\u00e9.<\/span><\/p>\n<p class=\"p1\"><span class=\"s1\"><b><em>Petit samedi<\/em> <\/b>de<\/span> <strong>Paloma Sermon Da\u00ef<\/strong> (<em>Makenzie<\/em>) suit le quotidien et les \u00e9chapp\u00e9es de Damien Samedi, quarantenaire, toxicomane immuable, \u00e0 la recherche perp\u00e9tuelle d\u2019argent, d\u2019amour ou d\u2019un grille-pain \u00e0 revendre pour quelques sous.<span class=\"Apple-converted-space\">\u00a0 <\/span>Le documentaire sera produit par Michigan Films.<\/p>\n<p>Le documentaire fran\u00e7ais <em>Qu&rsquo;est-ce que je fais l\u00e0<\/em> de Bertrand de Solliers produit par YC Aligator est \u00e9galement soutenu, ainsi que la s\u00e9rie flamande <em>Undercover<\/em> r\u00e9alis\u00e9e par Peter Van Hees et Cecilia Verheyden produite par De Mensen et Les Gens.<\/p>\n<p>&nbsp;<\/p>\n<h4>A LIRE AUSSI<\/h4>\n<p><a href=\"https:\/\/www.cinevox.be\/fr\/rachel-lang-laureate-2018-de-la-fondation-gan-avec-mon-legionnaire\/\">Rachel Lang, laur\u00e9ate de la Fondation Gan avec <em>Mon L\u00e9gionnaire<\/em><\/a><\/p>\n<p><a href=\"https:\/\/www.cinevox.be\/fr\/cinema-belge-moi-ep-22-ann-sirot-raphael-balboni\/\">Le cin\u00e9ma belge et moi, \u00e9p.22: Ann Sirot et Rapha\u00ebl Balboni<\/a><\/p>\n<p><a href=\"https:\/\/www.cinevox.be\/fr\/bigfoot-junior-adolescent-ordinaire\/\"><em>Bigfoot Junior<\/em>, un adolescent pas si ordinaire<\/a><\/p>\n<p><a href=\"https:\/\/www.cinevox.be\/fr\/section-professionnelle-1-an-en-apnee-a-lathenee\/\"><em>Section professionnelle<\/em>, 1 an en apn\u00e9e \u00e0 l&rsquo;Ath\u00e9n\u00e9e<\/a><\/p>\n","protected":false},"excerpt":{"rendered":"<p>La 9e session du fonds d&rsquo;investissement r\u00e9gional screen.brussels vient d&rsquo;annoncer ses r\u00e9sultats, l&rsquo;occasion de saluer les retours d&rsquo;Olivier Van Hoofstadt et de Bigfoot, le premier long de Banu Akseki, ou encore la premi\u00e8re production long m\u00e9trage \u00e0 petit budget soutenue par le fonds, le projet du duo form\u00e9 par Ann Sirot et Rapha\u00ebl Balboni, Une &hellip;<\/p>\n","protected":false},"author":343,"featured_media":217735,"comment_status":"closed","ping_status":"closed","sticky":false,"template":"","format":"standard","meta":{"ngg_post_thumbnail":0,"footnotes":""},"categories":[53],"tags":[4092,4091,4093,2329],"class_list":["post-217677","post","type-post","status-publish","format-standard","has-post-thumbnail","","category-coming-soon","tag-lucky","tag-mon-legionnaire","tag-sans-soleil","tag-screen-brussels"],"yoast_head":"<!-- This site is optimized with the Yoast SEO plugin v20.4 - https:\/\/yoast.com\/wordpress\/plugins\/seo\/ -->\n<title>Olivier Van Hoofstadt, Rachel Lang, Banu Akseki et Sirot &amp; Balboni soutenus par screen.brussels - We Love Cinema<\/title>\n<meta name=\"robots\" content=\"index, follow, max-snippet:-1, max-image-preview:large, max-video-preview:-1\" \/>\n<link rel=\"canonical\" href=\"https:\/\/welovecinema.be\/fr\/olivier-van-hoofstadt-rachel-lang-banu-akseki-et-sirot-balboni-soutenus-par-screen-brussels\/\" \/>\n<meta property=\"og:locale\" content=\"fr_FR\" \/>\n<meta property=\"og:type\" content=\"article\" \/>\n<meta property=\"og:title\" content=\"Olivier Van Hoofstadt, Rachel Lang, Banu Akseki et Sirot &amp; Balboni soutenus par screen.brussels - We Love Cinema\" \/>\n<meta property=\"og:description\" content=\"La 9e session du fonds d&rsquo;investissement r\u00e9gional screen.brussels vient d&rsquo;annoncer ses r\u00e9sultats, l&rsquo;occasion de saluer les retours d&rsquo;Olivier Van Hoofstadt et de Bigfoot, le premier long de Banu Akseki, ou encore la premi\u00e8re production long m\u00e9trage \u00e0 petit budget soutenue par le fonds, le projet du duo form\u00e9 par Ann Sirot et Rapha\u00ebl Balboni, Une &hellip;\" \/>\n<meta property=\"og:url\" content=\"https:\/\/welovecinema.be\/fr\/olivier-van-hoofstadt-rachel-lang-banu-akseki-et-sirot-balboni-soutenus-par-screen-brussels\/\" \/>\n<meta property=\"og:site_name\" content=\"We Love Cinema\" \/>\n<meta property=\"article:publisher\" content=\"https:\/\/www.facebook.com\/welovecinema.be\" \/>\n<meta property=\"article:published_time\" content=\"2019-02-28T12:07:30+00:00\" \/>\n<meta property=\"article:modified_time\" content=\"2019-03-04T09:27:26+00:00\" \/>\n<meta property=\"og:image\" content=\"https:\/\/welovecinema.be\/wp-content\/uploads\/sites\/2\/2019\/02\/ScreenBrussels9e.jpg\" \/>\n\t<meta property=\"og:image:width\" content=\"1200\" \/>\n\t<meta property=\"og:image:height\" content=\"628\" \/>\n\t<meta property=\"og:image:type\" content=\"image\/jpeg\" \/>\n<meta name=\"author\" content=\"Aurore Engelen\" \/>\n<meta name=\"twitter:card\" content=\"summary_large_image\" \/>\n<meta name=\"twitter:label1\" content=\"\u00c9crit par\" \/>\n\t<meta name=\"twitter:data1\" content=\"Aurore Engelen\" \/>\n\t<meta name=\"twitter:label2\" content=\"Dur\u00e9e de lecture estim\u00e9e\" \/>\n\t<meta name=\"twitter:data2\" content=\"5 minutes\" \/>\n<script type=\"application\/ld+json\" class=\"yoast-schema-graph\">{\"@context\":\"https:\/\/schema.org\",\"@graph\":[{\"@type\":\"Article\",\"@id\":\"https:\/\/welovecinema.be\/fr\/olivier-van-hoofstadt-rachel-lang-banu-akseki-et-sirot-balboni-soutenus-par-screen-brussels\/#article\",\"isPartOf\":{\"@id\":\"https:\/\/welovecinema.be\/fr\/olivier-van-hoofstadt-rachel-lang-banu-akseki-et-sirot-balboni-soutenus-par-screen-brussels\/\"},\"author\":{\"name\":\"Aurore Engelen\",\"@id\":\"https:\/\/welovecinema.be\/nl\/#\/schema\/person\/8084b68c6b176142d073695c654dc7cf\"},\"headline\":\"Olivier Van Hoofstadt, Rachel Lang, Banu Akseki et Sirot &#038; Balboni soutenus par screen.brussels\",\"datePublished\":\"2019-02-28T12:07:30+00:00\",\"dateModified\":\"2019-03-04T09:27:26+00:00\",\"mainEntityOfPage\":{\"@id\":\"https:\/\/welovecinema.be\/fr\/olivier-van-hoofstadt-rachel-lang-banu-akseki-et-sirot-balboni-soutenus-par-screen-brussels\/\"},\"wordCount\":945,\"publisher\":{\"@id\":\"https:\/\/welovecinema.be\/nl\/#organization\"},\"keywords\":[\"lucky\",\"mon l\u00e9gionnaire\",\"Sans soleil\",\"screen.brussels\"],\"articleSection\":[\"Coming soon\"],\"inLanguage\":\"fr-FR\"},{\"@type\":\"WebPage\",\"@id\":\"https:\/\/welovecinema.be\/fr\/olivier-van-hoofstadt-rachel-lang-banu-akseki-et-sirot-balboni-soutenus-par-screen-brussels\/\",\"url\":\"https:\/\/welovecinema.be\/fr\/olivier-van-hoofstadt-rachel-lang-banu-akseki-et-sirot-balboni-soutenus-par-screen-brussels\/\",\"name\":\"Olivier Van Hoofstadt, Rachel Lang, Banu Akseki et Sirot & Balboni soutenus par screen.brussels - We Love Cinema\",\"isPartOf\":{\"@id\":\"https:\/\/welovecinema.be\/nl\/#website\"},\"datePublished\":\"2019-02-28T12:07:30+00:00\",\"dateModified\":\"2019-03-04T09:27:26+00:00\",\"breadcrumb\":{\"@id\":\"https:\/\/welovecinema.be\/fr\/olivier-van-hoofstadt-rachel-lang-banu-akseki-et-sirot-balboni-soutenus-par-screen-brussels\/#breadcrumb\"},\"inLanguage\":\"fr-FR\",\"potentialAction\":[{\"@type\":\"ReadAction\",\"target\":[\"https:\/\/welovecinema.be\/fr\/olivier-van-hoofstadt-rachel-lang-banu-akseki-et-sirot-balboni-soutenus-par-screen-brussels\/\"]}]},{\"@type\":\"BreadcrumbList\",\"@id\":\"https:\/\/welovecinema.be\/fr\/olivier-van-hoofstadt-rachel-lang-banu-akseki-et-sirot-balboni-soutenus-par-screen-brussels\/#breadcrumb\",\"itemListElement\":[{\"@type\":\"ListItem\",\"position\":1,\"name\":\"Accueil\",\"item\":\"https:\/\/welovecinema.be\/fr\/\"},{\"@type\":\"ListItem\",\"position\":2,\"name\":\"Olivier Van Hoofstadt, Rachel Lang, Banu Akseki et Sirot &#038; Balboni soutenus par screen.brussels\"}]},{\"@type\":\"WebSite\",\"@id\":\"https:\/\/welovecinema.be\/nl\/#website\",\"url\":\"https:\/\/welovecinema.be\/nl\/\",\"name\":\"We Love Cinema\",\"description\":\"Toute l\u2019information du cin\u00e9ma en Belgique\",\"publisher\":{\"@id\":\"https:\/\/welovecinema.be\/nl\/#organization\"},\"potentialAction\":[{\"@type\":\"SearchAction\",\"target\":{\"@type\":\"EntryPoint\",\"urlTemplate\":\"https:\/\/welovecinema.be\/nl\/?s={search_term_string}\"},\"query-input\":\"required name=search_term_string\"}],\"inLanguage\":\"fr-FR\"},{\"@type\":\"Organization\",\"@id\":\"https:\/\/welovecinema.be\/nl\/#organization\",\"name\":\"We Love Cinema\",\"url\":\"https:\/\/welovecinema.be\/nl\/\",\"logo\":{\"@type\":\"ImageObject\",\"inLanguage\":\"fr-FR\",\"@id\":\"https:\/\/welovecinema.be\/nl\/#\/schema\/logo\/image\/\",\"url\":\"https:\/\/welovecinema.be\/wp-content\/uploads\/sites\/2\/2023\/03\/Logo-We-Love-Cinema305x128.jpg\",\"contentUrl\":\"https:\/\/welovecinema.be\/wp-content\/uploads\/sites\/2\/2023\/03\/Logo-We-Love-Cinema305x128.jpg\",\"width\":305,\"height\":128,\"caption\":\"We Love Cinema\"},\"image\":{\"@id\":\"https:\/\/welovecinema.be\/nl\/#\/schema\/logo\/image\/\"},\"sameAs\":[\"https:\/\/www.facebook.com\/welovecinema.be\",\"https:\/\/www.youtube.com\/channel\/UCX5LYGVhnKvYauW4Nta4HJA\",\"https:\/\/www.instagram.com\/welovecinema.be\/\"]},{\"@type\":\"Person\",\"@id\":\"https:\/\/welovecinema.be\/nl\/#\/schema\/person\/8084b68c6b176142d073695c654dc7cf\",\"name\":\"Aurore Engelen\",\"url\":\"https:\/\/welovecinema.be\/fr\/author\/aurore-engelen\/\"}]}<\/script>\n<!-- \/ Yoast SEO plugin. -->","yoast_head_json":{"title":"Olivier Van Hoofstadt, Rachel Lang, Banu Akseki et Sirot & Balboni soutenus par screen.brussels - We Love Cinema","robots":{"index":"index","follow":"follow","max-snippet":"max-snippet:-1","max-image-preview":"max-image-preview:large","max-video-preview":"max-video-preview:-1"},"canonical":"https:\/\/welovecinema.be\/fr\/olivier-van-hoofstadt-rachel-lang-banu-akseki-et-sirot-balboni-soutenus-par-screen-brussels\/","og_locale":"fr_FR","og_type":"article","og_title":"Olivier Van Hoofstadt, Rachel Lang, Banu Akseki et Sirot & Balboni soutenus par screen.brussels - We Love Cinema","og_description":"La 9e session du fonds d&rsquo;investissement r\u00e9gional screen.brussels vient d&rsquo;annoncer ses r\u00e9sultats, l&rsquo;occasion de saluer les retours d&rsquo;Olivier Van Hoofstadt et de Bigfoot, le premier long de Banu Akseki, ou encore la premi\u00e8re production long m\u00e9trage \u00e0 petit budget soutenue par le fonds, le projet du duo form\u00e9 par Ann Sirot et Rapha\u00ebl Balboni, Une &hellip;","og_url":"https:\/\/welovecinema.be\/fr\/olivier-van-hoofstadt-rachel-lang-banu-akseki-et-sirot-balboni-soutenus-par-screen-brussels\/","og_site_name":"We Love Cinema","article_publisher":"https:\/\/www.facebook.com\/welovecinema.be","article_published_time":"2019-02-28T12:07:30+00:00","article_modified_time":"2019-03-04T09:27:26+00:00","og_image":[{"width":1200,"height":628,"url":"https:\/\/welovecinema.be\/wp-content\/uploads\/sites\/2\/2019\/02\/ScreenBrussels9e.jpg","type":"image\/jpeg"}],"author":"Aurore Engelen","twitter_card":"summary_large_image","twitter_misc":{"\u00c9crit par":"Aurore Engelen","Dur\u00e9e de lecture estim\u00e9e":"5 minutes"},"schema":{"@context":"https:\/\/schema.org","@graph":[{"@type":"Article","@id":"https:\/\/welovecinema.be\/fr\/olivier-van-hoofstadt-rachel-lang-banu-akseki-et-sirot-balboni-soutenus-par-screen-brussels\/#article","isPartOf":{"@id":"https:\/\/welovecinema.be\/fr\/olivier-van-hoofstadt-rachel-lang-banu-akseki-et-sirot-balboni-soutenus-par-screen-brussels\/"},"author":{"name":"Aurore Engelen","@id":"https:\/\/welovecinema.be\/nl\/#\/schema\/person\/8084b68c6b176142d073695c654dc7cf"},"headline":"Olivier Van Hoofstadt, Rachel Lang, Banu Akseki et Sirot &#038; Balboni soutenus par screen.brussels","datePublished":"2019-02-28T12:07:30+00:00","dateModified":"2019-03-04T09:27:26+00:00","mainEntityOfPage":{"@id":"https:\/\/welovecinema.be\/fr\/olivier-van-hoofstadt-rachel-lang-banu-akseki-et-sirot-balboni-soutenus-par-screen-brussels\/"},"wordCount":945,"publisher":{"@id":"https:\/\/welovecinema.be\/nl\/#organization"},"keywords":["lucky","mon l\u00e9gionnaire","Sans soleil","screen.brussels"],"articleSection":["Coming soon"],"inLanguage":"fr-FR"},{"@type":"WebPage","@id":"https:\/\/welovecinema.be\/fr\/olivier-van-hoofstadt-rachel-lang-banu-akseki-et-sirot-balboni-soutenus-par-screen-brussels\/","url":"https:\/\/welovecinema.be\/fr\/olivier-van-hoofstadt-rachel-lang-banu-akseki-et-sirot-balboni-soutenus-par-screen-brussels\/","name":"Olivier Van Hoofstadt, Rachel Lang, Banu Akseki et Sirot & Balboni soutenus par screen.brussels - We Love Cinema","isPartOf":{"@id":"https:\/\/welovecinema.be\/nl\/#website"},"datePublished":"2019-02-28T12:07:30+00:00","dateModified":"2019-03-04T09:27:26+00:00","breadcrumb":{"@id":"https:\/\/welovecinema.be\/fr\/olivier-van-hoofstadt-rachel-lang-banu-akseki-et-sirot-balboni-soutenus-par-screen-brussels\/#breadcrumb"},"inLanguage":"fr-FR","potentialAction":[{"@type":"ReadAction","target":["https:\/\/welovecinema.be\/fr\/olivier-van-hoofstadt-rachel-lang-banu-akseki-et-sirot-balboni-soutenus-par-screen-brussels\/"]}]},{"@type":"BreadcrumbList","@id":"https:\/\/welovecinema.be\/fr\/olivier-van-hoofstadt-rachel-lang-banu-akseki-et-sirot-balboni-soutenus-par-screen-brussels\/#breadcrumb","itemListElement":[{"@type":"ListItem","position":1,"name":"Accueil","item":"https:\/\/welovecinema.be\/fr\/"},{"@type":"ListItem","position":2,"name":"Olivier Van Hoofstadt, Rachel Lang, Banu Akseki et Sirot &#038; Balboni soutenus par screen.brussels"}]},{"@type":"WebSite","@id":"https:\/\/welovecinema.be\/nl\/#website","url":"https:\/\/welovecinema.be\/nl\/","name":"We Love Cinema","description":"Toute l\u2019information du cin\u00e9ma en Belgique","publisher":{"@id":"https:\/\/welovecinema.be\/nl\/#organization"},"potentialAction":[{"@type":"SearchAction","target":{"@type":"EntryPoint","urlTemplate":"https:\/\/welovecinema.be\/nl\/?s={search_term_string}"},"query-input":"required name=search_term_string"}],"inLanguage":"fr-FR"},{"@type":"Organization","@id":"https:\/\/welovecinema.be\/nl\/#organization","name":"We Love Cinema","url":"https:\/\/welovecinema.be\/nl\/","logo":{"@type":"ImageObject","inLanguage":"fr-FR","@id":"https:\/\/welovecinema.be\/nl\/#\/schema\/logo\/image\/","url":"https:\/\/welovecinema.be\/wp-content\/uploads\/sites\/2\/2023\/03\/Logo-We-Love-Cinema305x128.jpg","contentUrl":"https:\/\/welovecinema.be\/wp-content\/uploads\/sites\/2\/2023\/03\/Logo-We-Love-Cinema305x128.jpg","width":305,"height":128,"caption":"We Love Cinema"},"image":{"@id":"https:\/\/welovecinema.be\/nl\/#\/schema\/logo\/image\/"},"sameAs":["https:\/\/www.facebook.com\/welovecinema.be","https:\/\/www.youtube.com\/channel\/UCX5LYGVhnKvYauW4Nta4HJA","https:\/\/www.instagram.com\/welovecinema.be\/"]},{"@type":"Person","@id":"https:\/\/welovecinema.be\/nl\/#\/schema\/person\/8084b68c6b176142d073695c654dc7cf","name":"Aurore Engelen","url":"https:\/\/welovecinema.be\/fr\/author\/aurore-engelen\/"}]}},"_links":{"self":[{"href":"https:\/\/welovecinema.be\/fr\/wp-json\/wp\/v2\/posts\/217677","targetHints":{"allow":["GET"]}}],"collection":[{"href":"https:\/\/welovecinema.be\/fr\/wp-json\/wp\/v2\/posts"}],"about":[{"href":"https:\/\/welovecinema.be\/fr\/wp-json\/wp\/v2\/types\/post"}],"author":[{"embeddable":true,"href":"https:\/\/welovecinema.be\/fr\/wp-json\/wp\/v2\/users\/343"}],"replies":[{"embeddable":true,"href":"https:\/\/welovecinema.be\/fr\/wp-json\/wp\/v2\/comments?post=217677"}],"version-history":[{"count":0,"href":"https:\/\/welovecinema.be\/fr\/wp-json\/wp\/v2\/posts\/217677\/revisions"}],"wp:featuredmedia":[{"embeddable":true,"href":"https:\/\/welovecinema.be\/fr\/wp-json\/wp\/v2\/media\/217735"}],"wp:attachment":[{"href":"https:\/\/welovecinema.be\/fr\/wp-json\/wp\/v2\/media?parent=217677"}],"wp:term":[{"taxonomy":"category","embeddable":true,"href":"https:\/\/welovecinema.be\/fr\/wp-json\/wp\/v2\/categories?post=217677"},{"taxonomy":"post_tag","embeddable":true,"href":"https:\/\/welovecinema.be\/fr\/wp-json\/wp\/v2\/tags?post=217677"}],"curies":[{"name":"wp","href":"https:\/\/api.w.org\/{rel}","templated":true}]}}