{"id":216839,"date":"2019-02-06T09:52:10","date_gmt":"2019-02-06T08:52:10","guid":{"rendered":"https:\/\/www.cinevox.be\/?p=216839"},"modified":"2019-02-06T09:52:10","modified_gmt":"2019-02-06T08:52:10","slug":"tout-court-programme-du-6-fevrier-2019","status":"publish","type":"post","link":"https:\/\/welovecinema.be\/fr\/tout-court-programme-du-6-fevrier-2019\/","title":{"rendered":"\u00ab\u00a0Tout court\u00a0\u00bb, programme du 6 f\u00e9vrier 2019"},"content":{"rendered":"<p><strong>Au programme de Tout court cette semaine, science-fiction, animation, et musique.<\/strong><\/p>\n<hr \/>\n<h4><em><strong>Betelgeuse<\/strong><\/em> de Bruno Tracq<\/h4>\n<p>Et si c&rsquo;\u00e9tait la fin ? La supernova Betelgeuse va mourir, et ses rayons gamma pourraient balayer la vie sur Terre. Tandis que les scientifiques restent divis\u00e9s, la rumeur se r\u00e9pand. Sarah, astrophysicienne belge bas\u00e9e au Nouveau-Mexique, passe ses journ\u00e9es \u00e0 refaire les calculs et les th\u00e9ories sur l&rsquo;explosion de l&rsquo;\u00e9toile. Depuis que son coll\u00e8gue et amant Elliot est mort dans un accident de voiture, elle vit enferm\u00e9e chez elle pour \u00e9viter les crises de panique qui la foudroient d\u00e8s qu&rsquo;elle passe sa porte. Sarah d\u00e9cide qu&rsquo;il est temps de mettre un terme \u00e0 cette situation impossible. Mais un fant\u00f4me du pass\u00e9 la convainc de faire une derni\u00e8re chose : si elle doit se tuer, elle devra le faire au milieu des montagnes, l\u00e0 o\u00f9 elle a rencontr\u00e9 son amour perdu. Le jour vient. Betelgeuse est sur le point d&rsquo;exploser&#8230;<\/p>\n<p><em>Avec Lubna Azabal et John Flanders<\/em><\/p>\n<p><iframe loading=\"lazy\" title=\"Betelgeuse - Trailer\" src=\"https:\/\/player.vimeo.com\/video\/174087785?dnt=1&amp;app_id=122963\" width=\"618\" height=\"259\" frameborder=\"0\" allow=\"autoplay; fullscreen; picture-in-picture; clipboard-write; encrypted-media\"><\/iframe><\/p>\n<hr \/>\n<h4><em><strong>Totems<\/strong><\/em> de Paul Jadoul<\/h4>\n<div class=\"article-top \">\n<div class=\"teaser-text field-descshort field-article-teaser-text\">\n<div><em>Animation<\/em><\/div>\n<div><\/div>\n<div class=\"inner\">Un b\u00fbcheron qui travaille en for\u00eat d\u00e9rape, et tombe avec sa tron\u00e7onneuse. Un arbre s\u2019\u00e9crase sur sa jambe et l\u2019immobilise. La d\u00e9tresse r\u00e9veille alors l\u2019animal cach\u00e9 en lui. Progressivement, il se transforme en diverses b\u00eates sauvages pour tenter de se d\u00e9gager.<\/div>\n<div><\/div>\n<\/div>\n<\/div>\n<div class=\"article-featured \">\n<div class=\"article-video\">\n<p><iframe loading=\"lazy\" src=\"https:\/\/www.youtube.com\/embed\/tGLcab5uXkc\" width=\"560\" height=\"315\" frameborder=\"0\" allowfullscreen=\"allowfullscreen\" data-mce-fragment=\"1\"><\/iframe><\/p>\n<hr \/>\n<h4><em><strong>Acouph\u00e8ne<\/strong><\/em> de Fran\u00e7ois Chandelle<\/h4>\n<p>S\u00e9bastien a retrouv\u00e9 une cassette audio sur laquelle Ludo, son meilleur ami qui vient de mourir, joue un morceau de guitare. Il lui reste deux jours pour apprendre ce morceau et rendre un ultime hommage a son ami lors de l&rsquo;enterrement. Linda, la maman du d\u00e9funt, vient de rentrer en urgence de sa tourn\u00e9e. Qu&rsquo;elle le veuille ou non, S\u00e9bastien jouera ce morceau.<\/p>\n<p><em>Avec\u00a0Elli Medeiros, Anton Kouzemin, Oph\u00e9lie Honore, Camille Volgaire<\/em><\/p>\n<p>&nbsp;<\/p>\n<p><iframe loading=\"lazy\" title=\"ACOUPHENE \/\/\/ Trailer\" src=\"https:\/\/player.vimeo.com\/video\/198690034?dnt=1&amp;app_id=122963\" width=\"618\" height=\"348\" frameborder=\"0\" allow=\"autoplay; fullscreen; picture-in-picture; clipboard-write; encrypted-media\"><\/iframe><\/p>\n<hr \/>\n<h4>On r\u00e9capitule?<\/h4>\n<ul>\n<li><em><strong>Betelgeuse<\/strong><\/em> de Bruno Tracq \u00e0 23h<\/li>\n<li><em><strong>Totems<\/strong><\/em> de Paul Jadoul \u00e0 23h30<\/li>\n<li><em><strong>Acouph\u00e8ne<\/strong><\/em> de Fran\u00e7ois Chandelle \u00e0 23h40<\/li>\n<\/ul>\n<\/div>\n<\/div>\n","protected":false},"excerpt":{"rendered":"<p>Au programme de Tout court cette semaine, science-fiction, animation, et musique. Betelgeuse de Bruno Tracq Et si c&rsquo;\u00e9tait la fin ? La supernova Betelgeuse va mourir, et ses rayons gamma pourraient balayer la vie sur Terre. Tandis que les scientifiques restent divis\u00e9s, la rumeur se r\u00e9pand. Sarah, astrophysicienne belge bas\u00e9e au Nouveau-Mexique, passe ses journ\u00e9es &hellip;<\/p>\n","protected":false},"author":343,"featured_media":91302,"comment_status":"closed","ping_status":"closed","sticky":false,"template":"","format":"standard","meta":{"ngg_post_thumbnail":0,"footnotes":""},"categories":[14],"tags":[],"class_list":["post-216839","post","type-post","status-publish","format-standard","has-post-thumbnail","","category-home-cinema"],"yoast_head":"<!-- This site is optimized with the Yoast SEO plugin v20.4 - https:\/\/yoast.com\/wordpress\/plugins\/seo\/ -->\n<title>&quot;Tout court&quot;, programme du 6 f\u00e9vrier 2019 - We Love Cinema<\/title>\n<meta name=\"robots\" content=\"index, follow, max-snippet:-1, max-image-preview:large, max-video-preview:-1\" \/>\n<link rel=\"canonical\" href=\"https:\/\/welovecinema.be\/fr\/tout-court-programme-du-6-fevrier-2019\/\" \/>\n<meta property=\"og:locale\" content=\"fr_FR\" \/>\n<meta property=\"og:type\" content=\"article\" \/>\n<meta property=\"og:title\" content=\"&quot;Tout court&quot;, programme du 6 f\u00e9vrier 2019 - We Love Cinema\" \/>\n<meta property=\"og:description\" content=\"Au programme de Tout court cette semaine, science-fiction, animation, et musique. Betelgeuse de Bruno Tracq Et si c&rsquo;\u00e9tait la fin ? La supernova Betelgeuse va mourir, et ses rayons gamma pourraient balayer la vie sur Terre. Tandis que les scientifiques restent divis\u00e9s, la rumeur se r\u00e9pand. Sarah, astrophysicienne belge bas\u00e9e au Nouveau-Mexique, passe ses journ\u00e9es &hellip;\" \/>\n<meta property=\"og:url\" content=\"https:\/\/welovecinema.be\/fr\/tout-court-programme-du-6-fevrier-2019\/\" \/>\n<meta property=\"og:site_name\" content=\"We Love Cinema\" \/>\n<meta property=\"article:publisher\" content=\"https:\/\/www.facebook.com\/welovecinema.be\" \/>\n<meta property=\"article:published_time\" content=\"2019-02-06T08:52:10+00:00\" \/>\n<meta property=\"og:image\" content=\"https:\/\/welovecinema.be\/wp-content\/uploads\/sites\/2\/2016\/10\/betelgeuse-11-800x348.png\" \/>\n\t<meta property=\"og:image:width\" content=\"800\" \/>\n\t<meta property=\"og:image:height\" content=\"348\" \/>\n\t<meta property=\"og:image:type\" content=\"image\/png\" \/>\n<meta name=\"author\" content=\"Aurore Engelen\" \/>\n<meta name=\"twitter:card\" content=\"summary_large_image\" \/>\n<meta name=\"twitter:label1\" content=\"\u00c9crit par\" \/>\n\t<meta name=\"twitter:data1\" content=\"Aurore Engelen\" \/>\n\t<meta name=\"twitter:label2\" content=\"Dur\u00e9e de lecture estim\u00e9e\" \/>\n\t<meta name=\"twitter:data2\" content=\"2 minutes\" \/>\n<script type=\"application\/ld+json\" class=\"yoast-schema-graph\">{\"@context\":\"https:\/\/schema.org\",\"@graph\":[{\"@type\":\"Article\",\"@id\":\"https:\/\/welovecinema.be\/fr\/tout-court-programme-du-6-fevrier-2019\/#article\",\"isPartOf\":{\"@id\":\"https:\/\/welovecinema.be\/fr\/tout-court-programme-du-6-fevrier-2019\/\"},\"author\":{\"name\":\"Aurore Engelen\",\"@id\":\"https:\/\/welovecinema.be\/nl\/#\/schema\/person\/8084b68c6b176142d073695c654dc7cf\"},\"headline\":\"\u00ab\u00a0Tout court\u00a0\u00bb, programme du 6 f\u00e9vrier 2019\",\"datePublished\":\"2019-02-06T08:52:10+00:00\",\"dateModified\":\"2019-02-06T08:52:10+00:00\",\"mainEntityOfPage\":{\"@id\":\"https:\/\/welovecinema.be\/fr\/tout-court-programme-du-6-fevrier-2019\/\"},\"wordCount\":349,\"publisher\":{\"@id\":\"https:\/\/welovecinema.be\/nl\/#organization\"},\"articleSection\":[\"Plateau t\u00e9l\u00e9\"],\"inLanguage\":\"fr-FR\"},{\"@type\":\"WebPage\",\"@id\":\"https:\/\/welovecinema.be\/fr\/tout-court-programme-du-6-fevrier-2019\/\",\"url\":\"https:\/\/welovecinema.be\/fr\/tout-court-programme-du-6-fevrier-2019\/\",\"name\":\"\\\"Tout court\\\", programme du 6 f\u00e9vrier 2019 - We Love Cinema\",\"isPartOf\":{\"@id\":\"https:\/\/welovecinema.be\/nl\/#website\"},\"datePublished\":\"2019-02-06T08:52:10+00:00\",\"dateModified\":\"2019-02-06T08:52:10+00:00\",\"breadcrumb\":{\"@id\":\"https:\/\/welovecinema.be\/fr\/tout-court-programme-du-6-fevrier-2019\/#breadcrumb\"},\"inLanguage\":\"fr-FR\",\"potentialAction\":[{\"@type\":\"ReadAction\",\"target\":[\"https:\/\/welovecinema.be\/fr\/tout-court-programme-du-6-fevrier-2019\/\"]}]},{\"@type\":\"BreadcrumbList\",\"@id\":\"https:\/\/welovecinema.be\/fr\/tout-court-programme-du-6-fevrier-2019\/#breadcrumb\",\"itemListElement\":[{\"@type\":\"ListItem\",\"position\":1,\"name\":\"Accueil\",\"item\":\"https:\/\/welovecinema.be\/fr\/\"},{\"@type\":\"ListItem\",\"position\":2,\"name\":\"\u00ab\u00a0Tout court\u00a0\u00bb, programme du 6 f\u00e9vrier 2019\"}]},{\"@type\":\"WebSite\",\"@id\":\"https:\/\/welovecinema.be\/nl\/#website\",\"url\":\"https:\/\/welovecinema.be\/nl\/\",\"name\":\"We Love Cinema\",\"description\":\"Toute l\u2019information du cin\u00e9ma en Belgique\",\"publisher\":{\"@id\":\"https:\/\/welovecinema.be\/nl\/#organization\"},\"potentialAction\":[{\"@type\":\"SearchAction\",\"target\":{\"@type\":\"EntryPoint\",\"urlTemplate\":\"https:\/\/welovecinema.be\/nl\/?s={search_term_string}\"},\"query-input\":\"required name=search_term_string\"}],\"inLanguage\":\"fr-FR\"},{\"@type\":\"Organization\",\"@id\":\"https:\/\/welovecinema.be\/nl\/#organization\",\"name\":\"We Love Cinema\",\"url\":\"https:\/\/welovecinema.be\/nl\/\",\"logo\":{\"@type\":\"ImageObject\",\"inLanguage\":\"fr-FR\",\"@id\":\"https:\/\/welovecinema.be\/nl\/#\/schema\/logo\/image\/\",\"url\":\"https:\/\/welovecinema.be\/wp-content\/uploads\/sites\/2\/2023\/03\/Logo-We-Love-Cinema305x128.jpg\",\"contentUrl\":\"https:\/\/welovecinema.be\/wp-content\/uploads\/sites\/2\/2023\/03\/Logo-We-Love-Cinema305x128.jpg\",\"width\":305,\"height\":128,\"caption\":\"We Love Cinema\"},\"image\":{\"@id\":\"https:\/\/welovecinema.be\/nl\/#\/schema\/logo\/image\/\"},\"sameAs\":[\"https:\/\/www.facebook.com\/welovecinema.be\",\"https:\/\/www.youtube.com\/channel\/UCX5LYGVhnKvYauW4Nta4HJA\",\"https:\/\/www.instagram.com\/welovecinema.be\/\"]},{\"@type\":\"Person\",\"@id\":\"https:\/\/welovecinema.be\/nl\/#\/schema\/person\/8084b68c6b176142d073695c654dc7cf\",\"name\":\"Aurore Engelen\",\"url\":\"https:\/\/welovecinema.be\/fr\/author\/aurore-engelen\/\"}]}<\/script>\n<!-- \/ Yoast SEO plugin. -->","yoast_head_json":{"title":"\"Tout court\", programme du 6 f\u00e9vrier 2019 - We Love Cinema","robots":{"index":"index","follow":"follow","max-snippet":"max-snippet:-1","max-image-preview":"max-image-preview:large","max-video-preview":"max-video-preview:-1"},"canonical":"https:\/\/welovecinema.be\/fr\/tout-court-programme-du-6-fevrier-2019\/","og_locale":"fr_FR","og_type":"article","og_title":"\"Tout court\", programme du 6 f\u00e9vrier 2019 - We Love Cinema","og_description":"Au programme de Tout court cette semaine, science-fiction, animation, et musique. Betelgeuse de Bruno Tracq Et si c&rsquo;\u00e9tait la fin ? La supernova Betelgeuse va mourir, et ses rayons gamma pourraient balayer la vie sur Terre. Tandis que les scientifiques restent divis\u00e9s, la rumeur se r\u00e9pand. Sarah, astrophysicienne belge bas\u00e9e au Nouveau-Mexique, passe ses journ\u00e9es &hellip;","og_url":"https:\/\/welovecinema.be\/fr\/tout-court-programme-du-6-fevrier-2019\/","og_site_name":"We Love Cinema","article_publisher":"https:\/\/www.facebook.com\/welovecinema.be","article_published_time":"2019-02-06T08:52:10+00:00","og_image":[{"width":800,"height":348,"url":"https:\/\/welovecinema.be\/wp-content\/uploads\/sites\/2\/2016\/10\/betelgeuse-11-800x348.png","type":"image\/png"}],"author":"Aurore Engelen","twitter_card":"summary_large_image","twitter_misc":{"\u00c9crit par":"Aurore Engelen","Dur\u00e9e de lecture estim\u00e9e":"2 minutes"},"schema":{"@context":"https:\/\/schema.org","@graph":[{"@type":"Article","@id":"https:\/\/welovecinema.be\/fr\/tout-court-programme-du-6-fevrier-2019\/#article","isPartOf":{"@id":"https:\/\/welovecinema.be\/fr\/tout-court-programme-du-6-fevrier-2019\/"},"author":{"name":"Aurore Engelen","@id":"https:\/\/welovecinema.be\/nl\/#\/schema\/person\/8084b68c6b176142d073695c654dc7cf"},"headline":"\u00ab\u00a0Tout court\u00a0\u00bb, programme du 6 f\u00e9vrier 2019","datePublished":"2019-02-06T08:52:10+00:00","dateModified":"2019-02-06T08:52:10+00:00","mainEntityOfPage":{"@id":"https:\/\/welovecinema.be\/fr\/tout-court-programme-du-6-fevrier-2019\/"},"wordCount":349,"publisher":{"@id":"https:\/\/welovecinema.be\/nl\/#organization"},"articleSection":["Plateau t\u00e9l\u00e9"],"inLanguage":"fr-FR"},{"@type":"WebPage","@id":"https:\/\/welovecinema.be\/fr\/tout-court-programme-du-6-fevrier-2019\/","url":"https:\/\/welovecinema.be\/fr\/tout-court-programme-du-6-fevrier-2019\/","name":"\"Tout court\", programme du 6 f\u00e9vrier 2019 - We Love Cinema","isPartOf":{"@id":"https:\/\/welovecinema.be\/nl\/#website"},"datePublished":"2019-02-06T08:52:10+00:00","dateModified":"2019-02-06T08:52:10+00:00","breadcrumb":{"@id":"https:\/\/welovecinema.be\/fr\/tout-court-programme-du-6-fevrier-2019\/#breadcrumb"},"inLanguage":"fr-FR","potentialAction":[{"@type":"ReadAction","target":["https:\/\/welovecinema.be\/fr\/tout-court-programme-du-6-fevrier-2019\/"]}]},{"@type":"BreadcrumbList","@id":"https:\/\/welovecinema.be\/fr\/tout-court-programme-du-6-fevrier-2019\/#breadcrumb","itemListElement":[{"@type":"ListItem","position":1,"name":"Accueil","item":"https:\/\/welovecinema.be\/fr\/"},{"@type":"ListItem","position":2,"name":"\u00ab\u00a0Tout court\u00a0\u00bb, programme du 6 f\u00e9vrier 2019"}]},{"@type":"WebSite","@id":"https:\/\/welovecinema.be\/nl\/#website","url":"https:\/\/welovecinema.be\/nl\/","name":"We Love Cinema","description":"Toute l\u2019information du cin\u00e9ma en Belgique","publisher":{"@id":"https:\/\/welovecinema.be\/nl\/#organization"},"potentialAction":[{"@type":"SearchAction","target":{"@type":"EntryPoint","urlTemplate":"https:\/\/welovecinema.be\/nl\/?s={search_term_string}"},"query-input":"required name=search_term_string"}],"inLanguage":"fr-FR"},{"@type":"Organization","@id":"https:\/\/welovecinema.be\/nl\/#organization","name":"We Love Cinema","url":"https:\/\/welovecinema.be\/nl\/","logo":{"@type":"ImageObject","inLanguage":"fr-FR","@id":"https:\/\/welovecinema.be\/nl\/#\/schema\/logo\/image\/","url":"https:\/\/welovecinema.be\/wp-content\/uploads\/sites\/2\/2023\/03\/Logo-We-Love-Cinema305x128.jpg","contentUrl":"https:\/\/welovecinema.be\/wp-content\/uploads\/sites\/2\/2023\/03\/Logo-We-Love-Cinema305x128.jpg","width":305,"height":128,"caption":"We Love Cinema"},"image":{"@id":"https:\/\/welovecinema.be\/nl\/#\/schema\/logo\/image\/"},"sameAs":["https:\/\/www.facebook.com\/welovecinema.be","https:\/\/www.youtube.com\/channel\/UCX5LYGVhnKvYauW4Nta4HJA","https:\/\/www.instagram.com\/welovecinema.be\/"]},{"@type":"Person","@id":"https:\/\/welovecinema.be\/nl\/#\/schema\/person\/8084b68c6b176142d073695c654dc7cf","name":"Aurore Engelen","url":"https:\/\/welovecinema.be\/fr\/author\/aurore-engelen\/"}]}},"_links":{"self":[{"href":"https:\/\/welovecinema.be\/fr\/wp-json\/wp\/v2\/posts\/216839","targetHints":{"allow":["GET"]}}],"collection":[{"href":"https:\/\/welovecinema.be\/fr\/wp-json\/wp\/v2\/posts"}],"about":[{"href":"https:\/\/welovecinema.be\/fr\/wp-json\/wp\/v2\/types\/post"}],"author":[{"embeddable":true,"href":"https:\/\/welovecinema.be\/fr\/wp-json\/wp\/v2\/users\/343"}],"replies":[{"embeddable":true,"href":"https:\/\/welovecinema.be\/fr\/wp-json\/wp\/v2\/comments?post=216839"}],"version-history":[{"count":0,"href":"https:\/\/welovecinema.be\/fr\/wp-json\/wp\/v2\/posts\/216839\/revisions"}],"wp:featuredmedia":[{"embeddable":true,"href":"https:\/\/welovecinema.be\/fr\/wp-json\/wp\/v2\/media\/91302"}],"wp:attachment":[{"href":"https:\/\/welovecinema.be\/fr\/wp-json\/wp\/v2\/media?parent=216839"}],"wp:term":[{"taxonomy":"category","embeddable":true,"href":"https:\/\/welovecinema.be\/fr\/wp-json\/wp\/v2\/categories?post=216839"},{"taxonomy":"post_tag","embeddable":true,"href":"https:\/\/welovecinema.be\/fr\/wp-json\/wp\/v2\/tags?post=216839"}],"curies":[{"name":"wp","href":"https:\/\/api.w.org\/{rel}","templated":true}]}}