{"id":216617,"date":"2019-01-30T15:14:46","date_gmt":"2019-01-30T14:14:46","guid":{"rendered":"https:\/\/www.cinevox.be\/?p=216617"},"modified":"2019-01-30T15:14:46","modified_gmt":"2019-01-30T14:14:46","slug":"stage-de-jeu-pour-ados-avec-fred-de-loof-et-francois-neycken","status":"publish","type":"post","link":"https:\/\/welovecinema.be\/fr\/stage-de-jeu-pour-ados-avec-fred-de-loof-et-francois-neycken\/","title":{"rendered":"Stage de jeu pour ados avec Fred De Loof et Fran\u00e7ois Neycken"},"content":{"rendered":"<p class=\"p1\"><strong><span class=\"s1\">Brussels cin\u00e9 studio (Les stages de trou de ver) organise un stage pour adolescents autour du jeu face cam\u00e9ra avec\u00a0:<\/span><\/strong><\/p>\n<p class=\"p1\"><span class=\"s1\">&#8211; Le r\u00e9alisateur et com\u00e9dien <\/span><span class=\"s2\"><b>Fred De Loof<\/b><\/span><span class=\"s1\"> (<em>The Glorious Peanut, Les pigeons \u00e7a chie partout<\/em>, \u2026), et pr\u00e9parant actuellement son long m\u00e9trage <em>Totem<\/em> (qui se tournera cet \u00e9t\u00e9 2019) <\/span><\/p>\n<p class=\"p1\"><span class=\"s1\">et <\/span><\/p>\n<p class=\"p1\"><span class=\"s1\">&#8211; Le com\u00e9dien <\/span><span class=\"s2\"><b>Fran\u00e7ois Neycken<\/b><\/span><span class=\"s1\"> (Escapada, La tr\u00eave, Ennemi public, La for\u00eat, L\u2019ours noir, En attendant le d\u00e9gel, \u2026)<\/span><\/p>\n<p class=\"p1\"><strong><span class=\"s1\">Ce dernier aura lieu \u00e0 Bruxelles pendant les vacances de carnaval\u00a0: d<\/span><span class=\"s1\">u lundi 4 mars au vendredi 8 mars 2019 de 9h30 \u00e0 16h30.<\/span><\/strong><\/p>\n<p class=\"p4\"><span class=\"s1\">Tu es jeune, tu as envie de d\u00e9couvrir diff\u00e9rentes techniques de jeu, tu es amateur ou semi-pro ? Ce stage de jeu se composera d\u2019un travail de sc\u00e8nes au plateau et devant une cam\u00e9ra, de mini-tournages, d&rsquo;exercices d&rsquo;impro, de coaching d&rsquo;acteurs, &#8230;<\/span><\/p>\n<p class=\"p1\"><span class=\"s1\">Ce sera l\u2019occasion durant une semaine pour les adolescents de rencontrer les intervenants, de travailler plusieurs sc\u00e8nes en \u00e9tant accompagn\u00e9 et film\u00e9, de se mettre \u00e0 la recherche d\u2019une spontan\u00e9it\u00e9 et d\u2019une authenticit\u00e9 de jeu tout en apprivoisant la cam\u00e9ra.<\/span><\/p>\n<p class=\"p1\"><span class=\"s1\">Public cible : Adolescents (entre 12 et 18 ans)<br \/>\nPrix pour la semaine : 175 \u20ac<\/span><\/p>\n<p class=\"p1\"><span class=\"s1\">Lieu\u00a0: Bruxelles (lieu \u00e0 confirmer)<br \/>\nAttention : places limit\u00e9es \u00e0 12 participants.<\/span><\/p>\n<p class=\"p1\"><span class=\"s1\">Si vous \u00eates int\u00e9ress\u00e9s, envoyez par mail \u00e0\u00a0: <a href=\"mailto:scolaires.tdvasbl@gmail.com\"><span class=\"s3\">scolaires.tdvasbl@gmail.com<\/span><\/a> vos coordonn\u00e9es ainsi qu\u2019une petite vid\u00e9o de pr\u00e9sentation et de motivation de 2-3 minutes expliquant pourquoi vous voudriez faire le stage. N\u2019h\u00e9sitez pas \u00e0 vous amuser et \u00e0 \u00eatre original\u00a0!<\/span><\/p>\n","protected":false},"excerpt":{"rendered":"<p>Brussels cin\u00e9 studio (Les stages de trou de ver) organise un stage pour adolescents autour du jeu face cam\u00e9ra avec\u00a0: &#8211; Le r\u00e9alisateur et com\u00e9dien Fred De Loof (The Glorious Peanut, Les pigeons \u00e7a chie partout, \u2026), et pr\u00e9parant actuellement son long m\u00e9trage Totem (qui se tournera cet \u00e9t\u00e9 2019) et &#8211; Le com\u00e9dien Fran\u00e7ois &hellip;<\/p>\n","protected":false},"author":343,"featured_media":216618,"comment_status":"closed","ping_status":"closed","sticky":false,"template":"","format":"standard","meta":{"ngg_post_thumbnail":0,"footnotes":""},"categories":[20],"tags":[],"class_list":["post-216617","post","type-post","status-publish","format-standard","has-post-thumbnail","","category-cinejobs"],"yoast_head":"<!-- This site is optimized with the Yoast SEO plugin v20.4 - https:\/\/yoast.com\/wordpress\/plugins\/seo\/ -->\n<title>Stage de jeu pour ados avec Fred De Loof et Fran\u00e7ois Neycken - We Love Cinema<\/title>\n<meta name=\"robots\" content=\"index, follow, max-snippet:-1, max-image-preview:large, max-video-preview:-1\" \/>\n<link rel=\"canonical\" href=\"https:\/\/welovecinema.be\/fr\/stage-de-jeu-pour-ados-avec-fred-de-loof-et-francois-neycken\/\" \/>\n<meta property=\"og:locale\" content=\"fr_FR\" \/>\n<meta property=\"og:type\" content=\"article\" \/>\n<meta property=\"og:title\" content=\"Stage de jeu pour ados avec Fred De Loof et Fran\u00e7ois Neycken - We Love Cinema\" \/>\n<meta property=\"og:description\" content=\"Brussels cin\u00e9 studio (Les stages de trou de ver) organise un stage pour adolescents autour du jeu face cam\u00e9ra avec\u00a0: &#8211; Le r\u00e9alisateur et com\u00e9dien Fred De Loof (The Glorious Peanut, Les pigeons \u00e7a chie partout, \u2026), et pr\u00e9parant actuellement son long m\u00e9trage Totem (qui se tournera cet \u00e9t\u00e9 2019) et &#8211; Le com\u00e9dien Fran\u00e7ois &hellip;\" \/>\n<meta property=\"og:url\" content=\"https:\/\/welovecinema.be\/fr\/stage-de-jeu-pour-ados-avec-fred-de-loof-et-francois-neycken\/\" \/>\n<meta property=\"og:site_name\" content=\"We Love Cinema\" \/>\n<meta property=\"article:publisher\" content=\"https:\/\/www.facebook.com\/welovecinema.be\" \/>\n<meta property=\"article:published_time\" content=\"2019-01-30T14:14:46+00:00\" \/>\n<meta property=\"og:image\" content=\"https:\/\/welovecinema.be\/wp-content\/uploads\/sites\/2\/2019\/01\/Together-since-December-20-2000.jpeg\" \/>\n\t<meta property=\"og:image:width\" content=\"600\" \/>\n\t<meta property=\"og:image:height\" content=\"480\" \/>\n\t<meta property=\"og:image:type\" content=\"image\/jpeg\" \/>\n<meta name=\"author\" content=\"Aurore Engelen\" \/>\n<meta name=\"twitter:card\" content=\"summary_large_image\" \/>\n<meta name=\"twitter:label1\" content=\"\u00c9crit par\" \/>\n\t<meta name=\"twitter:data1\" content=\"Aurore Engelen\" \/>\n\t<meta name=\"twitter:label2\" content=\"Dur\u00e9e de lecture estim\u00e9e\" \/>\n\t<meta name=\"twitter:data2\" content=\"1 minute\" \/>\n<script type=\"application\/ld+json\" class=\"yoast-schema-graph\">{\"@context\":\"https:\/\/schema.org\",\"@graph\":[{\"@type\":\"Article\",\"@id\":\"https:\/\/welovecinema.be\/fr\/stage-de-jeu-pour-ados-avec-fred-de-loof-et-francois-neycken\/#article\",\"isPartOf\":{\"@id\":\"https:\/\/welovecinema.be\/fr\/stage-de-jeu-pour-ados-avec-fred-de-loof-et-francois-neycken\/\"},\"author\":{\"name\":\"Aurore Engelen\",\"@id\":\"https:\/\/welovecinema.be\/nl\/#\/schema\/person\/8084b68c6b176142d073695c654dc7cf\"},\"headline\":\"Stage de jeu pour ados avec Fred De Loof et Fran\u00e7ois Neycken\",\"datePublished\":\"2019-01-30T14:14:46+00:00\",\"dateModified\":\"2019-01-30T14:14:46+00:00\",\"mainEntityOfPage\":{\"@id\":\"https:\/\/welovecinema.be\/fr\/stage-de-jeu-pour-ados-avec-fred-de-loof-et-francois-neycken\/\"},\"wordCount\":270,\"publisher\":{\"@id\":\"https:\/\/welovecinema.be\/nl\/#organization\"},\"articleSection\":[\"Cinejobs\"],\"inLanguage\":\"fr-FR\"},{\"@type\":\"WebPage\",\"@id\":\"https:\/\/welovecinema.be\/fr\/stage-de-jeu-pour-ados-avec-fred-de-loof-et-francois-neycken\/\",\"url\":\"https:\/\/welovecinema.be\/fr\/stage-de-jeu-pour-ados-avec-fred-de-loof-et-francois-neycken\/\",\"name\":\"Stage de jeu pour ados avec Fred De Loof et Fran\u00e7ois Neycken - We Love Cinema\",\"isPartOf\":{\"@id\":\"https:\/\/welovecinema.be\/nl\/#website\"},\"datePublished\":\"2019-01-30T14:14:46+00:00\",\"dateModified\":\"2019-01-30T14:14:46+00:00\",\"breadcrumb\":{\"@id\":\"https:\/\/welovecinema.be\/fr\/stage-de-jeu-pour-ados-avec-fred-de-loof-et-francois-neycken\/#breadcrumb\"},\"inLanguage\":\"fr-FR\",\"potentialAction\":[{\"@type\":\"ReadAction\",\"target\":[\"https:\/\/welovecinema.be\/fr\/stage-de-jeu-pour-ados-avec-fred-de-loof-et-francois-neycken\/\"]}]},{\"@type\":\"BreadcrumbList\",\"@id\":\"https:\/\/welovecinema.be\/fr\/stage-de-jeu-pour-ados-avec-fred-de-loof-et-francois-neycken\/#breadcrumb\",\"itemListElement\":[{\"@type\":\"ListItem\",\"position\":1,\"name\":\"Accueil\",\"item\":\"https:\/\/welovecinema.be\/fr\/\"},{\"@type\":\"ListItem\",\"position\":2,\"name\":\"Stage de jeu pour ados avec Fred De Loof et Fran\u00e7ois Neycken\"}]},{\"@type\":\"WebSite\",\"@id\":\"https:\/\/welovecinema.be\/nl\/#website\",\"url\":\"https:\/\/welovecinema.be\/nl\/\",\"name\":\"We Love Cinema\",\"description\":\"Toute l\u2019information du cin\u00e9ma en Belgique\",\"publisher\":{\"@id\":\"https:\/\/welovecinema.be\/nl\/#organization\"},\"potentialAction\":[{\"@type\":\"SearchAction\",\"target\":{\"@type\":\"EntryPoint\",\"urlTemplate\":\"https:\/\/welovecinema.be\/nl\/?s={search_term_string}\"},\"query-input\":\"required name=search_term_string\"}],\"inLanguage\":\"fr-FR\"},{\"@type\":\"Organization\",\"@id\":\"https:\/\/welovecinema.be\/nl\/#organization\",\"name\":\"We Love Cinema\",\"url\":\"https:\/\/welovecinema.be\/nl\/\",\"logo\":{\"@type\":\"ImageObject\",\"inLanguage\":\"fr-FR\",\"@id\":\"https:\/\/welovecinema.be\/nl\/#\/schema\/logo\/image\/\",\"url\":\"https:\/\/welovecinema.be\/wp-content\/uploads\/sites\/2\/2023\/03\/Logo-We-Love-Cinema305x128.jpg\",\"contentUrl\":\"https:\/\/welovecinema.be\/wp-content\/uploads\/sites\/2\/2023\/03\/Logo-We-Love-Cinema305x128.jpg\",\"width\":305,\"height\":128,\"caption\":\"We Love Cinema\"},\"image\":{\"@id\":\"https:\/\/welovecinema.be\/nl\/#\/schema\/logo\/image\/\"},\"sameAs\":[\"https:\/\/www.facebook.com\/welovecinema.be\",\"https:\/\/www.youtube.com\/channel\/UCX5LYGVhnKvYauW4Nta4HJA\",\"https:\/\/www.instagram.com\/welovecinema.be\/\"]},{\"@type\":\"Person\",\"@id\":\"https:\/\/welovecinema.be\/nl\/#\/schema\/person\/8084b68c6b176142d073695c654dc7cf\",\"name\":\"Aurore Engelen\",\"url\":\"https:\/\/welovecinema.be\/fr\/author\/aurore-engelen\/\"}]}<\/script>\n<!-- \/ Yoast SEO plugin. -->","yoast_head_json":{"title":"Stage de jeu pour ados avec Fred De Loof et Fran\u00e7ois Neycken - We Love Cinema","robots":{"index":"index","follow":"follow","max-snippet":"max-snippet:-1","max-image-preview":"max-image-preview:large","max-video-preview":"max-video-preview:-1"},"canonical":"https:\/\/welovecinema.be\/fr\/stage-de-jeu-pour-ados-avec-fred-de-loof-et-francois-neycken\/","og_locale":"fr_FR","og_type":"article","og_title":"Stage de jeu pour ados avec Fred De Loof et Fran\u00e7ois Neycken - We Love Cinema","og_description":"Brussels cin\u00e9 studio (Les stages de trou de ver) organise un stage pour adolescents autour du jeu face cam\u00e9ra avec\u00a0: &#8211; Le r\u00e9alisateur et com\u00e9dien Fred De Loof (The Glorious Peanut, Les pigeons \u00e7a chie partout, \u2026), et pr\u00e9parant actuellement son long m\u00e9trage Totem (qui se tournera cet \u00e9t\u00e9 2019) et &#8211; Le com\u00e9dien Fran\u00e7ois &hellip;","og_url":"https:\/\/welovecinema.be\/fr\/stage-de-jeu-pour-ados-avec-fred-de-loof-et-francois-neycken\/","og_site_name":"We Love Cinema","article_publisher":"https:\/\/www.facebook.com\/welovecinema.be","article_published_time":"2019-01-30T14:14:46+00:00","og_image":[{"width":600,"height":480,"url":"https:\/\/welovecinema.be\/wp-content\/uploads\/sites\/2\/2019\/01\/Together-since-December-20-2000.jpeg","type":"image\/jpeg"}],"author":"Aurore Engelen","twitter_card":"summary_large_image","twitter_misc":{"\u00c9crit par":"Aurore Engelen","Dur\u00e9e de lecture estim\u00e9e":"1 minute"},"schema":{"@context":"https:\/\/schema.org","@graph":[{"@type":"Article","@id":"https:\/\/welovecinema.be\/fr\/stage-de-jeu-pour-ados-avec-fred-de-loof-et-francois-neycken\/#article","isPartOf":{"@id":"https:\/\/welovecinema.be\/fr\/stage-de-jeu-pour-ados-avec-fred-de-loof-et-francois-neycken\/"},"author":{"name":"Aurore Engelen","@id":"https:\/\/welovecinema.be\/nl\/#\/schema\/person\/8084b68c6b176142d073695c654dc7cf"},"headline":"Stage de jeu pour ados avec Fred De Loof et Fran\u00e7ois Neycken","datePublished":"2019-01-30T14:14:46+00:00","dateModified":"2019-01-30T14:14:46+00:00","mainEntityOfPage":{"@id":"https:\/\/welovecinema.be\/fr\/stage-de-jeu-pour-ados-avec-fred-de-loof-et-francois-neycken\/"},"wordCount":270,"publisher":{"@id":"https:\/\/welovecinema.be\/nl\/#organization"},"articleSection":["Cinejobs"],"inLanguage":"fr-FR"},{"@type":"WebPage","@id":"https:\/\/welovecinema.be\/fr\/stage-de-jeu-pour-ados-avec-fred-de-loof-et-francois-neycken\/","url":"https:\/\/welovecinema.be\/fr\/stage-de-jeu-pour-ados-avec-fred-de-loof-et-francois-neycken\/","name":"Stage de jeu pour ados avec Fred De Loof et Fran\u00e7ois Neycken - We Love Cinema","isPartOf":{"@id":"https:\/\/welovecinema.be\/nl\/#website"},"datePublished":"2019-01-30T14:14:46+00:00","dateModified":"2019-01-30T14:14:46+00:00","breadcrumb":{"@id":"https:\/\/welovecinema.be\/fr\/stage-de-jeu-pour-ados-avec-fred-de-loof-et-francois-neycken\/#breadcrumb"},"inLanguage":"fr-FR","potentialAction":[{"@type":"ReadAction","target":["https:\/\/welovecinema.be\/fr\/stage-de-jeu-pour-ados-avec-fred-de-loof-et-francois-neycken\/"]}]},{"@type":"BreadcrumbList","@id":"https:\/\/welovecinema.be\/fr\/stage-de-jeu-pour-ados-avec-fred-de-loof-et-francois-neycken\/#breadcrumb","itemListElement":[{"@type":"ListItem","position":1,"name":"Accueil","item":"https:\/\/welovecinema.be\/fr\/"},{"@type":"ListItem","position":2,"name":"Stage de jeu pour ados avec Fred De Loof et Fran\u00e7ois Neycken"}]},{"@type":"WebSite","@id":"https:\/\/welovecinema.be\/nl\/#website","url":"https:\/\/welovecinema.be\/nl\/","name":"We Love Cinema","description":"Toute l\u2019information du cin\u00e9ma en Belgique","publisher":{"@id":"https:\/\/welovecinema.be\/nl\/#organization"},"potentialAction":[{"@type":"SearchAction","target":{"@type":"EntryPoint","urlTemplate":"https:\/\/welovecinema.be\/nl\/?s={search_term_string}"},"query-input":"required name=search_term_string"}],"inLanguage":"fr-FR"},{"@type":"Organization","@id":"https:\/\/welovecinema.be\/nl\/#organization","name":"We Love Cinema","url":"https:\/\/welovecinema.be\/nl\/","logo":{"@type":"ImageObject","inLanguage":"fr-FR","@id":"https:\/\/welovecinema.be\/nl\/#\/schema\/logo\/image\/","url":"https:\/\/welovecinema.be\/wp-content\/uploads\/sites\/2\/2023\/03\/Logo-We-Love-Cinema305x128.jpg","contentUrl":"https:\/\/welovecinema.be\/wp-content\/uploads\/sites\/2\/2023\/03\/Logo-We-Love-Cinema305x128.jpg","width":305,"height":128,"caption":"We Love Cinema"},"image":{"@id":"https:\/\/welovecinema.be\/nl\/#\/schema\/logo\/image\/"},"sameAs":["https:\/\/www.facebook.com\/welovecinema.be","https:\/\/www.youtube.com\/channel\/UCX5LYGVhnKvYauW4Nta4HJA","https:\/\/www.instagram.com\/welovecinema.be\/"]},{"@type":"Person","@id":"https:\/\/welovecinema.be\/nl\/#\/schema\/person\/8084b68c6b176142d073695c654dc7cf","name":"Aurore Engelen","url":"https:\/\/welovecinema.be\/fr\/author\/aurore-engelen\/"}]}},"_links":{"self":[{"href":"https:\/\/welovecinema.be\/fr\/wp-json\/wp\/v2\/posts\/216617","targetHints":{"allow":["GET"]}}],"collection":[{"href":"https:\/\/welovecinema.be\/fr\/wp-json\/wp\/v2\/posts"}],"about":[{"href":"https:\/\/welovecinema.be\/fr\/wp-json\/wp\/v2\/types\/post"}],"author":[{"embeddable":true,"href":"https:\/\/welovecinema.be\/fr\/wp-json\/wp\/v2\/users\/343"}],"replies":[{"embeddable":true,"href":"https:\/\/welovecinema.be\/fr\/wp-json\/wp\/v2\/comments?post=216617"}],"version-history":[{"count":0,"href":"https:\/\/welovecinema.be\/fr\/wp-json\/wp\/v2\/posts\/216617\/revisions"}],"wp:featuredmedia":[{"embeddable":true,"href":"https:\/\/welovecinema.be\/fr\/wp-json\/wp\/v2\/media\/216618"}],"wp:attachment":[{"href":"https:\/\/welovecinema.be\/fr\/wp-json\/wp\/v2\/media?parent=216617"}],"wp:term":[{"taxonomy":"category","embeddable":true,"href":"https:\/\/welovecinema.be\/fr\/wp-json\/wp\/v2\/categories?post=216617"},{"taxonomy":"post_tag","embeddable":true,"href":"https:\/\/welovecinema.be\/fr\/wp-json\/wp\/v2\/tags?post=216617"}],"curies":[{"name":"wp","href":"https:\/\/api.w.org\/{rel}","templated":true}]}}