{"id":216615,"date":"2019-01-30T12:15:26","date_gmt":"2019-01-30T11:15:26","guid":{"rendered":"https:\/\/www.cinevox.be\/?p=216615"},"modified":"2019-01-30T12:15:26","modified_gmt":"2019-01-30T11:15:26","slug":"tout-court-special-magritte-du-cinema","status":"publish","type":"post","link":"https:\/\/welovecinema.be\/fr\/tout-court-special-magritte-du-cinema\/","title":{"rendered":"\u00ab\u00a0Tout Court\u00a0\u00bb sp\u00e9cial Magritte du Cin\u00e9ma !"},"content":{"rendered":"<p><strong>Cette semaine, \u00ab\u00a0Tout court\u00a0\u00bb, l&rsquo;\u00e9mission de La Trois d\u00e9di\u00e9e au court m\u00e9trage belge est logiquement consacr\u00e9e aux Magritte du Cin\u00e9ma, avec la programmation d&rsquo;un film en lice cette ann\u00e9e, et de trois anciens laur\u00e9ats.<\/strong><\/p>\n<hr \/>\n<h4><em><strong>Calamity<\/strong><\/em> de\u00a0Maxime Feyers et S\u00e9verine De Streyker<\/h4>\n<p><em>Avec\u00a0Ingrid Heiderscheidt, Jean-Michel Balthazar, Fran\u00e7ois Maquet, Bastien Ughetto, Judith Williquet, Arthur Marbaix<\/em><\/p>\n<p>France rencontre la petite amie de son fils pour la premi\u00e8re fois. Elle perd le contr\u00f4le\u2026<\/p>\n<p><iframe loading=\"lazy\" src=\"https:\/\/player.vimeo.com\/video\/242557804?dnt=1&amp;app_id=122963\" width=\"618\" height=\"348\" frameborder=\"0\" allow=\"autoplay; fullscreen; picture-in-picture; clipboard-write; encrypted-media\"><\/iframe><\/p>\n<hr \/>\n<h4><strong><em>Avec Thelma<\/em> <\/strong>de Rapha\u00ebl Balboni et Ann Sirot<\/h4>\n<div class=\"texte\">\n<p>Jean est le copain de Vincent et Vincent est l\u2019oncle de Thelma, une enfant de 3 ans. Lorsqu\u2019un volcan Islandais bloque l\u2019espace a\u00e9rien au-dessus de l\u2019Europe et retient les parents de Thelma aux Etats-unis, Jean et Vincent accueillent Thelma chez eux \u00e0 Bruxelles pour une dur\u00e9e ind\u00e9finie. Avec elle, ils d\u00e9couvrent les affres et les joies de la vie parentale.<\/p>\n<p><em>Avec\u00a0Jean Lepeltier, Vincent Lecuyer, Thelma Balboni et Gilles Remiche<\/em><\/p>\n<\/div>\n<p><iframe loading=\"lazy\" title=\"\u201cAvec Thelma\u201c Ann Sirot &amp; Rapha\u00ebl Balboni\" src=\"https:\/\/player.vimeo.com\/video\/188970931?dnt=1&amp;app_id=122963\" width=\"618\" height=\"348\" frameborder=\"0\" allow=\"autoplay; fullscreen; picture-in-picture; clipboard-write; encrypted-media\"><\/iframe><\/p>\n<hr \/>\n<h4><em><strong>Le Lion et le Singe<\/strong><\/em> de Beno\u00eet Feroumont<\/h4>\n<p>Dans la savane, il y a tr\u00e8s tr\u00e8s longtemps, un lion bless\u00e9 sauve ce qu&rsquo;il prend pour un petit singe. En retour, le gamin le soigne. Une amiti\u00e9 est n\u00e9e et s&rsquo;\u00e9panouit en parfaite harmonie. Mais l&rsquo;\u00e9quilibre est g\u00e2ch\u00e9 quand le singe d\u00e9couvre le feu, qui, incontr\u00f4lable, ravage la plaine et manque de peu de les d\u00e9vorer.<\/p>\n<p><img loading=\"lazy\" decoding=\"async\" class=\"alignnone wp-image-207411 size-full\" src=\"http:\/\/www.cinevox.be\/wp-content\/uploads\/sites\/2\/2018\/02\/le_lion_et_le_singe.jpeg\" alt=\"le_lion_et_le_singe\" width=\"640\" height=\"326\" srcset=\"https:\/\/welovecinema.be\/wp-content\/uploads\/sites\/2\/2018\/02\/le_lion_et_le_singe.jpeg 640w, https:\/\/welovecinema.be\/wp-content\/uploads\/sites\/2\/2018\/02\/le_lion_et_le_singe-480x245.jpeg 480w\" sizes=\"auto, (max-width: 640px) 100vw, 640px\" \/><\/p>\n<hr \/>\n<h4><em><strong>Le Plombier<\/strong><\/em> de Xavier Seron et M\u00e9ryl Fortunat-Rossi<\/h4>\n<p>Tom, un com\u00e9dien flamand, remplace au pied lev\u00e9 un ami doubleur. En g\u00e9n\u00e9ral, Tom fait des voix de personnages de dessins anim\u00e9s mais aujourd&rsquo;hui il se retrouve en studio pour un film pornographique en fran\u00e7ais. Catherine, une com\u00e9dienne exp\u00e9riment\u00e9e, sera sa partenaire. Tom jouera le plombier.<\/p>\n<p><em>Avec\u00a0Tom Audenaert, Catherine Sal\u00e9e, Jean-Beno\u00eet Ugeux, Philippe Grand\u2019henry, Fran\u00e7ois Ebou\u00e9l\u00e9, Delphine Th\u00e9odore<\/em><\/p>\n<p>&nbsp;<\/p>\n<p><iframe loading=\"lazy\" title=\"LE PLOMBIER (The Plumber) Trailer\" src=\"https:\/\/player.vimeo.com\/video\/205062147?dnt=1&amp;app_id=122963\" width=\"618\" height=\"348\" frameborder=\"0\" allow=\"autoplay; fullscreen; picture-in-picture; clipboard-write; encrypted-media\"><\/iframe><\/p>\n<hr \/>\n<h4>On r\u00e9capitule?<\/h4>\n<ul>\n<li><em><strong>Calamity<\/strong><\/em> de\u00a0Maxime Feyers et S\u00e9verine De Streyker \u00e0 23h15<\/li>\n<li><strong><em>Avec Thelma<\/em> <\/strong>de Rapha\u00ebl Balboni et Ann Sirot \u00e0 23h40<\/li>\n<li><em><strong>Le Lion et le Singe<\/strong><\/em> de Beno\u00eet Feroumont \u00e0 23h55<\/li>\n<li><em><strong>Le Plombier<\/strong><\/em> de Xavier Seron et M\u00e9ryl Fortunat-Rossi \u00e0 00h00<\/li>\n<\/ul>\n","protected":false},"excerpt":{"rendered":"<p>Cette semaine, \u00ab\u00a0Tout court\u00a0\u00bb, l&rsquo;\u00e9mission de La Trois d\u00e9di\u00e9e au court m\u00e9trage belge est logiquement consacr\u00e9e aux Magritte du Cin\u00e9ma, avec la programmation d&rsquo;un film en lice cette ann\u00e9e, et de trois anciens laur\u00e9ats. Calamity de\u00a0Maxime Feyers et S\u00e9verine De Streyker Avec\u00a0Ingrid Heiderscheidt, Jean-Michel Balthazar, Fran\u00e7ois Maquet, Bastien Ughetto, Judith Williquet, Arthur Marbaix France rencontre &hellip;<\/p>\n","protected":false},"author":343,"featured_media":203708,"comment_status":"closed","ping_status":"closed","sticky":false,"template":"","format":"standard","meta":{"ngg_post_thumbnail":0,"footnotes":""},"categories":[14],"tags":[],"class_list":["post-216615","post","type-post","status-publish","format-standard","has-post-thumbnail","","category-home-cinema"],"yoast_head":"<!-- This site is optimized with the Yoast SEO plugin v20.4 - https:\/\/yoast.com\/wordpress\/plugins\/seo\/ -->\n<title>&quot;Tout Court&quot; sp\u00e9cial Magritte du Cin\u00e9ma ! - We Love Cinema<\/title>\n<meta name=\"robots\" content=\"index, follow, max-snippet:-1, max-image-preview:large, max-video-preview:-1\" \/>\n<link rel=\"canonical\" href=\"https:\/\/welovecinema.be\/fr\/tout-court-special-magritte-du-cinema\/\" \/>\n<meta property=\"og:locale\" content=\"fr_FR\" \/>\n<meta property=\"og:type\" content=\"article\" \/>\n<meta property=\"og:title\" content=\"&quot;Tout Court&quot; sp\u00e9cial Magritte du Cin\u00e9ma ! - We Love Cinema\" \/>\n<meta property=\"og:description\" content=\"Cette semaine, \u00ab\u00a0Tout court\u00a0\u00bb, l&rsquo;\u00e9mission de La Trois d\u00e9di\u00e9e au court m\u00e9trage belge est logiquement consacr\u00e9e aux Magritte du Cin\u00e9ma, avec la programmation d&rsquo;un film en lice cette ann\u00e9e, et de trois anciens laur\u00e9ats. Calamity de\u00a0Maxime Feyers et S\u00e9verine De Streyker Avec\u00a0Ingrid Heiderscheidt, Jean-Michel Balthazar, Fran\u00e7ois Maquet, Bastien Ughetto, Judith Williquet, Arthur Marbaix France rencontre &hellip;\" \/>\n<meta property=\"og:url\" content=\"https:\/\/welovecinema.be\/fr\/tout-court-special-magritte-du-cinema\/\" \/>\n<meta property=\"og:site_name\" content=\"We Love Cinema\" \/>\n<meta property=\"article:publisher\" content=\"https:\/\/www.facebook.com\/welovecinema.be\" \/>\n<meta property=\"article:published_time\" content=\"2019-01-30T11:15:26+00:00\" \/>\n<meta property=\"og:image\" content=\"https:\/\/welovecinema.be\/wp-content\/uploads\/sites\/2\/2017\/10\/Calamitystill1.jpg\" \/>\n\t<meta property=\"og:image:width\" content=\"495\" \/>\n\t<meta property=\"og:image:height\" content=\"226\" \/>\n\t<meta property=\"og:image:type\" content=\"image\/jpeg\" \/>\n<meta name=\"author\" content=\"Aurore Engelen\" \/>\n<meta name=\"twitter:card\" content=\"summary_large_image\" \/>\n<meta name=\"twitter:label1\" content=\"\u00c9crit par\" \/>\n\t<meta name=\"twitter:data1\" content=\"Aurore Engelen\" \/>\n\t<meta name=\"twitter:label2\" content=\"Dur\u00e9e de lecture estim\u00e9e\" \/>\n\t<meta name=\"twitter:data2\" content=\"2 minutes\" \/>\n<script type=\"application\/ld+json\" class=\"yoast-schema-graph\">{\"@context\":\"https:\/\/schema.org\",\"@graph\":[{\"@type\":\"Article\",\"@id\":\"https:\/\/welovecinema.be\/fr\/tout-court-special-magritte-du-cinema\/#article\",\"isPartOf\":{\"@id\":\"https:\/\/welovecinema.be\/fr\/tout-court-special-magritte-du-cinema\/\"},\"author\":{\"name\":\"Aurore Engelen\",\"@id\":\"https:\/\/welovecinema.be\/nl\/#\/schema\/person\/8084b68c6b176142d073695c654dc7cf\"},\"headline\":\"\u00ab\u00a0Tout Court\u00a0\u00bb sp\u00e9cial Magritte du Cin\u00e9ma !\",\"datePublished\":\"2019-01-30T11:15:26+00:00\",\"dateModified\":\"2019-01-30T11:15:26+00:00\",\"mainEntityOfPage\":{\"@id\":\"https:\/\/welovecinema.be\/fr\/tout-court-special-magritte-du-cinema\/\"},\"wordCount\":389,\"publisher\":{\"@id\":\"https:\/\/welovecinema.be\/nl\/#organization\"},\"articleSection\":[\"Plateau t\u00e9l\u00e9\"],\"inLanguage\":\"fr-FR\"},{\"@type\":\"WebPage\",\"@id\":\"https:\/\/welovecinema.be\/fr\/tout-court-special-magritte-du-cinema\/\",\"url\":\"https:\/\/welovecinema.be\/fr\/tout-court-special-magritte-du-cinema\/\",\"name\":\"\\\"Tout Court\\\" sp\u00e9cial Magritte du Cin\u00e9ma ! - We Love Cinema\",\"isPartOf\":{\"@id\":\"https:\/\/welovecinema.be\/nl\/#website\"},\"datePublished\":\"2019-01-30T11:15:26+00:00\",\"dateModified\":\"2019-01-30T11:15:26+00:00\",\"breadcrumb\":{\"@id\":\"https:\/\/welovecinema.be\/fr\/tout-court-special-magritte-du-cinema\/#breadcrumb\"},\"inLanguage\":\"fr-FR\",\"potentialAction\":[{\"@type\":\"ReadAction\",\"target\":[\"https:\/\/welovecinema.be\/fr\/tout-court-special-magritte-du-cinema\/\"]}]},{\"@type\":\"BreadcrumbList\",\"@id\":\"https:\/\/welovecinema.be\/fr\/tout-court-special-magritte-du-cinema\/#breadcrumb\",\"itemListElement\":[{\"@type\":\"ListItem\",\"position\":1,\"name\":\"Accueil\",\"item\":\"https:\/\/welovecinema.be\/fr\/\"},{\"@type\":\"ListItem\",\"position\":2,\"name\":\"\u00ab\u00a0Tout Court\u00a0\u00bb sp\u00e9cial Magritte du Cin\u00e9ma !\"}]},{\"@type\":\"WebSite\",\"@id\":\"https:\/\/welovecinema.be\/nl\/#website\",\"url\":\"https:\/\/welovecinema.be\/nl\/\",\"name\":\"We Love Cinema\",\"description\":\"Toute l\u2019information du cin\u00e9ma en Belgique\",\"publisher\":{\"@id\":\"https:\/\/welovecinema.be\/nl\/#organization\"},\"potentialAction\":[{\"@type\":\"SearchAction\",\"target\":{\"@type\":\"EntryPoint\",\"urlTemplate\":\"https:\/\/welovecinema.be\/nl\/?s={search_term_string}\"},\"query-input\":\"required name=search_term_string\"}],\"inLanguage\":\"fr-FR\"},{\"@type\":\"Organization\",\"@id\":\"https:\/\/welovecinema.be\/nl\/#organization\",\"name\":\"We Love Cinema\",\"url\":\"https:\/\/welovecinema.be\/nl\/\",\"logo\":{\"@type\":\"ImageObject\",\"inLanguage\":\"fr-FR\",\"@id\":\"https:\/\/welovecinema.be\/nl\/#\/schema\/logo\/image\/\",\"url\":\"https:\/\/welovecinema.be\/wp-content\/uploads\/sites\/2\/2023\/03\/Logo-We-Love-Cinema305x128.jpg\",\"contentUrl\":\"https:\/\/welovecinema.be\/wp-content\/uploads\/sites\/2\/2023\/03\/Logo-We-Love-Cinema305x128.jpg\",\"width\":305,\"height\":128,\"caption\":\"We Love Cinema\"},\"image\":{\"@id\":\"https:\/\/welovecinema.be\/nl\/#\/schema\/logo\/image\/\"},\"sameAs\":[\"https:\/\/www.facebook.com\/welovecinema.be\",\"https:\/\/www.youtube.com\/channel\/UCX5LYGVhnKvYauW4Nta4HJA\",\"https:\/\/www.instagram.com\/welovecinema.be\/\"]},{\"@type\":\"Person\",\"@id\":\"https:\/\/welovecinema.be\/nl\/#\/schema\/person\/8084b68c6b176142d073695c654dc7cf\",\"name\":\"Aurore Engelen\",\"url\":\"https:\/\/welovecinema.be\/fr\/author\/aurore-engelen\/\"}]}<\/script>\n<!-- \/ Yoast SEO plugin. -->","yoast_head_json":{"title":"\"Tout Court\" sp\u00e9cial Magritte du Cin\u00e9ma ! - We Love Cinema","robots":{"index":"index","follow":"follow","max-snippet":"max-snippet:-1","max-image-preview":"max-image-preview:large","max-video-preview":"max-video-preview:-1"},"canonical":"https:\/\/welovecinema.be\/fr\/tout-court-special-magritte-du-cinema\/","og_locale":"fr_FR","og_type":"article","og_title":"\"Tout Court\" sp\u00e9cial Magritte du Cin\u00e9ma ! - We Love Cinema","og_description":"Cette semaine, \u00ab\u00a0Tout court\u00a0\u00bb, l&rsquo;\u00e9mission de La Trois d\u00e9di\u00e9e au court m\u00e9trage belge est logiquement consacr\u00e9e aux Magritte du Cin\u00e9ma, avec la programmation d&rsquo;un film en lice cette ann\u00e9e, et de trois anciens laur\u00e9ats. Calamity de\u00a0Maxime Feyers et S\u00e9verine De Streyker Avec\u00a0Ingrid Heiderscheidt, Jean-Michel Balthazar, Fran\u00e7ois Maquet, Bastien Ughetto, Judith Williquet, Arthur Marbaix France rencontre &hellip;","og_url":"https:\/\/welovecinema.be\/fr\/tout-court-special-magritte-du-cinema\/","og_site_name":"We Love Cinema","article_publisher":"https:\/\/www.facebook.com\/welovecinema.be","article_published_time":"2019-01-30T11:15:26+00:00","og_image":[{"width":495,"height":226,"url":"https:\/\/welovecinema.be\/wp-content\/uploads\/sites\/2\/2017\/10\/Calamitystill1.jpg","type":"image\/jpeg"}],"author":"Aurore Engelen","twitter_card":"summary_large_image","twitter_misc":{"\u00c9crit par":"Aurore Engelen","Dur\u00e9e de lecture estim\u00e9e":"2 minutes"},"schema":{"@context":"https:\/\/schema.org","@graph":[{"@type":"Article","@id":"https:\/\/welovecinema.be\/fr\/tout-court-special-magritte-du-cinema\/#article","isPartOf":{"@id":"https:\/\/welovecinema.be\/fr\/tout-court-special-magritte-du-cinema\/"},"author":{"name":"Aurore Engelen","@id":"https:\/\/welovecinema.be\/nl\/#\/schema\/person\/8084b68c6b176142d073695c654dc7cf"},"headline":"\u00ab\u00a0Tout Court\u00a0\u00bb sp\u00e9cial Magritte du Cin\u00e9ma !","datePublished":"2019-01-30T11:15:26+00:00","dateModified":"2019-01-30T11:15:26+00:00","mainEntityOfPage":{"@id":"https:\/\/welovecinema.be\/fr\/tout-court-special-magritte-du-cinema\/"},"wordCount":389,"publisher":{"@id":"https:\/\/welovecinema.be\/nl\/#organization"},"articleSection":["Plateau t\u00e9l\u00e9"],"inLanguage":"fr-FR"},{"@type":"WebPage","@id":"https:\/\/welovecinema.be\/fr\/tout-court-special-magritte-du-cinema\/","url":"https:\/\/welovecinema.be\/fr\/tout-court-special-magritte-du-cinema\/","name":"\"Tout Court\" sp\u00e9cial Magritte du Cin\u00e9ma ! - We Love Cinema","isPartOf":{"@id":"https:\/\/welovecinema.be\/nl\/#website"},"datePublished":"2019-01-30T11:15:26+00:00","dateModified":"2019-01-30T11:15:26+00:00","breadcrumb":{"@id":"https:\/\/welovecinema.be\/fr\/tout-court-special-magritte-du-cinema\/#breadcrumb"},"inLanguage":"fr-FR","potentialAction":[{"@type":"ReadAction","target":["https:\/\/welovecinema.be\/fr\/tout-court-special-magritte-du-cinema\/"]}]},{"@type":"BreadcrumbList","@id":"https:\/\/welovecinema.be\/fr\/tout-court-special-magritte-du-cinema\/#breadcrumb","itemListElement":[{"@type":"ListItem","position":1,"name":"Accueil","item":"https:\/\/welovecinema.be\/fr\/"},{"@type":"ListItem","position":2,"name":"\u00ab\u00a0Tout Court\u00a0\u00bb sp\u00e9cial Magritte du Cin\u00e9ma !"}]},{"@type":"WebSite","@id":"https:\/\/welovecinema.be\/nl\/#website","url":"https:\/\/welovecinema.be\/nl\/","name":"We Love Cinema","description":"Toute l\u2019information du cin\u00e9ma en Belgique","publisher":{"@id":"https:\/\/welovecinema.be\/nl\/#organization"},"potentialAction":[{"@type":"SearchAction","target":{"@type":"EntryPoint","urlTemplate":"https:\/\/welovecinema.be\/nl\/?s={search_term_string}"},"query-input":"required name=search_term_string"}],"inLanguage":"fr-FR"},{"@type":"Organization","@id":"https:\/\/welovecinema.be\/nl\/#organization","name":"We Love Cinema","url":"https:\/\/welovecinema.be\/nl\/","logo":{"@type":"ImageObject","inLanguage":"fr-FR","@id":"https:\/\/welovecinema.be\/nl\/#\/schema\/logo\/image\/","url":"https:\/\/welovecinema.be\/wp-content\/uploads\/sites\/2\/2023\/03\/Logo-We-Love-Cinema305x128.jpg","contentUrl":"https:\/\/welovecinema.be\/wp-content\/uploads\/sites\/2\/2023\/03\/Logo-We-Love-Cinema305x128.jpg","width":305,"height":128,"caption":"We Love Cinema"},"image":{"@id":"https:\/\/welovecinema.be\/nl\/#\/schema\/logo\/image\/"},"sameAs":["https:\/\/www.facebook.com\/welovecinema.be","https:\/\/www.youtube.com\/channel\/UCX5LYGVhnKvYauW4Nta4HJA","https:\/\/www.instagram.com\/welovecinema.be\/"]},{"@type":"Person","@id":"https:\/\/welovecinema.be\/nl\/#\/schema\/person\/8084b68c6b176142d073695c654dc7cf","name":"Aurore Engelen","url":"https:\/\/welovecinema.be\/fr\/author\/aurore-engelen\/"}]}},"_links":{"self":[{"href":"https:\/\/welovecinema.be\/fr\/wp-json\/wp\/v2\/posts\/216615","targetHints":{"allow":["GET"]}}],"collection":[{"href":"https:\/\/welovecinema.be\/fr\/wp-json\/wp\/v2\/posts"}],"about":[{"href":"https:\/\/welovecinema.be\/fr\/wp-json\/wp\/v2\/types\/post"}],"author":[{"embeddable":true,"href":"https:\/\/welovecinema.be\/fr\/wp-json\/wp\/v2\/users\/343"}],"replies":[{"embeddable":true,"href":"https:\/\/welovecinema.be\/fr\/wp-json\/wp\/v2\/comments?post=216615"}],"version-history":[{"count":0,"href":"https:\/\/welovecinema.be\/fr\/wp-json\/wp\/v2\/posts\/216615\/revisions"}],"wp:featuredmedia":[{"embeddable":true,"href":"https:\/\/welovecinema.be\/fr\/wp-json\/wp\/v2\/media\/203708"}],"wp:attachment":[{"href":"https:\/\/welovecinema.be\/fr\/wp-json\/wp\/v2\/media?parent=216615"}],"wp:term":[{"taxonomy":"category","embeddable":true,"href":"https:\/\/welovecinema.be\/fr\/wp-json\/wp\/v2\/categories?post=216615"},{"taxonomy":"post_tag","embeddable":true,"href":"https:\/\/welovecinema.be\/fr\/wp-json\/wp\/v2\/tags?post=216615"}],"curies":[{"name":"wp","href":"https:\/\/api.w.org\/{rel}","templated":true}]}}