{"id":216246,"date":"2019-01-09T12:21:22","date_gmt":"2019-01-09T11:21:22","guid":{"rendered":"https:\/\/www.cinevox.be\/?p=216246"},"modified":"2019-01-09T12:21:49","modified_gmt":"2019-01-09T11:21:49","slug":"tout-court-programme-du-9-janvier","status":"publish","type":"post","link":"https:\/\/welovecinema.be\/fr\/tout-court-programme-du-9-janvier\/","title":{"rendered":"\u00ab\u00a0Tout court\u00a0\u00bb, programme du 9 janvier"},"content":{"rendered":"<p><strong>Au programme de Tout Court ce soir, trois belles rediffusions: <em>Un grand silence, Kapitalistis<\/em> et <em>Fifo<\/em>.<\/strong><\/p>\r\n<hr \/>\r\n<h4><em><strong>Un grand silence<\/strong><\/em> de Julie Gourdain<\/h4>\r\n<section id=\"synopsis\" class=\"section \" data-poids=\"\" data-open-md=\"true\" data-open-lg=\"true\" data-prepend=\"\" data-fullscreen=\"\" data-open-xs=\"true\" data-open-sm=\"true\">\r\n<div class=\"section-content collapse in\" aria-expanded=\"true\">\r\n<div class=\"section-content-inner\">\r\n<div>Marianne a dix-neuf ans en 1968. Elle est plac\u00e9e au sein d&rsquo;une maison pour jeunes filles, loin de sa famille et de ses proches. Dans cette maison, Marianne rencontre d&rsquo;autres jeunes filles dont le secret a fait basculer le parcours. <em>Avec Nina Mazodier, Sonia Amori, Clarisse Normand<wbr \/>, Am\u00e9lie Porteu de la Morandi\u00e8re, Louise Legendre<\/em><\/div>\r\n<\/div>\r\n<\/div>\r\n<iframe loading=\"lazy\" src=\"https:\/\/player.vimeo.com\/video\/194991505\" width=\"640\" height=\"360\" frameborder=\"0\" allowfullscreen=\"allowfullscreen\" data-mce-fragment=\"1\"><\/iframe><hr \/>\r\n<h4><strong><em>Kapitalistis<\/em><\/strong> de Pablo Munoz Gomez<\/h4>\r\n<!-- \/wp:heading -->\r\n\r\n<!-- wp:paragraph --> <em>Le P\u00e8re No\u00ebl est un capitaliste. Il apporte des jouets aux enfants riches et des pulls aux enfants pauvres.<\/em>\u00a0Nikos, cinq ans. <!-- \/wp:paragraph -->\r\n\r\n<!-- wp:paragraph --> Avec Georges Siatadis, Nikolaso Satas, Wim Willaert, Anne Paulicevich, Marouan Iddoub, Jean-Beno\u00eet Ugeux, Catherine Sal\u00e9e&#8230; https:\/\/youtu.be\/oIInArgNnsY\r\n<div><hr \/>\r\n<h4><em><strong>Fifo<\/strong><\/em> de Sacha Ferbus et J\u00e9r\u00e9my Puffet<\/h4>\r\n<em>Avec\u00a0Martin Goosens, Laura van Maaren, Hugo Antoine, Noemi d\u2019Ursel, Arthur Marbaix<\/em> Le first in first out (Fifo) est une technique de rayonnage dans les supermarche\u0301s. Ste\u0301phan doit placer les produits les plus frais derrie\u0300re les plus avance\u0301s. Ceux biento\u0302t pe\u0301rimes doivent e\u0302tre de\u0301truits. En descendant a\u0300 la benne du sous-sol, Ste\u0301phan devra se confronter au regard de ceux qui pourraient encore en profiter, mais que le syste\u0300me exclut. Il devra faire face a\u0300 celui qu\u2019il e\u0301tait avant d\u2019obtenir un emploi. https:\/\/youtu.be\/XHyb6qSf9_U<hr \/>\r\n<h4>On r\u00e9capitule?<\/h4>\r\n<ul>\r\n<li><em><strong>Un grand silence<\/strong><\/em> de Julie Gourdain \u00e0 23h20<\/li>\r\n<li><strong><em>Kapitalistis<\/em><\/strong> de Pablo Munoz Gomez \u00e0 23h50<\/li>\r\n<li><em><strong>Fifo<\/strong><\/em> de Sacha Ferbus et J\u00e9r\u00e9my Puffet \u00e0 00h05<\/li>\r\n<\/ul>\r\n<\/div>\r\n<\/section>","protected":false},"excerpt":{"rendered":"<p>Au programme de Tout Court ce soir, trois belles rediffusions: Un grand silence, Kapitalistis et Fifo. Un grand silence de Julie Gourdain Marianne a dix-neuf ans en 1968. Elle est plac\u00e9e au sein d&rsquo;une maison pour jeunes filles, loin de sa famille et de ses proches. Dans cette maison, Marianne rencontre d&rsquo;autres jeunes filles dont &hellip;<\/p>\n","protected":false},"author":343,"featured_media":216247,"comment_status":"closed","ping_status":"closed","sticky":false,"template":"","format":"standard","meta":{"ngg_post_thumbnail":0,"footnotes":""},"categories":[14],"tags":[],"class_list":["post-216246","post","type-post","status-publish","format-standard","has-post-thumbnail","","category-home-cinema"],"yoast_head":"<!-- This site is optimized with the Yoast SEO plugin v20.4 - https:\/\/yoast.com\/wordpress\/plugins\/seo\/ -->\n<title>&quot;Tout court&quot;, programme du 9 janvier - We Love Cinema<\/title>\n<meta name=\"robots\" content=\"index, follow, max-snippet:-1, max-image-preview:large, max-video-preview:-1\" \/>\n<link rel=\"canonical\" href=\"https:\/\/welovecinema.be\/fr\/tout-court-programme-du-9-janvier\/\" \/>\n<meta property=\"og:locale\" content=\"fr_FR\" \/>\n<meta property=\"og:type\" content=\"article\" \/>\n<meta property=\"og:title\" content=\"&quot;Tout court&quot;, programme du 9 janvier - We Love Cinema\" \/>\n<meta property=\"og:description\" content=\"Au programme de Tout Court ce soir, trois belles rediffusions: Un grand silence, Kapitalistis et Fifo. Un grand silence de Julie Gourdain Marianne a dix-neuf ans en 1968. Elle est plac\u00e9e au sein d&rsquo;une maison pour jeunes filles, loin de sa famille et de ses proches. Dans cette maison, Marianne rencontre d&rsquo;autres jeunes filles dont &hellip;\" \/>\n<meta property=\"og:url\" content=\"https:\/\/welovecinema.be\/fr\/tout-court-programme-du-9-janvier\/\" \/>\n<meta property=\"og:site_name\" content=\"We Love Cinema\" \/>\n<meta property=\"article:publisher\" content=\"https:\/\/www.facebook.com\/welovecinema.be\" \/>\n<meta property=\"article:published_time\" content=\"2019-01-09T11:21:22+00:00\" \/>\n<meta property=\"article:modified_time\" content=\"2019-01-09T11:21:49+00:00\" \/>\n<meta property=\"og:image\" content=\"https:\/\/welovecinema.be\/wp-content\/uploads\/sites\/2\/2019\/01\/GrandSilence.jpg\" \/>\n\t<meta property=\"og:image:width\" content=\"725\" \/>\n\t<meta property=\"og:image:height\" content=\"408\" \/>\n\t<meta property=\"og:image:type\" content=\"image\/jpeg\" \/>\n<meta name=\"author\" content=\"Aurore Engelen\" \/>\n<meta name=\"twitter:card\" content=\"summary_large_image\" \/>\n<meta name=\"twitter:label1\" content=\"\u00c9crit par\" \/>\n\t<meta name=\"twitter:data1\" content=\"Aurore Engelen\" \/>\n\t<meta name=\"twitter:label2\" content=\"Dur\u00e9e de lecture estim\u00e9e\" \/>\n\t<meta name=\"twitter:data2\" content=\"1 minute\" \/>\n<script type=\"application\/ld+json\" class=\"yoast-schema-graph\">{\"@context\":\"https:\/\/schema.org\",\"@graph\":[{\"@type\":\"Article\",\"@id\":\"https:\/\/welovecinema.be\/fr\/tout-court-programme-du-9-janvier\/#article\",\"isPartOf\":{\"@id\":\"https:\/\/welovecinema.be\/fr\/tout-court-programme-du-9-janvier\/\"},\"author\":{\"name\":\"Aurore Engelen\",\"@id\":\"https:\/\/welovecinema.be\/nl\/#\/schema\/person\/8084b68c6b176142d073695c654dc7cf\"},\"headline\":\"\u00ab\u00a0Tout court\u00a0\u00bb, programme du 9 janvier\",\"datePublished\":\"2019-01-09T11:21:22+00:00\",\"dateModified\":\"2019-01-09T11:21:49+00:00\",\"mainEntityOfPage\":{\"@id\":\"https:\/\/welovecinema.be\/fr\/tout-court-programme-du-9-janvier\/\"},\"wordCount\":271,\"publisher\":{\"@id\":\"https:\/\/welovecinema.be\/nl\/#organization\"},\"articleSection\":[\"Plateau t\u00e9l\u00e9\"],\"inLanguage\":\"fr-FR\"},{\"@type\":\"WebPage\",\"@id\":\"https:\/\/welovecinema.be\/fr\/tout-court-programme-du-9-janvier\/\",\"url\":\"https:\/\/welovecinema.be\/fr\/tout-court-programme-du-9-janvier\/\",\"name\":\"\\\"Tout court\\\", programme du 9 janvier - We Love Cinema\",\"isPartOf\":{\"@id\":\"https:\/\/welovecinema.be\/nl\/#website\"},\"datePublished\":\"2019-01-09T11:21:22+00:00\",\"dateModified\":\"2019-01-09T11:21:49+00:00\",\"breadcrumb\":{\"@id\":\"https:\/\/welovecinema.be\/fr\/tout-court-programme-du-9-janvier\/#breadcrumb\"},\"inLanguage\":\"fr-FR\",\"potentialAction\":[{\"@type\":\"ReadAction\",\"target\":[\"https:\/\/welovecinema.be\/fr\/tout-court-programme-du-9-janvier\/\"]}]},{\"@type\":\"BreadcrumbList\",\"@id\":\"https:\/\/welovecinema.be\/fr\/tout-court-programme-du-9-janvier\/#breadcrumb\",\"itemListElement\":[{\"@type\":\"ListItem\",\"position\":1,\"name\":\"Accueil\",\"item\":\"https:\/\/welovecinema.be\/fr\/\"},{\"@type\":\"ListItem\",\"position\":2,\"name\":\"\u00ab\u00a0Tout court\u00a0\u00bb, programme du 9 janvier\"}]},{\"@type\":\"WebSite\",\"@id\":\"https:\/\/welovecinema.be\/nl\/#website\",\"url\":\"https:\/\/welovecinema.be\/nl\/\",\"name\":\"We Love Cinema\",\"description\":\"Toute l\u2019information du cin\u00e9ma en Belgique\",\"publisher\":{\"@id\":\"https:\/\/welovecinema.be\/nl\/#organization\"},\"potentialAction\":[{\"@type\":\"SearchAction\",\"target\":{\"@type\":\"EntryPoint\",\"urlTemplate\":\"https:\/\/welovecinema.be\/nl\/?s={search_term_string}\"},\"query-input\":\"required name=search_term_string\"}],\"inLanguage\":\"fr-FR\"},{\"@type\":\"Organization\",\"@id\":\"https:\/\/welovecinema.be\/nl\/#organization\",\"name\":\"We Love Cinema\",\"url\":\"https:\/\/welovecinema.be\/nl\/\",\"logo\":{\"@type\":\"ImageObject\",\"inLanguage\":\"fr-FR\",\"@id\":\"https:\/\/welovecinema.be\/nl\/#\/schema\/logo\/image\/\",\"url\":\"https:\/\/welovecinema.be\/wp-content\/uploads\/sites\/2\/2023\/03\/Logo-We-Love-Cinema305x128.jpg\",\"contentUrl\":\"https:\/\/welovecinema.be\/wp-content\/uploads\/sites\/2\/2023\/03\/Logo-We-Love-Cinema305x128.jpg\",\"width\":305,\"height\":128,\"caption\":\"We Love Cinema\"},\"image\":{\"@id\":\"https:\/\/welovecinema.be\/nl\/#\/schema\/logo\/image\/\"},\"sameAs\":[\"https:\/\/www.facebook.com\/welovecinema.be\",\"https:\/\/www.youtube.com\/channel\/UCX5LYGVhnKvYauW4Nta4HJA\",\"https:\/\/www.instagram.com\/welovecinema.be\/\"]},{\"@type\":\"Person\",\"@id\":\"https:\/\/welovecinema.be\/nl\/#\/schema\/person\/8084b68c6b176142d073695c654dc7cf\",\"name\":\"Aurore Engelen\",\"url\":\"https:\/\/welovecinema.be\/fr\/author\/aurore-engelen\/\"}]}<\/script>\n<!-- \/ Yoast SEO plugin. -->","yoast_head_json":{"title":"\"Tout court\", programme du 9 janvier - We Love Cinema","robots":{"index":"index","follow":"follow","max-snippet":"max-snippet:-1","max-image-preview":"max-image-preview:large","max-video-preview":"max-video-preview:-1"},"canonical":"https:\/\/welovecinema.be\/fr\/tout-court-programme-du-9-janvier\/","og_locale":"fr_FR","og_type":"article","og_title":"\"Tout court\", programme du 9 janvier - We Love Cinema","og_description":"Au programme de Tout Court ce soir, trois belles rediffusions: Un grand silence, Kapitalistis et Fifo. Un grand silence de Julie Gourdain Marianne a dix-neuf ans en 1968. Elle est plac\u00e9e au sein d&rsquo;une maison pour jeunes filles, loin de sa famille et de ses proches. Dans cette maison, Marianne rencontre d&rsquo;autres jeunes filles dont &hellip;","og_url":"https:\/\/welovecinema.be\/fr\/tout-court-programme-du-9-janvier\/","og_site_name":"We Love Cinema","article_publisher":"https:\/\/www.facebook.com\/welovecinema.be","article_published_time":"2019-01-09T11:21:22+00:00","article_modified_time":"2019-01-09T11:21:49+00:00","og_image":[{"width":725,"height":408,"url":"https:\/\/welovecinema.be\/wp-content\/uploads\/sites\/2\/2019\/01\/GrandSilence.jpg","type":"image\/jpeg"}],"author":"Aurore Engelen","twitter_card":"summary_large_image","twitter_misc":{"\u00c9crit par":"Aurore Engelen","Dur\u00e9e de lecture estim\u00e9e":"1 minute"},"schema":{"@context":"https:\/\/schema.org","@graph":[{"@type":"Article","@id":"https:\/\/welovecinema.be\/fr\/tout-court-programme-du-9-janvier\/#article","isPartOf":{"@id":"https:\/\/welovecinema.be\/fr\/tout-court-programme-du-9-janvier\/"},"author":{"name":"Aurore Engelen","@id":"https:\/\/welovecinema.be\/nl\/#\/schema\/person\/8084b68c6b176142d073695c654dc7cf"},"headline":"\u00ab\u00a0Tout court\u00a0\u00bb, programme du 9 janvier","datePublished":"2019-01-09T11:21:22+00:00","dateModified":"2019-01-09T11:21:49+00:00","mainEntityOfPage":{"@id":"https:\/\/welovecinema.be\/fr\/tout-court-programme-du-9-janvier\/"},"wordCount":271,"publisher":{"@id":"https:\/\/welovecinema.be\/nl\/#organization"},"articleSection":["Plateau t\u00e9l\u00e9"],"inLanguage":"fr-FR"},{"@type":"WebPage","@id":"https:\/\/welovecinema.be\/fr\/tout-court-programme-du-9-janvier\/","url":"https:\/\/welovecinema.be\/fr\/tout-court-programme-du-9-janvier\/","name":"\"Tout court\", programme du 9 janvier - We Love Cinema","isPartOf":{"@id":"https:\/\/welovecinema.be\/nl\/#website"},"datePublished":"2019-01-09T11:21:22+00:00","dateModified":"2019-01-09T11:21:49+00:00","breadcrumb":{"@id":"https:\/\/welovecinema.be\/fr\/tout-court-programme-du-9-janvier\/#breadcrumb"},"inLanguage":"fr-FR","potentialAction":[{"@type":"ReadAction","target":["https:\/\/welovecinema.be\/fr\/tout-court-programme-du-9-janvier\/"]}]},{"@type":"BreadcrumbList","@id":"https:\/\/welovecinema.be\/fr\/tout-court-programme-du-9-janvier\/#breadcrumb","itemListElement":[{"@type":"ListItem","position":1,"name":"Accueil","item":"https:\/\/welovecinema.be\/fr\/"},{"@type":"ListItem","position":2,"name":"\u00ab\u00a0Tout court\u00a0\u00bb, programme du 9 janvier"}]},{"@type":"WebSite","@id":"https:\/\/welovecinema.be\/nl\/#website","url":"https:\/\/welovecinema.be\/nl\/","name":"We Love Cinema","description":"Toute l\u2019information du cin\u00e9ma en Belgique","publisher":{"@id":"https:\/\/welovecinema.be\/nl\/#organization"},"potentialAction":[{"@type":"SearchAction","target":{"@type":"EntryPoint","urlTemplate":"https:\/\/welovecinema.be\/nl\/?s={search_term_string}"},"query-input":"required name=search_term_string"}],"inLanguage":"fr-FR"},{"@type":"Organization","@id":"https:\/\/welovecinema.be\/nl\/#organization","name":"We Love Cinema","url":"https:\/\/welovecinema.be\/nl\/","logo":{"@type":"ImageObject","inLanguage":"fr-FR","@id":"https:\/\/welovecinema.be\/nl\/#\/schema\/logo\/image\/","url":"https:\/\/welovecinema.be\/wp-content\/uploads\/sites\/2\/2023\/03\/Logo-We-Love-Cinema305x128.jpg","contentUrl":"https:\/\/welovecinema.be\/wp-content\/uploads\/sites\/2\/2023\/03\/Logo-We-Love-Cinema305x128.jpg","width":305,"height":128,"caption":"We Love Cinema"},"image":{"@id":"https:\/\/welovecinema.be\/nl\/#\/schema\/logo\/image\/"},"sameAs":["https:\/\/www.facebook.com\/welovecinema.be","https:\/\/www.youtube.com\/channel\/UCX5LYGVhnKvYauW4Nta4HJA","https:\/\/www.instagram.com\/welovecinema.be\/"]},{"@type":"Person","@id":"https:\/\/welovecinema.be\/nl\/#\/schema\/person\/8084b68c6b176142d073695c654dc7cf","name":"Aurore Engelen","url":"https:\/\/welovecinema.be\/fr\/author\/aurore-engelen\/"}]}},"_links":{"self":[{"href":"https:\/\/welovecinema.be\/fr\/wp-json\/wp\/v2\/posts\/216246","targetHints":{"allow":["GET"]}}],"collection":[{"href":"https:\/\/welovecinema.be\/fr\/wp-json\/wp\/v2\/posts"}],"about":[{"href":"https:\/\/welovecinema.be\/fr\/wp-json\/wp\/v2\/types\/post"}],"author":[{"embeddable":true,"href":"https:\/\/welovecinema.be\/fr\/wp-json\/wp\/v2\/users\/343"}],"replies":[{"embeddable":true,"href":"https:\/\/welovecinema.be\/fr\/wp-json\/wp\/v2\/comments?post=216246"}],"version-history":[{"count":0,"href":"https:\/\/welovecinema.be\/fr\/wp-json\/wp\/v2\/posts\/216246\/revisions"}],"wp:featuredmedia":[{"embeddable":true,"href":"https:\/\/welovecinema.be\/fr\/wp-json\/wp\/v2\/media\/216247"}],"wp:attachment":[{"href":"https:\/\/welovecinema.be\/fr\/wp-json\/wp\/v2\/media?parent=216246"}],"wp:term":[{"taxonomy":"category","embeddable":true,"href":"https:\/\/welovecinema.be\/fr\/wp-json\/wp\/v2\/categories?post=216246"},{"taxonomy":"post_tag","embeddable":true,"href":"https:\/\/welovecinema.be\/fr\/wp-json\/wp\/v2\/tags?post=216246"}],"curies":[{"name":"wp","href":"https:\/\/api.w.org\/{rel}","templated":true}]}}