{"id":216182,"date":"2019-01-08T10:23:54","date_gmt":"2019-01-08T09:23:54","guid":{"rendered":"https:\/\/www.cinevox.be\/?p=216182"},"modified":"2019-01-08T10:48:14","modified_gmt":"2019-01-08T09:48:14","slug":"emma-et-pamela-font-du-ramdam-a-tournai","status":"publish","type":"post","link":"https:\/\/welovecinema.be\/fr\/emma-et-pamela-font-du-ramdam-a-tournai\/","title":{"rendered":"Emma et Pamela font du Ramdam \u00e0 Tournai"},"content":{"rendered":"\n<p><strong>La 9e \u00e9dition du Ramdam, le Festival du film qui d\u00e9range se tiendra du 12 au 22 janvier prochain \u00e0 Tournai. Parmi la riche programmation faite d&rsquo;avant-premi\u00e8res et d&rsquo;exclusivit\u00e9s, on retrouvera quelques productions belges attendues dans les semaines \u00e0 venir, ou encore quelques films ayant marqu\u00e9 l&rsquo;ann\u00e9e \u00e9coul\u00e9e. <\/strong><\/p>\n\n\n\n<p>Parmi les fictions en avant-premi\u00e8re, le Festival programmera ainsi <em><a href=\"https:\/\/www.cinevox.be\/fr\/seule-a-mariage-belle-echappee\/\">Seule \u00e0 mon mariage<\/a><\/em>, le premier long m\u00e9trage de Marta Bergman, d\u00e9couvert en mai dernier \u00e0 Cannes (ACID). Le film suit la virevoltante trajectoire d&rsquo;\u00e9mancipation d&rsquo;une jeune femme Rom qui \u00e9touffe dans son petit village au coeur de la Roumanie, et refuse le destin qui lui semble tout trac\u00e9. Elle pense un moment qu&rsquo;un mariage de raison avec un \u00ab\u00a0Fran\u00e7ais\u00a0\u00bb rencontr\u00e9 sur internet (en l&rsquo;occurence, un Belge, Tom Vermeir), lui offrira la vie dont elle r\u00eave. A moins que ce ne soit que la premi\u00e8re \u00e9tape de son \u00e9chapp\u00e9e belle&#8230; <\/p>\n\n\n\n<p>Le film, qui sort le mercredi 6 f\u00e9vrier en Belgique, est port\u00e9 par la folle explosivit\u00e9 de son interpr\u00e8te principale, Alina Serban, et \u00e9pouse son \u00e9nergie et ses mouvements. Un film sur la condition f\u00e9minine, l&rsquo;immigration, la maternit\u00e9, les diff\u00e9rences culturelles, et surtout un film qui se demande \u00e0 quoi r\u00eavent les jeunes filles? <\/p>\n\n\n\n<figure class=\"wp-block-embed-youtube wp-block-embed is-type-video is-provider-youtube wp-embed-aspect-16-9 wp-has-aspect-ratio\"><div class=\"wp-block-embed__wrapper\">\n<iframe loading=\"lazy\" title=\"Bande-annonce &quot;Seule \u00e0 mon mariage&quot; de Marta Bergman\" width=\"618\" height=\"348\" src=\"https:\/\/www.youtube.com\/embed\/OUrGstpUVdo?feature=oembed\" frameborder=\"0\" allow=\"accelerometer; autoplay; clipboard-write; encrypted-media; gyroscope; picture-in-picture; web-share\" referrerpolicy=\"strict-origin-when-cross-origin\" allowfullscreen><\/iframe>\n<\/div><\/figure>\n\n\n\n<p>Autre long m\u00e9trage belge pr\u00e9sent\u00e9 en avant-premi\u00e8re, et en cl\u00f4ture du Festival, la surprenante com\u00e9die de Nicole Palo, <em><a href=\"https:\/\/www.cinevox.be\/fr\/cinevox-77-nicole-palo-et-fabrice-adde-nous-parlent-de-emma-peeters\/\">Emma Peeters<\/a><\/em>. Une com\u00e9die en cl\u00f4ture du Festival du film qui d\u00e9range? Oui, mais pas n&rsquo;importe laquelle. Car Emma Peeters ose rire&#8230; de la mort, et surtout, du d\u00e9sespoir. <\/p>\n\n\n\n<p>Emma a 35 ans, elle est com\u00e9dienne. Ou plut\u00f4t, com\u00e9dienne rat\u00e9. Elle s&rsquo;est exil\u00e9e \u00e0 Paris, a fait une pub, un nombre incommensurable de castings, mais son horizon aujourd&rsquo;hui, c&rsquo;est le badge de \u00ab\u00a0Meilleure employ\u00e9e du mois\u00a0\u00bb chez Darty. Face \u00e0 l&rsquo;\u00e9chec de sa vie, Emma ne voit plus qu&rsquo;une seule issue: r\u00e9ussir sa mort. Elle va donc mener une enqu\u00eate d\u00e9taill\u00e9e sur les 1001 fa\u00e7ons de se suicider, et planifier les fun\u00e9railles. Ce faisant, elle rencontre Alex Bodart, un \u00e9trange entrepreneur de pompes fun\u00e8bres, qui l&rsquo;accompagne dans ses d\u00e9marches un peu particuli\u00e8res&#8230;<\/p>\n\n\n\n<p>Emma, c&rsquo;est Mona Chokri, la com\u00e9dienne canadienne d\u00e9couverte chez Xavier Dolan, et vue notamment dans <em>Je suis \u00e0 toi<\/em> de David Lambert. Alex Bodart est quant \u00e0 lui interpr\u00e9t\u00e9 par Fabrice Adde, d\u00e9couvert dans <em>Eldorado<\/em>, et revu r\u00e9cemment dans <em>La Tr\u00eave<\/em>. Face \u00e0 eux, quelque savoureux seconds r\u00f4les belges, comme Jean-Henri Comp\u00e8re, St\u00e9phanie Crayencour ou Thomas Mustin.<\/p>\n\n\n\n<figure class=\"wp-block-embed-youtube wp-block-embed is-type-video is-provider-youtube wp-embed-aspect-16-9 wp-has-aspect-ratio\"><div class=\"wp-block-embed__wrapper\">\n<iframe loading=\"lazy\" title=\"Emma Peeters En VOD et DVD #streaming\" width=\"618\" height=\"348\" src=\"https:\/\/www.youtube.com\/embed\/Ujid4dRpq7M?feature=oembed\" frameborder=\"0\" allow=\"accelerometer; autoplay; clipboard-write; encrypted-media; gyroscope; picture-in-picture; web-share\" referrerpolicy=\"strict-origin-when-cross-origin\" allowfullscreen><\/iframe>\n<\/div><\/figure>\n\n\n\n<p>On note \u00e9galement la s\u00e9lection de trois coproductions belges, <em>Fatwa<\/em> de Mahmoud Ben Mahmoud coproduit par Les Films du Fleuve et les fr\u00e8res Dardenne, <em>Tel Aviv on Fire<\/em> de Sameh Zoabi, coproduit par Artemis Production, avec la com\u00e9dienne belge Lubna Azabal, et <em>Ceux qui travaillent <\/em>d&rsquo;Antoine Russbach, coproduit par Novak, avec Olivier Gourmet. <\/p>\n\n\n\n<p>Le Ramdam, c&rsquo;est aussi la section \u00ab\u00a0Ramdam de l&rsquo;ann\u00e9e\u00a0\u00bb, s\u00e9lection de films belges sortis durant l&rsquo;ann\u00e9e \u00e9coul\u00e9e, qui propose cette ann\u00e9e de revoir <em><a href=\"https:\/\/www.cinevox.be\/fr\/girl-a-corps-perdu\/\">Girl<\/a><\/em>, <em><a href=\"https:\/\/www.cinevox.be\/fr\/jan-decleir-magistral-dans-niet-schieten-le-nouveau-stijn-coninx\/\">Niet Schieten<\/a><\/em>, <em><a href=\"https:\/\/www.cinevox.be\/fr\/nos-batailles-metamorphose-dun-pere\/\">Nos batailles<\/a><\/em> et <em><a href=\"https:\/\/www.cinevox.be\/fr\/beautiful-boy-la-croisade-dun-pere\/\">Beautiful Boy<\/a><\/em>. <\/p>\n\n\n\n<p>Le festival proposera \u00e9galement la projection des <a href=\"https:\/\/www.cinevox.be\/fr\/ennemi-public-saison-2-le-compte-a-rebours-a-commence\/\">deux premiers \u00e9pisodes<\/a> de la saison 2 d&rsquo;<em>Ennemi Public<\/em>, avant la diffusion sur la RTBF. <\/p>\n\n\n\n<p>Enfin, le Festival organise samedi soir (le 12 janvier) une s\u00e9ance de courts m\u00e9trages belges en pr\u00e9sence des cin\u00e9astes, avec au programme <em>Vihta<\/em> de Fran\u00e7ois Bierry, <em>Accord parental <\/em>de Benjamin Belloir, <em>F.A.M.I.L.L.E.<\/em> de Jessica Champeaux, <em>Eastpak<\/em> de Jean-Beno\u00eet Ugeux,<em> Lost in the Middle<\/em> de Senne Dehandschutter et <em>Une soeur<\/em> de Delphine Girard. <\/p>\n\n\n\n<p>Rendez-vous \u00e0 Tournai du 12 au 22 janvier prochains!<\/p>\n","protected":false},"excerpt":{"rendered":"<p>La 9e \u00e9dition du Ramdam, le Festival du film qui d\u00e9range se tiendra du 12 au 22 janvier prochain \u00e0 Tournai. Parmi la riche programmation faite d&rsquo;avant-premi\u00e8res et d&rsquo;exclusivit\u00e9s, on retrouvera quelques productions belges attendues dans les semaines \u00e0 venir, ou encore quelques films ayant marqu\u00e9 l&rsquo;ann\u00e9e \u00e9coul\u00e9e. Parmi les fictions en avant-premi\u00e8re, le Festival &hellip;<\/p>\n","protected":false},"author":343,"featured_media":216183,"comment_status":"closed","ping_status":"closed","sticky":false,"template":"","format":"standard","meta":{"ngg_post_thumbnail":0,"footnotes":""},"categories":[53],"tags":[],"class_list":["post-216182","post","type-post","status-publish","format-standard","has-post-thumbnail","","category-coming-soon"],"yoast_head":"<!-- This site is optimized with the Yoast SEO plugin v20.4 - https:\/\/yoast.com\/wordpress\/plugins\/seo\/ -->\n<title>Emma et Pamela font du Ramdam \u00e0 Tournai - We Love Cinema<\/title>\n<meta name=\"robots\" content=\"index, follow, max-snippet:-1, max-image-preview:large, max-video-preview:-1\" \/>\n<link rel=\"canonical\" href=\"https:\/\/welovecinema.be\/fr\/emma-et-pamela-font-du-ramdam-a-tournai\/\" \/>\n<meta property=\"og:locale\" content=\"fr_FR\" \/>\n<meta property=\"og:type\" content=\"article\" \/>\n<meta property=\"og:title\" content=\"Emma et Pamela font du Ramdam \u00e0 Tournai - We Love Cinema\" \/>\n<meta property=\"og:description\" content=\"La 9e \u00e9dition du Ramdam, le Festival du film qui d\u00e9range se tiendra du 12 au 22 janvier prochain \u00e0 Tournai. Parmi la riche programmation faite d&rsquo;avant-premi\u00e8res et d&rsquo;exclusivit\u00e9s, on retrouvera quelques productions belges attendues dans les semaines \u00e0 venir, ou encore quelques films ayant marqu\u00e9 l&rsquo;ann\u00e9e \u00e9coul\u00e9e. Parmi les fictions en avant-premi\u00e8re, le Festival &hellip;\" \/>\n<meta property=\"og:url\" content=\"https:\/\/welovecinema.be\/fr\/emma-et-pamela-font-du-ramdam-a-tournai\/\" \/>\n<meta property=\"og:site_name\" content=\"We Love Cinema\" \/>\n<meta property=\"article:publisher\" content=\"https:\/\/www.facebook.com\/welovecinema.be\" \/>\n<meta property=\"article:published_time\" content=\"2019-01-08T09:23:54+00:00\" \/>\n<meta property=\"article:modified_time\" content=\"2019-01-08T09:48:14+00:00\" \/>\n<meta property=\"og:image\" content=\"https:\/\/welovecinema.be\/wp-content\/uploads\/sites\/2\/2019\/01\/Ramdam.jpg\" \/>\n\t<meta property=\"og:image:width\" content=\"1200\" \/>\n\t<meta property=\"og:image:height\" content=\"600\" \/>\n\t<meta property=\"og:image:type\" content=\"image\/jpeg\" \/>\n<meta name=\"author\" content=\"Aurore Engelen\" \/>\n<meta name=\"twitter:card\" content=\"summary_large_image\" \/>\n<meta name=\"twitter:label1\" content=\"\u00c9crit par\" \/>\n\t<meta name=\"twitter:data1\" content=\"Aurore Engelen\" \/>\n\t<meta name=\"twitter:label2\" content=\"Dur\u00e9e de lecture estim\u00e9e\" \/>\n\t<meta name=\"twitter:data2\" content=\"3 minutes\" \/>\n<script type=\"application\/ld+json\" class=\"yoast-schema-graph\">{\"@context\":\"https:\/\/schema.org\",\"@graph\":[{\"@type\":\"Article\",\"@id\":\"https:\/\/welovecinema.be\/fr\/emma-et-pamela-font-du-ramdam-a-tournai\/#article\",\"isPartOf\":{\"@id\":\"https:\/\/welovecinema.be\/fr\/emma-et-pamela-font-du-ramdam-a-tournai\/\"},\"author\":{\"name\":\"Aurore Engelen\",\"@id\":\"https:\/\/welovecinema.be\/nl\/#\/schema\/person\/8084b68c6b176142d073695c654dc7cf\"},\"headline\":\"Emma et Pamela font du Ramdam \u00e0 Tournai\",\"datePublished\":\"2019-01-08T09:23:54+00:00\",\"dateModified\":\"2019-01-08T09:48:14+00:00\",\"mainEntityOfPage\":{\"@id\":\"https:\/\/welovecinema.be\/fr\/emma-et-pamela-font-du-ramdam-a-tournai\/\"},\"wordCount\":652,\"publisher\":{\"@id\":\"https:\/\/welovecinema.be\/nl\/#organization\"},\"articleSection\":[\"Coming soon\"],\"inLanguage\":\"fr-FR\"},{\"@type\":\"WebPage\",\"@id\":\"https:\/\/welovecinema.be\/fr\/emma-et-pamela-font-du-ramdam-a-tournai\/\",\"url\":\"https:\/\/welovecinema.be\/fr\/emma-et-pamela-font-du-ramdam-a-tournai\/\",\"name\":\"Emma et Pamela font du Ramdam \u00e0 Tournai - We Love Cinema\",\"isPartOf\":{\"@id\":\"https:\/\/welovecinema.be\/nl\/#website\"},\"datePublished\":\"2019-01-08T09:23:54+00:00\",\"dateModified\":\"2019-01-08T09:48:14+00:00\",\"breadcrumb\":{\"@id\":\"https:\/\/welovecinema.be\/fr\/emma-et-pamela-font-du-ramdam-a-tournai\/#breadcrumb\"},\"inLanguage\":\"fr-FR\",\"potentialAction\":[{\"@type\":\"ReadAction\",\"target\":[\"https:\/\/welovecinema.be\/fr\/emma-et-pamela-font-du-ramdam-a-tournai\/\"]}]},{\"@type\":\"BreadcrumbList\",\"@id\":\"https:\/\/welovecinema.be\/fr\/emma-et-pamela-font-du-ramdam-a-tournai\/#breadcrumb\",\"itemListElement\":[{\"@type\":\"ListItem\",\"position\":1,\"name\":\"Accueil\",\"item\":\"https:\/\/welovecinema.be\/fr\/\"},{\"@type\":\"ListItem\",\"position\":2,\"name\":\"Emma et Pamela font du Ramdam \u00e0 Tournai\"}]},{\"@type\":\"WebSite\",\"@id\":\"https:\/\/welovecinema.be\/nl\/#website\",\"url\":\"https:\/\/welovecinema.be\/nl\/\",\"name\":\"We Love Cinema\",\"description\":\"Toute l\u2019information du cin\u00e9ma en Belgique\",\"publisher\":{\"@id\":\"https:\/\/welovecinema.be\/nl\/#organization\"},\"potentialAction\":[{\"@type\":\"SearchAction\",\"target\":{\"@type\":\"EntryPoint\",\"urlTemplate\":\"https:\/\/welovecinema.be\/nl\/?s={search_term_string}\"},\"query-input\":\"required name=search_term_string\"}],\"inLanguage\":\"fr-FR\"},{\"@type\":\"Organization\",\"@id\":\"https:\/\/welovecinema.be\/nl\/#organization\",\"name\":\"We Love Cinema\",\"url\":\"https:\/\/welovecinema.be\/nl\/\",\"logo\":{\"@type\":\"ImageObject\",\"inLanguage\":\"fr-FR\",\"@id\":\"https:\/\/welovecinema.be\/nl\/#\/schema\/logo\/image\/\",\"url\":\"https:\/\/welovecinema.be\/wp-content\/uploads\/sites\/2\/2023\/03\/Logo-We-Love-Cinema305x128.jpg\",\"contentUrl\":\"https:\/\/welovecinema.be\/wp-content\/uploads\/sites\/2\/2023\/03\/Logo-We-Love-Cinema305x128.jpg\",\"width\":305,\"height\":128,\"caption\":\"We Love Cinema\"},\"image\":{\"@id\":\"https:\/\/welovecinema.be\/nl\/#\/schema\/logo\/image\/\"},\"sameAs\":[\"https:\/\/www.facebook.com\/welovecinema.be\",\"https:\/\/www.youtube.com\/channel\/UCX5LYGVhnKvYauW4Nta4HJA\",\"https:\/\/www.instagram.com\/welovecinema.be\/\"]},{\"@type\":\"Person\",\"@id\":\"https:\/\/welovecinema.be\/nl\/#\/schema\/person\/8084b68c6b176142d073695c654dc7cf\",\"name\":\"Aurore Engelen\",\"url\":\"https:\/\/welovecinema.be\/fr\/author\/aurore-engelen\/\"}]}<\/script>\n<!-- \/ Yoast SEO plugin. -->","yoast_head_json":{"title":"Emma et Pamela font du Ramdam \u00e0 Tournai - We Love Cinema","robots":{"index":"index","follow":"follow","max-snippet":"max-snippet:-1","max-image-preview":"max-image-preview:large","max-video-preview":"max-video-preview:-1"},"canonical":"https:\/\/welovecinema.be\/fr\/emma-et-pamela-font-du-ramdam-a-tournai\/","og_locale":"fr_FR","og_type":"article","og_title":"Emma et Pamela font du Ramdam \u00e0 Tournai - We Love Cinema","og_description":"La 9e \u00e9dition du Ramdam, le Festival du film qui d\u00e9range se tiendra du 12 au 22 janvier prochain \u00e0 Tournai. Parmi la riche programmation faite d&rsquo;avant-premi\u00e8res et d&rsquo;exclusivit\u00e9s, on retrouvera quelques productions belges attendues dans les semaines \u00e0 venir, ou encore quelques films ayant marqu\u00e9 l&rsquo;ann\u00e9e \u00e9coul\u00e9e. Parmi les fictions en avant-premi\u00e8re, le Festival &hellip;","og_url":"https:\/\/welovecinema.be\/fr\/emma-et-pamela-font-du-ramdam-a-tournai\/","og_site_name":"We Love Cinema","article_publisher":"https:\/\/www.facebook.com\/welovecinema.be","article_published_time":"2019-01-08T09:23:54+00:00","article_modified_time":"2019-01-08T09:48:14+00:00","og_image":[{"width":1200,"height":600,"url":"https:\/\/welovecinema.be\/wp-content\/uploads\/sites\/2\/2019\/01\/Ramdam.jpg","type":"image\/jpeg"}],"author":"Aurore Engelen","twitter_card":"summary_large_image","twitter_misc":{"\u00c9crit par":"Aurore Engelen","Dur\u00e9e de lecture estim\u00e9e":"3 minutes"},"schema":{"@context":"https:\/\/schema.org","@graph":[{"@type":"Article","@id":"https:\/\/welovecinema.be\/fr\/emma-et-pamela-font-du-ramdam-a-tournai\/#article","isPartOf":{"@id":"https:\/\/welovecinema.be\/fr\/emma-et-pamela-font-du-ramdam-a-tournai\/"},"author":{"name":"Aurore Engelen","@id":"https:\/\/welovecinema.be\/nl\/#\/schema\/person\/8084b68c6b176142d073695c654dc7cf"},"headline":"Emma et Pamela font du Ramdam \u00e0 Tournai","datePublished":"2019-01-08T09:23:54+00:00","dateModified":"2019-01-08T09:48:14+00:00","mainEntityOfPage":{"@id":"https:\/\/welovecinema.be\/fr\/emma-et-pamela-font-du-ramdam-a-tournai\/"},"wordCount":652,"publisher":{"@id":"https:\/\/welovecinema.be\/nl\/#organization"},"articleSection":["Coming soon"],"inLanguage":"fr-FR"},{"@type":"WebPage","@id":"https:\/\/welovecinema.be\/fr\/emma-et-pamela-font-du-ramdam-a-tournai\/","url":"https:\/\/welovecinema.be\/fr\/emma-et-pamela-font-du-ramdam-a-tournai\/","name":"Emma et Pamela font du Ramdam \u00e0 Tournai - We Love Cinema","isPartOf":{"@id":"https:\/\/welovecinema.be\/nl\/#website"},"datePublished":"2019-01-08T09:23:54+00:00","dateModified":"2019-01-08T09:48:14+00:00","breadcrumb":{"@id":"https:\/\/welovecinema.be\/fr\/emma-et-pamela-font-du-ramdam-a-tournai\/#breadcrumb"},"inLanguage":"fr-FR","potentialAction":[{"@type":"ReadAction","target":["https:\/\/welovecinema.be\/fr\/emma-et-pamela-font-du-ramdam-a-tournai\/"]}]},{"@type":"BreadcrumbList","@id":"https:\/\/welovecinema.be\/fr\/emma-et-pamela-font-du-ramdam-a-tournai\/#breadcrumb","itemListElement":[{"@type":"ListItem","position":1,"name":"Accueil","item":"https:\/\/welovecinema.be\/fr\/"},{"@type":"ListItem","position":2,"name":"Emma et Pamela font du Ramdam \u00e0 Tournai"}]},{"@type":"WebSite","@id":"https:\/\/welovecinema.be\/nl\/#website","url":"https:\/\/welovecinema.be\/nl\/","name":"We Love Cinema","description":"Toute l\u2019information du cin\u00e9ma en Belgique","publisher":{"@id":"https:\/\/welovecinema.be\/nl\/#organization"},"potentialAction":[{"@type":"SearchAction","target":{"@type":"EntryPoint","urlTemplate":"https:\/\/welovecinema.be\/nl\/?s={search_term_string}"},"query-input":"required name=search_term_string"}],"inLanguage":"fr-FR"},{"@type":"Organization","@id":"https:\/\/welovecinema.be\/nl\/#organization","name":"We Love Cinema","url":"https:\/\/welovecinema.be\/nl\/","logo":{"@type":"ImageObject","inLanguage":"fr-FR","@id":"https:\/\/welovecinema.be\/nl\/#\/schema\/logo\/image\/","url":"https:\/\/welovecinema.be\/wp-content\/uploads\/sites\/2\/2023\/03\/Logo-We-Love-Cinema305x128.jpg","contentUrl":"https:\/\/welovecinema.be\/wp-content\/uploads\/sites\/2\/2023\/03\/Logo-We-Love-Cinema305x128.jpg","width":305,"height":128,"caption":"We Love Cinema"},"image":{"@id":"https:\/\/welovecinema.be\/nl\/#\/schema\/logo\/image\/"},"sameAs":["https:\/\/www.facebook.com\/welovecinema.be","https:\/\/www.youtube.com\/channel\/UCX5LYGVhnKvYauW4Nta4HJA","https:\/\/www.instagram.com\/welovecinema.be\/"]},{"@type":"Person","@id":"https:\/\/welovecinema.be\/nl\/#\/schema\/person\/8084b68c6b176142d073695c654dc7cf","name":"Aurore Engelen","url":"https:\/\/welovecinema.be\/fr\/author\/aurore-engelen\/"}]}},"_links":{"self":[{"href":"https:\/\/welovecinema.be\/fr\/wp-json\/wp\/v2\/posts\/216182","targetHints":{"allow":["GET"]}}],"collection":[{"href":"https:\/\/welovecinema.be\/fr\/wp-json\/wp\/v2\/posts"}],"about":[{"href":"https:\/\/welovecinema.be\/fr\/wp-json\/wp\/v2\/types\/post"}],"author":[{"embeddable":true,"href":"https:\/\/welovecinema.be\/fr\/wp-json\/wp\/v2\/users\/343"}],"replies":[{"embeddable":true,"href":"https:\/\/welovecinema.be\/fr\/wp-json\/wp\/v2\/comments?post=216182"}],"version-history":[{"count":0,"href":"https:\/\/welovecinema.be\/fr\/wp-json\/wp\/v2\/posts\/216182\/revisions"}],"wp:featuredmedia":[{"embeddable":true,"href":"https:\/\/welovecinema.be\/fr\/wp-json\/wp\/v2\/media\/216183"}],"wp:attachment":[{"href":"https:\/\/welovecinema.be\/fr\/wp-json\/wp\/v2\/media?parent=216182"}],"wp:term":[{"taxonomy":"category","embeddable":true,"href":"https:\/\/welovecinema.be\/fr\/wp-json\/wp\/v2\/categories?post=216182"},{"taxonomy":"post_tag","embeddable":true,"href":"https:\/\/welovecinema.be\/fr\/wp-json\/wp\/v2\/tags?post=216182"}],"curies":[{"name":"wp","href":"https:\/\/api.w.org\/{rel}","templated":true}]}}