{"id":216161,"date":"2019-01-07T13:19:11","date_gmt":"2019-01-07T12:19:11","guid":{"rendered":"https:\/\/www.cinevox.be\/?p=216161"},"modified":"2019-01-07T13:19:14","modified_gmt":"2019-01-07T12:19:14","slug":"stage-laboratoire-du-jeu-face-camera-avec-frederic-fonteyne","status":"publish","type":"post","link":"https:\/\/welovecinema.be\/fr\/stage-laboratoire-du-jeu-face-camera-avec-frederic-fonteyne\/","title":{"rendered":"Stage &#8211; Laboratoire du jeu face cam\u00e9ra avec Fr\u00e9d\u00e9ric Fonteyne"},"content":{"rendered":"\n<p><strong>Dans son livre, <em>Les notes sur le cin\u00e9matographe<\/em>, Bresson parle des devoir du com\u00e9dien envers le th\u00e9\u00e2tre. Il dit aussi que le com\u00e9dien de th\u00e9\u00e2tre n\u2019a rien \u00e0 faire devant une cam\u00e9ra. C\u2019est une position un peu extr\u00eame mais qui a au moins le m\u00e9rite de poser une question.<\/strong><\/p>\n\n\n\n<h4 class=\"wp-block-heading\"><br>Philosophie et m\u00e9thode de travail <\/h4>\n\n\n\n<p>Dans ce laboratoire nous allons tenter de d\u00e9couvrir de quoi il s\u2019agit quand un \u00ab acteur \u00bb joue devant une cam\u00e9ra. De quels devoirs est-il redevable par rapport au cin\u00e9ma. Dans quel espace de jeu il se situe, comment il peut se d\u00e9ployer de mani\u00e8re aussi gigantesque que sur la sc\u00e8ne d\u2019un th\u00e9\u00e2tre. <\/p>\n\n\n\n<p>Ce que l\u2019on va tenter de d\u00e9couvrir, c\u2019est la mani\u00e8re dont la cam\u00e9ra r\u00e9v\u00e8le quelque chose qui ne serait pas d\u00e9voil\u00e9 sans elle. Il s\u2019agit d\u2019une d\u00e9couverte de cette autre sc\u00e8ne, qui constitue le dispositif cin\u00e9matographique. Chaque art demande qu\u2019on s\u2019int\u00e9resse \u00e0 ses moyens. L\u2019acteur de cin\u00e9ma s\u2019inscrit dans un processus cin\u00e9matographique. Il s\u2019agit d\u2019une pratique. Ce d\u00e9voilement de cet espace de jeu cin\u00e9matographique est diff\u00e9rent pour chacun, et il n\u2019est pas si compliqu\u00e9 \u00e0 d\u00e9couvrir. <\/p>\n\n\n\n<p>Ce n\u2019est pas de la th\u00e9orie, c\u2019est de la pratique. Il s\u2019agit d\u2019une intuition, d\u2019un d\u00e9clic \u00e0 avoir. De savoir quand on est sur sc\u00e8ne, et quand on est devant l\u2019autre type de sc\u00e8ne qu\u2019est le cin\u00e9ma. C\u2019est un laboratoire o\u00f9 nous allons concr\u00e8tement et diff\u00e9remment pour chacun exp\u00e9rimenter le cin\u00e9ma, le jeu au cin\u00e9ma. Ou nous allons faire du cin\u00e9ma. Impossible de faire autrement, de faire semblant.<\/p>\n\n\n\n<p>De nombreuses ann\u00e9es de pratique de ce genre d\u2019atelier m\u2019ont confirm\u00e9 dans l\u2019id\u00e9e, qu\u2019il n\u2019y a pas de cin\u00e9ma sans d\u00e9sir puissant. Il ne s\u2019agira donc pas de nous exercer sur de petites sc\u00e9nettes. <\/p>\n\n\n\n<p>Je demande aux participants de venir avec un projet, un d\u00e9sir de cin\u00e9ma, sous forme d\u2019une proposition de quelque chose \u00e0 jouer. Un personnage, une histoire, une confrontation d\u2019un personnage impliquant un changement et une transformation, avec un sujet qui vous passionne. Je vous demande de venir avec une proposition de jeu pour laquelle vous seriez pr\u00eats \u00e0 prendre le risque de vous mettre en jeu devant une cam\u00e9ra.<\/p>\n\n\n\n<p>Etant donn\u00e9 la dur\u00e9e de l\u2019atelier il ne s\u2019agit pas d\u2019un atelier d\u2019\u00e9criture. On n\u2019a pas le temps d\u2019\u00e9crire. Il faut venir avec une id\u00e9e qui peut \u00eatre issue du th\u00e9\u00e2tre, du roman, pourquoi pas du cin\u00e9ma, mais il faut venir avec quelque chose que vous auriez envie de proposer, un enjeu, une situation, un personnage qui vous passionne, que vous aimeriez risquer au cin\u00e9ma.<\/p>\n\n\n\n<p>A partir de l\u00e0, de cette mati\u00e8re que vous am\u00e8nerez, que nous mettrons en commun, nous filmerons, nous visionnerons, et nous nous entra\u00eenerons \u00e0 faire de mani\u00e8re pratique, sans faire semblant, du cin\u00e9ma. Une fois qu\u2019on a fait du cin\u00e9ma, on peut se dire que l\u2019on pourra en refaire. Ma conviction est que l\u2019intuition qui peut \u00eatre d\u00e9couverte dans ce laboratoire, forc\u00e9ment diff\u00e9rente pour chacun, ouvre la porte du jeu sp\u00e9cifiquement cin\u00e9matographique.<br><\/p>\n\n\n\n<h4 class=\"wp-block-heading\">Fr\u00e9d\u00e9ric Fonteyne <\/h4>\n\n\n\n<p>Fr\u00e9d\u00e9ric Fonteyne r\u00e9alise plusieurs courts-m\u00e9trages prim\u00e9s dans de nombreux festivals : <em>Bon anniversaire Sergent Bob<\/em> (1988), <em>Les Vloems<\/em> (1989), <em>La Modestie<\/em> (1991) et <em>Bob le d\u00e9plorable<\/em> (1993). <\/p>\n\n\n\n<p>Son premier long-m\u00e9trage <em>Max et Bobo<\/em> (1997) r\u00e9unit Jan Hammenecker et Alfredo Pea, et obtient entre autres le grand prix du festival de Mannheim-Heidelberg. <\/p>\n\n\n\n<p>Son deuxi\u00e8me long-m\u00e9trage <em>Une liaison pornographiqu<\/em>e (1999) avec Nathalie Baye et Sergi Lopez est projet\u00e9 \u00e0 la Mostra de Venise o\u00f9 Nathalie Baye obtient le prix d\u2019interpr\u00e9tation f\u00e9minine. <\/p>\n\n\n\n<p>Pour son troisi\u00e8me film, il adapte le roman de Madeleine Bourdouxhe, <em>La femme de Gilles<\/em> (2004) avec Emmanuelle Devos, Clovis Cornillac et Laura Smet, \u00e9galement projet\u00e9 \u00e0 la Mostra de Venise o\u00f9 il obtient le prix art et essai. <\/p>\n\n\n\n<p>Son quatri\u00e8me long-m\u00e9trage <em>Tango Libre <\/em>r\u00e9unit Fran\u00e7ois Damiens, Sergi Lopez, Jan Hammenecker et Anne Paulicevich. Tango Libre est \u00e9galement s\u00e9lectionn\u00e9 \u00e0 la Mostra de Venise 2012 et y a re\u00e7u le Prix sp\u00e9cial du jury Orizzonti. Quelques mois plus tard, le film remporte le grand prix du festival de Varsovie. <\/p>\n\n\n\n<p>Fr\u00e9d\u00e9ric Fonteyne dirige \u00e9galement r\u00e9guli\u00e8rement des laboratoires d\u2019acteurs et de r\u00e9alisateurs dans des \u00e9coles de cin\u00e9ma et de th\u00e9\u00e2tre en Belgique et en France.\u00a0<\/p>\n\n\n\n<h4 class=\"wp-block-heading\"><br>Informations pratiques<\/h4>\n\n\n\n<p>Dates : du lundi au vendredi, du 18 au 29 mars, de 9h30 \u00e0 18h30 (10 jours)<\/p>\n\n\n\n<p>Prix: 580\u20ac pour les membres de\u00a0<a class=\"\" href=\"http:\/\/comedien.be\/\">Comedien.be<\/a>\u00a0\/\u00a0<a class=\"\" href=\"http:\/\/acteur.be\/\">Acteur.be<\/a>, 630\u20ac pour les non-membres.<\/p>\n\n\n\n<p>Inscription : Envoyez-nous votre CV et quelques lignes de motivation \u00e0\u00a0<strong><a class=\"\" href=\"mailto:info@comedien.be\">info@comedien.be<\/a><\/strong>\u00a0avant le\u00a0<strong>10 f\u00e9vrier<\/strong>.<\/p>\n","protected":false},"excerpt":{"rendered":"<p>Dans son livre, Les notes sur le cin\u00e9matographe, Bresson parle des devoir du com\u00e9dien envers le th\u00e9\u00e2tre. Il dit aussi que le com\u00e9dien de th\u00e9\u00e2tre n\u2019a rien \u00e0 faire devant une cam\u00e9ra. C\u2019est une position un peu extr\u00eame mais qui a au moins le m\u00e9rite de poser une question. Philosophie et m\u00e9thode de travail Dans &hellip;<\/p>\n","protected":false},"author":343,"featured_media":216165,"comment_status":"closed","ping_status":"closed","sticky":false,"template":"","format":"standard","meta":{"ngg_post_thumbnail":0,"footnotes":""},"categories":[20],"tags":[],"class_list":["post-216161","post","type-post","status-publish","format-standard","has-post-thumbnail","","category-cinejobs"],"yoast_head":"<!-- This site is optimized with the Yoast SEO plugin v20.4 - https:\/\/yoast.com\/wordpress\/plugins\/seo\/ -->\n<title>Stage - Laboratoire du jeu face cam\u00e9ra avec Fr\u00e9d\u00e9ric Fonteyne - We Love Cinema<\/title>\n<meta name=\"robots\" content=\"index, follow, max-snippet:-1, max-image-preview:large, max-video-preview:-1\" \/>\n<link rel=\"canonical\" href=\"https:\/\/welovecinema.be\/fr\/stage-laboratoire-du-jeu-face-camera-avec-frederic-fonteyne\/\" \/>\n<meta property=\"og:locale\" content=\"fr_FR\" \/>\n<meta property=\"og:type\" content=\"article\" \/>\n<meta property=\"og:title\" content=\"Stage - Laboratoire du jeu face cam\u00e9ra avec Fr\u00e9d\u00e9ric Fonteyne - We Love Cinema\" \/>\n<meta property=\"og:description\" content=\"Dans son livre, Les notes sur le cin\u00e9matographe, Bresson parle des devoir du com\u00e9dien envers le th\u00e9\u00e2tre. Il dit aussi que le com\u00e9dien de th\u00e9\u00e2tre n\u2019a rien \u00e0 faire devant une cam\u00e9ra. C\u2019est une position un peu extr\u00eame mais qui a au moins le m\u00e9rite de poser une question. Philosophie et m\u00e9thode de travail Dans &hellip;\" \/>\n<meta property=\"og:url\" content=\"https:\/\/welovecinema.be\/fr\/stage-laboratoire-du-jeu-face-camera-avec-frederic-fonteyne\/\" \/>\n<meta property=\"og:site_name\" content=\"We Love Cinema\" \/>\n<meta property=\"article:publisher\" content=\"https:\/\/www.facebook.com\/welovecinema.be\" \/>\n<meta property=\"article:published_time\" content=\"2019-01-07T12:19:11+00:00\" \/>\n<meta property=\"article:modified_time\" content=\"2019-01-07T12:19:14+00:00\" \/>\n<meta property=\"og:image\" content=\"https:\/\/welovecinema.be\/wp-content\/uploads\/sites\/2\/2019\/01\/pdZydJ79_LIc8tUzszAHQy_700.jpg\" \/>\n\t<meta property=\"og:image:width\" content=\"700\" \/>\n\t<meta property=\"og:image:height\" content=\"266\" \/>\n\t<meta property=\"og:image:type\" content=\"image\/jpeg\" \/>\n<meta name=\"author\" content=\"Aurore Engelen\" \/>\n<meta name=\"twitter:card\" content=\"summary_large_image\" \/>\n<meta name=\"twitter:label1\" content=\"\u00c9crit par\" \/>\n\t<meta name=\"twitter:data1\" content=\"Aurore Engelen\" \/>\n\t<meta name=\"twitter:label2\" content=\"Dur\u00e9e de lecture estim\u00e9e\" \/>\n\t<meta name=\"twitter:data2\" content=\"4 minutes\" \/>\n<script type=\"application\/ld+json\" class=\"yoast-schema-graph\">{\"@context\":\"https:\/\/schema.org\",\"@graph\":[{\"@type\":\"Article\",\"@id\":\"https:\/\/welovecinema.be\/fr\/stage-laboratoire-du-jeu-face-camera-avec-frederic-fonteyne\/#article\",\"isPartOf\":{\"@id\":\"https:\/\/welovecinema.be\/fr\/stage-laboratoire-du-jeu-face-camera-avec-frederic-fonteyne\/\"},\"author\":{\"name\":\"Aurore Engelen\",\"@id\":\"https:\/\/welovecinema.be\/nl\/#\/schema\/person\/8084b68c6b176142d073695c654dc7cf\"},\"headline\":\"Stage &#8211; Laboratoire du jeu face cam\u00e9ra avec Fr\u00e9d\u00e9ric Fonteyne\",\"datePublished\":\"2019-01-07T12:19:11+00:00\",\"dateModified\":\"2019-01-07T12:19:14+00:00\",\"mainEntityOfPage\":{\"@id\":\"https:\/\/welovecinema.be\/fr\/stage-laboratoire-du-jeu-face-camera-avec-frederic-fonteyne\/\"},\"wordCount\":858,\"publisher\":{\"@id\":\"https:\/\/welovecinema.be\/nl\/#organization\"},\"articleSection\":[\"Cinejobs\"],\"inLanguage\":\"fr-FR\"},{\"@type\":\"WebPage\",\"@id\":\"https:\/\/welovecinema.be\/fr\/stage-laboratoire-du-jeu-face-camera-avec-frederic-fonteyne\/\",\"url\":\"https:\/\/welovecinema.be\/fr\/stage-laboratoire-du-jeu-face-camera-avec-frederic-fonteyne\/\",\"name\":\"Stage - Laboratoire du jeu face cam\u00e9ra avec Fr\u00e9d\u00e9ric Fonteyne - We Love Cinema\",\"isPartOf\":{\"@id\":\"https:\/\/welovecinema.be\/nl\/#website\"},\"datePublished\":\"2019-01-07T12:19:11+00:00\",\"dateModified\":\"2019-01-07T12:19:14+00:00\",\"breadcrumb\":{\"@id\":\"https:\/\/welovecinema.be\/fr\/stage-laboratoire-du-jeu-face-camera-avec-frederic-fonteyne\/#breadcrumb\"},\"inLanguage\":\"fr-FR\",\"potentialAction\":[{\"@type\":\"ReadAction\",\"target\":[\"https:\/\/welovecinema.be\/fr\/stage-laboratoire-du-jeu-face-camera-avec-frederic-fonteyne\/\"]}]},{\"@type\":\"BreadcrumbList\",\"@id\":\"https:\/\/welovecinema.be\/fr\/stage-laboratoire-du-jeu-face-camera-avec-frederic-fonteyne\/#breadcrumb\",\"itemListElement\":[{\"@type\":\"ListItem\",\"position\":1,\"name\":\"Accueil\",\"item\":\"https:\/\/welovecinema.be\/fr\/\"},{\"@type\":\"ListItem\",\"position\":2,\"name\":\"Stage &#8211; Laboratoire du jeu face cam\u00e9ra avec Fr\u00e9d\u00e9ric Fonteyne\"}]},{\"@type\":\"WebSite\",\"@id\":\"https:\/\/welovecinema.be\/nl\/#website\",\"url\":\"https:\/\/welovecinema.be\/nl\/\",\"name\":\"We Love Cinema\",\"description\":\"Toute l\u2019information du cin\u00e9ma en Belgique\",\"publisher\":{\"@id\":\"https:\/\/welovecinema.be\/nl\/#organization\"},\"potentialAction\":[{\"@type\":\"SearchAction\",\"target\":{\"@type\":\"EntryPoint\",\"urlTemplate\":\"https:\/\/welovecinema.be\/nl\/?s={search_term_string}\"},\"query-input\":\"required name=search_term_string\"}],\"inLanguage\":\"fr-FR\"},{\"@type\":\"Organization\",\"@id\":\"https:\/\/welovecinema.be\/nl\/#organization\",\"name\":\"We Love Cinema\",\"url\":\"https:\/\/welovecinema.be\/nl\/\",\"logo\":{\"@type\":\"ImageObject\",\"inLanguage\":\"fr-FR\",\"@id\":\"https:\/\/welovecinema.be\/nl\/#\/schema\/logo\/image\/\",\"url\":\"https:\/\/welovecinema.be\/wp-content\/uploads\/sites\/2\/2023\/03\/Logo-We-Love-Cinema305x128.jpg\",\"contentUrl\":\"https:\/\/welovecinema.be\/wp-content\/uploads\/sites\/2\/2023\/03\/Logo-We-Love-Cinema305x128.jpg\",\"width\":305,\"height\":128,\"caption\":\"We Love Cinema\"},\"image\":{\"@id\":\"https:\/\/welovecinema.be\/nl\/#\/schema\/logo\/image\/\"},\"sameAs\":[\"https:\/\/www.facebook.com\/welovecinema.be\",\"https:\/\/www.youtube.com\/channel\/UCX5LYGVhnKvYauW4Nta4HJA\",\"https:\/\/www.instagram.com\/welovecinema.be\/\"]},{\"@type\":\"Person\",\"@id\":\"https:\/\/welovecinema.be\/nl\/#\/schema\/person\/8084b68c6b176142d073695c654dc7cf\",\"name\":\"Aurore Engelen\",\"url\":\"https:\/\/welovecinema.be\/fr\/author\/aurore-engelen\/\"}]}<\/script>\n<!-- \/ Yoast SEO plugin. -->","yoast_head_json":{"title":"Stage - Laboratoire du jeu face cam\u00e9ra avec Fr\u00e9d\u00e9ric Fonteyne - We Love Cinema","robots":{"index":"index","follow":"follow","max-snippet":"max-snippet:-1","max-image-preview":"max-image-preview:large","max-video-preview":"max-video-preview:-1"},"canonical":"https:\/\/welovecinema.be\/fr\/stage-laboratoire-du-jeu-face-camera-avec-frederic-fonteyne\/","og_locale":"fr_FR","og_type":"article","og_title":"Stage - Laboratoire du jeu face cam\u00e9ra avec Fr\u00e9d\u00e9ric Fonteyne - We Love Cinema","og_description":"Dans son livre, Les notes sur le cin\u00e9matographe, Bresson parle des devoir du com\u00e9dien envers le th\u00e9\u00e2tre. Il dit aussi que le com\u00e9dien de th\u00e9\u00e2tre n\u2019a rien \u00e0 faire devant une cam\u00e9ra. C\u2019est une position un peu extr\u00eame mais qui a au moins le m\u00e9rite de poser une question. Philosophie et m\u00e9thode de travail Dans &hellip;","og_url":"https:\/\/welovecinema.be\/fr\/stage-laboratoire-du-jeu-face-camera-avec-frederic-fonteyne\/","og_site_name":"We Love Cinema","article_publisher":"https:\/\/www.facebook.com\/welovecinema.be","article_published_time":"2019-01-07T12:19:11+00:00","article_modified_time":"2019-01-07T12:19:14+00:00","og_image":[{"width":700,"height":266,"url":"https:\/\/welovecinema.be\/wp-content\/uploads\/sites\/2\/2019\/01\/pdZydJ79_LIc8tUzszAHQy_700.jpg","type":"image\/jpeg"}],"author":"Aurore Engelen","twitter_card":"summary_large_image","twitter_misc":{"\u00c9crit par":"Aurore Engelen","Dur\u00e9e de lecture estim\u00e9e":"4 minutes"},"schema":{"@context":"https:\/\/schema.org","@graph":[{"@type":"Article","@id":"https:\/\/welovecinema.be\/fr\/stage-laboratoire-du-jeu-face-camera-avec-frederic-fonteyne\/#article","isPartOf":{"@id":"https:\/\/welovecinema.be\/fr\/stage-laboratoire-du-jeu-face-camera-avec-frederic-fonteyne\/"},"author":{"name":"Aurore Engelen","@id":"https:\/\/welovecinema.be\/nl\/#\/schema\/person\/8084b68c6b176142d073695c654dc7cf"},"headline":"Stage &#8211; Laboratoire du jeu face cam\u00e9ra avec Fr\u00e9d\u00e9ric Fonteyne","datePublished":"2019-01-07T12:19:11+00:00","dateModified":"2019-01-07T12:19:14+00:00","mainEntityOfPage":{"@id":"https:\/\/welovecinema.be\/fr\/stage-laboratoire-du-jeu-face-camera-avec-frederic-fonteyne\/"},"wordCount":858,"publisher":{"@id":"https:\/\/welovecinema.be\/nl\/#organization"},"articleSection":["Cinejobs"],"inLanguage":"fr-FR"},{"@type":"WebPage","@id":"https:\/\/welovecinema.be\/fr\/stage-laboratoire-du-jeu-face-camera-avec-frederic-fonteyne\/","url":"https:\/\/welovecinema.be\/fr\/stage-laboratoire-du-jeu-face-camera-avec-frederic-fonteyne\/","name":"Stage - Laboratoire du jeu face cam\u00e9ra avec Fr\u00e9d\u00e9ric Fonteyne - We Love Cinema","isPartOf":{"@id":"https:\/\/welovecinema.be\/nl\/#website"},"datePublished":"2019-01-07T12:19:11+00:00","dateModified":"2019-01-07T12:19:14+00:00","breadcrumb":{"@id":"https:\/\/welovecinema.be\/fr\/stage-laboratoire-du-jeu-face-camera-avec-frederic-fonteyne\/#breadcrumb"},"inLanguage":"fr-FR","potentialAction":[{"@type":"ReadAction","target":["https:\/\/welovecinema.be\/fr\/stage-laboratoire-du-jeu-face-camera-avec-frederic-fonteyne\/"]}]},{"@type":"BreadcrumbList","@id":"https:\/\/welovecinema.be\/fr\/stage-laboratoire-du-jeu-face-camera-avec-frederic-fonteyne\/#breadcrumb","itemListElement":[{"@type":"ListItem","position":1,"name":"Accueil","item":"https:\/\/welovecinema.be\/fr\/"},{"@type":"ListItem","position":2,"name":"Stage &#8211; Laboratoire du jeu face cam\u00e9ra avec Fr\u00e9d\u00e9ric Fonteyne"}]},{"@type":"WebSite","@id":"https:\/\/welovecinema.be\/nl\/#website","url":"https:\/\/welovecinema.be\/nl\/","name":"We Love Cinema","description":"Toute l\u2019information du cin\u00e9ma en Belgique","publisher":{"@id":"https:\/\/welovecinema.be\/nl\/#organization"},"potentialAction":[{"@type":"SearchAction","target":{"@type":"EntryPoint","urlTemplate":"https:\/\/welovecinema.be\/nl\/?s={search_term_string}"},"query-input":"required name=search_term_string"}],"inLanguage":"fr-FR"},{"@type":"Organization","@id":"https:\/\/welovecinema.be\/nl\/#organization","name":"We Love Cinema","url":"https:\/\/welovecinema.be\/nl\/","logo":{"@type":"ImageObject","inLanguage":"fr-FR","@id":"https:\/\/welovecinema.be\/nl\/#\/schema\/logo\/image\/","url":"https:\/\/welovecinema.be\/wp-content\/uploads\/sites\/2\/2023\/03\/Logo-We-Love-Cinema305x128.jpg","contentUrl":"https:\/\/welovecinema.be\/wp-content\/uploads\/sites\/2\/2023\/03\/Logo-We-Love-Cinema305x128.jpg","width":305,"height":128,"caption":"We Love Cinema"},"image":{"@id":"https:\/\/welovecinema.be\/nl\/#\/schema\/logo\/image\/"},"sameAs":["https:\/\/www.facebook.com\/welovecinema.be","https:\/\/www.youtube.com\/channel\/UCX5LYGVhnKvYauW4Nta4HJA","https:\/\/www.instagram.com\/welovecinema.be\/"]},{"@type":"Person","@id":"https:\/\/welovecinema.be\/nl\/#\/schema\/person\/8084b68c6b176142d073695c654dc7cf","name":"Aurore Engelen","url":"https:\/\/welovecinema.be\/fr\/author\/aurore-engelen\/"}]}},"_links":{"self":[{"href":"https:\/\/welovecinema.be\/fr\/wp-json\/wp\/v2\/posts\/216161","targetHints":{"allow":["GET"]}}],"collection":[{"href":"https:\/\/welovecinema.be\/fr\/wp-json\/wp\/v2\/posts"}],"about":[{"href":"https:\/\/welovecinema.be\/fr\/wp-json\/wp\/v2\/types\/post"}],"author":[{"embeddable":true,"href":"https:\/\/welovecinema.be\/fr\/wp-json\/wp\/v2\/users\/343"}],"replies":[{"embeddable":true,"href":"https:\/\/welovecinema.be\/fr\/wp-json\/wp\/v2\/comments?post=216161"}],"version-history":[{"count":0,"href":"https:\/\/welovecinema.be\/fr\/wp-json\/wp\/v2\/posts\/216161\/revisions"}],"wp:featuredmedia":[{"embeddable":true,"href":"https:\/\/welovecinema.be\/fr\/wp-json\/wp\/v2\/media\/216165"}],"wp:attachment":[{"href":"https:\/\/welovecinema.be\/fr\/wp-json\/wp\/v2\/media?parent=216161"}],"wp:term":[{"taxonomy":"category","embeddable":true,"href":"https:\/\/welovecinema.be\/fr\/wp-json\/wp\/v2\/categories?post=216161"},{"taxonomy":"post_tag","embeddable":true,"href":"https:\/\/welovecinema.be\/fr\/wp-json\/wp\/v2\/tags?post=216161"}],"curies":[{"name":"wp","href":"https:\/\/api.w.org\/{rel}","templated":true}]}}