{"id":216103,"date":"2019-01-07T10:03:03","date_gmt":"2019-01-07T09:03:03","guid":{"rendered":"https:\/\/www.cinevox.be\/?p=216103"},"modified":"2019-01-07T12:28:06","modified_gmt":"2019-01-07T11:28:06","slug":"flashback-2018-flashforward-2019-emmanuel-marre","status":"publish","type":"post","link":"https:\/\/welovecinema.be\/fr\/flashback-2018-flashforward-2019-emmanuel-marre\/","title":{"rendered":"Flashback 2018\/ Flashforward 2019: Emmanuel Marre"},"content":{"rendered":"\n<h3 class=\"wp-block-heading\">Emmanuel MARRE, r\u00e9alisateur<\/h3>\n\n\n\n<h4 class=\"wp-block-heading\">Actualit\u00e9 2018<\/h4>\n\n\n\n<p>Apr\u00e8s la sortie d\u00e9but 2018 dans les salles belges du programme <em>Les Films de l&rsquo;\u00e9t\u00e9<\/em>, regroupant son moyen m\u00e9trage, <em>Le Film de l&rsquo;\u00e9t\u00e9<\/em> (Prix Jean Vigo) et celui de Claude Schmitz, <em>Rien que l&rsquo;\u00e9t\u00e9<\/em>, Emmanuel Marre pr\u00e9sentait en ao\u00fbt dernier son nouveau film, <em><a href=\"https:\/\/www.cinevox.be\/fr\/dun-chateau-lautre-demmanuel-marre-pardino-dor-au-festival-de-locarno\/\">D&rsquo;un ch\u00e2teau l&rsquo;autre<\/a><\/em>, au Festival de Locarno, o\u00f9 le film remportait le Pardino d&rsquo;Oro. <\/p>\n\n\n\n<figure class=\"wp-block-image\"><img loading=\"lazy\" decoding=\"async\" width=\"800\" height=\"395\" src=\"https:\/\/www.cinevox.be\/wp-content\/uploads\/sites\/2\/2018\/12\/FlashBack2018-800x395.jpg\" alt=\"\" class=\"wp-image-215808\" srcset=\"https:\/\/welovecinema.be\/wp-content\/uploads\/sites\/2\/2018\/12\/FlashBack2018-800x395.jpg 800w, https:\/\/welovecinema.be\/wp-content\/uploads\/sites\/2\/2018\/12\/FlashBack2018-480x237.jpg 480w, https:\/\/welovecinema.be\/wp-content\/uploads\/sites\/2\/2018\/12\/FlashBack2018-768x380.jpg 768w, https:\/\/welovecinema.be\/wp-content\/uploads\/sites\/2\/2018\/12\/FlashBack2018.jpg 1509w\" sizes=\"auto, (max-width: 800px) 100vw, 800px\" \/><\/figure>\n\n\n\n<h4 class=\"wp-block-heading\">Meilleur souvenir cin\u00e9matographique?<br><\/h4>\n\n\n\n<p>Les<em> portraits X\/L <\/em>d\u2019Alain Cavalier. Le grand expert en \u00ab \u00e2me humaine \u00bb du cin\u00e9ma. La derni\u00e8re s\u00e9quence de <em>Kev<\/em> de Cl\u00e9mence H\u00e9bert.<br><\/p>\n\n\n\n<h4 class=\"wp-block-heading\" id=\"mce_6\">Meilleur moment sur le plan professionnel?<\/h4>\n\n\n\n<p>Les quelques minutes qui ont suivi la premi\u00e8re projection de mon film <em>D\u2019un ch\u00e2teau l\u2019autre <\/em>au festival de Locarno. <br><\/p>\n\n\n\n<h4 class=\"wp-block-heading\">La femme et\/ou l\u2019homme du cin\u00e9ma belge en 2018?<\/h4>\n\n\n\n<p>Nicolas Rumpl qui a mont\u00e9 <em>D\u2019un ch\u00e2teau l\u2019autre<\/em>.<br><\/p>\n\n\n\n<h4 class=\"wp-block-heading\">Votre film belge pr\u00e9f\u00e9r\u00e9 en 2018?<\/h4>\n\n\n\n<p>J\u2019aimerais citer deux films qui n\u2019ont pas encore la vie en festival qu\u2019ils m\u00e9ritent <em>Hasbanium<\/em> de Thomas Depas et <em>Luxembourg<\/em> de Florian Berutti. Deux films visiblement trop radicalement cin\u00e9matographiques et trop inclassables pour les s\u00e9lectionneurs et les diffuseurs.<br><br><\/p>\n\n\n\n<figure class=\"wp-block-image\"><img loading=\"lazy\" decoding=\"async\" width=\"800\" height=\"395\" src=\"https:\/\/www.cinevox.be\/wp-content\/uploads\/sites\/2\/2018\/12\/Flashforward-800x395.jpg\" alt=\"\" class=\"wp-image-215810\" srcset=\"https:\/\/welovecinema.be\/wp-content\/uploads\/sites\/2\/2018\/12\/Flashforward-800x395.jpg 800w, https:\/\/welovecinema.be\/wp-content\/uploads\/sites\/2\/2018\/12\/Flashforward-480x237.jpg 480w, https:\/\/welovecinema.be\/wp-content\/uploads\/sites\/2\/2018\/12\/Flashforward-768x379.jpg 768w, https:\/\/welovecinema.be\/wp-content\/uploads\/sites\/2\/2018\/12\/Flashforward.jpg 1510w\" sizes=\"auto, (max-width: 800px) 100vw, 800px\" \/><\/figure>\n\n\n\n<h4 class=\"wp-block-heading\">Qu\u2019attendez-vous de 2019?<\/h4>\n\n\n\n<p>Que <em>Ceux qui travaillent <\/em>le premier long d\u2019Antoine Russbach sorte en salle en Belgique. <em>La Musique<\/em> de Jean-Benoit Ugeux.<\/p>\n\n\n\n<h4 class=\"wp-block-heading\">Quel est le film (ou le talent) belge que vous aimeriez (re)voir en 2019?<\/h4>\n\n\n\n<p>Le premier long de Banu Akseki. Et aussi des films faits par ou avec Florian Berutti, Claude Schmitz, Baptiste Sornin, Fran\u00e7ois Pirot, Thomas Depas, Sebastien Andres, Linda Ibarri, Xavier Seron, Jean-Benoit Ugeux, Nicolas Rumpl, Damien Chapelle, Arthur Egloff, Paloma Sermon, Alice Lemaire.  Mes copains. <br><\/p>\n\n\n\n<h4 class=\"wp-block-heading\">Vos projets pour 2019?<\/h4>\n\n\n\n<p>Arriver \u00e0 pondre un dossier de production qui tienne la route pour arriver \u00e0 passer les commissions et \u00e0 financer le long m\u00e9trage que j\u2019aimerais tourner l\u2019hiver prochain. Pas gagn\u00e9.<br><\/p>\n","protected":false},"excerpt":{"rendered":"<p>Emmanuel MARRE, r\u00e9alisateur Actualit\u00e9 2018 Apr\u00e8s la sortie d\u00e9but 2018 dans les salles belges du programme Les Films de l&rsquo;\u00e9t\u00e9, regroupant son moyen m\u00e9trage, Le Film de l&rsquo;\u00e9t\u00e9 (Prix Jean Vigo) et celui de Claude Schmitz, Rien que l&rsquo;\u00e9t\u00e9, Emmanuel Marre pr\u00e9sentait en ao\u00fbt dernier son nouveau film, D&rsquo;un ch\u00e2teau l&rsquo;autre, au Festival de Locarno, &hellip;<\/p>\n","protected":false},"author":343,"featured_media":212114,"comment_status":"closed","ping_status":"closed","sticky":false,"template":"","format":"standard","meta":{"ngg_post_thumbnail":0,"footnotes":""},"categories":[1978],"tags":[],"class_list":["post-216103","post","type-post","status-publish","format-standard","has-post-thumbnail","","category-interviews"],"yoast_head":"<!-- This site is optimized with the Yoast SEO plugin v20.4 - https:\/\/yoast.com\/wordpress\/plugins\/seo\/ -->\n<title>Flashback 2018\/ Flashforward 2019: Emmanuel Marre - We Love Cinema<\/title>\n<meta name=\"robots\" content=\"index, follow, max-snippet:-1, max-image-preview:large, max-video-preview:-1\" \/>\n<link rel=\"canonical\" href=\"https:\/\/welovecinema.be\/fr\/flashback-2018-flashforward-2019-emmanuel-marre\/\" \/>\n<meta property=\"og:locale\" content=\"fr_FR\" \/>\n<meta property=\"og:type\" content=\"article\" \/>\n<meta property=\"og:title\" content=\"Flashback 2018\/ Flashforward 2019: Emmanuel Marre - We Love Cinema\" \/>\n<meta property=\"og:description\" content=\"Emmanuel MARRE, r\u00e9alisateur Actualit\u00e9 2018 Apr\u00e8s la sortie d\u00e9but 2018 dans les salles belges du programme Les Films de l&rsquo;\u00e9t\u00e9, regroupant son moyen m\u00e9trage, Le Film de l&rsquo;\u00e9t\u00e9 (Prix Jean Vigo) et celui de Claude Schmitz, Rien que l&rsquo;\u00e9t\u00e9, Emmanuel Marre pr\u00e9sentait en ao\u00fbt dernier son nouveau film, D&rsquo;un ch\u00e2teau l&rsquo;autre, au Festival de Locarno, &hellip;\" \/>\n<meta property=\"og:url\" content=\"https:\/\/welovecinema.be\/fr\/flashback-2018-flashforward-2019-emmanuel-marre\/\" \/>\n<meta property=\"og:site_name\" content=\"We Love Cinema\" \/>\n<meta property=\"article:publisher\" content=\"https:\/\/www.facebook.com\/welovecinema.be\" \/>\n<meta property=\"article:published_time\" content=\"2019-01-07T09:03:03+00:00\" \/>\n<meta property=\"article:modified_time\" content=\"2019-01-07T11:28:06+00:00\" \/>\n<meta property=\"og:image\" content=\"https:\/\/welovecinema.be\/wp-content\/uploads\/sites\/2\/2018\/08\/EmmanuelMarreParidnoDoro.jpg\" \/>\n\t<meta property=\"og:image:width\" content=\"1944\" \/>\n\t<meta property=\"og:image:height\" content=\"1296\" \/>\n\t<meta property=\"og:image:type\" content=\"image\/jpeg\" \/>\n<meta name=\"author\" content=\"Aurore Engelen\" \/>\n<meta name=\"twitter:card\" content=\"summary_large_image\" \/>\n<meta name=\"twitter:label1\" content=\"\u00c9crit par\" \/>\n\t<meta name=\"twitter:data1\" content=\"Aurore Engelen\" \/>\n\t<meta name=\"twitter:label2\" content=\"Dur\u00e9e de lecture estim\u00e9e\" \/>\n\t<meta name=\"twitter:data2\" content=\"2 minutes\" \/>\n<script type=\"application\/ld+json\" class=\"yoast-schema-graph\">{\"@context\":\"https:\/\/schema.org\",\"@graph\":[{\"@type\":\"Article\",\"@id\":\"https:\/\/welovecinema.be\/fr\/flashback-2018-flashforward-2019-emmanuel-marre\/#article\",\"isPartOf\":{\"@id\":\"https:\/\/welovecinema.be\/fr\/flashback-2018-flashforward-2019-emmanuel-marre\/\"},\"author\":{\"name\":\"Aurore Engelen\",\"@id\":\"https:\/\/welovecinema.be\/nl\/#\/schema\/person\/8084b68c6b176142d073695c654dc7cf\"},\"headline\":\"Flashback 2018\/ Flashforward 2019: Emmanuel Marre\",\"datePublished\":\"2019-01-07T09:03:03+00:00\",\"dateModified\":\"2019-01-07T11:28:06+00:00\",\"mainEntityOfPage\":{\"@id\":\"https:\/\/welovecinema.be\/fr\/flashback-2018-flashforward-2019-emmanuel-marre\/\"},\"wordCount\":326,\"publisher\":{\"@id\":\"https:\/\/welovecinema.be\/nl\/#organization\"},\"articleSection\":[\"Rencontres\"],\"inLanguage\":\"fr-FR\"},{\"@type\":\"WebPage\",\"@id\":\"https:\/\/welovecinema.be\/fr\/flashback-2018-flashforward-2019-emmanuel-marre\/\",\"url\":\"https:\/\/welovecinema.be\/fr\/flashback-2018-flashforward-2019-emmanuel-marre\/\",\"name\":\"Flashback 2018\/ Flashforward 2019: Emmanuel Marre - We Love Cinema\",\"isPartOf\":{\"@id\":\"https:\/\/welovecinema.be\/nl\/#website\"},\"datePublished\":\"2019-01-07T09:03:03+00:00\",\"dateModified\":\"2019-01-07T11:28:06+00:00\",\"breadcrumb\":{\"@id\":\"https:\/\/welovecinema.be\/fr\/flashback-2018-flashforward-2019-emmanuel-marre\/#breadcrumb\"},\"inLanguage\":\"fr-FR\",\"potentialAction\":[{\"@type\":\"ReadAction\",\"target\":[\"https:\/\/welovecinema.be\/fr\/flashback-2018-flashforward-2019-emmanuel-marre\/\"]}]},{\"@type\":\"BreadcrumbList\",\"@id\":\"https:\/\/welovecinema.be\/fr\/flashback-2018-flashforward-2019-emmanuel-marre\/#breadcrumb\",\"itemListElement\":[{\"@type\":\"ListItem\",\"position\":1,\"name\":\"Accueil\",\"item\":\"https:\/\/welovecinema.be\/fr\/\"},{\"@type\":\"ListItem\",\"position\":2,\"name\":\"Flashback 2018\/ Flashforward 2019: Emmanuel Marre\"}]},{\"@type\":\"WebSite\",\"@id\":\"https:\/\/welovecinema.be\/nl\/#website\",\"url\":\"https:\/\/welovecinema.be\/nl\/\",\"name\":\"We Love Cinema\",\"description\":\"Toute l\u2019information du cin\u00e9ma en Belgique\",\"publisher\":{\"@id\":\"https:\/\/welovecinema.be\/nl\/#organization\"},\"potentialAction\":[{\"@type\":\"SearchAction\",\"target\":{\"@type\":\"EntryPoint\",\"urlTemplate\":\"https:\/\/welovecinema.be\/nl\/?s={search_term_string}\"},\"query-input\":\"required name=search_term_string\"}],\"inLanguage\":\"fr-FR\"},{\"@type\":\"Organization\",\"@id\":\"https:\/\/welovecinema.be\/nl\/#organization\",\"name\":\"We Love Cinema\",\"url\":\"https:\/\/welovecinema.be\/nl\/\",\"logo\":{\"@type\":\"ImageObject\",\"inLanguage\":\"fr-FR\",\"@id\":\"https:\/\/welovecinema.be\/nl\/#\/schema\/logo\/image\/\",\"url\":\"https:\/\/welovecinema.be\/wp-content\/uploads\/sites\/2\/2023\/03\/Logo-We-Love-Cinema305x128.jpg\",\"contentUrl\":\"https:\/\/welovecinema.be\/wp-content\/uploads\/sites\/2\/2023\/03\/Logo-We-Love-Cinema305x128.jpg\",\"width\":305,\"height\":128,\"caption\":\"We Love Cinema\"},\"image\":{\"@id\":\"https:\/\/welovecinema.be\/nl\/#\/schema\/logo\/image\/\"},\"sameAs\":[\"https:\/\/www.facebook.com\/welovecinema.be\",\"https:\/\/www.youtube.com\/channel\/UCX5LYGVhnKvYauW4Nta4HJA\",\"https:\/\/www.instagram.com\/welovecinema.be\/\"]},{\"@type\":\"Person\",\"@id\":\"https:\/\/welovecinema.be\/nl\/#\/schema\/person\/8084b68c6b176142d073695c654dc7cf\",\"name\":\"Aurore Engelen\",\"url\":\"https:\/\/welovecinema.be\/fr\/author\/aurore-engelen\/\"}]}<\/script>\n<!-- \/ Yoast SEO plugin. -->","yoast_head_json":{"title":"Flashback 2018\/ Flashforward 2019: Emmanuel Marre - We Love Cinema","robots":{"index":"index","follow":"follow","max-snippet":"max-snippet:-1","max-image-preview":"max-image-preview:large","max-video-preview":"max-video-preview:-1"},"canonical":"https:\/\/welovecinema.be\/fr\/flashback-2018-flashforward-2019-emmanuel-marre\/","og_locale":"fr_FR","og_type":"article","og_title":"Flashback 2018\/ Flashforward 2019: Emmanuel Marre - We Love Cinema","og_description":"Emmanuel MARRE, r\u00e9alisateur Actualit\u00e9 2018 Apr\u00e8s la sortie d\u00e9but 2018 dans les salles belges du programme Les Films de l&rsquo;\u00e9t\u00e9, regroupant son moyen m\u00e9trage, Le Film de l&rsquo;\u00e9t\u00e9 (Prix Jean Vigo) et celui de Claude Schmitz, Rien que l&rsquo;\u00e9t\u00e9, Emmanuel Marre pr\u00e9sentait en ao\u00fbt dernier son nouveau film, D&rsquo;un ch\u00e2teau l&rsquo;autre, au Festival de Locarno, &hellip;","og_url":"https:\/\/welovecinema.be\/fr\/flashback-2018-flashforward-2019-emmanuel-marre\/","og_site_name":"We Love Cinema","article_publisher":"https:\/\/www.facebook.com\/welovecinema.be","article_published_time":"2019-01-07T09:03:03+00:00","article_modified_time":"2019-01-07T11:28:06+00:00","og_image":[{"width":1944,"height":1296,"url":"https:\/\/welovecinema.be\/wp-content\/uploads\/sites\/2\/2018\/08\/EmmanuelMarreParidnoDoro.jpg","type":"image\/jpeg"}],"author":"Aurore Engelen","twitter_card":"summary_large_image","twitter_misc":{"\u00c9crit par":"Aurore Engelen","Dur\u00e9e de lecture estim\u00e9e":"2 minutes"},"schema":{"@context":"https:\/\/schema.org","@graph":[{"@type":"Article","@id":"https:\/\/welovecinema.be\/fr\/flashback-2018-flashforward-2019-emmanuel-marre\/#article","isPartOf":{"@id":"https:\/\/welovecinema.be\/fr\/flashback-2018-flashforward-2019-emmanuel-marre\/"},"author":{"name":"Aurore Engelen","@id":"https:\/\/welovecinema.be\/nl\/#\/schema\/person\/8084b68c6b176142d073695c654dc7cf"},"headline":"Flashback 2018\/ Flashforward 2019: Emmanuel Marre","datePublished":"2019-01-07T09:03:03+00:00","dateModified":"2019-01-07T11:28:06+00:00","mainEntityOfPage":{"@id":"https:\/\/welovecinema.be\/fr\/flashback-2018-flashforward-2019-emmanuel-marre\/"},"wordCount":326,"publisher":{"@id":"https:\/\/welovecinema.be\/nl\/#organization"},"articleSection":["Rencontres"],"inLanguage":"fr-FR"},{"@type":"WebPage","@id":"https:\/\/welovecinema.be\/fr\/flashback-2018-flashforward-2019-emmanuel-marre\/","url":"https:\/\/welovecinema.be\/fr\/flashback-2018-flashforward-2019-emmanuel-marre\/","name":"Flashback 2018\/ Flashforward 2019: Emmanuel Marre - We Love Cinema","isPartOf":{"@id":"https:\/\/welovecinema.be\/nl\/#website"},"datePublished":"2019-01-07T09:03:03+00:00","dateModified":"2019-01-07T11:28:06+00:00","breadcrumb":{"@id":"https:\/\/welovecinema.be\/fr\/flashback-2018-flashforward-2019-emmanuel-marre\/#breadcrumb"},"inLanguage":"fr-FR","potentialAction":[{"@type":"ReadAction","target":["https:\/\/welovecinema.be\/fr\/flashback-2018-flashforward-2019-emmanuel-marre\/"]}]},{"@type":"BreadcrumbList","@id":"https:\/\/welovecinema.be\/fr\/flashback-2018-flashforward-2019-emmanuel-marre\/#breadcrumb","itemListElement":[{"@type":"ListItem","position":1,"name":"Accueil","item":"https:\/\/welovecinema.be\/fr\/"},{"@type":"ListItem","position":2,"name":"Flashback 2018\/ Flashforward 2019: Emmanuel Marre"}]},{"@type":"WebSite","@id":"https:\/\/welovecinema.be\/nl\/#website","url":"https:\/\/welovecinema.be\/nl\/","name":"We Love Cinema","description":"Toute l\u2019information du cin\u00e9ma en Belgique","publisher":{"@id":"https:\/\/welovecinema.be\/nl\/#organization"},"potentialAction":[{"@type":"SearchAction","target":{"@type":"EntryPoint","urlTemplate":"https:\/\/welovecinema.be\/nl\/?s={search_term_string}"},"query-input":"required name=search_term_string"}],"inLanguage":"fr-FR"},{"@type":"Organization","@id":"https:\/\/welovecinema.be\/nl\/#organization","name":"We Love Cinema","url":"https:\/\/welovecinema.be\/nl\/","logo":{"@type":"ImageObject","inLanguage":"fr-FR","@id":"https:\/\/welovecinema.be\/nl\/#\/schema\/logo\/image\/","url":"https:\/\/welovecinema.be\/wp-content\/uploads\/sites\/2\/2023\/03\/Logo-We-Love-Cinema305x128.jpg","contentUrl":"https:\/\/welovecinema.be\/wp-content\/uploads\/sites\/2\/2023\/03\/Logo-We-Love-Cinema305x128.jpg","width":305,"height":128,"caption":"We Love Cinema"},"image":{"@id":"https:\/\/welovecinema.be\/nl\/#\/schema\/logo\/image\/"},"sameAs":["https:\/\/www.facebook.com\/welovecinema.be","https:\/\/www.youtube.com\/channel\/UCX5LYGVhnKvYauW4Nta4HJA","https:\/\/www.instagram.com\/welovecinema.be\/"]},{"@type":"Person","@id":"https:\/\/welovecinema.be\/nl\/#\/schema\/person\/8084b68c6b176142d073695c654dc7cf","name":"Aurore Engelen","url":"https:\/\/welovecinema.be\/fr\/author\/aurore-engelen\/"}]}},"_links":{"self":[{"href":"https:\/\/welovecinema.be\/fr\/wp-json\/wp\/v2\/posts\/216103","targetHints":{"allow":["GET"]}}],"collection":[{"href":"https:\/\/welovecinema.be\/fr\/wp-json\/wp\/v2\/posts"}],"about":[{"href":"https:\/\/welovecinema.be\/fr\/wp-json\/wp\/v2\/types\/post"}],"author":[{"embeddable":true,"href":"https:\/\/welovecinema.be\/fr\/wp-json\/wp\/v2\/users\/343"}],"replies":[{"embeddable":true,"href":"https:\/\/welovecinema.be\/fr\/wp-json\/wp\/v2\/comments?post=216103"}],"version-history":[{"count":0,"href":"https:\/\/welovecinema.be\/fr\/wp-json\/wp\/v2\/posts\/216103\/revisions"}],"wp:featuredmedia":[{"embeddable":true,"href":"https:\/\/welovecinema.be\/fr\/wp-json\/wp\/v2\/media\/212114"}],"wp:attachment":[{"href":"https:\/\/welovecinema.be\/fr\/wp-json\/wp\/v2\/media?parent=216103"}],"wp:term":[{"taxonomy":"category","embeddable":true,"href":"https:\/\/welovecinema.be\/fr\/wp-json\/wp\/v2\/categories?post=216103"},{"taxonomy":"post_tag","embeddable":true,"href":"https:\/\/welovecinema.be\/fr\/wp-json\/wp\/v2\/tags?post=216103"}],"curies":[{"name":"wp","href":"https:\/\/api.w.org\/{rel}","templated":true}]}}