{"id":215813,"date":"2018-12-21T16:22:06","date_gmt":"2018-12-21T15:22:06","guid":{"rendered":"https:\/\/www.cinevox.be\/?p=215813"},"modified":"2018-12-31T09:25:15","modified_gmt":"2018-12-31T08:25:15","slug":"flashback-2018-flashforward-2019-sophie-marechal","status":"publish","type":"post","link":"https:\/\/welovecinema.be\/fr\/flashback-2018-flashforward-2019-sophie-marechal\/","title":{"rendered":"Flashback 2018\/ Flashforward 2019: Sophie Mar\u00e9chal"},"content":{"rendered":"\n<h3 class=\"wp-block-heading\">Sophie MARECHAL, com\u00e9dienne<\/h3>\n\n\n\n<h4 class=\"wp-block-heading\">Actualit\u00e9 2018<\/h4>\n\n\n\n<p>D\u00e9couverte par le grand public il y a deux ans dans le r\u00f4le de Zo\u00e9 Fischer dans <em>La Tr\u00eave<\/em> (r\u00f4le qu\u2019elle reprenait il y a quelque semaines dans la saison 2), Sophie Marechal a encha\u00een\u00e9 les tournages en 2018. Elle \u00e9tait \u00e9galement l\u2019h\u00e9ro\u00efne de la s\u00e9rie <em>Gu\u00e9pardes<\/em> (180 \u00e9pisodes de 5mn!) produite par Yann Barth\u00e8s et diffus\u00e9e l\u2019hiver dernier par TF1 S\u00e9ries Films.&nbsp;<\/p>\n\n\n\n<figure class=\"wp-block-image\"><img loading=\"lazy\" decoding=\"async\" width=\"800\" height=\"395\" src=\"https:\/\/www.cinevox.be\/wp-content\/uploads\/sites\/2\/2018\/12\/FlashBack2018-800x395.jpg\" alt=\"\" class=\"wp-image-215808\" srcset=\"https:\/\/welovecinema.be\/wp-content\/uploads\/sites\/2\/2018\/12\/FlashBack2018-800x395.jpg 800w, https:\/\/welovecinema.be\/wp-content\/uploads\/sites\/2\/2018\/12\/FlashBack2018-480x237.jpg 480w, https:\/\/welovecinema.be\/wp-content\/uploads\/sites\/2\/2018\/12\/FlashBack2018-768x380.jpg 768w, https:\/\/welovecinema.be\/wp-content\/uploads\/sites\/2\/2018\/12\/FlashBack2018.jpg 1509w\" sizes=\"auto, (max-width: 800px) 100vw, 800px\" \/><\/figure>\n\n\n\n<h4 class=\"wp-block-heading\">Meilleur souvenir cin\u00e9matographique?<\/h4>\n\n\n\n<p><em>BlacKkKlansman<\/em> de Spike Lee <br><\/p>\n\n\n\n<h4 class=\"wp-block-heading\">Meilleur moment sur le plan professionnel?<\/h4>\n\n\n\n<p>Interpr\u00e9ter le r\u00f4le de Gerda Taro dans <em>Taro<\/em> de Dani Rebner (Espagne)<br><\/p>\n\n\n\n<h4 class=\"wp-block-heading\">La femme et\/ou l\u2019homme du cin\u00e9ma belge en 2018?<\/h4>\n\n\n\n<p><a href=\"https:\/\/www.cinevox.be\/fr\/2mn-avec-lubna-azabal\/\">Lubna Azabal<\/a> (NDLR: vue cette ann\u00e9e dans <em>Tueurs, Tel Aviv on Fire, Nox, Sofia<\/em> et la saison 2 de <em>La Tr\u00eave<\/em>)<br><\/p>\n\n\n\n<h4 class=\"wp-block-heading\">Votre film belge pr\u00e9f\u00e9r\u00e9 en 2018?<\/h4>\n\n\n\n<p><em><a href=\"https:\/\/www.cinevox.be\/fr\/girl-a-corps-perdu\/\">Girl<\/a><\/em> de Lukas Dhont <br><br><\/p>\n\n\n\n<figure class=\"wp-block-image\"><img loading=\"lazy\" decoding=\"async\" width=\"800\" height=\"395\" src=\"https:\/\/www.cinevox.be\/wp-content\/uploads\/sites\/2\/2018\/12\/Flashforward-800x395.jpg\" alt=\"\" class=\"wp-image-215810\" srcset=\"https:\/\/welovecinema.be\/wp-content\/uploads\/sites\/2\/2018\/12\/Flashforward-800x395.jpg 800w, https:\/\/welovecinema.be\/wp-content\/uploads\/sites\/2\/2018\/12\/Flashforward-480x237.jpg 480w, https:\/\/welovecinema.be\/wp-content\/uploads\/sites\/2\/2018\/12\/Flashforward-768x379.jpg 768w, https:\/\/welovecinema.be\/wp-content\/uploads\/sites\/2\/2018\/12\/Flashforward.jpg 1510w\" sizes=\"auto, (max-width: 800px) 100vw, 800px\" \/><\/figure>\n\n\n\n<h4 class=\"wp-block-heading\">Qu\u2019attendez-vous de 2019?<\/h4>\n\n\n\n<p>Que le cin\u00e9ma belge continue sur cette belle lanc\u00e9e et un paquet de tournages \u00e0 venir ! <br><\/p>\n\n\n\n<h4 class=\"wp-block-heading\">Quel est le film (ou le talent) belge que vous aimeriez (re)voir en 2019?<\/h4>\n\n\n\n<p>Tous ?! et pas de jaloux \ud83d\ude42 <br><\/p>\n\n\n\n<h4 class=\"wp-block-heading\">Vos projets pour 2019?<\/h4>\n\n\n\n<p>Mon projet de court m\u00e9trage en r\u00e9alisation et des tournages en tant que com\u00e9dienne, croisons les doigts pour que l&rsquo;ann\u00e9e 2019 soit aussi belle que 2018&#8230;<br><\/p>\n","protected":false},"excerpt":{"rendered":"<p>Sophie MARECHAL, com\u00e9dienne Actualit\u00e9 2018 D\u00e9couverte par le grand public il y a deux ans dans le r\u00f4le de Zo\u00e9 Fischer dans La Tr\u00eave (r\u00f4le qu\u2019elle reprenait il y a quelque semaines dans la saison 2), Sophie Marechal a encha\u00een\u00e9 les tournages en 2018. Elle \u00e9tait \u00e9galement l\u2019h\u00e9ro\u00efne de la s\u00e9rie Gu\u00e9pardes (180 \u00e9pisodes de &hellip;<\/p>\n","protected":false},"author":343,"featured_media":209766,"comment_status":"closed","ping_status":"closed","sticky":false,"template":"","format":"standard","meta":{"ngg_post_thumbnail":0,"footnotes":""},"categories":[1978],"tags":[4018],"class_list":["post-215813","post","type-post","status-publish","format-standard","has-post-thumbnail","","category-interviews","tag-sophie-marechal"],"yoast_head":"<!-- This site is optimized with the Yoast SEO plugin v20.4 - https:\/\/yoast.com\/wordpress\/plugins\/seo\/ -->\n<title>Flashback 2018\/ Flashforward 2019: Sophie Mar\u00e9chal - We Love Cinema<\/title>\n<meta name=\"robots\" content=\"index, follow, max-snippet:-1, max-image-preview:large, max-video-preview:-1\" \/>\n<link rel=\"canonical\" href=\"https:\/\/welovecinema.be\/fr\/flashback-2018-flashforward-2019-sophie-marechal\/\" \/>\n<meta property=\"og:locale\" content=\"fr_FR\" \/>\n<meta property=\"og:type\" content=\"article\" \/>\n<meta property=\"og:title\" content=\"Flashback 2018\/ Flashforward 2019: Sophie Mar\u00e9chal - We Love Cinema\" \/>\n<meta property=\"og:description\" content=\"Sophie MARECHAL, com\u00e9dienne Actualit\u00e9 2018 D\u00e9couverte par le grand public il y a deux ans dans le r\u00f4le de Zo\u00e9 Fischer dans La Tr\u00eave (r\u00f4le qu\u2019elle reprenait il y a quelque semaines dans la saison 2), Sophie Marechal a encha\u00een\u00e9 les tournages en 2018. Elle \u00e9tait \u00e9galement l\u2019h\u00e9ro\u00efne de la s\u00e9rie Gu\u00e9pardes (180 \u00e9pisodes de &hellip;\" \/>\n<meta property=\"og:url\" content=\"https:\/\/welovecinema.be\/fr\/flashback-2018-flashforward-2019-sophie-marechal\/\" \/>\n<meta property=\"og:site_name\" content=\"We Love Cinema\" \/>\n<meta property=\"article:publisher\" content=\"https:\/\/www.facebook.com\/welovecinema.be\" \/>\n<meta property=\"article:published_time\" content=\"2018-12-21T15:22:06+00:00\" \/>\n<meta property=\"article:modified_time\" content=\"2018-12-31T08:25:15+00:00\" \/>\n<meta property=\"og:image\" content=\"https:\/\/welovecinema.be\/wp-content\/uploads\/sites\/2\/2018\/05\/SophieMarechalCinevox-800x600.jpg\" \/>\n\t<meta property=\"og:image:width\" content=\"800\" \/>\n\t<meta property=\"og:image:height\" content=\"600\" \/>\n\t<meta property=\"og:image:type\" content=\"image\/jpeg\" \/>\n<meta name=\"author\" content=\"Aurore Engelen\" \/>\n<meta name=\"twitter:card\" content=\"summary_large_image\" \/>\n<meta name=\"twitter:label1\" content=\"\u00c9crit par\" \/>\n\t<meta name=\"twitter:data1\" content=\"Aurore Engelen\" \/>\n\t<meta name=\"twitter:label2\" content=\"Dur\u00e9e de lecture estim\u00e9e\" \/>\n\t<meta name=\"twitter:data2\" content=\"1 minute\" \/>\n<script type=\"application\/ld+json\" class=\"yoast-schema-graph\">{\"@context\":\"https:\/\/schema.org\",\"@graph\":[{\"@type\":\"Article\",\"@id\":\"https:\/\/welovecinema.be\/fr\/flashback-2018-flashforward-2019-sophie-marechal\/#article\",\"isPartOf\":{\"@id\":\"https:\/\/welovecinema.be\/fr\/flashback-2018-flashforward-2019-sophie-marechal\/\"},\"author\":{\"name\":\"Aurore Engelen\",\"@id\":\"https:\/\/welovecinema.be\/nl\/#\/schema\/person\/8084b68c6b176142d073695c654dc7cf\"},\"headline\":\"Flashback 2018\/ Flashforward 2019: Sophie Mar\u00e9chal\",\"datePublished\":\"2018-12-21T15:22:06+00:00\",\"dateModified\":\"2018-12-31T08:25:15+00:00\",\"mainEntityOfPage\":{\"@id\":\"https:\/\/welovecinema.be\/fr\/flashback-2018-flashforward-2019-sophie-marechal\/\"},\"wordCount\":230,\"publisher\":{\"@id\":\"https:\/\/welovecinema.be\/nl\/#organization\"},\"keywords\":[\"Sophie Mar\u00e9chal\"],\"articleSection\":[\"Rencontres\"],\"inLanguage\":\"fr-FR\"},{\"@type\":\"WebPage\",\"@id\":\"https:\/\/welovecinema.be\/fr\/flashback-2018-flashforward-2019-sophie-marechal\/\",\"url\":\"https:\/\/welovecinema.be\/fr\/flashback-2018-flashforward-2019-sophie-marechal\/\",\"name\":\"Flashback 2018\/ Flashforward 2019: Sophie Mar\u00e9chal - We Love Cinema\",\"isPartOf\":{\"@id\":\"https:\/\/welovecinema.be\/nl\/#website\"},\"datePublished\":\"2018-12-21T15:22:06+00:00\",\"dateModified\":\"2018-12-31T08:25:15+00:00\",\"breadcrumb\":{\"@id\":\"https:\/\/welovecinema.be\/fr\/flashback-2018-flashforward-2019-sophie-marechal\/#breadcrumb\"},\"inLanguage\":\"fr-FR\",\"potentialAction\":[{\"@type\":\"ReadAction\",\"target\":[\"https:\/\/welovecinema.be\/fr\/flashback-2018-flashforward-2019-sophie-marechal\/\"]}]},{\"@type\":\"BreadcrumbList\",\"@id\":\"https:\/\/welovecinema.be\/fr\/flashback-2018-flashforward-2019-sophie-marechal\/#breadcrumb\",\"itemListElement\":[{\"@type\":\"ListItem\",\"position\":1,\"name\":\"Accueil\",\"item\":\"https:\/\/welovecinema.be\/fr\/\"},{\"@type\":\"ListItem\",\"position\":2,\"name\":\"Flashback 2018\/ Flashforward 2019: Sophie Mar\u00e9chal\"}]},{\"@type\":\"WebSite\",\"@id\":\"https:\/\/welovecinema.be\/nl\/#website\",\"url\":\"https:\/\/welovecinema.be\/nl\/\",\"name\":\"We Love Cinema\",\"description\":\"Toute l\u2019information du cin\u00e9ma en Belgique\",\"publisher\":{\"@id\":\"https:\/\/welovecinema.be\/nl\/#organization\"},\"potentialAction\":[{\"@type\":\"SearchAction\",\"target\":{\"@type\":\"EntryPoint\",\"urlTemplate\":\"https:\/\/welovecinema.be\/nl\/?s={search_term_string}\"},\"query-input\":\"required name=search_term_string\"}],\"inLanguage\":\"fr-FR\"},{\"@type\":\"Organization\",\"@id\":\"https:\/\/welovecinema.be\/nl\/#organization\",\"name\":\"We Love Cinema\",\"url\":\"https:\/\/welovecinema.be\/nl\/\",\"logo\":{\"@type\":\"ImageObject\",\"inLanguage\":\"fr-FR\",\"@id\":\"https:\/\/welovecinema.be\/nl\/#\/schema\/logo\/image\/\",\"url\":\"https:\/\/welovecinema.be\/wp-content\/uploads\/sites\/2\/2023\/03\/Logo-We-Love-Cinema305x128.jpg\",\"contentUrl\":\"https:\/\/welovecinema.be\/wp-content\/uploads\/sites\/2\/2023\/03\/Logo-We-Love-Cinema305x128.jpg\",\"width\":305,\"height\":128,\"caption\":\"We Love Cinema\"},\"image\":{\"@id\":\"https:\/\/welovecinema.be\/nl\/#\/schema\/logo\/image\/\"},\"sameAs\":[\"https:\/\/www.facebook.com\/welovecinema.be\",\"https:\/\/www.youtube.com\/channel\/UCX5LYGVhnKvYauW4Nta4HJA\",\"https:\/\/www.instagram.com\/welovecinema.be\/\"]},{\"@type\":\"Person\",\"@id\":\"https:\/\/welovecinema.be\/nl\/#\/schema\/person\/8084b68c6b176142d073695c654dc7cf\",\"name\":\"Aurore Engelen\",\"url\":\"https:\/\/welovecinema.be\/fr\/author\/aurore-engelen\/\"}]}<\/script>\n<!-- \/ Yoast SEO plugin. -->","yoast_head_json":{"title":"Flashback 2018\/ Flashforward 2019: Sophie Mar\u00e9chal - We Love Cinema","robots":{"index":"index","follow":"follow","max-snippet":"max-snippet:-1","max-image-preview":"max-image-preview:large","max-video-preview":"max-video-preview:-1"},"canonical":"https:\/\/welovecinema.be\/fr\/flashback-2018-flashforward-2019-sophie-marechal\/","og_locale":"fr_FR","og_type":"article","og_title":"Flashback 2018\/ Flashforward 2019: Sophie Mar\u00e9chal - We Love Cinema","og_description":"Sophie MARECHAL, com\u00e9dienne Actualit\u00e9 2018 D\u00e9couverte par le grand public il y a deux ans dans le r\u00f4le de Zo\u00e9 Fischer dans La Tr\u00eave (r\u00f4le qu\u2019elle reprenait il y a quelque semaines dans la saison 2), Sophie Marechal a encha\u00een\u00e9 les tournages en 2018. Elle \u00e9tait \u00e9galement l\u2019h\u00e9ro\u00efne de la s\u00e9rie Gu\u00e9pardes (180 \u00e9pisodes de &hellip;","og_url":"https:\/\/welovecinema.be\/fr\/flashback-2018-flashforward-2019-sophie-marechal\/","og_site_name":"We Love Cinema","article_publisher":"https:\/\/www.facebook.com\/welovecinema.be","article_published_time":"2018-12-21T15:22:06+00:00","article_modified_time":"2018-12-31T08:25:15+00:00","og_image":[{"width":800,"height":600,"url":"https:\/\/welovecinema.be\/wp-content\/uploads\/sites\/2\/2018\/05\/SophieMarechalCinevox-800x600.jpg","type":"image\/jpeg"}],"author":"Aurore Engelen","twitter_card":"summary_large_image","twitter_misc":{"\u00c9crit par":"Aurore Engelen","Dur\u00e9e de lecture estim\u00e9e":"1 minute"},"schema":{"@context":"https:\/\/schema.org","@graph":[{"@type":"Article","@id":"https:\/\/welovecinema.be\/fr\/flashback-2018-flashforward-2019-sophie-marechal\/#article","isPartOf":{"@id":"https:\/\/welovecinema.be\/fr\/flashback-2018-flashforward-2019-sophie-marechal\/"},"author":{"name":"Aurore Engelen","@id":"https:\/\/welovecinema.be\/nl\/#\/schema\/person\/8084b68c6b176142d073695c654dc7cf"},"headline":"Flashback 2018\/ Flashforward 2019: Sophie Mar\u00e9chal","datePublished":"2018-12-21T15:22:06+00:00","dateModified":"2018-12-31T08:25:15+00:00","mainEntityOfPage":{"@id":"https:\/\/welovecinema.be\/fr\/flashback-2018-flashforward-2019-sophie-marechal\/"},"wordCount":230,"publisher":{"@id":"https:\/\/welovecinema.be\/nl\/#organization"},"keywords":["Sophie Mar\u00e9chal"],"articleSection":["Rencontres"],"inLanguage":"fr-FR"},{"@type":"WebPage","@id":"https:\/\/welovecinema.be\/fr\/flashback-2018-flashforward-2019-sophie-marechal\/","url":"https:\/\/welovecinema.be\/fr\/flashback-2018-flashforward-2019-sophie-marechal\/","name":"Flashback 2018\/ Flashforward 2019: Sophie Mar\u00e9chal - We Love Cinema","isPartOf":{"@id":"https:\/\/welovecinema.be\/nl\/#website"},"datePublished":"2018-12-21T15:22:06+00:00","dateModified":"2018-12-31T08:25:15+00:00","breadcrumb":{"@id":"https:\/\/welovecinema.be\/fr\/flashback-2018-flashforward-2019-sophie-marechal\/#breadcrumb"},"inLanguage":"fr-FR","potentialAction":[{"@type":"ReadAction","target":["https:\/\/welovecinema.be\/fr\/flashback-2018-flashforward-2019-sophie-marechal\/"]}]},{"@type":"BreadcrumbList","@id":"https:\/\/welovecinema.be\/fr\/flashback-2018-flashforward-2019-sophie-marechal\/#breadcrumb","itemListElement":[{"@type":"ListItem","position":1,"name":"Accueil","item":"https:\/\/welovecinema.be\/fr\/"},{"@type":"ListItem","position":2,"name":"Flashback 2018\/ Flashforward 2019: Sophie Mar\u00e9chal"}]},{"@type":"WebSite","@id":"https:\/\/welovecinema.be\/nl\/#website","url":"https:\/\/welovecinema.be\/nl\/","name":"We Love Cinema","description":"Toute l\u2019information du cin\u00e9ma en Belgique","publisher":{"@id":"https:\/\/welovecinema.be\/nl\/#organization"},"potentialAction":[{"@type":"SearchAction","target":{"@type":"EntryPoint","urlTemplate":"https:\/\/welovecinema.be\/nl\/?s={search_term_string}"},"query-input":"required name=search_term_string"}],"inLanguage":"fr-FR"},{"@type":"Organization","@id":"https:\/\/welovecinema.be\/nl\/#organization","name":"We Love Cinema","url":"https:\/\/welovecinema.be\/nl\/","logo":{"@type":"ImageObject","inLanguage":"fr-FR","@id":"https:\/\/welovecinema.be\/nl\/#\/schema\/logo\/image\/","url":"https:\/\/welovecinema.be\/wp-content\/uploads\/sites\/2\/2023\/03\/Logo-We-Love-Cinema305x128.jpg","contentUrl":"https:\/\/welovecinema.be\/wp-content\/uploads\/sites\/2\/2023\/03\/Logo-We-Love-Cinema305x128.jpg","width":305,"height":128,"caption":"We Love Cinema"},"image":{"@id":"https:\/\/welovecinema.be\/nl\/#\/schema\/logo\/image\/"},"sameAs":["https:\/\/www.facebook.com\/welovecinema.be","https:\/\/www.youtube.com\/channel\/UCX5LYGVhnKvYauW4Nta4HJA","https:\/\/www.instagram.com\/welovecinema.be\/"]},{"@type":"Person","@id":"https:\/\/welovecinema.be\/nl\/#\/schema\/person\/8084b68c6b176142d073695c654dc7cf","name":"Aurore Engelen","url":"https:\/\/welovecinema.be\/fr\/author\/aurore-engelen\/"}]}},"_links":{"self":[{"href":"https:\/\/welovecinema.be\/fr\/wp-json\/wp\/v2\/posts\/215813","targetHints":{"allow":["GET"]}}],"collection":[{"href":"https:\/\/welovecinema.be\/fr\/wp-json\/wp\/v2\/posts"}],"about":[{"href":"https:\/\/welovecinema.be\/fr\/wp-json\/wp\/v2\/types\/post"}],"author":[{"embeddable":true,"href":"https:\/\/welovecinema.be\/fr\/wp-json\/wp\/v2\/users\/343"}],"replies":[{"embeddable":true,"href":"https:\/\/welovecinema.be\/fr\/wp-json\/wp\/v2\/comments?post=215813"}],"version-history":[{"count":0,"href":"https:\/\/welovecinema.be\/fr\/wp-json\/wp\/v2\/posts\/215813\/revisions"}],"wp:featuredmedia":[{"embeddable":true,"href":"https:\/\/welovecinema.be\/fr\/wp-json\/wp\/v2\/media\/209766"}],"wp:attachment":[{"href":"https:\/\/welovecinema.be\/fr\/wp-json\/wp\/v2\/media?parent=215813"}],"wp:term":[{"taxonomy":"category","embeddable":true,"href":"https:\/\/welovecinema.be\/fr\/wp-json\/wp\/v2\/categories?post=215813"},{"taxonomy":"post_tag","embeddable":true,"href":"https:\/\/welovecinema.be\/fr\/wp-json\/wp\/v2\/tags?post=215813"}],"curies":[{"name":"wp","href":"https:\/\/api.w.org\/{rel}","templated":true}]}}