{"id":215788,"date":"2018-12-21T09:26:57","date_gmt":"2018-12-21T08:26:57","guid":{"rendered":"https:\/\/www.cinevox.be\/?p=215788"},"modified":"2019-01-16T08:20:13","modified_gmt":"2019-01-16T07:20:13","slug":"orgie-de-courts-pour-la-nuit-du-jour-le-plus-court-sur-la-trois","status":"publish","type":"post","link":"https:\/\/welovecinema.be\/fr\/orgie-de-courts-pour-la-nuit-du-jour-le-plus-court-sur-la-trois\/","title":{"rendered":"La Nuit du Jour le plus court sur La Trois!"},"content":{"rendered":"\n<p><strong>La Trois raccourcit sa grille cette nuit pour c\u00e9l\u00e9brer <a href=\"https:\/\/www.cinevox.be\/fr\/le-jour-le-plus-court-est-de-retour\/\">le Jour le plus court<\/a>. Pas moins de vingt-trois (23!) courts m\u00e9trages belges sont programm\u00e9s cette nuit pour f\u00eater le solstice. Parmi eux, 4 films au g\u00e9n\u00e9rique desquels on retrouve l&rsquo;excellentissime Catherine Sal\u00e9e, marraine de cette 5e \u00e9dition du Jour le plus court.<\/strong><\/p>\n\n\n\n<p>La programmation offre un condens\u00e9 de talents belges, o\u00f9 l&rsquo;on retrouve notamment <a href=\"https:\/\/www.cinevox.be\/fr\/icare-et-may-day-en-lice-pour-les-oscars\/\">les deux films belges en lice pour l&rsquo;Oscar du court m\u00e9trage<\/a> (<em>Mayday<\/em> et <em>Icare<\/em>), un autre en lice pour les C\u00e9sar (<em><a href=\"https:\/\/www.cinevox.be\/fr\/deux-films-belges-retenus-pour-la-course-aux-cesar\/\">Les Petites Mains<\/a><\/em>), et d&rsquo;autres encore projet\u00e9s et prim\u00e9s partout dans le monde.<\/p>\n\n\n\n<p>Programme d\u00e9taill\u00e9 ?<\/p>\n\n\n\n<h4 class=\"wp-block-heading\"><strong><em>May Day<\/em> <\/strong>d&rsquo;Olivier Magis et Fredrik de Beul<\/h4>\n\n\n\n<p>Avec Thierry Hellin, Catherine Sal\u00e9e,Mathieu Debaty, Simon Andr\u00e9, Lydia Indjova, Viktor Biserov, ManouTahon, Javier Lopez, Chokri Ben Chikha, Joren Seldeslachts, Bess Limani, Nourredine Zerrad<\/p>\n\n\n\n<p>Dans le salon de Thierry, plusieurs personnes qui ne se connaissent pas sont venues nourrir le m\u00eame r\u00eave : trouver un travail, et vite. Mais comme nous sommes \u00e0 Bruxelles, rien ne se passe comme pr\u00e9vu.<\/p>\n\n\n\n<figure><iframe loading=\"lazy\" src=\"https:\/\/player.vimeo.com\/video\/247118506\" width=\"640\" height=\"360\" allowfullscreen=\"allowfullscreen\"><\/iframe><\/figure>\n\n\n\n<hr class=\"wp-block-separator\"\/>\n\n\n\n<h4 class=\"wp-block-heading\"><em><strong>Le Plombier<\/strong><\/em> de Xavier Seron et M\u00e9ryl Fortunat-Rossi<\/h4>\n\n\n\n<p>Tom, un com\u00e9dien flamand, remplace au pied lev\u00e9 un ami doubleur. En g\u00e9n\u00e9ral, Tom fait des voix de personnages de dessins anim\u00e9s mais aujourd&rsquo;hui il se retrouve en studio pour un film pornographique en fran\u00e7ais. Catherine, une com\u00e9dienne exp\u00e9riment\u00e9e, sera sa partenaire. Tom jouera le plombier.<\/p>\n\n\n\n<p><em>Avec&nbsp;Tom Audenaert, Catherine Sal\u00e9e, Jean-Beno\u00eet Ugeux, Philippe Grand\u2019henry, Fran\u00e7ois Ebou\u00e9l\u00e9, Delphine Th\u00e9odore<\/em><\/p>\n\n\n\n<figure class=\"wp-block-embed-vimeo wp-block-embed is-type-video is-provider-vimeo wp-embed-aspect-16-9 wp-has-aspect-ratio\"><div class=\"wp-block-embed__wrapper\">\n<iframe loading=\"lazy\" title=\"LE PLOMBIER (The Plumber) Trailer\" src=\"https:\/\/player.vimeo.com\/video\/205062147?dnt=1&amp;app_id=122963\" width=\"618\" height=\"348\" frameborder=\"0\" allow=\"autoplay; fullscreen; picture-in-picture; clipboard-write; encrypted-media\"><\/iframe>\n<\/div><\/figure>\n\n\n\n<hr class=\"wp-block-separator\"\/>\n\n\n\n<h4 class=\"wp-block-heading\"><em>Longueur Fr\u00e9quence Intensit\u00e9 Emotion<\/em> de&nbsp;Xavier Seron et M\u00e9ryl Fortunat Rossi<\/h4>\n\n\n\n<p><em>Avec&nbsp;Jean-Beno\u00eet Ugeux, Catherine Sal\u00e9e, Aurore Fattier, Caroline Berliner, Fran\u00e7ois Neyckens<\/em><\/p>\n\n\n\n<p>Pour imiter le cri de l&rsquo;orignal, quatre param\u00e8tres \u00e0 respecter : la longueur, la fr\u00e9quence, l&rsquo;intensit\u00e9 et surtout&#8230; l&rsquo;\u00e9motion !<\/p>\n\n\n\n<p>Dans le cadre des \u00ab\u00a0Nuits en Or 2016\u00a0\u00bb, l&rsquo;Acad\u00e9mie des C\u00e9sar a demand\u00e9 \u00e0 plusieurs r\u00e9alisateurs de tr\u00e8s courts films sur le th\u00e8me de \u00ab\u00a0La nuit\u00a0\u00bb. Voici la proposition de M\u00e9ryl Fortunat-Rossi et Xavier Seron!<\/p>\n\n\n\n<figure class=\"wp-block-image\"><img loading=\"lazy\" decoding=\"async\" width=\"800\" height=\"451\" src=\"https:\/\/www.cinevox.be\/wp-content\/uploads\/sites\/2\/2017\/11\/Longueur-800x451.jpg\" alt=\"Longueur frequence intensite emotion\" class=\"wp-image-204190\" srcset=\"https:\/\/welovecinema.be\/wp-content\/uploads\/sites\/2\/2017\/11\/Longueur-800x451.jpg 800w, https:\/\/welovecinema.be\/wp-content\/uploads\/sites\/2\/2017\/11\/Longueur-200x113.jpg 200w, https:\/\/welovecinema.be\/wp-content\/uploads\/sites\/2\/2017\/11\/Longueur-480x270.jpg 480w, https:\/\/welovecinema.be\/wp-content\/uploads\/sites\/2\/2017\/11\/Longueur-768x433.jpg 768w, https:\/\/welovecinema.be\/wp-content\/uploads\/sites\/2\/2017\/11\/Longueur.jpg 940w\" sizes=\"auto, (max-width: 800px) 100vw, 800px\" \/><\/figure>\n\n\n\n<hr class=\"wp-block-separator\"\/>\n\n\n\n<p><strong><em>Eastpak<\/em><\/strong> de Jean-Beno\u00eet Ugeux<\/p>\n\n\n\n<p>Fouad, un jeune Arabe, se retrouve \u00e0 un d\u00eener de jeunes trentenaires \u00e0 Bruxelles. Tout se passe bien jusqu\u2019\u00e0 ce qu\u2019ils se rendent compte qu\u2019un sac \u00e0 dos a disparu &#8230;<\/p>\n\n\n\n<p><em>Avec Aurore Fattier, Baptiste Sornin, Bilal Aya, Catherine Sal\u00e9e, Christophe Lambert, Claude Schmitz, Elena Perez, Fabien Magry, Laurent Caron, Mathilde Rault, Prunelle Rullens, Rapha\u00eblle Bruneau<\/em><\/p>\n\n\n\n<figure class=\"wp-block-embed-vimeo wp-block-embed is-type-video is-provider-vimeo wp-embed-aspect-16-9 wp-has-aspect-ratio\"><div class=\"wp-block-embed__wrapper\">\n<iframe loading=\"lazy\" title=\"Eastpak\" src=\"https:\/\/player.vimeo.com\/video\/244656837?dnt=1&amp;app_id=122963\" width=\"618\" height=\"348\" frameborder=\"0\" allow=\"autoplay; fullscreen; picture-in-picture; clipboard-write; encrypted-media\"><\/iframe>\n<\/div><\/figure>\n\n\n\n<hr class=\"wp-block-separator\"\/>\n\n\n\n<p><em><strong>Les Petites Mains<\/strong><\/em> de R\u00e9mi Allier<\/p>\n\n\n\n<p>L\u00e9o, deux ans, est le fils du directeur d\u2019une usine. Quand les employ\u00e9s apprennent la fermeture, Bruno, un ouvrier brutal, enl\u00e8ve L\u00e9o pour n\u00e9gocier\u2026<\/p>\n\n\n\n<p><em>Avec&nbsp;Emile Moulron Lejeune,&nbsp;Jan Hammenecker,&nbsp;Steve Driesen,&nbsp;&nbsp;Sandrine Blancke<\/em><\/p>\n\n\n\n<figure class=\"wp-block-embed-vimeo wp-block-embed is-type-video is-provider-vimeo wp-embed-aspect-16-9 wp-has-aspect-ratio\"><div class=\"wp-block-embed__wrapper\">\n<iframe loading=\"lazy\" title=\"LITTLE HANDS - FOR YOUR CONSIDERATION - BEST LIVE ACTION SHORT - Short film by R\u00e9mi Allier - CESAR WINNER - TEASER\" src=\"https:\/\/player.vimeo.com\/video\/231260491?dnt=1&amp;app_id=122963\" width=\"618\" height=\"348\" frameborder=\"0\" allow=\"autoplay; fullscreen; picture-in-picture; clipboard-write; encrypted-media\"><\/iframe>\n<\/div><\/figure>\n\n\n\n<hr class=\"wp-block-separator\"\/>\n\n\n\n<h4 class=\"wp-block-heading\"><em><strong>Icare<\/strong><\/em> de Nicolas Boucart<\/h4>\n\n\n\n<p>Sur une minuscule \u00eele couronn\u00e9e de falaises abruptes, se dresse face \u00e0 la mer une seule et unique maison. Obs\u00e9d\u00e9 par le r\u00eave que l&rsquo;homme puisse un jour voler \u00e0 l&rsquo;image de l&rsquo;oiseau, un inventeur exp\u00e9rimente ses machines sur ce morceau de terre abandonn\u00e9. Pour cet homme, seule une \u00e2me pure, l\u00e9g\u00e8re, na\u00efve est capable d\u2019un tel exploit.&nbsp;Recrut\u00e9 du continent, Joseph, onze ans, semble \u00eatre le parfait candidat.<\/p>\n\n\n\n<p><em>Avec&nbsp;Philippe Rebbot, Maxime Bessonov et Albert Chassagne<\/em><\/p>\n\n\n\n<figure class=\"wp-block-embed-vimeo wp-block-embed is-type-video is-provider-vimeo wp-embed-aspect-16-9 wp-has-aspect-ratio\"><div class=\"wp-block-embed__wrapper\">\n<iframe loading=\"lazy\" title=\"Icare - Official Trailer (english subtitles)\" src=\"https:\/\/player.vimeo.com\/video\/274642212?dnt=1&amp;app_id=122963\" width=\"618\" height=\"348\" frameborder=\"0\" allow=\"autoplay; fullscreen; picture-in-picture; clipboard-write; encrypted-media\"><\/iframe>\n<\/div><\/figure>\n\n\n\n<hr class=\"wp-block-separator\"\/>\n\n\n\n<h4 class=\"wp-block-heading\"><em><strong>Vihta<\/strong><\/em> de Fran\u00e7ois Bierry<\/h4>\n\n\n\n<p>Serge et ses 4 coll\u00e8gues sont salari\u00e9s d\u2019une petite entreprise, rachet\u00e9e par un grand groupe. Comme cadeau de bienvenue, ils sont convi\u00e9s par leur nouvel employeur \u00e0 une journ\u00e9e d\u00e9tente dans un centre thermal. Mais ce jour-l\u00e0, les thermes sont exclusivement naturistes.<\/p>\n\n\n\n<p>Avec&nbsp;Wim Willaert, Jean-Benoit Ugeux, Anne-Sophie Leboutte, Jean-Michel Balthazar<\/p>\n\n\n\n<figure class=\"wp-block-image\"><img loading=\"lazy\" decoding=\"async\" width=\"720\" height=\"280\" src=\"https:\/\/www.cinevox.be\/wp-content\/uploads\/sites\/2\/2018\/09\/4.jpg\" alt=\"Vihta\" class=\"wp-image-213552\" srcset=\"https:\/\/welovecinema.be\/wp-content\/uploads\/sites\/2\/2018\/09\/4.jpg 720w, https:\/\/welovecinema.be\/wp-content\/uploads\/sites\/2\/2018\/09\/4-480x187.jpg 480w\" sizes=\"auto, (max-width: 720px) 100vw, 720px\" \/><\/figure>\n\n\n\n<hr class=\"wp-block-separator\"\/>\n\n\n\n<h4 class=\"wp-block-heading\"><em><strong>Les Corps Purs<\/strong><\/em> de Guillaume Ginestel et B\u00e9rang\u00e8re McNeese<\/h4>\n\n\n\n<p>Axelle, <em>escort girl<\/em> \u00e0 Bruxelles, s\u2019assure les services d\u2019un chauffeur mutique et simple d\u2019esprit pour l\u2019accompagner d\u2019un h\u00f4tel \u00e0 l\u2019autre. Au fil des nuits, ces deux \u00eatres esseul\u00e9s et retranch\u00e9s derri\u00e8re leurs armures respectives, vont se rapprocher.<\/p>\n\n\n\n<p><em>Avec Guillaume Duhesme, Berang\u00e8re McNeese, Jeremy Azencott, Erico Salamone, Boyamba Natasha<\/em><\/p>\n\n\n\n<figure class=\"wp-block-image\"><img loading=\"lazy\" decoding=\"async\" width=\"480\" height=\"205\" src=\"http:\/\/www.cinevox.be\/wp-content\/uploads\/sites\/2\/2018\/02\/Screen-Shot-2016-02-07-at-13.34.09-copy-480x205.jpg\" alt=\"\" class=\"wp-image-207226\" srcset=\"https:\/\/welovecinema.be\/wp-content\/uploads\/sites\/2\/2018\/02\/Screen-Shot-2016-02-07-at-13.34.09-copy-480x205.jpg 480w, https:\/\/welovecinema.be\/wp-content\/uploads\/sites\/2\/2018\/02\/Screen-Shot-2016-02-07-at-13.34.09-copy-768x329.jpg 768w, https:\/\/welovecinema.be\/wp-content\/uploads\/sites\/2\/2018\/02\/Screen-Shot-2016-02-07-at-13.34.09-copy-800x342.jpg 800w\" sizes=\"auto, (max-width: 480px) 100vw, 480px\" \/><\/figure>\n\n\n\n<hr class=\"wp-block-separator\"\/>\n\n\n\n<h4 class=\"wp-block-heading\"><em><strong>Calamity<\/strong><\/em> de&nbsp;Maxime Feyers et S\u00e9verine De Streyker<\/h4>\n\n\n\n<p><em>Avec&nbsp;Ingrid Heiderscheidt, Jean-Michel Balthazar, Fran\u00e7ois Maquet, Bastien Ughetto, Judith Williquet, Arthur Marbaix<\/em><\/p>\n\n\n\n<p>France rencontre la petite amie de son fils pour la premi\u00e8re fois. Elle perd le contr\u00f4le\u2026<\/p>\n\n\n\n<figure class=\"wp-block-embed-vimeo wp-block-embed is-type-video is-provider-vimeo wp-embed-aspect-16-9 wp-has-aspect-ratio\"><div class=\"wp-block-embed__wrapper\">\n<iframe loading=\"lazy\" src=\"https:\/\/player.vimeo.com\/video\/242557804?dnt=1&amp;app_id=122963\" width=\"618\" height=\"348\" frameborder=\"0\" allow=\"autoplay; fullscreen; picture-in-picture; clipboard-write; encrypted-media\"><\/iframe>\n<\/div><\/figure>\n\n\n\n<hr class=\"wp-block-separator\"\/>\n\n\n\n<h4 class=\"wp-block-heading\"><strong><em>Marlon<\/em><\/strong> de Jessica Palud<\/h4>\n\n\n\n<p><em>Avec&nbsp;Avec Flavie Delangle, Anne Suarez, Jonathan Couzini\u00e9, Catherine Sal\u00e9e, Brigitte Boutard<\/em><\/p>\n\n\n\n<p>Marlon, quatorze ans, rend visite \u00e0 sa m\u00e8re en prison pour la premi\u00e8re fois depuis son incarc\u00e9ration. La jeune fille, prot\u00e9g\u00e9e par sa famille et son entourage, s&rsquo;ent\u00eate malgr\u00e9 tout \u00e0 croire que sa m\u00e8re est son h\u00e9ro\u00efne d&rsquo;enfance.<\/p>\n\n\n\n<figure class=\"wp-block-embed-vimeo wp-block-embed is-type-video is-provider-vimeo wp-embed-aspect-16-9 wp-has-aspect-ratio\"><div class=\"wp-block-embed__wrapper\">\n<iframe loading=\"lazy\" title=\"Marlon teaser\" src=\"https:\/\/player.vimeo.com\/video\/207460963?dnt=1&amp;app_id=122963\" width=\"618\" height=\"326\" frameborder=\"0\" allow=\"autoplay; fullscreen; picture-in-picture; clipboard-write; encrypted-media\"><\/iframe>\n<\/div><\/figure>\n\n\n\n<hr class=\"wp-block-separator\"\/>\n\n\n\n<h4 class=\"wp-block-heading\"><em><strong>Ruines<\/strong><\/em> d&rsquo;Oph\u00e9lie Pruvost<\/h4>\n\n\n\n<p>Aline, 16 ans, doit faire face \u00e0 une soudaine absence : son p\u00e8re est incarc\u00e9r\u00e9 depuis peu, et refuse de la voir. Elle tente malgr\u00e9 tout de l\u2019atteindre, mais se heurte \u00e0 sa m\u00e8re et aux r\u00e8gles p\u00e9nitentiaires. Pour finalement heurter &#8211; au sens propre &#8211; un gar\u00e7on de son \u00e2ge, en qui elle voit un ultime moyen de se rapprocher de son p\u00e8re.<\/p>\n\n\n\n<p>Avec&nbsp;Lizie Weltin, Sacha Capelluto, Garance Clavel, Tha\u00efs Acchione<\/p>\n\n\n\n<figure class=\"wp-block-embed-vimeo wp-block-embed is-type-video is-provider-vimeo wp-embed-aspect-16-9 wp-has-aspect-ratio\"><div class=\"wp-block-embed__wrapper\">\n<iframe loading=\"lazy\" title=\"Ruines - Teaser\" src=\"https:\/\/player.vimeo.com\/video\/222794245?dnt=1&amp;app_id=122963\" width=\"618\" height=\"348\" frameborder=\"0\" allow=\"autoplay; fullscreen; picture-in-picture; clipboard-write; encrypted-media\"><\/iframe>\n<\/div><\/figure>\n\n\n\n<hr class=\"wp-block-separator\"\/>\n\n\n\n<h4 class=\"wp-block-heading\"><strong><em>Le Sc\u00e9nariste<\/em><\/strong> de Fran\u00e7ois Paquay<\/h4>\n\n\n\n<p>Pour terminer son film, Jonas, jeune r\u00e9alisateur ambitieux, accepte les conditions que lui impose son producteur : retravailler son sc\u00e9nario avec l\u2019aide d\u2019un sc\u00e9nariste am\u00e9ricain : John Loubric, un type fantastique. Il viendra vivre quelques jours \u00e0 la maison, ce qui n\u2019est pas pour plaire \u00e0 H\u00e9l\u00e8ne, la femme de Jonas. Une nuit, John d\u00e9barque \u00e0 l\u2019improviste\u2026<\/p>\n\n\n\n<p><em>Avec Vincent Lecuyer, Sandrine Blancke et Serge Riaboukine.<\/em><\/p>\n\n\n\n<figure class=\"wp-block-embed-vimeo wp-block-embed is-type-video is-provider-vimeo wp-embed-aspect-16-9 wp-has-aspect-ratio\"><div class=\"wp-block-embed__wrapper\">\n<iframe loading=\"lazy\" title=\"LE SCENARISTE - BANDE ANNONCE\" src=\"https:\/\/player.vimeo.com\/video\/225870473?dnt=1&amp;app_id=122963\" width=\"618\" height=\"348\" frameborder=\"0\" allow=\"autoplay; fullscreen; picture-in-picture; clipboard-write; encrypted-media\"><\/iframe>\n<\/div><\/figure>\n\n\n\n<hr class=\"wp-block-separator\"\/>\n\n\n\n<h4 class=\"wp-block-heading\"><em><strong>Remember Me<\/strong><\/em> de Fabrice Murgia<\/h4>\n\n\n\n<p><em>Avec Sergi Lopez, David Murgia et Laura Sepul<\/em><\/p>\n\n\n\n<p>Paolo, metteur en sc\u00e8ne, est dans un pays \u00e9tranger pour cr\u00e9er une pi\u00e8ce autobiographique dans laquelle il t\u00e9moigne de sa relation \u00e0 son p\u00e8re.&nbsp;Nous sommes le soir de la premi\u00e8re. Son fr\u00e8re l\u2019appelle et le somme de rentrer au chevet de leur p\u00e8re mourant mais Paolo, en \u00e9tat de choc, d\u00e9cide de rester pour les derniers raccords du spectacle. Pour Paolo, l\u2019enjeu de la repr\u00e9sentation publique et de cette derni\u00e8re r\u00e9p\u00e9tition prennent un nouveau sens : en d\u00e9coudre avec son p\u00e8re, et lui dire adieu.<\/p>\n\n\n\n<figure class=\"wp-block-embed-vimeo wp-block-embed is-type-video is-provider-vimeo wp-embed-aspect-16-9 wp-has-aspect-ratio\"><div class=\"wp-block-embed__wrapper\">\n<iframe loading=\"lazy\" title=\"TEASER REMEMBER ME\" src=\"https:\/\/player.vimeo.com\/video\/221093006?dnt=1&amp;app_id=122963\" width=\"618\" height=\"348\" frameborder=\"0\" allow=\"autoplay; fullscreen; picture-in-picture; clipboard-write; encrypted-media\"><\/iframe>\n<\/div><\/figure>\n\n\n\n<hr class=\"wp-block-separator\"\/>\n\n\n\n<p><em><strong>Ice Scream<\/strong><\/em>&nbsp;de Vincent&nbsp; Smitz&nbsp;&nbsp;<\/p>\n\n\n\n<p><em>Avec Thomas Coumans et St\u00e9phanie Crayencour<\/em><\/p>\n\n\n\n<p>David veut devenir r\u00e9alisateur et Julie com\u00e9dienne. Un soir, David profite de l&rsquo;absence des parents de Julie pour venir lui proposer un film d&rsquo;horreur dont elle serait l&rsquo;h\u00e9ro\u00efne&#8230;<\/p>\n\n\n\n<figure class=\"wp-block-embed-youtube wp-block-embed is-type-video is-provider-youtube wp-embed-aspect-16-9 wp-has-aspect-ratio\"><div class=\"wp-block-embed__wrapper\">\n<iframe loading=\"lazy\" title=\"Ice Scream Trailer VO\" width=\"618\" height=\"348\" src=\"https:\/\/www.youtube.com\/embed\/-CoAwtxuA9g?feature=oembed\" frameborder=\"0\" allow=\"accelerometer; autoplay; clipboard-write; encrypted-media; gyroscope; picture-in-picture; web-share\" referrerpolicy=\"strict-origin-when-cross-origin\" allowfullscreen><\/iframe>\n<\/div><\/figure>\n\n\n\n<hr class=\"wp-block-separator\"\/>\n\n\n\n<h4 class=\"wp-block-heading\"><strong><em>#Burning<\/em><\/strong> de Nathalie Andr\u00e9<\/h4>\n\n\n\n<p>Un dimanche de canicule. Un coin de nos Ardennes. Une route. Une bande de gamins trompent leur ennui.<\/p>\n\n\n\n<p><em>Avec Virgile Bucquoye, Jules De Camps, Matteo Geraci, Romain Frammery, P\u00e9trone Lamart, Zacharia Vigneron, Selma Robert.<\/em><\/p>\n\n\n\n<figure class=\"wp-block-embed-vimeo wp-block-embed is-type-video is-provider-vimeo wp-embed-aspect-16-9 wp-has-aspect-ratio\"><div class=\"wp-block-embed__wrapper\">\n<iframe loading=\"lazy\" title=\"TRAILER #BURNING\" src=\"https:\/\/player.vimeo.com\/video\/213499534?dnt=1&amp;app_id=122963\" width=\"618\" height=\"348\" frameborder=\"0\" allow=\"autoplay; fullscreen; picture-in-picture; clipboard-write; encrypted-media\"><\/iframe>\n<\/div><\/figure>\n\n\n\n<hr class=\"wp-block-separator\"\/>\n\n\n\n<h4 class=\"wp-block-heading\"><em><strong>Brainstorm (Remue-m\u00e9ninges)<\/strong> <\/em>de Christophe Clin<\/h4>\n\n\n\n<p>Que se passe-t-il dans la t\u00eate de quelqu&rsquo;un qui s&rsquo;appr\u00eate \u00e0 croiser quelqu&rsquo;un d&rsquo;autre dans la rue ? De l&rsquo;angoisse, des pr\u00e9jug\u00e9s, de l&rsquo;attente, de la surprise, de la d\u00e9ception, ou encore d&rsquo;autres \u00e9motions. Ces quelques instants tr\u00e8s brefs sont le nid d&rsquo;un v\u00e9ritable remue-m\u00e9ninges&#8230;<\/p>\n\n\n\n<p><em>Avec C\u00e9cile Delberghe et Jean-Jacques Rausin<\/em><\/p>\n\n\n\n<figure class=\"wp-block-embed-vimeo wp-block-embed is-type-video is-provider-vimeo wp-embed-aspect-16-9 wp-has-aspect-ratio\"><div class=\"wp-block-embed__wrapper\">\nhttps:\/\/vimeo.com\/216407822\n<\/div><\/figure>\n\n\n\n<hr class=\"wp-block-separator\"\/>\n\n\n\n<h4 class=\"wp-block-heading\"><em>Ce qui demeure<\/em> d&rsquo;Anne-Lise Morin<\/h4>\n\n\n\n<p><em>Avec Solal Berman, Axel Capite, Charlotte Denis, Alexandre Trocki<\/em><\/p>\n\n\n\n<p>Pierrot f\u00eate joyeusement ses sept ans avec son p\u00e8re, son fr\u00e8re et sa s\u0153ur. Mais sa m\u00e8re manque, alit\u00e9e \u00e0 l\u2019\u00e9tage de la maison. Pierrot se retrouve confront\u00e9 \u00e0 l\u2019incertitude, emp\u00each\u00e9 de la voir par ses proches d\u00e9sesp\u00e9r\u00e9ment silencieux.<\/p>\n\n\n\n<figure class=\"wp-block-embed-vimeo wp-block-embed is-type-video is-provider-vimeo wp-embed-aspect-16-9 wp-has-aspect-ratio\"><div class=\"wp-block-embed__wrapper\">\n<iframe loading=\"lazy\" title=\"TEASER CE QUI DEMEURE\" src=\"https:\/\/player.vimeo.com\/video\/221097118?dnt=1&amp;app_id=122963\" width=\"618\" height=\"348\" frameborder=\"0\" allow=\"autoplay; fullscreen; picture-in-picture; clipboard-write; encrypted-media\"><\/iframe>\n<\/div><\/figure>\n\n\n\n<hr class=\"wp-block-separator\"\/>\n\n\n\n<h4 class=\"wp-block-heading\"><em>Downside up<\/em> de Peter Ghesqui\u00e8re<\/h4>\n\n\n\n<p><em>Avec&nbsp;Tineke Van Haute, Peter Janssens, Nico Sturm, Helene De Vos, Milo Huyghebaert<\/em><\/p>\n\n\n\n<p>Un monde o\u00f9 tous sont trisomiques et y vient \u00abau monde\u00bb Eric, un gar\u00e7on \u00abdiff\u00e9rent\u00bb !<\/p>\n\n\n\n<figure class=\"wp-block-embed-vimeo wp-block-embed is-type-video is-provider-vimeo wp-embed-aspect-16-9 wp-has-aspect-ratio\"><div class=\"wp-block-embed__wrapper\">\n<iframe loading=\"lazy\" title=\"DOWNSIDE UP - TRAILER\" src=\"https:\/\/player.vimeo.com\/video\/245738049?dnt=1&amp;app_id=122963\" width=\"618\" height=\"348\" frameborder=\"0\" allow=\"autoplay; fullscreen; picture-in-picture; clipboard-write; encrypted-media\"><\/iframe>\n<\/div><\/figure>\n\n\n\n<hr class=\"wp-block-separator\"\/>\n\n\n\n<h4 class=\"wp-block-heading\"><em><strong>Apr\u00e8s l&rsquo;hiver<\/strong><\/em> de Joachim Weissmann et Amandine Hinnekens<\/h4>\n\n\n\n<p><em>Avec Laetitia Yalon et Tom Audenaert<\/em><\/p>\n\n\n\n<p>Suzanne rythme ses journ\u00e9es de solitude par des t\u00e2ches journali\u00e8res. Elle est surprise dans son quotidien par la sonnette de sa grande demeure qui n&rsquo;avait pas retenti depuis longtemps. Serge , le facteur, am\u00e8ne un colis qui s&rsquo;av\u00e8re \u00eatre une erreur de destinataire. Suzanne d\u00e9cide de provoquer ces rendez-vous en s&rsquo;envoyant tous les jours le m\u00eame paquet, qui unira \u00e0 jamais ces deux \u00eatres oubli\u00e9s.<\/p>\n\n\n\n<figure class=\"wp-block-image\"><img loading=\"lazy\" decoding=\"async\" width=\"800\" height=\"526\" src=\"http:\/\/www.cinevox.be\/wp-content\/uploads\/sites\/2\/2018\/02\/apreslhiver_062_def-800x526.jpg\" alt=\"apreslhiver\" class=\"wp-image-207625\" srcset=\"https:\/\/welovecinema.be\/wp-content\/uploads\/sites\/2\/2018\/02\/apreslhiver_062_def-800x526.jpg 800w, https:\/\/welovecinema.be\/wp-content\/uploads\/sites\/2\/2018\/02\/apreslhiver_062_def-411x270.jpg 411w, https:\/\/welovecinema.be\/wp-content\/uploads\/sites\/2\/2018\/02\/apreslhiver_062_def-768x505.jpg 768w, https:\/\/welovecinema.be\/wp-content\/uploads\/sites\/2\/2018\/02\/apreslhiver_062_def-310x205.jpg 310w, https:\/\/welovecinema.be\/wp-content\/uploads\/sites\/2\/2018\/02\/apreslhiver_062_def.jpg 2000w\" sizes=\"auto, (max-width: 800px) 100vw, 800px\" \/><\/figure>\n\n\n\n<hr class=\"wp-block-separator\"\/>\n\n\n\n<h4 class=\"wp-block-heading\"><em><strong>L&rsquo;Echapp\u00e9e sauvage<\/strong><\/em> de Philippe Reypens<\/h4>\n\n\n\n<p><em>Avec Henri Vander Maren, Th\u00e9odore Cousin, Elsa Devriendt, R\u00e9gis Le Dorven, Philippe Reypens<\/em><\/p>\n\n\n\n<p>Dans les ann\u00e9es 50, par une belle journ\u00e9e d&rsquo;\u00e9t\u00e9, un jeune gar\u00e7on de la ville, gracieux et fier, fait la rencontre de deux jeunes paysans libres et espi\u00e8gles. C&rsquo;est ainsi qu&rsquo;il d\u00e9couvre le monde de la nature et qu&rsquo;il vit ses premiers \u00e9mois amoureux&#8230;<\/p>\n\n\n\n<figure class=\"wp-block-embed-youtube wp-block-embed is-type-video is-provider-youtube wp-embed-aspect-16-9 wp-has-aspect-ratio\"><div class=\"wp-block-embed__wrapper\">\n<iframe loading=\"lazy\" title=\"L&#039;\u00c9chapp\u00e9e sauvage | Extract | Blackmagic Pocket Cinema Camera &amp; BMMCC\" width=\"618\" height=\"348\" src=\"https:\/\/www.youtube.com\/embed\/boBbUPUTyPA?feature=oembed\" frameborder=\"0\" allow=\"accelerometer; autoplay; clipboard-write; encrypted-media; gyroscope; picture-in-picture; web-share\" referrerpolicy=\"strict-origin-when-cross-origin\" allowfullscreen><\/iframe>\n<\/div><\/figure>\n\n\n\n<hr class=\"wp-block-separator\"\/>\n\n\n\n<h4 class=\"wp-block-heading\"><em><strong>Totems<\/strong><\/em> de Paul Jadoul<\/h4>\n\n\n\n<p><em>Animation<\/em>\n&nbsp;\nUn b\u00fbcheron qui travaille en for\u00eat d\u00e9rape, et tombe avec sa tron\u00e7onneuse. Un arbre s\u2019\u00e9crase sur sa jambe et l\u2019immobilise. La d\u00e9tresse r\u00e9veille alors l\u2019animal cach\u00e9 en lui. Progressivement, il se transforme en diverses b\u00eates sauvages pour tenter de se d\u00e9gager.\n&nbsp;\n\n\n\n\n<\/p>\n\n\n\n<figure><iframe loading=\"lazy\" src=\"https:\/\/www.youtube.com\/embed\/tGLcab5uXkc\" width=\"560\" height=\"315\" allowfullscreen=\"allowfullscreen\"><\/iframe><\/figure>\n\n\n\n<hr class=\"wp-block-separator\"\/>\n\n\n\n<h4 class=\"wp-block-heading\"><em><strong>Projection sur canap\u00e9<\/strong><\/em> de Violette Delvoye<\/h4>\n\n\n\n<p>\n\n&nbsp;Soir\u00e9e cin\u00e9ma \u00e0 la maison. A l&rsquo;issue du film, Lucie et Manu s&rsquo;engagent dans une conversation autour de l&rsquo;id\u00e9e du voyage. Au fil des cigarettes et verres de vin, elles s&rsquo;exposent leurs envies, leurs besoins, leurs attentes.\n&nbsp;\n\n\n\n&nbsp;<\/p>\n\n\n\n<figure class=\"wp-block-image\"><img loading=\"lazy\" decoding=\"async\" width=\"800\" height=\"450\" src=\"http:\/\/www.cinevox.be\/wp-content\/uploads\/sites\/2\/2018\/02\/Projectionsurcanape2-1-800x450.jpg\" alt=\"Projectionsurcanape2-1\" class=\"wp-image-207413\" srcset=\"https:\/\/welovecinema.be\/wp-content\/uploads\/sites\/2\/2018\/02\/Projectionsurcanape2-1-800x450.jpg 800w, https:\/\/welovecinema.be\/wp-content\/uploads\/sites\/2\/2018\/02\/Projectionsurcanape2-1-200x113.jpg 200w, https:\/\/welovecinema.be\/wp-content\/uploads\/sites\/2\/2018\/02\/Projectionsurcanape2-1-480x270.jpg 480w, https:\/\/welovecinema.be\/wp-content\/uploads\/sites\/2\/2018\/02\/Projectionsurcanape2-1-768x432.jpg 768w, https:\/\/welovecinema.be\/wp-content\/uploads\/sites\/2\/2018\/02\/Projectionsurcanape2-1.jpg 1200w\" sizes=\"auto, (max-width: 800px) 100vw, 800px\" \/><\/figure>\n\n\n\n<hr class=\"wp-block-separator\"\/>\n\n\n\n<h4 class=\"wp-block-heading\"><em>Roues Libres<\/em> de Jacinthe Folon<\/h4>\n\n\n\n<p>\nCitadin, Citadines,<br>Voici une information de la plus haute importance : les v\u00e9los sont de retour dans nos villes!\n&nbsp;\n\n<em>Animation<\/em><\/p>\n\n\n\n<figure class=\"wp-block-image\"><img loading=\"lazy\" decoding=\"async\" width=\"800\" height=\"432\" src=\"https:\/\/www.cinevox.be\/wp-content\/uploads\/sites\/2\/2018\/06\/roueslibres_1jpg-800x432.jpg\" alt=\"Roues-Libres-Jacinthe-Folon\" class=\"wp-image-210803\" srcset=\"https:\/\/welovecinema.be\/wp-content\/uploads\/sites\/2\/2018\/06\/roueslibres_1jpg-800x432.jpg 800w, https:\/\/welovecinema.be\/wp-content\/uploads\/sites\/2\/2018\/06\/roueslibres_1jpg-480x259.jpg 480w, https:\/\/welovecinema.be\/wp-content\/uploads\/sites\/2\/2018\/06\/roueslibres_1jpg-768x415.jpg 768w, https:\/\/welovecinema.be\/wp-content\/uploads\/sites\/2\/2018\/06\/roueslibres_1jpg.jpg 1998w\" sizes=\"auto, (max-width: 800px) 100vw, 800px\" \/><\/figure>\n\n\n\n<hr class=\"wp-block-separator\"\/>\n","protected":false},"excerpt":{"rendered":"<p>La Trois raccourcit sa grille cette nuit pour c\u00e9l\u00e9brer le Jour le plus court. Pas moins de vingt-trois (23!) courts m\u00e9trages belges sont programm\u00e9s cette nuit pour f\u00eater le solstice. Parmi eux, 4 films au g\u00e9n\u00e9rique desquels on retrouve l&rsquo;excellentissime Catherine Sal\u00e9e, marraine de cette 5e \u00e9dition du Jour le plus court. La programmation offre &hellip;<\/p>\n","protected":false},"author":343,"featured_media":215792,"comment_status":"closed","ping_status":"closed","sticky":false,"template":"","format":"standard","meta":{"ngg_post_thumbnail":0,"footnotes":""},"categories":[14],"tags":[],"class_list":["post-215788","post","type-post","status-publish","format-standard","has-post-thumbnail","","category-home-cinema"],"yoast_head":"<!-- This site is optimized with the Yoast SEO plugin v20.4 - https:\/\/yoast.com\/wordpress\/plugins\/seo\/ -->\n<title>La Nuit du Jour le plus court sur La Trois! - We Love Cinema<\/title>\n<meta name=\"robots\" content=\"index, follow, max-snippet:-1, max-image-preview:large, max-video-preview:-1\" \/>\n<link rel=\"canonical\" href=\"https:\/\/welovecinema.be\/fr\/orgie-de-courts-pour-la-nuit-du-jour-le-plus-court-sur-la-trois\/\" \/>\n<meta property=\"og:locale\" content=\"fr_FR\" \/>\n<meta property=\"og:type\" content=\"article\" \/>\n<meta property=\"og:title\" content=\"La Nuit du Jour le plus court sur La Trois! - We Love Cinema\" \/>\n<meta property=\"og:description\" content=\"La Trois raccourcit sa grille cette nuit pour c\u00e9l\u00e9brer le Jour le plus court. Pas moins de vingt-trois (23!) courts m\u00e9trages belges sont programm\u00e9s cette nuit pour f\u00eater le solstice. Parmi eux, 4 films au g\u00e9n\u00e9rique desquels on retrouve l&rsquo;excellentissime Catherine Sal\u00e9e, marraine de cette 5e \u00e9dition du Jour le plus court. La programmation offre &hellip;\" \/>\n<meta property=\"og:url\" content=\"https:\/\/welovecinema.be\/fr\/orgie-de-courts-pour-la-nuit-du-jour-le-plus-court-sur-la-trois\/\" \/>\n<meta property=\"og:site_name\" content=\"We Love Cinema\" \/>\n<meta property=\"article:publisher\" content=\"https:\/\/www.facebook.com\/welovecinema.be\" \/>\n<meta property=\"article:published_time\" content=\"2018-12-21T08:26:57+00:00\" \/>\n<meta property=\"article:modified_time\" content=\"2019-01-16T07:20:13+00:00\" \/>\n<meta property=\"og:image\" content=\"https:\/\/welovecinema.be\/wp-content\/uploads\/sites\/2\/2018\/12\/JourLePLusCourtLaTrois.jpg\" \/>\n\t<meta property=\"og:image:width\" content=\"1200\" \/>\n\t<meta property=\"og:image:height\" content=\"600\" \/>\n\t<meta property=\"og:image:type\" content=\"image\/jpeg\" \/>\n<meta name=\"author\" content=\"Aurore Engelen\" \/>\n<meta name=\"twitter:card\" content=\"summary_large_image\" \/>\n<meta name=\"twitter:label1\" content=\"\u00c9crit par\" \/>\n\t<meta name=\"twitter:data1\" content=\"Aurore Engelen\" \/>\n\t<meta name=\"twitter:label2\" content=\"Dur\u00e9e de lecture estim\u00e9e\" \/>\n\t<meta name=\"twitter:data2\" content=\"8 minutes\" \/>\n<script type=\"application\/ld+json\" class=\"yoast-schema-graph\">{\"@context\":\"https:\/\/schema.org\",\"@graph\":[{\"@type\":\"Article\",\"@id\":\"https:\/\/welovecinema.be\/fr\/orgie-de-courts-pour-la-nuit-du-jour-le-plus-court-sur-la-trois\/#article\",\"isPartOf\":{\"@id\":\"https:\/\/welovecinema.be\/fr\/orgie-de-courts-pour-la-nuit-du-jour-le-plus-court-sur-la-trois\/\"},\"author\":{\"name\":\"Aurore Engelen\",\"@id\":\"https:\/\/welovecinema.be\/nl\/#\/schema\/person\/8084b68c6b176142d073695c654dc7cf\"},\"headline\":\"La Nuit du Jour le plus court sur La Trois!\",\"datePublished\":\"2018-12-21T08:26:57+00:00\",\"dateModified\":\"2019-01-16T07:20:13+00:00\",\"mainEntityOfPage\":{\"@id\":\"https:\/\/welovecinema.be\/fr\/orgie-de-courts-pour-la-nuit-du-jour-le-plus-court-sur-la-trois\/\"},\"wordCount\":1710,\"publisher\":{\"@id\":\"https:\/\/welovecinema.be\/nl\/#organization\"},\"articleSection\":[\"Plateau t\u00e9l\u00e9\"],\"inLanguage\":\"fr-FR\"},{\"@type\":\"WebPage\",\"@id\":\"https:\/\/welovecinema.be\/fr\/orgie-de-courts-pour-la-nuit-du-jour-le-plus-court-sur-la-trois\/\",\"url\":\"https:\/\/welovecinema.be\/fr\/orgie-de-courts-pour-la-nuit-du-jour-le-plus-court-sur-la-trois\/\",\"name\":\"La Nuit du Jour le plus court sur La Trois! - We Love Cinema\",\"isPartOf\":{\"@id\":\"https:\/\/welovecinema.be\/nl\/#website\"},\"datePublished\":\"2018-12-21T08:26:57+00:00\",\"dateModified\":\"2019-01-16T07:20:13+00:00\",\"breadcrumb\":{\"@id\":\"https:\/\/welovecinema.be\/fr\/orgie-de-courts-pour-la-nuit-du-jour-le-plus-court-sur-la-trois\/#breadcrumb\"},\"inLanguage\":\"fr-FR\",\"potentialAction\":[{\"@type\":\"ReadAction\",\"target\":[\"https:\/\/welovecinema.be\/fr\/orgie-de-courts-pour-la-nuit-du-jour-le-plus-court-sur-la-trois\/\"]}]},{\"@type\":\"BreadcrumbList\",\"@id\":\"https:\/\/welovecinema.be\/fr\/orgie-de-courts-pour-la-nuit-du-jour-le-plus-court-sur-la-trois\/#breadcrumb\",\"itemListElement\":[{\"@type\":\"ListItem\",\"position\":1,\"name\":\"Accueil\",\"item\":\"https:\/\/welovecinema.be\/fr\/\"},{\"@type\":\"ListItem\",\"position\":2,\"name\":\"La Nuit du Jour le plus court sur La Trois!\"}]},{\"@type\":\"WebSite\",\"@id\":\"https:\/\/welovecinema.be\/nl\/#website\",\"url\":\"https:\/\/welovecinema.be\/nl\/\",\"name\":\"We Love Cinema\",\"description\":\"Toute l\u2019information du cin\u00e9ma en Belgique\",\"publisher\":{\"@id\":\"https:\/\/welovecinema.be\/nl\/#organization\"},\"potentialAction\":[{\"@type\":\"SearchAction\",\"target\":{\"@type\":\"EntryPoint\",\"urlTemplate\":\"https:\/\/welovecinema.be\/nl\/?s={search_term_string}\"},\"query-input\":\"required name=search_term_string\"}],\"inLanguage\":\"fr-FR\"},{\"@type\":\"Organization\",\"@id\":\"https:\/\/welovecinema.be\/nl\/#organization\",\"name\":\"We Love Cinema\",\"url\":\"https:\/\/welovecinema.be\/nl\/\",\"logo\":{\"@type\":\"ImageObject\",\"inLanguage\":\"fr-FR\",\"@id\":\"https:\/\/welovecinema.be\/nl\/#\/schema\/logo\/image\/\",\"url\":\"https:\/\/welovecinema.be\/wp-content\/uploads\/sites\/2\/2023\/03\/Logo-We-Love-Cinema305x128.jpg\",\"contentUrl\":\"https:\/\/welovecinema.be\/wp-content\/uploads\/sites\/2\/2023\/03\/Logo-We-Love-Cinema305x128.jpg\",\"width\":305,\"height\":128,\"caption\":\"We Love Cinema\"},\"image\":{\"@id\":\"https:\/\/welovecinema.be\/nl\/#\/schema\/logo\/image\/\"},\"sameAs\":[\"https:\/\/www.facebook.com\/welovecinema.be\",\"https:\/\/www.youtube.com\/channel\/UCX5LYGVhnKvYauW4Nta4HJA\",\"https:\/\/www.instagram.com\/welovecinema.be\/\"]},{\"@type\":\"Person\",\"@id\":\"https:\/\/welovecinema.be\/nl\/#\/schema\/person\/8084b68c6b176142d073695c654dc7cf\",\"name\":\"Aurore Engelen\",\"url\":\"https:\/\/welovecinema.be\/fr\/author\/aurore-engelen\/\"}]}<\/script>\n<!-- \/ Yoast SEO plugin. -->","yoast_head_json":{"title":"La Nuit du Jour le plus court sur La Trois! - We Love Cinema","robots":{"index":"index","follow":"follow","max-snippet":"max-snippet:-1","max-image-preview":"max-image-preview:large","max-video-preview":"max-video-preview:-1"},"canonical":"https:\/\/welovecinema.be\/fr\/orgie-de-courts-pour-la-nuit-du-jour-le-plus-court-sur-la-trois\/","og_locale":"fr_FR","og_type":"article","og_title":"La Nuit du Jour le plus court sur La Trois! - We Love Cinema","og_description":"La Trois raccourcit sa grille cette nuit pour c\u00e9l\u00e9brer le Jour le plus court. Pas moins de vingt-trois (23!) courts m\u00e9trages belges sont programm\u00e9s cette nuit pour f\u00eater le solstice. Parmi eux, 4 films au g\u00e9n\u00e9rique desquels on retrouve l&rsquo;excellentissime Catherine Sal\u00e9e, marraine de cette 5e \u00e9dition du Jour le plus court. La programmation offre &hellip;","og_url":"https:\/\/welovecinema.be\/fr\/orgie-de-courts-pour-la-nuit-du-jour-le-plus-court-sur-la-trois\/","og_site_name":"We Love Cinema","article_publisher":"https:\/\/www.facebook.com\/welovecinema.be","article_published_time":"2018-12-21T08:26:57+00:00","article_modified_time":"2019-01-16T07:20:13+00:00","og_image":[{"width":1200,"height":600,"url":"https:\/\/welovecinema.be\/wp-content\/uploads\/sites\/2\/2018\/12\/JourLePLusCourtLaTrois.jpg","type":"image\/jpeg"}],"author":"Aurore Engelen","twitter_card":"summary_large_image","twitter_misc":{"\u00c9crit par":"Aurore Engelen","Dur\u00e9e de lecture estim\u00e9e":"8 minutes"},"schema":{"@context":"https:\/\/schema.org","@graph":[{"@type":"Article","@id":"https:\/\/welovecinema.be\/fr\/orgie-de-courts-pour-la-nuit-du-jour-le-plus-court-sur-la-trois\/#article","isPartOf":{"@id":"https:\/\/welovecinema.be\/fr\/orgie-de-courts-pour-la-nuit-du-jour-le-plus-court-sur-la-trois\/"},"author":{"name":"Aurore Engelen","@id":"https:\/\/welovecinema.be\/nl\/#\/schema\/person\/8084b68c6b176142d073695c654dc7cf"},"headline":"La Nuit du Jour le plus court sur La Trois!","datePublished":"2018-12-21T08:26:57+00:00","dateModified":"2019-01-16T07:20:13+00:00","mainEntityOfPage":{"@id":"https:\/\/welovecinema.be\/fr\/orgie-de-courts-pour-la-nuit-du-jour-le-plus-court-sur-la-trois\/"},"wordCount":1710,"publisher":{"@id":"https:\/\/welovecinema.be\/nl\/#organization"},"articleSection":["Plateau t\u00e9l\u00e9"],"inLanguage":"fr-FR"},{"@type":"WebPage","@id":"https:\/\/welovecinema.be\/fr\/orgie-de-courts-pour-la-nuit-du-jour-le-plus-court-sur-la-trois\/","url":"https:\/\/welovecinema.be\/fr\/orgie-de-courts-pour-la-nuit-du-jour-le-plus-court-sur-la-trois\/","name":"La Nuit du Jour le plus court sur La Trois! - We Love Cinema","isPartOf":{"@id":"https:\/\/welovecinema.be\/nl\/#website"},"datePublished":"2018-12-21T08:26:57+00:00","dateModified":"2019-01-16T07:20:13+00:00","breadcrumb":{"@id":"https:\/\/welovecinema.be\/fr\/orgie-de-courts-pour-la-nuit-du-jour-le-plus-court-sur-la-trois\/#breadcrumb"},"inLanguage":"fr-FR","potentialAction":[{"@type":"ReadAction","target":["https:\/\/welovecinema.be\/fr\/orgie-de-courts-pour-la-nuit-du-jour-le-plus-court-sur-la-trois\/"]}]},{"@type":"BreadcrumbList","@id":"https:\/\/welovecinema.be\/fr\/orgie-de-courts-pour-la-nuit-du-jour-le-plus-court-sur-la-trois\/#breadcrumb","itemListElement":[{"@type":"ListItem","position":1,"name":"Accueil","item":"https:\/\/welovecinema.be\/fr\/"},{"@type":"ListItem","position":2,"name":"La Nuit du Jour le plus court sur La Trois!"}]},{"@type":"WebSite","@id":"https:\/\/welovecinema.be\/nl\/#website","url":"https:\/\/welovecinema.be\/nl\/","name":"We Love Cinema","description":"Toute l\u2019information du cin\u00e9ma en Belgique","publisher":{"@id":"https:\/\/welovecinema.be\/nl\/#organization"},"potentialAction":[{"@type":"SearchAction","target":{"@type":"EntryPoint","urlTemplate":"https:\/\/welovecinema.be\/nl\/?s={search_term_string}"},"query-input":"required name=search_term_string"}],"inLanguage":"fr-FR"},{"@type":"Organization","@id":"https:\/\/welovecinema.be\/nl\/#organization","name":"We Love Cinema","url":"https:\/\/welovecinema.be\/nl\/","logo":{"@type":"ImageObject","inLanguage":"fr-FR","@id":"https:\/\/welovecinema.be\/nl\/#\/schema\/logo\/image\/","url":"https:\/\/welovecinema.be\/wp-content\/uploads\/sites\/2\/2023\/03\/Logo-We-Love-Cinema305x128.jpg","contentUrl":"https:\/\/welovecinema.be\/wp-content\/uploads\/sites\/2\/2023\/03\/Logo-We-Love-Cinema305x128.jpg","width":305,"height":128,"caption":"We Love Cinema"},"image":{"@id":"https:\/\/welovecinema.be\/nl\/#\/schema\/logo\/image\/"},"sameAs":["https:\/\/www.facebook.com\/welovecinema.be","https:\/\/www.youtube.com\/channel\/UCX5LYGVhnKvYauW4Nta4HJA","https:\/\/www.instagram.com\/welovecinema.be\/"]},{"@type":"Person","@id":"https:\/\/welovecinema.be\/nl\/#\/schema\/person\/8084b68c6b176142d073695c654dc7cf","name":"Aurore Engelen","url":"https:\/\/welovecinema.be\/fr\/author\/aurore-engelen\/"}]}},"_links":{"self":[{"href":"https:\/\/welovecinema.be\/fr\/wp-json\/wp\/v2\/posts\/215788","targetHints":{"allow":["GET"]}}],"collection":[{"href":"https:\/\/welovecinema.be\/fr\/wp-json\/wp\/v2\/posts"}],"about":[{"href":"https:\/\/welovecinema.be\/fr\/wp-json\/wp\/v2\/types\/post"}],"author":[{"embeddable":true,"href":"https:\/\/welovecinema.be\/fr\/wp-json\/wp\/v2\/users\/343"}],"replies":[{"embeddable":true,"href":"https:\/\/welovecinema.be\/fr\/wp-json\/wp\/v2\/comments?post=215788"}],"version-history":[{"count":0,"href":"https:\/\/welovecinema.be\/fr\/wp-json\/wp\/v2\/posts\/215788\/revisions"}],"wp:featuredmedia":[{"embeddable":true,"href":"https:\/\/welovecinema.be\/fr\/wp-json\/wp\/v2\/media\/215792"}],"wp:attachment":[{"href":"https:\/\/welovecinema.be\/fr\/wp-json\/wp\/v2\/media?parent=215788"}],"wp:term":[{"taxonomy":"category","embeddable":true,"href":"https:\/\/welovecinema.be\/fr\/wp-json\/wp\/v2\/categories?post=215788"},{"taxonomy":"post_tag","embeddable":true,"href":"https:\/\/welovecinema.be\/fr\/wp-json\/wp\/v2\/tags?post=215788"}],"curies":[{"name":"wp","href":"https:\/\/api.w.org\/{rel}","templated":true}]}}