{"id":215717,"date":"2018-12-19T09:56:58","date_gmt":"2018-12-19T08:56:58","guid":{"rendered":"https:\/\/www.cinevox.be\/?p=215717"},"modified":"2018-12-19T10:01:27","modified_gmt":"2018-12-19T09:01:27","slug":"tout-court-programme-du-19-decembre","status":"publish","type":"post","link":"https:\/\/welovecinema.be\/fr\/tout-court-programme-du-19-decembre\/","title":{"rendered":"\u00ab\u00a0Tout Court\u00a0\u00bb, programme du 19 d\u00e9cembre"},"content":{"rendered":"\n<p>C&rsquo;est No\u00ebl avant l&rsquo;heure dans \u00ab\u00a0Tout Court\u00a0\u00bb, le magazine de La Trois consacr\u00e9 aux courts m\u00e9trages belges, avec pas moins de 3 in\u00e9dits: Kapitalistis de Pablo Munoz Gomez, Make Aliens Dance de S\u00e9bastien Petretti et The Voice Over de&nbsp;Claudia Cortes Espejo, Lora D&rsquo;Addazio &amp; Mathilde Remy.<\/p>\n\n\n\n<hr class=\"wp-block-separator\"\/>\n\n\n\n<h4 class=\"wp-block-heading\"><strong><em>Kapitalistis<\/em><\/strong> de Pablo Munoz Gomez<\/h4>\n\n\n\n<p><em>Le P\u00e8re No\u00ebl est un capitaliste. Il apporte des jouets aux enfants riches et des pulls aux enfants pauvres.<\/em>&nbsp;Nikos, cinq ans.<\/p>\n\n\n\n<p>Avec Georges Siatadis, Nikolaso Satas, Wim Willaert, Anne Paulicevich, Marouan Iddoub, Jean-Beno\u00eet Ugeux, Catherine Sal\u00e9e&#8230;<\/p>\n\n\n\n<figure class=\"wp-block-embed-vimeo wp-block-embed is-type-video is-provider-vimeo wp-embed-aspect-16-9 wp-has-aspect-ratio\"><div class=\"wp-block-embed__wrapper\">\n<iframe loading=\"lazy\" title=\"Kapitalistis - Teaser\" src=\"https:\/\/player.vimeo.com\/video\/266878060?dnt=1&amp;app_id=122963\" width=\"618\" height=\"348\" frameborder=\"0\" allow=\"autoplay; fullscreen; picture-in-picture; clipboard-write; encrypted-media\"><\/iframe>\n<\/div><\/figure>\n\n\n\n<hr class=\"wp-block-separator\"\/>\n\n\n\n<h4 class=\"wp-block-heading\"><strong><em>Make Aliens Dance<\/em><\/strong> de S\u00e9bastien Petretti<\/h4>\n\n\n\n<p>Gillingham, Uk, 2017. Mike est un producteur de musique en chute libre. Dan, son ing\u00e9 son est lass\u00e9, Murphy, son fr\u00e8re autiste s\u2019isole, accroch\u00e9 jour et nuit \u00e0 un casque audio, tandis que Lilli, leur maman, semble glisser hors de la r\u00e9alit\u00e9. Ils traversent une sale p\u00e9riode de leurs vies; Mazzy, la cadette, chanteuse \u00e0 la voix somptueuse, a disparu. Sa magnifique voix, couch\u00e9e sur d\u2019innombrables \u00ab tapes \u00bb est soigneusement rang\u00e9e aux archives dans le studio familial, o\u00f9 le silence r\u00e8gne \u00e0 pr\u00e9sent.&nbsp;<\/p>\n\n\n\n<p>Avec&nbsp;Alastair Natkiel, Calvin Dean, Eileen Pollock, Bob Goody<\/p>\n\n\n\n<figure class=\"wp-block-image\"><img loading=\"lazy\" decoding=\"async\" width=\"800\" height=\"431\" src=\"https:\/\/www.cinevox.be\/wp-content\/uploads\/sites\/2\/2018\/12\/MakeAliensDance-800x431.jpg\" alt=\"\" class=\"wp-image-215719\" srcset=\"https:\/\/welovecinema.be\/wp-content\/uploads\/sites\/2\/2018\/12\/MakeAliensDance-800x431.jpg 800w, https:\/\/welovecinema.be\/wp-content\/uploads\/sites\/2\/2018\/12\/MakeAliensDance-480x259.jpg 480w, https:\/\/welovecinema.be\/wp-content\/uploads\/sites\/2\/2018\/12\/MakeAliensDance-768x414.jpg 768w, https:\/\/welovecinema.be\/wp-content\/uploads\/sites\/2\/2018\/12\/MakeAliensDance.jpg 1491w\" sizes=\"auto, (max-width: 800px) 100vw, 800px\" \/><\/figure>\n\n\n\n<hr class=\"wp-block-separator\"\/>\n\n\n\n<h4 class=\"wp-block-heading\"><em><strong>Encore une s\u00e9paration<\/strong><\/em> de Micha\u00ebl Bier<br><\/h4>\n\n\n\n<p>Thierry veut quitter Sacha mais ne trouve pas le courage de le lui dire. Pourtant, ce n\u2019est pas faute d\u2019essayer\u2026<\/p>\n\n\n\n<p><em>Avec&nbsp;Herv\u00e9 Piron, St\u00e9phanie Crayencour, Simone Poucan, St\u00e9phanie Goemaere, Alexis Van Stratum, Vincent Tavier, Xavier Seron, Maxime Clausse, Claire Beugnies et Ronnie Commissaris<\/em><\/p>\n\n\n\n<figure class=\"wp-block-embed-vimeo wp-block-embed is-type-video is-provider-vimeo wp-embed-aspect-16-9 wp-has-aspect-ratio\"><div class=\"wp-block-embed__wrapper\">\n<iframe loading=\"lazy\" title=\"(Encore) une s\u00e9paration de Micha\u00ebl Bier- Extrait\" src=\"https:\/\/player.vimeo.com\/video\/247117741?dnt=1&amp;app_id=122963\" width=\"618\" height=\"348\" frameborder=\"0\" allow=\"autoplay; fullscreen; picture-in-picture; clipboard-write; encrypted-media\"><\/iframe>\n<\/div><\/figure>\n\n\n\n\n\n<hr class=\"wp-block-separator\"\/>\n\n\n\n<h4 class=\"wp-block-heading\"><strong><em>The Voice Over<\/em><\/strong> de&nbsp;Claudia Cortes Espejo, Lora D&rsquo;Addazio &amp; Mathilde Remy<\/h4>\n\n\n\n<p>Bobby m\u00e8ne une vie simple, \u2026 , si seulement il n&rsquo;entendais pas constamment une voix dans sa t\u00eate.<\/p>\n\n\n\n<p><em>Animation<\/em><\/p>\n\n\n\n<figure class=\"wp-block-embed-vimeo wp-block-embed is-type-video is-provider-vimeo wp-embed-aspect-16-9 wp-has-aspect-ratio\"><div class=\"wp-block-embed__wrapper\">\n<iframe loading=\"lazy\" title=\"The Voice Over (TRAILER) - 2018 - I Do What I Want Production\" src=\"https:\/\/player.vimeo.com\/video\/263925690?dnt=1&amp;app_id=122963\" width=\"618\" height=\"348\" frameborder=\"0\" allow=\"autoplay; fullscreen; picture-in-picture; clipboard-write; encrypted-media\"><\/iframe>\n<\/div><\/figure>\n\n\n\n<hr class=\"wp-block-separator\"\/>\n\n\n\n<h4 class=\"wp-block-heading\"><br>&nbsp;On r\u00e9capitule?<\/h4>\n\n\n\n<ul class=\"wp-block-list\"><li><strong><em>Kapitalistis<\/em><\/strong>&nbsp;de Pablo Munoz Gomez \u00e0 22h55<\/li><li><strong><em>Make Aliens Dance<\/em><\/strong>&nbsp;de S\u00e9bastien Petretti \u00e0 23h10<\/li><li><em><strong>Encore une s\u00e9paration<\/strong><\/em>&nbsp;de Micha\u00ebl Bier \u00e0 23h35<\/li><li><strong><em>The Voice Over<\/em><\/strong>&nbsp;de&nbsp;Claudia Cortes Espejo, Lora D&rsquo;Addazio &amp; Mathilde Remy \u00e0 23h50<\/li><\/ul>\n","protected":false},"excerpt":{"rendered":"<p>C&rsquo;est No\u00ebl avant l&rsquo;heure dans \u00ab\u00a0Tout Court\u00a0\u00bb, le magazine de La Trois consacr\u00e9 aux courts m\u00e9trages belges, avec pas moins de 3 in\u00e9dits: Kapitalistis de Pablo Munoz Gomez, Make Aliens Dance de S\u00e9bastien Petretti et The Voice Over de&nbsp;Claudia Cortes Espejo, Lora D&rsquo;Addazio &amp; Mathilde Remy. Kapitalistis de Pablo Munoz Gomez Le P\u00e8re No\u00ebl est &hellip;<\/p>\n","protected":false},"author":343,"featured_media":215722,"comment_status":"closed","ping_status":"closed","sticky":false,"template":"","format":"standard","meta":{"ngg_post_thumbnail":0,"footnotes":""},"categories":[14],"tags":[],"class_list":["post-215717","post","type-post","status-publish","format-standard","has-post-thumbnail","","category-home-cinema"],"yoast_head":"<!-- This site is optimized with the Yoast SEO plugin v20.4 - https:\/\/yoast.com\/wordpress\/plugins\/seo\/ -->\n<title>&quot;Tout Court&quot;, programme du 19 d\u00e9cembre - We Love Cinema<\/title>\n<meta name=\"robots\" content=\"index, follow, max-snippet:-1, max-image-preview:large, max-video-preview:-1\" \/>\n<link rel=\"canonical\" href=\"https:\/\/welovecinema.be\/fr\/tout-court-programme-du-19-decembre\/\" \/>\n<meta property=\"og:locale\" content=\"fr_FR\" \/>\n<meta property=\"og:type\" content=\"article\" \/>\n<meta property=\"og:title\" content=\"&quot;Tout Court&quot;, programme du 19 d\u00e9cembre - We Love Cinema\" \/>\n<meta property=\"og:description\" content=\"C&rsquo;est No\u00ebl avant l&rsquo;heure dans \u00ab\u00a0Tout Court\u00a0\u00bb, le magazine de La Trois consacr\u00e9 aux courts m\u00e9trages belges, avec pas moins de 3 in\u00e9dits: Kapitalistis de Pablo Munoz Gomez, Make Aliens Dance de S\u00e9bastien Petretti et The Voice Over de&nbsp;Claudia Cortes Espejo, Lora D&rsquo;Addazio &amp; Mathilde Remy. Kapitalistis de Pablo Munoz Gomez Le P\u00e8re No\u00ebl est &hellip;\" \/>\n<meta property=\"og:url\" content=\"https:\/\/welovecinema.be\/fr\/tout-court-programme-du-19-decembre\/\" \/>\n<meta property=\"og:site_name\" content=\"We Love Cinema\" \/>\n<meta property=\"article:publisher\" content=\"https:\/\/www.facebook.com\/welovecinema.be\" \/>\n<meta property=\"article:published_time\" content=\"2018-12-19T08:56:58+00:00\" \/>\n<meta property=\"article:modified_time\" content=\"2018-12-19T09:01:27+00:00\" \/>\n<meta property=\"og:image\" content=\"https:\/\/welovecinema.be\/wp-content\/uploads\/sites\/2\/2018\/12\/KapitalistisNoel.jpg\" \/>\n\t<meta property=\"og:image:width\" content=\"1719\" \/>\n\t<meta property=\"og:image:height\" content=\"731\" \/>\n\t<meta property=\"og:image:type\" content=\"image\/jpeg\" \/>\n<meta name=\"author\" content=\"Aurore Engelen\" \/>\n<meta name=\"twitter:card\" content=\"summary_large_image\" \/>\n<meta name=\"twitter:label1\" content=\"\u00c9crit par\" \/>\n\t<meta name=\"twitter:data1\" content=\"Aurore Engelen\" \/>\n\t<meta name=\"twitter:label2\" content=\"Dur\u00e9e de lecture estim\u00e9e\" \/>\n\t<meta name=\"twitter:data2\" content=\"2 minutes\" \/>\n<script type=\"application\/ld+json\" class=\"yoast-schema-graph\">{\"@context\":\"https:\/\/schema.org\",\"@graph\":[{\"@type\":\"Article\",\"@id\":\"https:\/\/welovecinema.be\/fr\/tout-court-programme-du-19-decembre\/#article\",\"isPartOf\":{\"@id\":\"https:\/\/welovecinema.be\/fr\/tout-court-programme-du-19-decembre\/\"},\"author\":{\"name\":\"Aurore Engelen\",\"@id\":\"https:\/\/welovecinema.be\/nl\/#\/schema\/person\/8084b68c6b176142d073695c654dc7cf\"},\"headline\":\"\u00ab\u00a0Tout Court\u00a0\u00bb, programme du 19 d\u00e9cembre\",\"datePublished\":\"2018-12-19T08:56:58+00:00\",\"dateModified\":\"2018-12-19T09:01:27+00:00\",\"mainEntityOfPage\":{\"@id\":\"https:\/\/welovecinema.be\/fr\/tout-court-programme-du-19-decembre\/\"},\"wordCount\":359,\"publisher\":{\"@id\":\"https:\/\/welovecinema.be\/nl\/#organization\"},\"articleSection\":[\"Plateau t\u00e9l\u00e9\"],\"inLanguage\":\"fr-FR\"},{\"@type\":\"WebPage\",\"@id\":\"https:\/\/welovecinema.be\/fr\/tout-court-programme-du-19-decembre\/\",\"url\":\"https:\/\/welovecinema.be\/fr\/tout-court-programme-du-19-decembre\/\",\"name\":\"\\\"Tout Court\\\", programme du 19 d\u00e9cembre - We Love Cinema\",\"isPartOf\":{\"@id\":\"https:\/\/welovecinema.be\/nl\/#website\"},\"datePublished\":\"2018-12-19T08:56:58+00:00\",\"dateModified\":\"2018-12-19T09:01:27+00:00\",\"breadcrumb\":{\"@id\":\"https:\/\/welovecinema.be\/fr\/tout-court-programme-du-19-decembre\/#breadcrumb\"},\"inLanguage\":\"fr-FR\",\"potentialAction\":[{\"@type\":\"ReadAction\",\"target\":[\"https:\/\/welovecinema.be\/fr\/tout-court-programme-du-19-decembre\/\"]}]},{\"@type\":\"BreadcrumbList\",\"@id\":\"https:\/\/welovecinema.be\/fr\/tout-court-programme-du-19-decembre\/#breadcrumb\",\"itemListElement\":[{\"@type\":\"ListItem\",\"position\":1,\"name\":\"Accueil\",\"item\":\"https:\/\/welovecinema.be\/fr\/\"},{\"@type\":\"ListItem\",\"position\":2,\"name\":\"\u00ab\u00a0Tout Court\u00a0\u00bb, programme du 19 d\u00e9cembre\"}]},{\"@type\":\"WebSite\",\"@id\":\"https:\/\/welovecinema.be\/nl\/#website\",\"url\":\"https:\/\/welovecinema.be\/nl\/\",\"name\":\"We Love Cinema\",\"description\":\"Toute l\u2019information du cin\u00e9ma en Belgique\",\"publisher\":{\"@id\":\"https:\/\/welovecinema.be\/nl\/#organization\"},\"potentialAction\":[{\"@type\":\"SearchAction\",\"target\":{\"@type\":\"EntryPoint\",\"urlTemplate\":\"https:\/\/welovecinema.be\/nl\/?s={search_term_string}\"},\"query-input\":\"required name=search_term_string\"}],\"inLanguage\":\"fr-FR\"},{\"@type\":\"Organization\",\"@id\":\"https:\/\/welovecinema.be\/nl\/#organization\",\"name\":\"We Love Cinema\",\"url\":\"https:\/\/welovecinema.be\/nl\/\",\"logo\":{\"@type\":\"ImageObject\",\"inLanguage\":\"fr-FR\",\"@id\":\"https:\/\/welovecinema.be\/nl\/#\/schema\/logo\/image\/\",\"url\":\"https:\/\/welovecinema.be\/wp-content\/uploads\/sites\/2\/2023\/03\/Logo-We-Love-Cinema305x128.jpg\",\"contentUrl\":\"https:\/\/welovecinema.be\/wp-content\/uploads\/sites\/2\/2023\/03\/Logo-We-Love-Cinema305x128.jpg\",\"width\":305,\"height\":128,\"caption\":\"We Love Cinema\"},\"image\":{\"@id\":\"https:\/\/welovecinema.be\/nl\/#\/schema\/logo\/image\/\"},\"sameAs\":[\"https:\/\/www.facebook.com\/welovecinema.be\",\"https:\/\/www.youtube.com\/channel\/UCX5LYGVhnKvYauW4Nta4HJA\",\"https:\/\/www.instagram.com\/welovecinema.be\/\"]},{\"@type\":\"Person\",\"@id\":\"https:\/\/welovecinema.be\/nl\/#\/schema\/person\/8084b68c6b176142d073695c654dc7cf\",\"name\":\"Aurore Engelen\",\"url\":\"https:\/\/welovecinema.be\/fr\/author\/aurore-engelen\/\"}]}<\/script>\n<!-- \/ Yoast SEO plugin. -->","yoast_head_json":{"title":"\"Tout Court\", programme du 19 d\u00e9cembre - We Love Cinema","robots":{"index":"index","follow":"follow","max-snippet":"max-snippet:-1","max-image-preview":"max-image-preview:large","max-video-preview":"max-video-preview:-1"},"canonical":"https:\/\/welovecinema.be\/fr\/tout-court-programme-du-19-decembre\/","og_locale":"fr_FR","og_type":"article","og_title":"\"Tout Court\", programme du 19 d\u00e9cembre - We Love Cinema","og_description":"C&rsquo;est No\u00ebl avant l&rsquo;heure dans \u00ab\u00a0Tout Court\u00a0\u00bb, le magazine de La Trois consacr\u00e9 aux courts m\u00e9trages belges, avec pas moins de 3 in\u00e9dits: Kapitalistis de Pablo Munoz Gomez, Make Aliens Dance de S\u00e9bastien Petretti et The Voice Over de&nbsp;Claudia Cortes Espejo, Lora D&rsquo;Addazio &amp; Mathilde Remy. Kapitalistis de Pablo Munoz Gomez Le P\u00e8re No\u00ebl est &hellip;","og_url":"https:\/\/welovecinema.be\/fr\/tout-court-programme-du-19-decembre\/","og_site_name":"We Love Cinema","article_publisher":"https:\/\/www.facebook.com\/welovecinema.be","article_published_time":"2018-12-19T08:56:58+00:00","article_modified_time":"2018-12-19T09:01:27+00:00","og_image":[{"width":1719,"height":731,"url":"https:\/\/welovecinema.be\/wp-content\/uploads\/sites\/2\/2018\/12\/KapitalistisNoel.jpg","type":"image\/jpeg"}],"author":"Aurore Engelen","twitter_card":"summary_large_image","twitter_misc":{"\u00c9crit par":"Aurore Engelen","Dur\u00e9e de lecture estim\u00e9e":"2 minutes"},"schema":{"@context":"https:\/\/schema.org","@graph":[{"@type":"Article","@id":"https:\/\/welovecinema.be\/fr\/tout-court-programme-du-19-decembre\/#article","isPartOf":{"@id":"https:\/\/welovecinema.be\/fr\/tout-court-programme-du-19-decembre\/"},"author":{"name":"Aurore Engelen","@id":"https:\/\/welovecinema.be\/nl\/#\/schema\/person\/8084b68c6b176142d073695c654dc7cf"},"headline":"\u00ab\u00a0Tout Court\u00a0\u00bb, programme du 19 d\u00e9cembre","datePublished":"2018-12-19T08:56:58+00:00","dateModified":"2018-12-19T09:01:27+00:00","mainEntityOfPage":{"@id":"https:\/\/welovecinema.be\/fr\/tout-court-programme-du-19-decembre\/"},"wordCount":359,"publisher":{"@id":"https:\/\/welovecinema.be\/nl\/#organization"},"articleSection":["Plateau t\u00e9l\u00e9"],"inLanguage":"fr-FR"},{"@type":"WebPage","@id":"https:\/\/welovecinema.be\/fr\/tout-court-programme-du-19-decembre\/","url":"https:\/\/welovecinema.be\/fr\/tout-court-programme-du-19-decembre\/","name":"\"Tout Court\", programme du 19 d\u00e9cembre - We Love Cinema","isPartOf":{"@id":"https:\/\/welovecinema.be\/nl\/#website"},"datePublished":"2018-12-19T08:56:58+00:00","dateModified":"2018-12-19T09:01:27+00:00","breadcrumb":{"@id":"https:\/\/welovecinema.be\/fr\/tout-court-programme-du-19-decembre\/#breadcrumb"},"inLanguage":"fr-FR","potentialAction":[{"@type":"ReadAction","target":["https:\/\/welovecinema.be\/fr\/tout-court-programme-du-19-decembre\/"]}]},{"@type":"BreadcrumbList","@id":"https:\/\/welovecinema.be\/fr\/tout-court-programme-du-19-decembre\/#breadcrumb","itemListElement":[{"@type":"ListItem","position":1,"name":"Accueil","item":"https:\/\/welovecinema.be\/fr\/"},{"@type":"ListItem","position":2,"name":"\u00ab\u00a0Tout Court\u00a0\u00bb, programme du 19 d\u00e9cembre"}]},{"@type":"WebSite","@id":"https:\/\/welovecinema.be\/nl\/#website","url":"https:\/\/welovecinema.be\/nl\/","name":"We Love Cinema","description":"Toute l\u2019information du cin\u00e9ma en Belgique","publisher":{"@id":"https:\/\/welovecinema.be\/nl\/#organization"},"potentialAction":[{"@type":"SearchAction","target":{"@type":"EntryPoint","urlTemplate":"https:\/\/welovecinema.be\/nl\/?s={search_term_string}"},"query-input":"required name=search_term_string"}],"inLanguage":"fr-FR"},{"@type":"Organization","@id":"https:\/\/welovecinema.be\/nl\/#organization","name":"We Love Cinema","url":"https:\/\/welovecinema.be\/nl\/","logo":{"@type":"ImageObject","inLanguage":"fr-FR","@id":"https:\/\/welovecinema.be\/nl\/#\/schema\/logo\/image\/","url":"https:\/\/welovecinema.be\/wp-content\/uploads\/sites\/2\/2023\/03\/Logo-We-Love-Cinema305x128.jpg","contentUrl":"https:\/\/welovecinema.be\/wp-content\/uploads\/sites\/2\/2023\/03\/Logo-We-Love-Cinema305x128.jpg","width":305,"height":128,"caption":"We Love Cinema"},"image":{"@id":"https:\/\/welovecinema.be\/nl\/#\/schema\/logo\/image\/"},"sameAs":["https:\/\/www.facebook.com\/welovecinema.be","https:\/\/www.youtube.com\/channel\/UCX5LYGVhnKvYauW4Nta4HJA","https:\/\/www.instagram.com\/welovecinema.be\/"]},{"@type":"Person","@id":"https:\/\/welovecinema.be\/nl\/#\/schema\/person\/8084b68c6b176142d073695c654dc7cf","name":"Aurore Engelen","url":"https:\/\/welovecinema.be\/fr\/author\/aurore-engelen\/"}]}},"_links":{"self":[{"href":"https:\/\/welovecinema.be\/fr\/wp-json\/wp\/v2\/posts\/215717","targetHints":{"allow":["GET"]}}],"collection":[{"href":"https:\/\/welovecinema.be\/fr\/wp-json\/wp\/v2\/posts"}],"about":[{"href":"https:\/\/welovecinema.be\/fr\/wp-json\/wp\/v2\/types\/post"}],"author":[{"embeddable":true,"href":"https:\/\/welovecinema.be\/fr\/wp-json\/wp\/v2\/users\/343"}],"replies":[{"embeddable":true,"href":"https:\/\/welovecinema.be\/fr\/wp-json\/wp\/v2\/comments?post=215717"}],"version-history":[{"count":0,"href":"https:\/\/welovecinema.be\/fr\/wp-json\/wp\/v2\/posts\/215717\/revisions"}],"wp:featuredmedia":[{"embeddable":true,"href":"https:\/\/welovecinema.be\/fr\/wp-json\/wp\/v2\/media\/215722"}],"wp:attachment":[{"href":"https:\/\/welovecinema.be\/fr\/wp-json\/wp\/v2\/media?parent=215717"}],"wp:term":[{"taxonomy":"category","embeddable":true,"href":"https:\/\/welovecinema.be\/fr\/wp-json\/wp\/v2\/categories?post=215717"},{"taxonomy":"post_tag","embeddable":true,"href":"https:\/\/welovecinema.be\/fr\/wp-json\/wp\/v2\/tags?post=215717"}],"curies":[{"name":"wp","href":"https:\/\/api.w.org\/{rel}","templated":true}]}}