{"id":215544,"date":"2018-12-11T16:35:45","date_gmt":"2018-12-11T15:35:45","guid":{"rendered":"https:\/\/www.cinevox.be\/?p=215544"},"modified":"2018-12-11T16:39:24","modified_gmt":"2018-12-11T15:39:24","slug":"tout-court-programme-du-12-decembre","status":"publish","type":"post","link":"https:\/\/welovecinema.be\/fr\/tout-court-programme-du-12-decembre\/","title":{"rendered":"\u00ab\u00a0Tout court\u00a0\u00bb, programme du 12 d\u00e9cembre"},"content":{"rendered":"\n<p><strong>Au programme de cette nouvelle \u00e9dition de \u00ab\u00a0Tout Court\u00a0\u00bb, deux in\u00e9dits, <em>You&rsquo;re Lost Little Girl<\/em> de C\u00e9dric Bourgeois et <em>Nuit Ch\u00e9rie<\/em> de Lia Bertels.<\/strong><\/p>\n\n\n\n<hr class=\"wp-block-separator\"\/>\n\n\n\n<h4 class=\"wp-block-heading\"><strong><em>You&rsquo;re Lost Little Girl<\/em>\u00a0de C\u00e9dric Bourgeois<\/strong><\/h4>\n\n\n\n<p>Anna, une jeune femme sourde et muette, vit avec sa grand-m\u00e8re dans un camping. Alors que cette derni\u00e8re doit \u00eatre hospitalis\u00e9e, Anna se retrouve seule \u2026 et devient une proie facile .<\/p>\n\n\n\n<p><em>Avec Claire Beugnies, Manu Desgrugillers,Arnaud Castaigne, Anne-Marie Loop\u00a0<\/em><\/p>\n\n\n\n<figure class=\"wp-block-image\"><img loading=\"lazy\" decoding=\"async\" width=\"800\" height=\"344\" src=\"https:\/\/www.cinevox.be\/wp-content\/uploads\/sites\/2\/2018\/12\/main-800x344.jpg\" alt=\"\" class=\"wp-image-215548\" srcset=\"https:\/\/welovecinema.be\/wp-content\/uploads\/sites\/2\/2018\/12\/main-800x344.jpg 800w, https:\/\/welovecinema.be\/wp-content\/uploads\/sites\/2\/2018\/12\/main-480x207.jpg 480w, https:\/\/welovecinema.be\/wp-content\/uploads\/sites\/2\/2018\/12\/main-768x330.jpg 768w, https:\/\/welovecinema.be\/wp-content\/uploads\/sites\/2\/2018\/12\/main.jpg 1736w\" sizes=\"auto, (max-width: 800px) 100vw, 800px\" \/><\/figure>\n\n\n\n<hr class=\"wp-block-separator\"\/>\n\n\n\n<h4 class=\"wp-block-heading\"><em>Nuit ch\u00e9rie<\/em> de Lia Bertels<\/h4>\n\n\n\n<p>En plein hiver, dans les hautes montagnes de l\u2019Himalaya, un ours n\u2019arrive pas \u00e0 s\u2019endormir. Il pense trop et broie du noir.<br>Lorsqu\u2019un singe blanc lui propose d\u2019aller manger du miel chez sa tante pour lui changer les id\u00e9es. Une belle et \u00e9trange nuit d\u2019hiver s\u2019ouvre alors a eux et l\u2019ours r\u00e9alise qu\u2019il a bien fait, de ne pas s\u2019endormir.<\/p>\n\n\n\n<p><em>Animation<\/em><\/p>\n\n\n\n<figure class=\"wp-block-embed-vimeo wp-block-embed is-type-video is-provider-vimeo wp-embed-aspect-16-9 wp-has-aspect-ratio\"><div class=\"wp-block-embed__wrapper\">\nhttps:\/\/vimeo.com\/296010815\n<\/div><\/figure>\n\n\n\n<hr class=\"wp-block-separator\"\/>\n\n\n\n<h4 class=\"wp-block-heading\"><strong><em>Il Silenzio<\/em><\/strong> de Farnoosh Samadi et Ali Asgari<\/h4>\n\n\n\n<p><em>Avec&nbsp;Valentina Carnelutti, Cahide Ozel, Fatma Alakus<\/em><\/p>\n\n\n\n<p>Fatma et sa m\u00e8re sont deux r\u00e9fugi\u00e9es Kurdes, arriv\u00e9es en Italie. Durant une visite \u00e0 l&rsquo;h\u00f4pital, la jeune femme, sens\u00e9e traduire les propos du m\u00e9decin \u00e0 sa m\u00e8re, reste silencieuse. Il faut dire que l&rsquo;information \u00e0 transmettre est plut\u00f4t d\u00e9licate, et semble avoir rendu la jeune fille muette&#8230;<\/p>\n\n\n\n<figure class=\"wp-block-embed-youtube wp-block-embed is-type-video is-provider-youtube wp-embed-aspect-16-9 wp-has-aspect-ratio\"><div class=\"wp-block-embed__wrapper\">\n<iframe loading=\"lazy\" title=\"The Silence - trailer\" width=\"618\" height=\"348\" src=\"https:\/\/www.youtube.com\/embed\/8NMpIN7xYOI?feature=oembed\" frameborder=\"0\" allow=\"accelerometer; autoplay; clipboard-write; encrypted-media; gyroscope; picture-in-picture; web-share\" referrerpolicy=\"strict-origin-when-cross-origin\" allowfullscreen><\/iframe>\n<\/div><\/figure>\n\n\n\n<hr class=\"wp-block-separator\"\/>\n\n\n\n<h4 class=\"wp-block-heading\">On r\u00e9capitule?<\/h4>\n\n\n\n<ul class=\"wp-block-list\"><li><strong><em>You&rsquo;re Lost Little Girl<\/em>\u00a0<\/strong>de C\u00e9dric Bourgeois \u00e0 22h45<\/li><li><em><strong>Nuit ch\u00e9rie<\/strong><\/em>\u00a0de Lia Bertels \u00e0 23h10<\/li><li><strong><em>Il Silenzio<\/em><\/strong>\u00a0de Farnoosh Samadi et Ali Asgari \u00e0 23h25<\/li><\/ul>\n","protected":false},"excerpt":{"rendered":"<p>Au programme de cette nouvelle \u00e9dition de \u00ab\u00a0Tout Court\u00a0\u00bb, deux in\u00e9dits, You&rsquo;re Lost Little Girl de C\u00e9dric Bourgeois et Nuit Ch\u00e9rie de Lia Bertels. You&rsquo;re Lost Little Girl\u00a0de C\u00e9dric Bourgeois Anna, une jeune femme sourde et muette, vit avec sa grand-m\u00e8re dans un camping. Alors que cette derni\u00e8re doit \u00eatre hospitalis\u00e9e, Anna se retrouve seule &hellip;<\/p>\n","protected":false},"author":343,"featured_media":215546,"comment_status":"closed","ping_status":"closed","sticky":false,"template":"","format":"standard","meta":{"ngg_post_thumbnail":0,"footnotes":""},"categories":[7,14],"tags":[],"class_list":["post-215544","post","type-post","status-publish","format-standard","has-post-thumbnail","","category-actualites","category-home-cinema"],"yoast_head":"<!-- This site is optimized with the Yoast SEO plugin v20.4 - https:\/\/yoast.com\/wordpress\/plugins\/seo\/ -->\n<title>&quot;Tout court&quot;, programme du 12 d\u00e9cembre - We Love Cinema<\/title>\n<meta name=\"robots\" content=\"index, follow, max-snippet:-1, max-image-preview:large, max-video-preview:-1\" \/>\n<link rel=\"canonical\" href=\"https:\/\/welovecinema.be\/fr\/tout-court-programme-du-12-decembre\/\" \/>\n<meta property=\"og:locale\" content=\"fr_FR\" \/>\n<meta property=\"og:type\" content=\"article\" \/>\n<meta property=\"og:title\" content=\"&quot;Tout court&quot;, programme du 12 d\u00e9cembre - We Love Cinema\" \/>\n<meta property=\"og:description\" content=\"Au programme de cette nouvelle \u00e9dition de \u00ab\u00a0Tout Court\u00a0\u00bb, deux in\u00e9dits, You&rsquo;re Lost Little Girl de C\u00e9dric Bourgeois et Nuit Ch\u00e9rie de Lia Bertels. You&rsquo;re Lost Little Girl\u00a0de C\u00e9dric Bourgeois Anna, une jeune femme sourde et muette, vit avec sa grand-m\u00e8re dans un camping. Alors que cette derni\u00e8re doit \u00eatre hospitalis\u00e9e, Anna se retrouve seule &hellip;\" \/>\n<meta property=\"og:url\" content=\"https:\/\/welovecinema.be\/fr\/tout-court-programme-du-12-decembre\/\" \/>\n<meta property=\"og:site_name\" content=\"We Love Cinema\" \/>\n<meta property=\"article:publisher\" content=\"https:\/\/www.facebook.com\/welovecinema.be\" \/>\n<meta property=\"article:published_time\" content=\"2018-12-11T15:35:45+00:00\" \/>\n<meta property=\"article:modified_time\" content=\"2018-12-11T15:39:24+00:00\" \/>\n<meta property=\"og:image\" content=\"https:\/\/welovecinema.be\/wp-content\/uploads\/sites\/2\/2018\/12\/3.jpg\" \/>\n\t<meta property=\"og:image:width\" content=\"1734\" \/>\n\t<meta property=\"og:image:height\" content=\"729\" \/>\n\t<meta property=\"og:image:type\" content=\"image\/jpeg\" \/>\n<meta name=\"author\" content=\"Aurore Engelen\" \/>\n<meta name=\"twitter:card\" content=\"summary_large_image\" \/>\n<meta name=\"twitter:label1\" content=\"\u00c9crit par\" \/>\n\t<meta name=\"twitter:data1\" content=\"Aurore Engelen\" \/>\n\t<meta name=\"twitter:label2\" content=\"Dur\u00e9e de lecture estim\u00e9e\" \/>\n\t<meta name=\"twitter:data2\" content=\"1 minute\" \/>\n<script type=\"application\/ld+json\" class=\"yoast-schema-graph\">{\"@context\":\"https:\/\/schema.org\",\"@graph\":[{\"@type\":\"Article\",\"@id\":\"https:\/\/welovecinema.be\/fr\/tout-court-programme-du-12-decembre\/#article\",\"isPartOf\":{\"@id\":\"https:\/\/welovecinema.be\/fr\/tout-court-programme-du-12-decembre\/\"},\"author\":{\"name\":\"Aurore Engelen\",\"@id\":\"https:\/\/welovecinema.be\/nl\/#\/schema\/person\/8084b68c6b176142d073695c654dc7cf\"},\"headline\":\"\u00ab\u00a0Tout court\u00a0\u00bb, programme du 12 d\u00e9cembre\",\"datePublished\":\"2018-12-11T15:35:45+00:00\",\"dateModified\":\"2018-12-11T15:39:24+00:00\",\"mainEntityOfPage\":{\"@id\":\"https:\/\/welovecinema.be\/fr\/tout-court-programme-du-12-decembre\/\"},\"wordCount\":273,\"publisher\":{\"@id\":\"https:\/\/welovecinema.be\/nl\/#organization\"},\"articleSection\":[\"News\",\"Plateau t\u00e9l\u00e9\"],\"inLanguage\":\"fr-FR\"},{\"@type\":\"WebPage\",\"@id\":\"https:\/\/welovecinema.be\/fr\/tout-court-programme-du-12-decembre\/\",\"url\":\"https:\/\/welovecinema.be\/fr\/tout-court-programme-du-12-decembre\/\",\"name\":\"\\\"Tout court\\\", programme du 12 d\u00e9cembre - We Love Cinema\",\"isPartOf\":{\"@id\":\"https:\/\/welovecinema.be\/nl\/#website\"},\"datePublished\":\"2018-12-11T15:35:45+00:00\",\"dateModified\":\"2018-12-11T15:39:24+00:00\",\"breadcrumb\":{\"@id\":\"https:\/\/welovecinema.be\/fr\/tout-court-programme-du-12-decembre\/#breadcrumb\"},\"inLanguage\":\"fr-FR\",\"potentialAction\":[{\"@type\":\"ReadAction\",\"target\":[\"https:\/\/welovecinema.be\/fr\/tout-court-programme-du-12-decembre\/\"]}]},{\"@type\":\"BreadcrumbList\",\"@id\":\"https:\/\/welovecinema.be\/fr\/tout-court-programme-du-12-decembre\/#breadcrumb\",\"itemListElement\":[{\"@type\":\"ListItem\",\"position\":1,\"name\":\"Accueil\",\"item\":\"https:\/\/welovecinema.be\/fr\/\"},{\"@type\":\"ListItem\",\"position\":2,\"name\":\"\u00ab\u00a0Tout court\u00a0\u00bb, programme du 12 d\u00e9cembre\"}]},{\"@type\":\"WebSite\",\"@id\":\"https:\/\/welovecinema.be\/nl\/#website\",\"url\":\"https:\/\/welovecinema.be\/nl\/\",\"name\":\"We Love Cinema\",\"description\":\"Toute l\u2019information du cin\u00e9ma en Belgique\",\"publisher\":{\"@id\":\"https:\/\/welovecinema.be\/nl\/#organization\"},\"potentialAction\":[{\"@type\":\"SearchAction\",\"target\":{\"@type\":\"EntryPoint\",\"urlTemplate\":\"https:\/\/welovecinema.be\/nl\/?s={search_term_string}\"},\"query-input\":\"required name=search_term_string\"}],\"inLanguage\":\"fr-FR\"},{\"@type\":\"Organization\",\"@id\":\"https:\/\/welovecinema.be\/nl\/#organization\",\"name\":\"We Love Cinema\",\"url\":\"https:\/\/welovecinema.be\/nl\/\",\"logo\":{\"@type\":\"ImageObject\",\"inLanguage\":\"fr-FR\",\"@id\":\"https:\/\/welovecinema.be\/nl\/#\/schema\/logo\/image\/\",\"url\":\"https:\/\/welovecinema.be\/wp-content\/uploads\/sites\/2\/2023\/03\/Logo-We-Love-Cinema305x128.jpg\",\"contentUrl\":\"https:\/\/welovecinema.be\/wp-content\/uploads\/sites\/2\/2023\/03\/Logo-We-Love-Cinema305x128.jpg\",\"width\":305,\"height\":128,\"caption\":\"We Love Cinema\"},\"image\":{\"@id\":\"https:\/\/welovecinema.be\/nl\/#\/schema\/logo\/image\/\"},\"sameAs\":[\"https:\/\/www.facebook.com\/welovecinema.be\",\"https:\/\/www.youtube.com\/channel\/UCX5LYGVhnKvYauW4Nta4HJA\",\"https:\/\/www.instagram.com\/welovecinema.be\/\"]},{\"@type\":\"Person\",\"@id\":\"https:\/\/welovecinema.be\/nl\/#\/schema\/person\/8084b68c6b176142d073695c654dc7cf\",\"name\":\"Aurore Engelen\",\"url\":\"https:\/\/welovecinema.be\/fr\/author\/aurore-engelen\/\"}]}<\/script>\n<!-- \/ Yoast SEO plugin. -->","yoast_head_json":{"title":"\"Tout court\", programme du 12 d\u00e9cembre - We Love Cinema","robots":{"index":"index","follow":"follow","max-snippet":"max-snippet:-1","max-image-preview":"max-image-preview:large","max-video-preview":"max-video-preview:-1"},"canonical":"https:\/\/welovecinema.be\/fr\/tout-court-programme-du-12-decembre\/","og_locale":"fr_FR","og_type":"article","og_title":"\"Tout court\", programme du 12 d\u00e9cembre - We Love Cinema","og_description":"Au programme de cette nouvelle \u00e9dition de \u00ab\u00a0Tout Court\u00a0\u00bb, deux in\u00e9dits, You&rsquo;re Lost Little Girl de C\u00e9dric Bourgeois et Nuit Ch\u00e9rie de Lia Bertels. You&rsquo;re Lost Little Girl\u00a0de C\u00e9dric Bourgeois Anna, une jeune femme sourde et muette, vit avec sa grand-m\u00e8re dans un camping. Alors que cette derni\u00e8re doit \u00eatre hospitalis\u00e9e, Anna se retrouve seule &hellip;","og_url":"https:\/\/welovecinema.be\/fr\/tout-court-programme-du-12-decembre\/","og_site_name":"We Love Cinema","article_publisher":"https:\/\/www.facebook.com\/welovecinema.be","article_published_time":"2018-12-11T15:35:45+00:00","article_modified_time":"2018-12-11T15:39:24+00:00","og_image":[{"width":1734,"height":729,"url":"https:\/\/welovecinema.be\/wp-content\/uploads\/sites\/2\/2018\/12\/3.jpg","type":"image\/jpeg"}],"author":"Aurore Engelen","twitter_card":"summary_large_image","twitter_misc":{"\u00c9crit par":"Aurore Engelen","Dur\u00e9e de lecture estim\u00e9e":"1 minute"},"schema":{"@context":"https:\/\/schema.org","@graph":[{"@type":"Article","@id":"https:\/\/welovecinema.be\/fr\/tout-court-programme-du-12-decembre\/#article","isPartOf":{"@id":"https:\/\/welovecinema.be\/fr\/tout-court-programme-du-12-decembre\/"},"author":{"name":"Aurore Engelen","@id":"https:\/\/welovecinema.be\/nl\/#\/schema\/person\/8084b68c6b176142d073695c654dc7cf"},"headline":"\u00ab\u00a0Tout court\u00a0\u00bb, programme du 12 d\u00e9cembre","datePublished":"2018-12-11T15:35:45+00:00","dateModified":"2018-12-11T15:39:24+00:00","mainEntityOfPage":{"@id":"https:\/\/welovecinema.be\/fr\/tout-court-programme-du-12-decembre\/"},"wordCount":273,"publisher":{"@id":"https:\/\/welovecinema.be\/nl\/#organization"},"articleSection":["News","Plateau t\u00e9l\u00e9"],"inLanguage":"fr-FR"},{"@type":"WebPage","@id":"https:\/\/welovecinema.be\/fr\/tout-court-programme-du-12-decembre\/","url":"https:\/\/welovecinema.be\/fr\/tout-court-programme-du-12-decembre\/","name":"\"Tout court\", programme du 12 d\u00e9cembre - We Love Cinema","isPartOf":{"@id":"https:\/\/welovecinema.be\/nl\/#website"},"datePublished":"2018-12-11T15:35:45+00:00","dateModified":"2018-12-11T15:39:24+00:00","breadcrumb":{"@id":"https:\/\/welovecinema.be\/fr\/tout-court-programme-du-12-decembre\/#breadcrumb"},"inLanguage":"fr-FR","potentialAction":[{"@type":"ReadAction","target":["https:\/\/welovecinema.be\/fr\/tout-court-programme-du-12-decembre\/"]}]},{"@type":"BreadcrumbList","@id":"https:\/\/welovecinema.be\/fr\/tout-court-programme-du-12-decembre\/#breadcrumb","itemListElement":[{"@type":"ListItem","position":1,"name":"Accueil","item":"https:\/\/welovecinema.be\/fr\/"},{"@type":"ListItem","position":2,"name":"\u00ab\u00a0Tout court\u00a0\u00bb, programme du 12 d\u00e9cembre"}]},{"@type":"WebSite","@id":"https:\/\/welovecinema.be\/nl\/#website","url":"https:\/\/welovecinema.be\/nl\/","name":"We Love Cinema","description":"Toute l\u2019information du cin\u00e9ma en Belgique","publisher":{"@id":"https:\/\/welovecinema.be\/nl\/#organization"},"potentialAction":[{"@type":"SearchAction","target":{"@type":"EntryPoint","urlTemplate":"https:\/\/welovecinema.be\/nl\/?s={search_term_string}"},"query-input":"required name=search_term_string"}],"inLanguage":"fr-FR"},{"@type":"Organization","@id":"https:\/\/welovecinema.be\/nl\/#organization","name":"We Love Cinema","url":"https:\/\/welovecinema.be\/nl\/","logo":{"@type":"ImageObject","inLanguage":"fr-FR","@id":"https:\/\/welovecinema.be\/nl\/#\/schema\/logo\/image\/","url":"https:\/\/welovecinema.be\/wp-content\/uploads\/sites\/2\/2023\/03\/Logo-We-Love-Cinema305x128.jpg","contentUrl":"https:\/\/welovecinema.be\/wp-content\/uploads\/sites\/2\/2023\/03\/Logo-We-Love-Cinema305x128.jpg","width":305,"height":128,"caption":"We Love Cinema"},"image":{"@id":"https:\/\/welovecinema.be\/nl\/#\/schema\/logo\/image\/"},"sameAs":["https:\/\/www.facebook.com\/welovecinema.be","https:\/\/www.youtube.com\/channel\/UCX5LYGVhnKvYauW4Nta4HJA","https:\/\/www.instagram.com\/welovecinema.be\/"]},{"@type":"Person","@id":"https:\/\/welovecinema.be\/nl\/#\/schema\/person\/8084b68c6b176142d073695c654dc7cf","name":"Aurore Engelen","url":"https:\/\/welovecinema.be\/fr\/author\/aurore-engelen\/"}]}},"_links":{"self":[{"href":"https:\/\/welovecinema.be\/fr\/wp-json\/wp\/v2\/posts\/215544","targetHints":{"allow":["GET"]}}],"collection":[{"href":"https:\/\/welovecinema.be\/fr\/wp-json\/wp\/v2\/posts"}],"about":[{"href":"https:\/\/welovecinema.be\/fr\/wp-json\/wp\/v2\/types\/post"}],"author":[{"embeddable":true,"href":"https:\/\/welovecinema.be\/fr\/wp-json\/wp\/v2\/users\/343"}],"replies":[{"embeddable":true,"href":"https:\/\/welovecinema.be\/fr\/wp-json\/wp\/v2\/comments?post=215544"}],"version-history":[{"count":0,"href":"https:\/\/welovecinema.be\/fr\/wp-json\/wp\/v2\/posts\/215544\/revisions"}],"wp:featuredmedia":[{"embeddable":true,"href":"https:\/\/welovecinema.be\/fr\/wp-json\/wp\/v2\/media\/215546"}],"wp:attachment":[{"href":"https:\/\/welovecinema.be\/fr\/wp-json\/wp\/v2\/media?parent=215544"}],"wp:term":[{"taxonomy":"category","embeddable":true,"href":"https:\/\/welovecinema.be\/fr\/wp-json\/wp\/v2\/categories?post=215544"},{"taxonomy":"post_tag","embeddable":true,"href":"https:\/\/welovecinema.be\/fr\/wp-json\/wp\/v2\/tags?post=215544"}],"curies":[{"name":"wp","href":"https:\/\/api.w.org\/{rel}","templated":true}]}}